{"id":45599,"date":"2021-06-06T00:32:13","date_gmt":"2021-06-06T04:32:13","guid":{"rendered":"https:\/\/www.sportalsub.net\/blog\/?p=45599"},"modified":"2021-06-06T00:32:13","modified_gmt":"2021-06-06T04:32:13","slug":"%f0%9f%93%ba-jueves-de-tbt%e2%80%8b-y-sersubacuatico%e2%80%8b-con-miguelsportsub-anecdotas-y-experiencias","status":"publish","type":"post","link":"https:\/\/www.sportalsub.net\/blog\/jueves-de-tbt-y-sersubacuatico-miguelsportsub","title":{"rendered":"\ud83d\udcfa Jueves de tbt\u200b y SerSubacuatico\u200b con @miguelsportsub. An\u00e9cdotas y Experiencias"},"content":{"rendered":"<p><img loading=\"lazy\" decoding=\"async\" class=\"alignnone size-full wp-image-45600\" src=\"https:\/\/www.sportalsub.net\/blog\/wp-content\/uploads\/2021\/06\/jueves3dejunio2021i.jpg\" alt=\"\" width=\"900\" height=\"600\" srcset=\"https:\/\/www.sportalsub.net\/blog\/wp-content\/uploads\/2021\/06\/jueves3dejunio2021i.jpg 900w, https:\/\/www.sportalsub.net\/blog\/wp-content\/uploads\/2021\/06\/jueves3dejunio2021i-300x200.jpg 300w, https:\/\/www.sportalsub.net\/blog\/wp-content\/uploads\/2021\/06\/jueves3dejunio2021i-768x512.jpg 768w, https:\/\/www.sportalsub.net\/blog\/wp-content\/uploads\/2021\/06\/jueves3dejunio2021i-450x300.jpg 450w\" sizes=\"auto, (max-width: 900px) 100vw, 900px\" \/><\/p>\n<p>(Sportalsub.net \/ SerSubacuatico)<\/p>\n<p><span class=\"style-scope yt-formatted-string\" dir=\"auto\">El jueves 3 de Junio de 2021 a las 09:00pm Venezuela \ud83c\uddfb\ud83c\uddea en la secci\u00f3n<\/span><span class=\"style-scope yt-formatted-string\" dir=\"auto\">\u00a0Jueves de <\/span>#tbt<span class=\"style-scope yt-formatted-string\" dir=\"auto\"> y #sersubacuatico con <strong>Miguel Cede\u00f1o<\/strong> <a href=\"https:\/\/www.instagram.com\/miguelsportsub\/\" target=\"_blank\" rel=\"noopener\" target=\"_blank\"><strong>@miguelsportsub<\/strong><\/a> compartimos algunas an\u00e9cdotas y experiencias en las actividades subacu\u00e1ticas con quienes se sumaron a esta conversaci\u00f3n, realizada v\u00eda zoom y transmitida a trav\u00e9s de nuestro canal en youtube de @sportalsub<\/span><\/p>\n<p>Invitados participantes (en orden de aparici\u00f3n):<\/p>\n<p>Luis Aparicio &#8211; <a href=\"https:\/\/www.instagram.com\/luisuwr05\/\"class=\"notranslate\" tabindex=\"0\"  target=\"_blank\">@luisuwr05<\/a><br \/>\nAndrey Parra &#8211; <a href=\"https:\/\/www.instagram.com\/andrey_pr\/\"class=\"notranslate\" tabindex=\"0\"  target=\"_blank\">@andrey_pr<\/a><br \/>\nAntonio Gonz\u00e1lez &#8211; <a href=\"https:\/\/www.instagram.com\/shintaighido\/\"class=\"notranslate\" tabindex=\"0\"  target=\"_blank\">@shintaighido<\/a><br \/>\nSusana Carrasquel &#8211;\u00a0<a href=\"https:\/\/www.instagram.com\/susanacarrasquel\/\"class=\"notranslate\" tabindex=\"0\"  target=\"_blank\">@susanacarrasquel<\/a><br \/>\nMaria Pinto &#8211;\u00a0<a href=\"https:\/\/www.instagram.com\/mariapintomagno\/\"class=\"notranslate\" tabindex=\"0\"  target=\"_blank\">@mariapintomagno<\/a><br \/>\nDiego Saavedra &#8211; <a href=\"https:\/\/www.instagram.com\/diegoapnea\/\"class=\"notranslate\" tabindex=\"0\"  target=\"_blank\">@diegoapnea<\/a><\/p>\n<p><span class=\"embed-youtube\" style=\"text-align:center; display: block;\"><iframe loading=\"lazy\" class=\"youtube-player\" width=\"860\" height=\"484\" src=\"https:\/\/www.youtube.com\/embed\/T7H9xxf1_TM?version=3&#038;rel=1&#038;showsearch=0&#038;showinfo=1&#038;iv_load_policy=1&#038;fs=1&#038;hl=es-ES&#038;autohide=2&#038;wmode=transparent\" allowfullscreen=\"true\" style=\"border:0;\" sandbox=\"allow-scripts allow-same-origin allow-popups allow-presentation allow-popups-to-escape-sandbox\"><\/iframe><\/span><\/p>\n<blockquote class=\"instagram-media\" style=\"background: #FFF; border: 0; border-radius: 3px; box-shadow: 0 0 1px 0 rgba(0,0,0,0.5),0 1px 10px 0 rgba(0,0,0,0.15); margin: 1px; max-width: 540px; min-width: 326px; padding: 0; width: calc(100% - 2px);\" data-instgrm-captioned=\"\" data-instgrm-permalink=\"https:\/\/www.instagram.com\/p\/CPru5yODpHY\/?utm_source=ig_embed&amp;utm_campaign=loading\" data-instgrm-version=\"13\">\n<div style=\"padding: 16px;\">\n<p>&nbsp;<\/p>\n<div style=\"display: flex; flex-direction: row; align-items: center;\">\n<div style=\"background-color: #f4f4f4; border-radius: 50%; flex-grow: 0; height: 40px; margin-right: 14px; width: 40px;\"><\/div>\n<div style=\"display: flex; flex-direction: column; flex-grow: 1; justify-content: center;\">\n<div style=\"background-color: #f4f4f4; border-radius: 4px; flex-grow: 0; height: 14px; margin-bottom: 6px; width: 100px;\"><\/div>\n<div style=\"background-color: #f4f4f4; border-radius: 4px; flex-grow: 0; height: 14px; width: 60px;\"><\/div>\n<\/div>\n<\/div>\n<div style=\"padding: 19% 0;\"><\/div>\n<div style=\"display: block; height: 50px; margin: 0 auto 12px; width: 50px;\"><\/div>\n<div style=\"padding-top: 8px;\">\n<div style=\"color: #3897f0; font-family: Arial,sans-serif; font-size: 14px; font-style: normal; font-weight: 550; line-height: 18px;\">Ver esta publicaci\u00f3n en Instagram<\/div>\n<\/div>\n<div style=\"padding: 12.5% 0;\"><\/div>\n<div style=\"display: flex; flex-direction: row; margin-bottom: 14px; align-items: center;\">\n<div>\n<div style=\"background-color: #f4f4f4; border-radius: 50%; height: 12.5px; width: 12.5px; transform: translateX(0px) translateY(7px);\"><\/div>\n<div style=\"background-color: #f4f4f4; height: 12.5px; transform: rotate(-45deg) translateX(3px) translateY(1px); width: 12.5px; flex-grow: 0; margin-right: 14px; margin-left: 2px;\"><\/div>\n<div style=\"background-color: #f4f4f4; border-radius: 50%; height: 12.5px; width: 12.5px; transform: translateX(9px) translateY(-18px);\"><\/div>\n<\/div>\n<div style=\"margin-left: 8px;\">\n<div style=\"background-color: #f4f4f4; border-radius: 50%; flex-grow: 0; height: 20px; width: 20px;\"><\/div>\n<div style=\"width: 0; height: 0; border-top: 2px solid transparent; border-left: 6px solid #f4f4f4; border-bottom: 2px solid transparent; transform: translateX(16px) translateY(-4px) rotate(30deg);\"><\/div>\n<\/div>\n<div style=\"margin-left: auto;\">\n<div style=\"width: 0px; border-top: 8px solid #F4F4F4; border-right: 8px solid transparent; transform: translateY(16px);\"><\/div>\n<div style=\"background-color: #f4f4f4; flex-grow: 0; height: 12px; width: 16px; transform: translateY(-4px);\"><\/div>\n<div style=\"width: 0; height: 0; border-top: 8px solid #F4F4F4; border-left: 8px solid transparent; transform: translateY(-4px) translateX(8px);\"><\/div>\n<\/div>\n<\/div>\n<div style=\"display: flex; flex-direction: column; flex-grow: 1; justify-content: center; margin-bottom: 24px;\">\n<div style=\"background-color: #f4f4f4; border-radius: 4px; flex-grow: 0; height: 14px; margin-bottom: 6px; width: 224px;\"><\/div>\n<div style=\"background-color: #f4f4f4; border-radius: 4px; flex-grow: 0; height: 14px; width: 144px;\"><\/div>\n<\/div>\n<p>&nbsp;<\/p>\n<p style=\"color: #c9c8cd; font-family: Arial,sans-serif; font-size: 14px; line-height: 17px; margin-bottom: 0; margin-top: 8px; overflow: hidden; padding: 8px 0 7px; text-align: center; text-overflow: ellipsis; white-space: nowrap;\"><a href=\"https:\/\/www.instagram.com\/p\/CPru5yODpHY\/?utm_source=ig_embed&amp;utm_campaign=loading\"style=\"color: #c9c8cd; font-family: Arial,sans-serif; font-size: 14px; font-style: normal; font-weight: normal; line-height: 17px; text-decoration: none;\"  target=\"_blank\" rel=\"noopener\" target=\"_blank\">Una publicaci\u00f3n compartida por Miguel Alberto Cede\u00f1o Ortiz (@miguelsportsub)<\/a><\/p>\n<\/div>\n<\/blockquote>\n<p><script async src=\"\/\/www.instagram.com\/embed.js\"><\/script><\/p>\n<p><strong><img loading=\"lazy\" decoding=\"async\" class=\"alignleft wp-image-5252 size-thumbnail\" src=\"https:\/\/i1.wp.com\/www.sportalsub.net\/en\/wp-content\/uploads\/2019\/04\/miguelsportsub2017-150x150.jpg?resize=90%2C90&amp;ssl=1\" alt=\"\" width=\"90\" height=\"90\" data-recalc-dims=\"1\" \/>Autor:\u00a0<a href=\"https:\/\/www.sportsub.org\/miguel\" target=\"_blank\" rel=\"noopener noreferrer\" target=\"_blank\">Miguel Alberto Cede\u00f1o Ortiz<\/a><br \/>\n<\/strong>Director de\u00a0<a href=\"http:\/\/www.sportsub.org\/\" target=\"_blank\" rel=\"noopener noreferrer\" target=\"_blank\">Sportsub.org<\/a>\u00a0&amp;\u00a0<a href=\"http:\/\/www.sportalsub.net\/\">Sportalsub.net<\/a>\u00a0y\u00a0<a href=\"https:\/\/sersubacuatico.com\/\" target=\"_blank\" rel=\"noopener noreferrer\" target=\"_blank\">SerSubacuatico.com<\/a><br \/>\n<a href=\"mailto:miguelsportsub@gmail.com\">miguelsportsub@gmail.com<\/a>\u00a0\/\u00a0<a href=\"mailto:miguel@sportalsub.net\">miguel@sportalsub.net<\/a><br \/>\nTwitter:\u00a0<a href=\"http:\/\/www.twitter.com\/miguelsportsub\" target=\"_blank\" rel=\"noopener noreferrer\" target=\"_blank\">@miguelsportsub<\/a><br \/>\nInstagram:\u00a0<a href=\"https:\/\/www.instagram.com\/miguelsportsub\/\" target=\"_blank\" rel=\"noopener noreferrer\" target=\"_blank\">@miguelsportsub<\/a><\/p>\n","protected":false},"excerpt":{"rendered":"<p>(Sportalsub.net \/ SerSubacuatico) El jueves 3 de Junio de 2021 a las 09:00pm Venezuela \ud83c\uddfb\ud83c\uddea en la secci\u00f3n\u00a0Jueves de #tbt y #sersubacuatico con Miguel Cede\u00f1o @miguelsportsub compartimos algunas an\u00e9cdotas y experiencias en las actividades subacu\u00e1ticas con quienes se sumaron a esta conversaci\u00f3n, realizada v\u00eda zoom y transmitida a trav\u00e9s de nuestro canal en youtube de @sportalsub Invitados participantes (en orden [&#8230;]<\/p>\n","protected":false},"author":1,"featured_media":45600,"comment_status":"open","ping_status":"closed","sticky":false,"template":"","format":"standard","meta":{"_lmt_disableupdate":"","_lmt_disable":"","jetpack_post_was_ever_published":false,"_jetpack_newsletter_access":"","_jetpack_dont_email_post_to_subs":false,"_jetpack_newsletter_tier_id":0,"_jetpack_memberships_contains_paywalled_content":false,"_jetpack_memberships_contains_paid_content":false,"footnotes":"","jetpack_publicize_message":"","jetpack_publicize_feature_enabled":true,"jetpack_social_post_already_shared":true,"jetpack_social_options":{"image_generator_settings":{"template":"highway","default_image_id":0,"font":"","enabled":false},"version":2}},"categories":[9,257,83,3,153,12,7,8],"tags":[450],"class_list":["post-45599","post","type-post","status-publish","format-standard","has-post-thumbnail","hentry","category-apnea","category-editoriales-miguel-cedeno","category-chile","category-colombia","category-entrevistas","category-natacion-con-aletas","category-rugby-subacuatico","category-venezuela","tag-destacados"],"modified_by":"Sportalsub.net","views":1597,"jetpack_publicize_connections":[],"jetpack_featured_media_url":"https:\/\/www.sportalsub.net\/blog\/wp-content\/uploads\/2021\/06\/jueves3dejunio2021i.jpg","jetpack_sharing_enabled":true,"jetpack_shortlink":"https:\/\/wp.me\/pf9lN-bRt","jetpack_likes_enabled":false,"jetpack-related-posts":[{"id":45738,"url":"https:\/\/www.sportalsub.net\/blog\/laura-sanchez-y-fredis-lucena-en-sersubacuatico","url_meta":{"origin":45599,"position":0},"title":"\ud83c\uddfb\ud83c\uddea \ud83c\udde8\ud83c\uddf4 Laura S\u00e1nchez y Fredis Lucena en SerSubacuatico.com","author":"Sportalsub.net","date":"10 junio 2021","format":false,"excerpt":"(Sportalsub.net \/ SerSubacuatico.com) El Jueves 10 de Junio de 2021 en nuestra secci\u00f3n: Jueves de\u00a0#tbt\u00a0y\u00a0@sersubacuatico\u00a0con\u00a0@miguelsportsub Conversamos con Laura S\u00e1nchez @lalasofias y Fredis Lucena @frediswim deportistas y entrenadores de Actividades Subacu\u00e1ticas, que luego de m\u00e1s de 10 a\u00f1os desarrollando el Rugby Subacu\u00e1tico y otras modalidades en la ciudad de Barquisimeto, Venezuela;\u2026","rel":"","context":"En \u00abApnea\u00bb","block_context":{"text":"Apnea","link":"https:\/\/www.sportalsub.net\/blog\/category\/modalidades\/apnea\/"},"img":{"alt_text":"","src":"https:\/\/i0.wp.com\/www.sportalsub.net\/blog\/wp-content\/uploads\/2021\/06\/laura-fredis-web.jpg?resize=350%2C200&ssl=1","width":350,"height":200,"srcset":"https:\/\/i0.wp.com\/www.sportalsub.net\/blog\/wp-content\/uploads\/2021\/06\/laura-fredis-web.jpg?resize=350%2C200&ssl=1 1x, https:\/\/i0.wp.com\/www.sportalsub.net\/blog\/wp-content\/uploads\/2021\/06\/laura-fredis-web.jpg?resize=525%2C300&ssl=1 1.5x, https:\/\/i0.wp.com\/www.sportalsub.net\/blog\/wp-content\/uploads\/2021\/06\/laura-fredis-web.jpg?resize=700%2C400&ssl=1 2x"},"classes":[]},{"id":45486,"url":"https:\/\/www.sportalsub.net\/blog\/los-portilla-en-sersubacuatico","url_meta":{"origin":45599,"position":1},"title":"\ud83c\uddfb\ud83c\uddea Los Portilla en SerSubacuatico.com","author":"Sportalsub.net","date":"21 mayo 2021","format":false,"excerpt":"(Sportalsub.net \/ SerSubacuatico.com) En nuestra secci\u00f3n: Jueves de\u00a0#tbt\u00a0y\u00a0@sersubacuatico\u00a0con\u00a0@miguelsportsub Invitados Especiales: Los Portilla: Oscar\u00a0@joseoscar01 Oscar Daniel\u00a0@porrtilla Diego\u00a0@diego10portilla10 Oscar Portilla y sus dos hijos: Oscar Daniel y Diego son una familia de venezolanos apasionados por el rugby subacu\u00e1tico, que siguen activos en este deporte en la ciudad de Cali, Colombia. Han sido\u2026","rel":"","context":"En \u00abColombia\u00bb","block_context":{"text":"Colombia","link":"https:\/\/www.sportalsub.net\/blog\/category\/paises\/america\/colombia\/"},"img":{"alt_text":"","src":"https:\/\/i0.wp.com\/www.sportalsub.net\/blog\/wp-content\/uploads\/2021\/05\/losportilla-web.jpg?resize=350%2C200&ssl=1","width":350,"height":200,"srcset":"https:\/\/i0.wp.com\/www.sportalsub.net\/blog\/wp-content\/uploads\/2021\/05\/losportilla-web.jpg?resize=350%2C200&ssl=1 1x, https:\/\/i0.wp.com\/www.sportalsub.net\/blog\/wp-content\/uploads\/2021\/05\/losportilla-web.jpg?resize=525%2C300&ssl=1 1.5x, https:\/\/i0.wp.com\/www.sportalsub.net\/blog\/wp-content\/uploads\/2021\/05\/losportilla-web.jpg?resize=700%2C400&ssl=1 2x"},"classes":[]},{"id":77956,"url":"https:\/\/www.sportalsub.net\/blog\/sportalsub-net-vuelve-nuevamente-a-sportalsub-com\/","url_meta":{"origin":45599,"position":2},"title":"\ud83d\udcbb Sportalsub.net vuelve nuevamente a Sportalsub.com","author":"Sportalsub.net","date":"6 febrero 2025","format":false,"excerpt":"El\u00a0#tbt\u00a0de hoy... nos lleva al 1 de agosto del a\u00f1o 2001, cuando registramos y sali\u00f3 en internet nuestro sitio web sportalsub.com \"El Portal de las Actividades Subacu\u00e1ticas\" Por esas cosas de la vida, falta de herramientas y desconocimiento de como funcionaban las cosas con la www hace m\u00e1s de 20\u2026","rel":"","context":"En \u00abActividades Subacu\u00e1ticas\u00bb","block_context":{"text":"Actividades Subacu\u00e1ticas","link":"https:\/\/www.sportalsub.net\/blog\/category\/modalidades\/"},"img":{"alt_text":"","src":"https:\/\/i0.wp.com\/www.sportalsub.net\/blog\/wp-content\/uploads\/2025\/02\/sportalsub-2001-2025.jpg?resize=350%2C200&ssl=1","width":350,"height":200,"srcset":"https:\/\/i0.wp.com\/www.sportalsub.net\/blog\/wp-content\/uploads\/2025\/02\/sportalsub-2001-2025.jpg?resize=350%2C200&ssl=1 1x, https:\/\/i0.wp.com\/www.sportalsub.net\/blog\/wp-content\/uploads\/2025\/02\/sportalsub-2001-2025.jpg?resize=525%2C300&ssl=1 1.5x, https:\/\/i0.wp.com\/www.sportalsub.net\/blog\/wp-content\/uploads\/2025\/02\/sportalsub-2001-2025.jpg?resize=700%2C400&ssl=1 2x"},"classes":[]},{"id":45425,"url":"https:\/\/www.sportalsub.net\/blog\/ruth-flores-blando-en-sersubacuatico","url_meta":{"origin":45599,"position":3},"title":"\ud83c\uddfb\ud83c\uddea Ruth Flores Blando en SerSubacuatico.com","author":"Sportalsub.net","date":"6 mayo 2021","format":false,"excerpt":"(Sportalsub.net \/ SerSubacuatico.com) Este Jueves 6 de Mayo de 2021 06:00pm California, USA \ud83c\uddfa\ud83c\uddf8 09:00pm Venezuela \ud83c\uddfb\ud83c\uddea \u00a1EN VIVO! En nuestra secci\u00f3n: Jueves de\u00a0#TBT\u00a0y\u00a0@sersubacuatico\u00a0con\u00a0@miguelsportsub Invitada Especial: Ruth Flores Blando\u00a0@aleta_marina Con m\u00e1s de 20 a\u00f1os de trayectoria, Ruth ha sido una destacada apneista venezolana, recordista y campeona nacional con destacadas participaciones\u2026","rel":"","context":"En \u00abApnea\u00bb","block_context":{"text":"Apnea","link":"https:\/\/www.sportalsub.net\/blog\/category\/modalidades\/apnea\/"},"img":{"alt_text":"","src":"https:\/\/i0.wp.com\/www.sportalsub.net\/blog\/wp-content\/uploads\/2021\/05\/ruthflores-web.jpg?resize=350%2C200&ssl=1","width":350,"height":200,"srcset":"https:\/\/i0.wp.com\/www.sportalsub.net\/blog\/wp-content\/uploads\/2021\/05\/ruthflores-web.jpg?resize=350%2C200&ssl=1 1x, https:\/\/i0.wp.com\/www.sportalsub.net\/blog\/wp-content\/uploads\/2021\/05\/ruthflores-web.jpg?resize=525%2C300&ssl=1 1.5x, https:\/\/i0.wp.com\/www.sportalsub.net\/blog\/wp-content\/uploads\/2021\/05\/ruthflores-web.jpg?resize=700%2C400&ssl=1 2x"},"classes":[]},{"id":45471,"url":"https:\/\/www.sportalsub.net\/blog\/davide-manca-en-sersubacuatico","url_meta":{"origin":45599,"position":4},"title":"\ud83c\uddee\ud83c\uddf9 Davide Manca en SerSubacuatico.com","author":"Sportalsub.net","date":"13 mayo 2021","format":false,"excerpt":"(Sportalsub.net \/ SerSubacuatico.com) En nuestra secci\u00f3n: Jueves de\u00a0#TBT\u00a0y\u00a0@sersubacuatico\u00a0con\u00a0@miguelsportsub Invitado Especial: Davide Manca\u00a0@mandave8179 Davide ha sido un destacado deportista, promotor y entrenador de Nataci\u00f3n con Aletas, con una amplia experiencia deportiva y competitiva. Form\u00f3 parte de las Selecciones de Nataci\u00f3n con Aletas de Italia desde categor\u00edas juveniles a mediados de los\u2026","rel":"","context":"En \u00abEntrevistas\u00bb","block_context":{"text":"Entrevistas","link":"https:\/\/www.sportalsub.net\/blog\/category\/mas\/entrevistas\/"},"img":{"alt_text":"","src":"https:\/\/i0.wp.com\/www.sportalsub.net\/blog\/wp-content\/uploads\/2021\/05\/davide-manca.jpg?resize=350%2C200&ssl=1","width":350,"height":200,"srcset":"https:\/\/i0.wp.com\/www.sportalsub.net\/blog\/wp-content\/uploads\/2021\/05\/davide-manca.jpg?resize=350%2C200&ssl=1 1x, https:\/\/i0.wp.com\/www.sportalsub.net\/blog\/wp-content\/uploads\/2021\/05\/davide-manca.jpg?resize=525%2C300&ssl=1 1.5x, https:\/\/i0.wp.com\/www.sportalsub.net\/blog\/wp-content\/uploads\/2021\/05\/davide-manca.jpg?resize=700%2C400&ssl=1 2x"},"classes":[]},{"id":41003,"url":"https:\/\/www.sportalsub.net\/blog\/sersubacuatico-ep10-ronald-laurens-y-miguel-cedeno\/","url_meta":{"origin":45599,"position":5},"title":"\ud83d\udcfa SerSubacuatico \u2013 Ep10 \u2013 Ronald Laurens y Miguel Cede\u00f1o","author":"Sportalsub.net","date":"14 junio 2020","format":false,"excerpt":"(Sportalsub.net \/ SerSubacuatico.com) Cuando hablamos de #sersubacuatico no podemos dejar de mencionar a Ronald Laurens y Miguel Cede\u00f1o, quienes bajo este concepto han sabido englobar, promover y proyectar las actividades subacu\u00e1ticas y todas sus modalidades. Ellos compartir\u00e1n algunas de sus experiencias y an\u00e9cdotas en m\u00e1s de 20 a\u00f1os dentro del\u2026","rel":"","context":"En \u00abApnea\u00bb","block_context":{"text":"Apnea","link":"https:\/\/www.sportalsub.net\/blog\/category\/modalidades\/apnea\/"},"img":{"alt_text":"","src":"https:\/\/i0.wp.com\/www.sportalsub.net\/blog\/wp-content\/uploads\/2020\/06\/ronald-miguel-web.jpg?resize=350%2C200&ssl=1","width":350,"height":200,"srcset":"https:\/\/i0.wp.com\/www.sportalsub.net\/blog\/wp-content\/uploads\/2020\/06\/ronald-miguel-web.jpg?resize=350%2C200&ssl=1 1x, https:\/\/i0.wp.com\/www.sportalsub.net\/blog\/wp-content\/uploads\/2020\/06\/ronald-miguel-web.jpg?resize=525%2C300&ssl=1 1.5x, https:\/\/i0.wp.com\/www.sportalsub.net\/blog\/wp-content\/uploads\/2020\/06\/ronald-miguel-web.jpg?resize=700%2C400&ssl=1 2x"},"classes":[]}],"_links":{"self":[{"href":"https:\/\/www.sportalsub.net\/blog\/wp-json\/wp\/v2\/posts\/45599","targetHints":{"allow":["GET"]}}],"collection":[{"href":"https:\/\/www.sportalsub.net\/blog\/wp-json\/wp\/v2\/posts"}],"about":[{"href":"https:\/\/www.sportalsub.net\/blog\/wp-json\/wp\/v2\/types\/post"}],"author":[{"embeddable":true,"href":"https:\/\/www.sportalsub.net\/blog\/wp-json\/wp\/v2\/users\/1"}],"replies":[{"embeddable":true,"href":"https:\/\/www.sportalsub.net\/blog\/wp-json\/wp\/v2\/comments?post=45599"}],"version-history":[{"count":0,"href":"https:\/\/www.sportalsub.net\/blog\/wp-json\/wp\/v2\/posts\/45599\/revisions"}],"wp:featuredmedia":[{"embeddable":true,"href":"https:\/\/www.sportalsub.net\/blog\/wp-json\/wp\/v2\/media\/45600"}],"wp:attachment":[{"href":"https:\/\/www.sportalsub.net\/blog\/wp-json\/wp\/v2\/media?parent=45599"}],"wp:term":[{"taxonomy":"category","embeddable":true,"href":"https:\/\/www.sportalsub.net\/blog\/wp-json\/wp\/v2\/categories?post=45599"},{"taxonomy":"post_tag","embeddable":true,"href":"https:\/\/www.sportalsub.net\/blog\/wp-json\/wp\/v2\/tags?post=45599"}],"curies":[{"name":"wp","href":"https:\/\/api.w.org\/{rel}","templated":true}]}}