{"id":45787,"date":"2021-06-24T16:07:19","date_gmt":"2021-06-24T20:07:19","guid":{"rendered":"https:\/\/www.sportalsub.net\/blog\/?p=45787"},"modified":"2021-06-25T04:07:04","modified_gmt":"2021-06-25T08:07:04","slug":"%f0%9f%87%aa%f0%9f%87%a8-2-records-panamericanos-y-medalla-de-bronce-para-maria-veronica-cordova-de-ecuador-en-inicio-del-mundial-de-apnea-cmas-serbia-2021","status":"publish","type":"post","link":"https:\/\/www.sportalsub.net\/blog\/2-records-panamericanos-y-medalla-de-bronce-para-maria-veronica-cordova-de-ecuador-en-inicio-del-mundial-de-apnea-cmas-serbia-2021\/","title":{"rendered":"\ud83c\uddea\ud83c\udde8 2 R\u00e9cords Panamericanos y Bronce para Mar\u00eda Ver\u00f3nica C\u00f3rdova de Ecuador en inicio del Mundial Apnea CMAS Serbia 2021"},"content":{"rendered":"<p><img loading=\"lazy\" decoding=\"async\" class=\"alignnone size-full wp-image-45790\" src=\"https:\/\/www.sportalsub.net\/blog\/wp-content\/uploads\/2021\/06\/mariaveronica.jpg\" alt=\"\" width=\"900\" height=\"600\" srcset=\"https:\/\/www.sportalsub.net\/blog\/wp-content\/uploads\/2021\/06\/mariaveronica.jpg 900w, https:\/\/www.sportalsub.net\/blog\/wp-content\/uploads\/2021\/06\/mariaveronica-300x200.jpg 300w, https:\/\/www.sportalsub.net\/blog\/wp-content\/uploads\/2021\/06\/mariaveronica-768x512.jpg 768w, https:\/\/www.sportalsub.net\/blog\/wp-content\/uploads\/2021\/06\/mariaveronica-450x300.jpg 450w\" sizes=\"auto, (max-width: 900px) 100vw, 900px\" \/><\/p>\n<p>(Sportalsub.net \/ FEDASUB)<\/p>\n<p>La Apneista Ecuatoriana <a href=\"https:\/\/www.instagram.com\/mariaverocordova\/\" target=\"_blank\"><strong>Mar\u00eda Ver\u00f3nica\u00a0<span style=\"font-size: 15.2015px;\">C\u00f3rdova<\/span><\/strong><\/a>\u00a0ha iniciado con gran \u00e9xito su participaci\u00f3n en el \u00a0<a href=\"https:\/\/www.sportalsub.net\/blog\/cmas-freediving-worlds-indoor-serbia-2021\" rel=\"bookmark\">11\u00b0 Campeonato Mundial de Apnea Indoor CMAS 2021 \u2013 Belgrado, Serbia<\/a> en donde ha logrado establecer dos nuevos r\u00e9cords panamericanos en las pruebas de din\u00e1mica sin aletas y din\u00e1mica con bialetas (en donde tambi\u00e9n logr\u00f3 subirse al podio, logrando la medalla de bronce para su pa\u00eds), en los dos primeros d\u00edas del evento.<\/p>\n<p><strong>R\u00e9cord Panamericano Apnea Din\u00e1mica sin Aletas<\/strong><br \/>\nC\u00f3rdova registr\u00f3 una marca de 141,10 metros en la prueba de din\u00e1mica sin aletas realizada el mi\u00e9rcoles 23 de junio, superando el r\u00e9cord panamericano previo de 139,10 de Ludmila Brzozowski de Argentina realizado el 13\/06\/2018 en Lignano, Italia; ocupando el 9no lugar en la clasificaci\u00f3n de esta modalidad.<\/p>\n<p><iframe loading=\"lazy\" style=\"border: none; overflow: hidden;\" src=\"https:\/\/www.facebook.com\/plugins\/video.php?height=292&amp;href=https%3A%2F%2Fwww.facebook.com%2FFederacionEcuatorianaActividadesSubacuaticas%2Fvideos%2F1504042416608822%2F&amp;show_text=false&amp;width=560&amp;t=0\" width=\"560\" height=\"292\" frameborder=\"0\" scrolling=\"no\" allowfullscreen=\"allowfullscreen\"><\/iframe><\/p>\n<p><strong>R\u00e9cord Panamericano y Medalla de Bronce Apnea Din\u00e1mica con Bialetas<\/strong><br \/>\nMientras que en la prueba de din\u00e1mica con bialetas, realizada el jueves 24 de junio, logr\u00f3 un excelente registro de 209,25 metros; superando el r\u00e9cord panamericano anterior que ten\u00eda la colombiana Sof\u00eda G\u00f3mez Uribe con 154,54 mts del 21\/04\/2018 en Santa Marta, Colombia. Cabe destacar que Mar\u00eda Ver\u00f3nica hab\u00eda superado esa marca, v\u00e1lida como <a href=\"https:\/\/www.sportalsub.net\/blog\/campeonato-apnea-nadosub-fedasub-ecuador-abril-2021\">R\u00e9cord Nacional en el Campeonato Ecuatoriano en Abril de este a\u00f1o con 175,98 metros<\/a> y hab\u00eda realizado ya los 200 metros en entrenamientos.<\/p>\n<p><iframe loading=\"lazy\" style=\"border: none; overflow: hidden;\" src=\"https:\/\/www.facebook.com\/plugins\/video.php?height=315&amp;href=https%3A%2F%2Fwww.facebook.com%2FFederacionEcuatorianaActividadesSubacuaticas%2Fvideos%2F1504614599884937%2F&amp;show_text=true&amp;width=560&amp;t=0\" width=\"560\" height=\"430\" frameborder=\"0\" scrolling=\"no\" allowfullscreen=\"allowfullscreen\"><\/iframe><\/p>\n<p>Felicitaciones para Mar\u00eda Ver\u00f3nica, sus entrenadores y a la Federaci\u00f3n Ecuatoriana de Actividades Subacu\u00e1ticas por estos importantes logros en la apnea mundial.<\/p>\n<p><a href=\"https:\/\/www.cmasamerica.org\/records-panamericanos-cmas-de-apnea\/\" target=\"_blank\"><strong>R\u00e9cords Panamericanos de Apnea &#8211; CMAS\u00a0<\/strong><span style=\"font-size: 15.2015px;\"><b>Am\u00e9rica<\/b><\/span><\/a><\/p>\n<hr \/>\n<h4 class=\"entry-title post-title\"><a href=\"https:\/\/www.sportalsub.net\/blog\/cmas-freediving-worlds-indoor-serbia-2021\" rel=\"bookmark\">\ud83c\uddf7\ud83c\uddf8\u00a011\u00b0 Campeonato Mundial de Apnea Indoor CMAS 2021 \u2013 Belgrado, Serbia<\/a><\/h4>\n<div class=\"entry clearfix\"><a href=\"https:\/\/www.sportalsub.net\/blog\/cmas-freediving-worlds-indoor-serbia-2021\" rel=\"bookmark\"><img loading=\"lazy\" decoding=\"async\" class=\"wp-post-image jetpack-lazy-image jetpack-lazy-image--handled alignnone\" src=\"https:\/\/i0.wp.com\/www.sportalsub.net\/en\/wp-content\/uploads\/2020\/02\/apneaserbia2021.jpg?resize=450%2C300&amp;ssl=1\" sizes=\"auto, (max-width: 450px) 100vw, 450px\" srcset=\"https:\/\/i0.wp.com\/www.sportalsub.net\/en\/wp-content\/uploads\/2020\/02\/apneaserbia2021.jpg?w=900&amp;ssl=1 900w, https:\/\/i0.wp.com\/www.sportalsub.net\/en\/wp-content\/uploads\/2020\/02\/apneaserbia2021.jpg?resize=300%2C200&amp;ssl=1 300w, https:\/\/i0.wp.com\/www.sportalsub.net\/en\/wp-content\/uploads\/2020\/02\/apneaserbia2021.jpg?resize=768%2C512&amp;ssl=1 768w, https:\/\/i0.wp.com\/www.sportalsub.net\/en\/wp-content\/uploads\/2020\/02\/apneaserbia2021.jpg?resize=450%2C300&amp;ssl=1 450w\" alt=\"\" width=\"450\" height=\"300\" data-lazy-loaded=\"1\" \/><\/a><\/div>\n","protected":false},"excerpt":{"rendered":"<p>(Sportalsub.net \/ FEDASUB) La Apneista Ecuatoriana Mar\u00eda Ver\u00f3nica\u00a0C\u00f3rdova\u00a0ha iniciado con gran \u00e9xito su participaci\u00f3n en el \u00a011\u00b0 Campeonato Mundial de Apnea Indoor CMAS 2021 \u2013 Belgrado, Serbia en donde ha logrado establecer dos nuevos r\u00e9cords panamericanos en las pruebas de din\u00e1mica sin aletas y din\u00e1mica con bialetas (en donde tambi\u00e9n logr\u00f3 subirse al podio, logrando la medalla de bronce para [&#8230;]<\/p>\n","protected":false},"author":1,"featured_media":45790,"comment_status":"open","ping_status":"closed","sticky":false,"template":"","format":"standard","meta":{"_lmt_disableupdate":"","_lmt_disable":"","jetpack_post_was_ever_published":false,"_jetpack_newsletter_access":"","_jetpack_dont_email_post_to_subs":false,"_jetpack_newsletter_tier_id":0,"_jetpack_memberships_contains_paywalled_content":false,"_jetpack_memberships_contains_paid_content":false,"footnotes":"","jetpack_publicize_message":"","jetpack_publicize_feature_enabled":true,"jetpack_social_post_already_shared":true,"jetpack_social_options":{"image_generator_settings":{"template":"highway","default_image_id":0,"font":"","enabled":false},"version":2}},"categories":[9,97],"tags":[450,460],"class_list":["post-45787","post","type-post","status-publish","format-standard","has-post-thumbnail","hentry","category-apnea","category-ecuador","tag-destacados","tag-freediving-belgrade-2021"],"modified_by":"Sportalsub.net","views":2200,"jetpack_publicize_connections":[],"jetpack_featured_media_url":"https:\/\/www.sportalsub.net\/blog\/wp-content\/uploads\/2021\/06\/mariaveronica.jpg","jetpack_sharing_enabled":true,"jetpack_shortlink":"https:\/\/wp.me\/pf9lN-bUv","jetpack_likes_enabled":false,"jetpack-related-posts":[{"id":55767,"url":"https:\/\/www.sportalsub.net\/blog\/ecuador-presente-en-el-campeonato-mundial-de-apnea-indoor-cmas-2022-en-belgrado-serbia\/","url_meta":{"origin":45787,"position":0},"title":"\ud83c\uddea\ud83c\udde8 Ecuador logra 8 R\u00e9cords Panamericanos en Campeonato Mundial de Apnea Indoor CMAS 2022 en Belgrado, Serbia","author":"Sportalsub.net","date":"16 junio 2022","format":false,"excerpt":"(Sportalsub.net \/ FEDASUB) La Selecci\u00f3n Nacional de Apnea de la Federaci\u00f3n Ecuatoriana de Buceo y Actividades Subacu\u00e1ticas (FEDASUB) compuesta por los apneistas Mar\u00eda Ver\u00f3nica Cordova, Arianna Garcia, \u00a0Fabian Mora; con David Henriques como delegado, logr\u00f3 8 R\u00e9cords Panamericanos de Apnea en Belgrado, Serbia durante el Campeonato Mundial de Apnea Indoor\u2026","rel":"","context":"En \u00abApnea\u00bb","block_context":{"text":"Apnea","link":"https:\/\/www.sportalsub.net\/blog\/category\/modalidades\/apnea\/"},"img":{"alt_text":"","src":"https:\/\/i0.wp.com\/www.sportalsub.net\/blog\/wp-content\/uploads\/2022\/06\/ecuador-serbia2022.jpg?resize=350%2C200&ssl=1","width":350,"height":200,"srcset":"https:\/\/i0.wp.com\/www.sportalsub.net\/blog\/wp-content\/uploads\/2022\/06\/ecuador-serbia2022.jpg?resize=350%2C200&ssl=1 1x, https:\/\/i0.wp.com\/www.sportalsub.net\/blog\/wp-content\/uploads\/2022\/06\/ecuador-serbia2022.jpg?resize=525%2C300&ssl=1 1.5x, https:\/\/i0.wp.com\/www.sportalsub.net\/blog\/wp-content\/uploads\/2022\/06\/ecuador-serbia2022.jpg?resize=700%2C400&ssl=1 2x"},"classes":[]},{"id":45846,"url":"https:\/\/www.sportalsub.net\/blog\/4-records-panamericanos-para-ecuador-en-jornadas-de-cierre-del-mundial-apnea-cmas-serbia-2021\/","url_meta":{"origin":45787,"position":1},"title":"\ud83c\uddea\ud83c\udde8 4 R\u00e9cords Panamericanos para Ecuador en jornadas de cierre del Mundial de Apnea CMAS Serbia 2021","author":"Sportalsub.net","date":"28 junio 2021","format":false,"excerpt":"(Sportalsub.net \/ FEDASUB) Luego de alcanzar\u00a02 R\u00e9cords Panamericanos y una medalla de Bronce por parte de la apneista Mar\u00eda Ver\u00f3nica C\u00f3rdova en las 2 primeras jornadas del Mundial de Apnea CMAS Belgrado, Serbia 2021, la selecci\u00f3n ecuatoriana logr\u00f3 establecer 4 nuevos r\u00e9cords panamericanos, en los d\u00edas 3 y 4 del\u2026","rel":"","context":"En \u00abApnea\u00bb","block_context":{"text":"Apnea","link":"https:\/\/www.sportalsub.net\/blog\/category\/modalidades\/apnea\/"},"img":{"alt_text":"","src":"https:\/\/i0.wp.com\/www.sportalsub.net\/blog\/wp-content\/uploads\/2021\/06\/ecuador-records.jpg?resize=350%2C200&ssl=1","width":350,"height":200,"srcset":"https:\/\/i0.wp.com\/www.sportalsub.net\/blog\/wp-content\/uploads\/2021\/06\/ecuador-records.jpg?resize=350%2C200&ssl=1 1x, https:\/\/i0.wp.com\/www.sportalsub.net\/blog\/wp-content\/uploads\/2021\/06\/ecuador-records.jpg?resize=525%2C300&ssl=1 1.5x, https:\/\/i0.wp.com\/www.sportalsub.net\/blog\/wp-content\/uploads\/2021\/06\/ecuador-records.jpg?resize=700%2C400&ssl=1 2x"},"classes":[]},{"id":62241,"url":"https:\/\/www.sportalsub.net\/blog\/entrevista-a-maria-veronica-cordova-en-sersubacuatico","url_meta":{"origin":45787,"position":2},"title":"\ud83c\uddea\ud83c\udde8 Entrevista a Mar\u00eda Ver\u00f3nica C\u00f3rdova en SerSubacuatico.com","author":"Sportalsub.net","date":"23 febrero 2023","format":false,"excerpt":"(Sportalsub.net \/ Sersubacuatico.com) Mar\u00eda Ver\u00f3nica C\u00f3rdova @mariaverocordova es una de las apneistas ecuatorianas m\u00e1s destacadas de la actualidad. Luego de dos a\u00f1os muy exitosos, en donde logr\u00f3 ganar medalla de Bronce en el Campeonato Mundial de apnea en piscina CMAS 2021 en Serbia, para luego repetir entre las mejores del\u2026","rel":"","context":"En \u00abApnea\u00bb","block_context":{"text":"Apnea","link":"https:\/\/www.sportalsub.net\/blog\/category\/modalidades\/apnea\/"},"img":{"alt_text":"","src":"https:\/\/i0.wp.com\/www.sportalsub.net\/blog\/wp-content\/uploads\/2023\/02\/mariaveronica-web.jpg?resize=350%2C200&ssl=1","width":350,"height":200,"srcset":"https:\/\/i0.wp.com\/www.sportalsub.net\/blog\/wp-content\/uploads\/2023\/02\/mariaveronica-web.jpg?resize=350%2C200&ssl=1 1x, https:\/\/i0.wp.com\/www.sportalsub.net\/blog\/wp-content\/uploads\/2023\/02\/mariaveronica-web.jpg?resize=525%2C300&ssl=1 1.5x, https:\/\/i0.wp.com\/www.sportalsub.net\/blog\/wp-content\/uploads\/2023\/02\/mariaveronica-web.jpg?resize=700%2C400&ssl=1 2x"},"classes":[]},{"id":26324,"url":"https:\/\/www.sportalsub.net\/blog\/panamericano-apnea-indoor-cmas-mexico-2017","url_meta":{"origin":45787,"position":3},"title":"\ud83c\uddf2\ud83c\uddfd Resultados Finales &#8211; VI Campeonato Panamericano de Apnea Indoor CMAS Veracruz, M\u00e9xico 2017","author":"Sportalsub.net","date":"1 noviembre 2017","format":false,"excerpt":"(Sportalsub.net \/ CMAS \/ CMAS Am\u00e9rica \/ FMAS) - Read in English El\u00a0VI Campeonato Panamericano de Apnea Indoor CMAS se llev\u00f3 a cabo en Veracruz, M\u00e9xico del 25 al 29 de Octubre, 2017 y cont\u00f3 con la participaci\u00f3n de apneistas de 4 pa\u00edses: Chile, Colombia, Ecuador y M\u00e9xico.\u00a0Colombia se titul\u00f3\u2026","rel":"","context":"En \u00abApnea\u00bb","block_context":{"text":"Apnea","link":"https:\/\/www.sportalsub.net\/blog\/category\/modalidades\/apnea\/"},"img":{"alt_text":"","src":"https:\/\/i0.wp.com\/www.sportalsub.net\/blog\/wp-content\/uploads\/2017\/10\/panamericanoapnea2017final.jpg?resize=350%2C200&ssl=1","width":350,"height":200,"srcset":"https:\/\/i0.wp.com\/www.sportalsub.net\/blog\/wp-content\/uploads\/2017\/10\/panamericanoapnea2017final.jpg?resize=350%2C200&ssl=1 1x, https:\/\/i0.wp.com\/www.sportalsub.net\/blog\/wp-content\/uploads\/2017\/10\/panamericanoapnea2017final.jpg?resize=525%2C300&ssl=1 1.5x, https:\/\/i0.wp.com\/www.sportalsub.net\/blog\/wp-content\/uploads\/2017\/10\/panamericanoapnea2017final.jpg?resize=700%2C400&ssl=1 2x"},"classes":[]},{"id":26783,"url":"https:\/\/www.sportalsub.net\/blog\/seleccion-apnea-ecuador-panamericano-apnea-mexico-2017","url_meta":{"origin":45787,"position":4},"title":"\ud83c\uddea\ud83c\udde8 Apneistas ecuatorianos buscar\u00e1n el t\u00edtulo del Panamericano Indoor en M\u00e9xico","author":"Sportalsub.net","date":"19 octubre 2017","format":false,"excerpt":"(Sportalsub.net \/ FEDASUB\u00a0 \/ COE) Seis deportistas conforman la selecci\u00f3n que representar\u00e1 al Ecuador en el VI Campeonato Panamericano Indoor de Apnea que se desarrollar\u00e1 del 23 al 31 de octubre en Veracruz, M\u00e9xico. La Federaci\u00f3n Ecuatoriana de Buceo y Actividades Subacu\u00e1ticos (Fedasub) realiz\u00f3 tres preselectivos a nivel nacional para\u2026","rel":"","context":"En \u00abApnea\u00bb","block_context":{"text":"Apnea","link":"https:\/\/www.sportalsub.net\/blog\/category\/modalidades\/apnea\/"},"img":{"alt_text":"","src":"https:\/\/i0.wp.com\/www.sportalsub.net\/blog\/wp-content\/uploads\/2017\/10\/apneistasecuador.jpg?resize=350%2C200&ssl=1","width":350,"height":200,"srcset":"https:\/\/i0.wp.com\/www.sportalsub.net\/blog\/wp-content\/uploads\/2017\/10\/apneistasecuador.jpg?resize=350%2C200&ssl=1 1x, https:\/\/i0.wp.com\/www.sportalsub.net\/blog\/wp-content\/uploads\/2017\/10\/apneistasecuador.jpg?resize=525%2C300&ssl=1 1.5x, https:\/\/i0.wp.com\/www.sportalsub.net\/blog\/wp-content\/uploads\/2017\/10\/apneistasecuador.jpg?resize=700%2C400&ssl=1 2x, https:\/\/i0.wp.com\/www.sportalsub.net\/blog\/wp-content\/uploads\/2017\/10\/apneistasecuador.jpg?resize=1050%2C600&ssl=1 3x, https:\/\/i0.wp.com\/www.sportalsub.net\/blog\/wp-content\/uploads\/2017\/10\/apneistasecuador.jpg?resize=1400%2C800&ssl=1 4x"},"classes":[]},{"id":18538,"url":"https:\/\/www.sportalsub.net\/blog\/record-panamericano-apnea-dinamica-con-aletas-femenino-mexico-2014","url_meta":{"origin":45787,"position":5},"title":"\ud83c\udde8\ud83c\uddf4 Sof\u00eda G\u00f3mez Uribe de Colombia se titula campeona con R\u00e9cord Panamericano en Apnea Din\u00e1mica con Aletas en M\u00e9xico","author":"Sportalsub.net","date":"7 septiembre 2014","format":false,"excerpt":"(Especial Sportalsub.net \/ CMAS Zona Am\u00e9rica \/ Foto: \u00d3scar Ra\u00fal S\u00e1nchez) La colombiana Sof\u00eda G\u00f3mez Uribe implant\u00f3 un nuevo r\u00e9cord panamericano de apnea din\u00e1mica con aletas este domingo\u00a07 de septiembre en el\u00a0V Campeonato Panamericano CMAS Zona Am\u00e9rica que se lleva a cabo en Chiapas, M\u00e9xico. Apnea din\u00e1mica con\u00a0aletas\u00a0femenino El primer\u2026","rel":"","context":"En \u00abApnea\u00bb","block_context":{"text":"Apnea","link":"https:\/\/www.sportalsub.net\/blog\/category\/modalidades\/apnea\/"},"img":{"alt_text":"","src":"https:\/\/i0.wp.com\/www.sportalsub.net\/blog\/wp-content\/uploads\/2014\/09\/sofia-record.jpg?resize=350%2C200&ssl=1","width":350,"height":200,"srcset":"https:\/\/i0.wp.com\/www.sportalsub.net\/blog\/wp-content\/uploads\/2014\/09\/sofia-record.jpg?resize=350%2C200&ssl=1 1x, https:\/\/i0.wp.com\/www.sportalsub.net\/blog\/wp-content\/uploads\/2014\/09\/sofia-record.jpg?resize=525%2C300&ssl=1 1.5x, https:\/\/i0.wp.com\/www.sportalsub.net\/blog\/wp-content\/uploads\/2014\/09\/sofia-record.jpg?resize=700%2C400&ssl=1 2x"},"classes":[]}],"_links":{"self":[{"href":"https:\/\/www.sportalsub.net\/blog\/wp-json\/wp\/v2\/posts\/45787","targetHints":{"allow":["GET"]}}],"collection":[{"href":"https:\/\/www.sportalsub.net\/blog\/wp-json\/wp\/v2\/posts"}],"about":[{"href":"https:\/\/www.sportalsub.net\/blog\/wp-json\/wp\/v2\/types\/post"}],"author":[{"embeddable":true,"href":"https:\/\/www.sportalsub.net\/blog\/wp-json\/wp\/v2\/users\/1"}],"replies":[{"embeddable":true,"href":"https:\/\/www.sportalsub.net\/blog\/wp-json\/wp\/v2\/comments?post=45787"}],"version-history":[{"count":0,"href":"https:\/\/www.sportalsub.net\/blog\/wp-json\/wp\/v2\/posts\/45787\/revisions"}],"wp:featuredmedia":[{"embeddable":true,"href":"https:\/\/www.sportalsub.net\/blog\/wp-json\/wp\/v2\/media\/45790"}],"wp:attachment":[{"href":"https:\/\/www.sportalsub.net\/blog\/wp-json\/wp\/v2\/media?parent=45787"}],"wp:term":[{"taxonomy":"category","embeddable":true,"href":"https:\/\/www.sportalsub.net\/blog\/wp-json\/wp\/v2\/categories?post=45787"},{"taxonomy":"post_tag","embeddable":true,"href":"https:\/\/www.sportalsub.net\/blog\/wp-json\/wp\/v2\/tags?post=45787"}],"curies":[{"name":"wp","href":"https:\/\/api.w.org\/{rel}","templated":true}]}}