{"id":45913,"date":"2021-07-25T08:15:24","date_gmt":"2021-07-25T12:15:24","guid":{"rendered":"https:\/\/www.sportalsub.net\/blog\/?p=45913"},"modified":"2021-07-25T12:47:24","modified_gmt":"2021-07-25T16:47:24","slug":"%f0%9f%87%a7%f0%9f%87%b8-vertical-blue-2021-competicion-internacional-de-apnea-en-bahamas","status":"publish","type":"post","link":"https:\/\/www.sportalsub.net\/blog\/vertical-blue-2021","title":{"rendered":"\ud83c\udde7\ud83c\uddf8 Resultados &#8211; Vertical Blue 2021. Competencia Internacional de Apnea CMAS en Bahamas"},"content":{"rendered":"<p><img loading=\"lazy\" decoding=\"async\" class=\"alignnone size-full wp-image-45914\" src=\"https:\/\/www.sportalsub.net\/blog\/wp-content\/uploads\/2021\/07\/verticalblue2021.jpg\" alt=\"\" width=\"900\" height=\"600\" srcset=\"https:\/\/www.sportalsub.net\/blog\/wp-content\/uploads\/2021\/07\/verticalblue2021.jpg 900w, https:\/\/www.sportalsub.net\/blog\/wp-content\/uploads\/2021\/07\/verticalblue2021-300x200.jpg 300w, https:\/\/www.sportalsub.net\/blog\/wp-content\/uploads\/2021\/07\/verticalblue2021-768x512.jpg 768w, https:\/\/www.sportalsub.net\/blog\/wp-content\/uploads\/2021\/07\/verticalblue2021-450x300.jpg 450w\" sizes=\"auto, (max-width: 900px) 100vw, 900px\" \/><\/p>\n<p>(Sportalsub.net \/ Vertical Blue) \u2013\u00a0<a href=\"http:\/\/www.sportalsub.net\/en\/vertical-blue-2021\/\">Read in English<\/a><\/p>\n<div>\n<div class=\"m_1255334796966506740gmail-page\" title=\"Page 1\">\n<div class=\"m_1255334796966506740gmail-layoutArea\">\n<div class=\"m_1255334796966506740gmail-column\">\n<p>Del 13 al 23 de julio se realiz\u00f3 la tradicional y reconocida Competencia Internacional anual de Apnea de Profundidad \u201cVertical Blue 2021\u201d en el Dean\u00b4s Blue Hole de Long Island, Bahamas.<\/p>\n<p>Por primera vez, esta importante\u00a0 competencia de apnea es realizada con reglamentos y aval de la <a href=\"https:\/\/www.cmas.org\/events\/freediving-world-series\" target=\"_blank\" rel=\"noopener\" target=\"_blank\">Confederaci\u00f3n Mundial de Actividades Subacu\u00e1ticas (CMAS) como parte de la Freediving World Series<\/a><\/p>\n<p><strong><a href=\"http:\/\/2021.verticalblue.net\/results\/?action=days\" target=\"_blank\">PROGRAMA Y RESULTADOS<\/a> &#8211; <a href=\"https:\/\/www.youtube.com\/user\/VBFreediving\" target=\"_blank\">VIDEO EN VIVO YOUTUBE<\/a><\/strong><\/p>\n<p><strong>RESULTADOS COMBINADOS<\/strong><\/p>\n<p><a href=\"https:\/\/www.sportalsub.net\/en\/wp-content\/uploads\/2021\/07\/overall-women.jpg\" target=\"_blank\"><img loading=\"lazy\" decoding=\"async\" class=\"alignnone size-full wp-image-25693\" src=\"https:\/\/www.sportalsub.net\/en\/wp-content\/uploads\/2021\/07\/overall-women.jpg\" alt=\"\" width=\"760\" height=\"702\" \/><\/a> <a href=\"https:\/\/www.sportalsub.net\/en\/wp-content\/uploads\/2021\/07\/overall-men.jpg\" target=\"_blank\"><img loading=\"lazy\" decoding=\"async\" class=\"alignnone size-full wp-image-25694\" src=\"https:\/\/www.sportalsub.net\/en\/wp-content\/uploads\/2021\/07\/overall-men.jpg\" alt=\"\" width=\"756\" height=\"931\" \/><\/a><\/p>\n<p><strong>RESULTADOS POR PRUEBA<\/strong><\/p>\n<p><a href=\"https:\/\/www.sportalsub.net\/en\/wp-content\/uploads\/2021\/07\/vb4.jpg\" target=\"_blank\"><img loading=\"lazy\" decoding=\"async\" class=\"alignnone size-full wp-image-25689\" src=\"https:\/\/www.sportalsub.net\/en\/wp-content\/uploads\/2021\/07\/vb4.jpg\" alt=\"\" width=\"1240\" height=\"1754\" \/><\/a> <a href=\"https:\/\/www.sportalsub.net\/en\/wp-content\/uploads\/2021\/07\/vb3.jpg\" target=\"_blank\"><img loading=\"lazy\" decoding=\"async\" class=\"alignnone size-full wp-image-25690\" src=\"https:\/\/www.sportalsub.net\/en\/wp-content\/uploads\/2021\/07\/vb3.jpg\" alt=\"\" width=\"1240\" height=\"1754\" \/><\/a> <a href=\"https:\/\/www.sportalsub.net\/en\/wp-content\/uploads\/2021\/07\/vb2.jpg\" target=\"_blank\"><img loading=\"lazy\" decoding=\"async\" class=\"alignnone size-full wp-image-25691\" src=\"https:\/\/www.sportalsub.net\/en\/wp-content\/uploads\/2021\/07\/vb2.jpg\" alt=\"\" width=\"1240\" height=\"1754\" \/><\/a> <a href=\"https:\/\/www.sportalsub.net\/en\/wp-content\/uploads\/2021\/07\/vb1.jpg\" target=\"_blank\"><img loading=\"lazy\" decoding=\"async\" class=\"alignnone size-full wp-image-25692\" src=\"https:\/\/www.sportalsub.net\/en\/wp-content\/uploads\/2021\/07\/vb1.jpg\" alt=\"\" width=\"1240\" height=\"1754\" \/><\/a><\/p>\n<p><span style=\"font-size: 15.2015px;\"><b>Atletas<\/b><\/span><\/p>\n<p><img loading=\"lazy\" decoding=\"async\" class=\"alignnone size-full wp-image-25445\" src=\"https:\/\/www.sportalsub.net\/en\/wp-content\/uploads\/2021\/07\/atletas-verticalblue-2021.jpg\" alt=\"\" width=\"896\" height=\"1047\" \/><\/p>\n<p>Official Website: <a href=\"http:\/\/2021.verticalblue.net\/\" target=\"_blank\">http:\/\/2021.verticalblue.net\/<\/a><a href=\"http:\/\/2015.verticalblue.net\/\" target=\"_blank\" rel=\"noopener noreferrer\"><br \/>\n<\/a>Facebook:\u00a0<a href=\"https:\/\/www.facebook.com\/verticalblue\" target=\"_blank\" rel=\"noopener noreferrer\" target=\"_blank\">VerticalBlue<\/a>\u00a0\/ Twitter:\u00a0<a href=\"https:\/\/twitter.com\/Vertical_Blue\" target=\"_blank\" rel=\"noopener noreferrer\" target=\"_blank\">@vertical_blue<\/a>\u00a0\/ Youtube:\u00a0<a href=\"https:\/\/www.youtube.com\/user\/VBFreediving\" target=\"_blank\" rel=\"noopener noreferrer\" target=\"_blank\">VBFreediving<\/a>\u00a0\/ Instagram:\u00a0<a href=\"https:\/\/www.instagram.com\/vertical_blue\/\" target=\"_blank\" rel=\"noopener noreferrer\" target=\"_blank\">vertical_blue<\/a><\/p>\n<\/div>\n<\/div>\n<\/div>\n<\/div>\n","protected":false},"excerpt":{"rendered":"<p>(Sportalsub.net \/ Vertical Blue) \u2013\u00a0Read in English Del 13 al 23 de julio se realiz\u00f3 la tradicional y reconocida Competencia Internacional anual de Apnea de Profundidad \u201cVertical Blue 2021\u201d en el Dean\u00b4s Blue Hole de Long Island, Bahamas. Por primera vez, esta importante\u00a0 competencia de apnea es realizada con reglamentos y aval de la Confederaci\u00f3n Mundial de Actividades Subacu\u00e1ticas (CMAS) [&#8230;]<\/p>\n","protected":false},"author":1,"featured_media":45914,"comment_status":"open","ping_status":"closed","sticky":false,"template":"","format":"standard","meta":{"_lmt_disableupdate":"","_lmt_disable":"","jetpack_post_was_ever_published":false,"_jetpack_newsletter_access":"","_jetpack_dont_email_post_to_subs":false,"_jetpack_newsletter_tier_id":0,"_jetpack_memberships_contains_paywalled_content":false,"_jetpack_memberships_contains_paid_content":false,"footnotes":"","jetpack_publicize_message":"","jetpack_publicize_feature_enabled":true,"jetpack_social_post_already_shared":true,"jetpack_social_options":{"image_generator_settings":{"template":"highway","default_image_id":0,"font":"","enabled":false},"version":2}},"categories":[9,302,120],"tags":[450,461],"class_list":["post-45913","post","type-post","status-publish","format-standard","has-post-thumbnail","hentry","category-apnea","category-bahamas","category-resultados","tag-destacados","tag-vertical-blue-2021"],"modified_by":"Sportalsub.net","views":3467,"jetpack_publicize_connections":[],"jetpack_featured_media_url":"https:\/\/www.sportalsub.net\/blog\/wp-content\/uploads\/2021\/07\/verticalblue2021.jpg","jetpack_sharing_enabled":true,"jetpack_shortlink":"https:\/\/wp.me\/pf9lN-bWx","jetpack_likes_enabled":false,"jetpack-related-posts":[{"id":56029,"url":"https:\/\/www.sportalsub.net\/blog\/vertical-blue-2022","url_meta":{"origin":45913,"position":0},"title":"\ud83c\udde7\ud83c\uddf8 Resultados &#8211; Vertical Blue 2022. Competencia Internacional de Apnea AIDA en Bahamas","author":"Sportalsub.net","date":"11 agosto 2022","format":false,"excerpt":"(Sportalsub.net \/ Vertical Blue) \u2013\u00a0Read in English Del 1 al 11 de agosto 2022 se realiz\u00f3 la tradicional y reconocida Competencia Internacional anual de Apnea de Profundidad \u201cVertical Blue 2022\u201d en el Dean\u00b4s Blue Hole de Long Island, Bahamas. Esta importante\u00a0 competencia de apnea es realizada con reglamentos y aval\u2026","rel":"","context":"En \u00abApnea\u00bb","block_context":{"text":"Apnea","link":"https:\/\/www.sportalsub.net\/blog\/category\/modalidades\/apnea\/"},"img":{"alt_text":"","src":"https:\/\/i0.wp.com\/www.sportalsub.net\/blog\/wp-content\/uploads\/2022\/08\/verticalblue2022.jpg?resize=350%2C200&ssl=1","width":350,"height":200,"srcset":"https:\/\/i0.wp.com\/www.sportalsub.net\/blog\/wp-content\/uploads\/2022\/08\/verticalblue2022.jpg?resize=350%2C200&ssl=1 1x, https:\/\/i0.wp.com\/www.sportalsub.net\/blog\/wp-content\/uploads\/2022\/08\/verticalblue2022.jpg?resize=525%2C300&ssl=1 1.5x, https:\/\/i0.wp.com\/www.sportalsub.net\/blog\/wp-content\/uploads\/2022\/08\/verticalblue2022.jpg?resize=700%2C400&ssl=1 2x"},"classes":[]},{"id":80457,"url":"https:\/\/www.sportalsub.net\/blog\/vertical-blue-2025","url_meta":{"origin":45913,"position":1},"title":"\ud83c\udde7\ud83c\uddf8 Resultados &#8211; Vertical Blue 2025. Competencia Internacional de Apnea de Profundidad CMAS &#8211; Bahamas","author":"Sportalsub.net","date":"12 julio 2025","format":false,"excerpt":"(Sportalsub.net \/ Vertical Blue \/ CMAS) Read in English Del 1 al 11 de julio de 2025 se realiz\u00f3 en el Dean\u00b4s Blue Hole en las Islas Bahamas, la Competencia Internacional de Apnea de Profundidad CMAS \u00abVertical Blue 2025\u00bb con el soporte y aval de CMAS, FEDECAS y CMAS Zona\u2026","rel":"","context":"En \u00abApnea\u00bb","block_context":{"text":"Apnea","link":"https:\/\/www.sportalsub.net\/blog\/category\/modalidades\/apnea\/"},"img":{"alt_text":"","src":"https:\/\/i0.wp.com\/www.sportalsub.net\/blog\/wp-content\/uploads\/2025\/06\/verticalblue2025.jpg?resize=350%2C200&ssl=1","width":350,"height":200,"srcset":"https:\/\/i0.wp.com\/www.sportalsub.net\/blog\/wp-content\/uploads\/2025\/06\/verticalblue2025.jpg?resize=350%2C200&ssl=1 1x, https:\/\/i0.wp.com\/www.sportalsub.net\/blog\/wp-content\/uploads\/2025\/06\/verticalblue2025.jpg?resize=525%2C300&ssl=1 1.5x, https:\/\/i0.wp.com\/www.sportalsub.net\/blog\/wp-content\/uploads\/2025\/06\/verticalblue2025.jpg?resize=700%2C400&ssl=1 2x"},"classes":[]},{"id":16325,"url":"https:\/\/www.sportalsub.net\/blog\/resultados-dia-3-competencia-internacional-de-apnea-en-bahamas-vertical-blue-2013\/","url_meta":{"origin":45913,"position":2},"title":"\ud83c\udde7\ud83c\uddf8 Resultados D\u00eda 3 Competencia Internacional de Apnea en Bahamas Vertical Blue 2013","author":"Sportalsub.net","date":"12 noviembre 2013","format":false,"excerpt":"(Especial Sportalsub.net \/ Vertical Blue) El lunes 11 de noviembre se realiz\u00f3 la tercera jornada de la\u00a0Competencia Internacional de Apnea\u00a0Vertical Blue 2013 en Islas Bahamas. En el 3er d\u00eda del evento se realizaron 5 r\u00e9cords nacionales: Davide Carrera de Italia (-101 metros, peso constante con aletas), Michael Board de Gran\u2026","rel":"","context":"En \u00abApnea\u00bb","block_context":{"text":"Apnea","link":"https:\/\/www.sportalsub.net\/blog\/category\/modalidades\/apnea\/"},"img":{"alt_text":"","src":"https:\/\/i0.wp.com\/www.sportalsub.net\/blog\/wp-content\/uploads\/2013\/11\/verticalblue2013.jpg?resize=350%2C200&ssl=1","width":350,"height":200,"srcset":"https:\/\/i0.wp.com\/www.sportalsub.net\/blog\/wp-content\/uploads\/2013\/11\/verticalblue2013.jpg?resize=350%2C200&ssl=1 1x, https:\/\/i0.wp.com\/www.sportalsub.net\/blog\/wp-content\/uploads\/2013\/11\/verticalblue2013.jpg?resize=525%2C300&ssl=1 1.5x"},"classes":[]},{"id":16846,"url":"https:\/\/www.sportalsub.net\/blog\/resultados-dia-6-competencia-internacional-de-apnea-en-bahamas-vertical-blue-2013-video\/","url_meta":{"origin":45913,"position":3},"title":"\ud83c\udde7\ud83c\uddf8 Resultados D\u00eda 6 Competencia Internacional de Apnea en Bahamas Vertical Blue 2013 + VIDEO","author":"Sportalsub.net","date":"17 noviembre 2013","format":false,"excerpt":"R\u00e9cords Nacionales para Alejandra L\u00f3pez de M\u00e9xico y Simon Bennet de Chile (Especial Sportalsub.net \/ Vertical Blue) Este s\u00e1bado 16 de noviembre se realiz\u00f3 la sexta jornada de la\u00a0Competencia Internacional de Apnea\u00a0Vertical Blue 2013 en Islas Bahamas. En el 6to d\u00eda del evento se realizaron 4 r\u00e9cords nacionales: Simon Bennet\u2026","rel":"","context":"En \u00abApnea\u00bb","block_context":{"text":"Apnea","link":"https:\/\/www.sportalsub.net\/blog\/category\/modalidades\/apnea\/"},"img":{"alt_text":"","src":"https:\/\/i0.wp.com\/www.sportalsub.net\/blog\/wp-content\/uploads\/2013\/11\/simon-alejandra.jpg?resize=350%2C200&ssl=1","width":350,"height":200,"srcset":"https:\/\/i0.wp.com\/www.sportalsub.net\/blog\/wp-content\/uploads\/2013\/11\/simon-alejandra.jpg?resize=350%2C200&ssl=1 1x, https:\/\/i0.wp.com\/www.sportalsub.net\/blog\/wp-content\/uploads\/2013\/11\/simon-alejandra.jpg?resize=525%2C300&ssl=1 1.5x, https:\/\/i0.wp.com\/www.sportalsub.net\/blog\/wp-content\/uploads\/2013\/11\/simon-alejandra.jpg?resize=700%2C400&ssl=1 2x"},"classes":[]},{"id":16786,"url":"https:\/\/www.sportalsub.net\/blog\/resultados-dia-4-competencia-internacional-de-apnea-en-bahamas-vertical-blue-2013\/","url_meta":{"origin":45913,"position":4},"title":"\ud83c\udde7\ud83c\uddf8 Resultados D\u00eda 4 Competencia Internacional de Apnea en Bahamas Vertical Blue 2013","author":"Sportalsub.net","date":"14 noviembre 2013","format":false,"excerpt":"(Especial Sportalsub.net \/ Vertical Blue) Este mi\u00e9rcoles 13 de noviembre se realiz\u00f3 la cuarta jornada de la\u00a0Competencia Internacional de Apnea\u00a0Vertical Blue 2013 en Islas Bahamas. En el 4to d\u00eda del evento se realizaron 8 r\u00e9cords nacionales: Alejandra L\u00f3pez (M\u00e9xico) -61mts peso constante Shiv Madhu (India) -61mts inmersi\u00f3n libre Veljano Zanki\u2026","rel":"","context":"En \u00abApnea\u00bb","block_context":{"text":"Apnea","link":"https:\/\/www.sportalsub.net\/blog\/category\/modalidades\/apnea\/"},"img":{"alt_text":"","src":"https:\/\/i0.wp.com\/www.sportalsub.net\/blog\/wp-content\/uploads\/2013\/11\/alejandralopez.jpg?resize=350%2C200&ssl=1","width":350,"height":200,"srcset":"https:\/\/i0.wp.com\/www.sportalsub.net\/blog\/wp-content\/uploads\/2013\/11\/alejandralopez.jpg?resize=350%2C200&ssl=1 1x, https:\/\/i0.wp.com\/www.sportalsub.net\/blog\/wp-content\/uploads\/2013\/11\/alejandralopez.jpg?resize=525%2C300&ssl=1 1.5x"},"classes":[]},{"id":16308,"url":"https:\/\/www.sportalsub.net\/blog\/resultados-dia-1-competencia-internacional-de-apnea-en-bahamas-vertical-blue-2013\/","url_meta":{"origin":45913,"position":5},"title":"\ud83c\udde7\ud83c\uddf8 Resultados D\u00eda 1 Competencia Internacional de Apnea en Bahamas Vertical Blue 2013","author":"Sportalsub.net","date":"10 noviembre 2013","format":false,"excerpt":"Simon Bennet de Chile, R\u00e9cord Nacional Peso Constante sin aletas -45mts (Especial Sportalsub.net \/ Vertical Blue) Este s\u00e1bado 9 de noviembre inici\u00f3 la\u00a0Competencia Internacional de Apnea\u00a0Vertical Blue 2013 en Islas Bahamas. En la jornada, destac\u00f3 el apneista de Chile Simon Bennet, quien logr\u00f3 un nuevo r\u00e9cord nacional para su pa\u00eds\u2026","rel":"","context":"En \u00abApnea\u00bb","block_context":{"text":"Apnea","link":"https:\/\/www.sportalsub.net\/blog\/category\/modalidades\/apnea\/"},"img":{"alt_text":"","src":"https:\/\/i0.wp.com\/www.sportalsub.net\/blog\/wp-content\/uploads\/2013\/11\/simon-bennet.jpg?resize=350%2C200&ssl=1","width":350,"height":200},"classes":[]}],"_links":{"self":[{"href":"https:\/\/www.sportalsub.net\/blog\/wp-json\/wp\/v2\/posts\/45913","targetHints":{"allow":["GET"]}}],"collection":[{"href":"https:\/\/www.sportalsub.net\/blog\/wp-json\/wp\/v2\/posts"}],"about":[{"href":"https:\/\/www.sportalsub.net\/blog\/wp-json\/wp\/v2\/types\/post"}],"author":[{"embeddable":true,"href":"https:\/\/www.sportalsub.net\/blog\/wp-json\/wp\/v2\/users\/1"}],"replies":[{"embeddable":true,"href":"https:\/\/www.sportalsub.net\/blog\/wp-json\/wp\/v2\/comments?post=45913"}],"version-history":[{"count":0,"href":"https:\/\/www.sportalsub.net\/blog\/wp-json\/wp\/v2\/posts\/45913\/revisions"}],"wp:featuredmedia":[{"embeddable":true,"href":"https:\/\/www.sportalsub.net\/blog\/wp-json\/wp\/v2\/media\/45914"}],"wp:attachment":[{"href":"https:\/\/www.sportalsub.net\/blog\/wp-json\/wp\/v2\/media?parent=45913"}],"wp:term":[{"taxonomy":"category","embeddable":true,"href":"https:\/\/www.sportalsub.net\/blog\/wp-json\/wp\/v2\/categories?post=45913"},{"taxonomy":"post_tag","embeddable":true,"href":"https:\/\/www.sportalsub.net\/blog\/wp-json\/wp\/v2\/tags?post=45913"}],"curies":[{"name":"wp","href":"https:\/\/api.w.org\/{rel}","templated":true}]}}