{"id":45937,"date":"2006-10-25T12:11:58","date_gmt":"2006-10-25T16:11:58","guid":{"rendered":"https:\/\/www.sportalsub.net\/blog\/?p=45937"},"modified":"2021-07-11T12:18:47","modified_gmt":"2021-07-11T16:18:47","slug":"%f0%9f%87%aa%f0%9f%87%b8-campeonato-de-espana-de-apnea-2006","status":"publish","type":"post","link":"https:\/\/www.sportalsub.net\/blog\/2006\/10\/25\/campeonato-de-espana-de-apnea-2006\/","title":{"rendered":"\ud83c\uddea\ud83c\uddf8 Campeonato de Espa\u00f1a de Apnea 2006"},"content":{"rendered":"<div><img loading=\"lazy\" decoding=\"async\" class=\"alignnone size-full wp-image-45939\" src=\"https:\/\/www.sportalsub.net\/blog\/wp-content\/uploads\/2006\/10\/apneaesp2006.jpg\" alt=\"\" width=\"450\" height=\"300\" srcset=\"https:\/\/www.sportalsub.net\/blog\/wp-content\/uploads\/2006\/10\/apneaesp2006.jpg 450w, https:\/\/www.sportalsub.net\/blog\/wp-content\/uploads\/2006\/10\/apneaesp2006-300x200.jpg 300w\" sizes=\"auto, (max-width: 450px) 100vw, 450px\" \/><\/div>\n<div><\/div>\n<div><\/div>\n<div align=\"\\&quot;justify\\&quot;\">\n<div>Del 6 al 8 de Octubre se disput\u00f3 en Tenerife el Cto. De Espa\u00f1a de Apnea 2006, que comprend\u00eda las pruebas, \u201capnea est\u00e1tica\u201d, \u201capnea din\u00e1mica\u201d y \u201cJump blue\u201d. Participaron las comunidades de Catalu\u00f1a, Madrid, Galicia y Canarias, con ocho deportistas de cada una.<\/div>\n<div><\/div>\n<\/div>\n<div align=\"\\&quot;justify\\&quot;\">\n<div>El primer d\u00eda se celebr\u00f3 en el puerto de Radazul, la prueba \u201cJump Blue\u201d, que consiste en un cubo con lados de 15m y situado a 10m de profundidad, en la que el atleta debe bajar hasta dicha cota, y ejecutar el mayor n\u00famero de lados posibles, poniendo un testigo al final del recorrido para que los buzos puedan verificar los metros realizados, a los que se les sumaran los realizados en el descenso y ascenso, es decir 20m.<\/div>\n<p>&nbsp;<\/p>\n<div>Esta prueba, la inventaron como un sustituto del peso constante, ya que se pensaba que esa disciplina era peligrosa, y sin darse cuenta, crearon otra prueba m\u00e1s dura y que causa mas incidentes, ya que el deportista esta sometido a un esfuerzo anaer\u00f3bico que adem\u00e1s realiza en hipoxia, al que hay que sumar el aumento de la presi\u00f3n parcial de CO2 que se multiplica por dos en el ascenso, y provoca el desfallecimiento de los atletas que no calculan bien el esfuerzo.<\/div>\n<div>En esta prueba cabe destacar la actuaci\u00f3n del catal\u00e1n Iv\u00e1n Terol del Pino que volvi\u00f3 a batir su propio record nacional con una marca de 131\u201963 metros. En categor\u00eda femenina tambi\u00e9n se bati\u00f3 el record nacional a cargo de la canaria Raquel de Ana con una marca de 94\u201994.<\/div>\n<p>&nbsp;<\/p>\n<div>El siguiente d\u00eda se celebraron las pruebas de apnea est\u00e1tica y apnea din\u00e1mica.<\/div>\n<div><\/div>\n<div>En apnea est\u00e1tica el madrile\u00f1o Rafael Serrano anduvo cerca del record de Espa\u00f1a con una marca de 6.33 minutos, imponi\u00e9ndose c\u00f3modamente. En f\u00e9minas Raquel de Ana gan\u00f3 con una marca de 4\u201950 minutos.<\/div>\n<p>&nbsp;<\/p>\n<div>\n<p>En apnea din\u00e1mica estuvo m\u00e1s disputado ya que los dos deportistas catalanes Iv\u00e1n Alonso e Iv\u00e1n Terol quedaron separados tan solo por dos metros, imponi\u00e9ndose el primero\u00a0 con 140\u201949 metros, a 10 metros de su record nacional. En f\u00e9minas Raquel de Ana nuevamente gan\u00f3 con 116 metros.<\/p>\n<p>&nbsp;<\/p>\n<p>Enviado por: Iv\u00e1n Terol \/ <a href=\"\\&quot;mailto:itrol77@yahoo.es\\&quot;\">itrol77@yahoo.es<\/a><\/p>\n<\/div>\n<\/div>\n","protected":false},"excerpt":{"rendered":"<p>Del 6 al 8 de Octubre se disput\u00f3 en Tenerife el Cto. De Espa\u00f1a de Apnea 2006, que comprend\u00eda las pruebas, \u201capnea est\u00e1tica\u201d, \u201capnea din\u00e1mica\u201d y \u201cJump blue\u201d. Participaron las comunidades de Catalu\u00f1a, Madrid, Galicia y Canarias, con ocho deportistas de cada una. El primer d\u00eda se celebr\u00f3 en el puerto de Radazul, la prueba \u201cJump Blue\u201d, que consiste en [&#8230;]<\/p>\n","protected":false},"author":1,"featured_media":45939,"comment_status":"open","ping_status":"closed","sticky":false,"template":"","format":"standard","meta":{"_lmt_disableupdate":"","_lmt_disable":"","jetpack_post_was_ever_published":false,"_jetpack_newsletter_access":"","_jetpack_dont_email_post_to_subs":false,"_jetpack_newsletter_tier_id":0,"_jetpack_memberships_contains_paywalled_content":false,"_jetpack_memberships_contains_paid_content":false,"footnotes":"","jetpack_publicize_message":"","jetpack_publicize_feature_enabled":true,"jetpack_social_post_already_shared":true,"jetpack_social_options":{"image_generator_settings":{"template":"highway","default_image_id":0,"font":"","enabled":false},"version":2}},"categories":[9,10],"tags":[],"class_list":["post-45937","post","type-post","status-publish","format-standard","has-post-thumbnail","hentry","category-apnea","category-espana"],"modified_by":"Sportalsub.net","views":1066,"jetpack_publicize_connections":[],"jetpack_featured_media_url":"https:\/\/www.sportalsub.net\/blog\/wp-content\/uploads\/2006\/10\/apneaesp2006.jpg","jetpack_sharing_enabled":true,"jetpack_shortlink":"https:\/\/wp.me\/pf9lN-bWV","jetpack_likes_enabled":false,"jetpack-related-posts":[{"id":6340,"url":"https:\/\/www.sportalsub.net\/blog\/inicia-el-campeonato-europeo-y-open-de-apnea-cmas-2010-en-tenerife-espana\/","url_meta":{"origin":45937,"position":0},"title":"\ud83c\uddea\ud83c\uddf8 Inicia el Campeonato Europeo y Open de Apnea CMAS 2010 en Tenerife, Espa\u00f1a","author":"Sportalsub.net","date":"9 octubre 2010","format":false,"excerpt":"(Especial Sportalsub.net) Este s\u00e1bado 9 de octubre, con las pruebas clasificatorias de la modalidad de Jump Blue, inician las competencias en la segunda edici\u00f3n del Campeonato Europeo de Apnea CMAS con invitaci\u00f3n a otros pa\u00edses, el cual se escenifica en Tenerife, Espa\u00f1a. El evento se extender\u00e1 hasta el martes 12\u2026","rel":"","context":"En \u00abApnea\u00bb","block_context":{"text":"Apnea","link":"https:\/\/www.sportalsub.net\/blog\/category\/modalidades\/apnea\/"},"img":{"alt_text":"","src":"https:\/\/i0.wp.com\/www.sportalsub.net\/blog\/wp-content\/uploads\/2010\/10\/openeuropeoapnea.jpg?resize=350%2C200&ssl=1","width":350,"height":200},"classes":[]},{"id":10723,"url":"https:\/\/www.sportalsub.net\/blog\/inicia-el-6to-campeonato-mundial-de-apnea-cmas-2011-en-tenerife-espana\/","url_meta":{"origin":45937,"position":1},"title":"\ud83c\uddea\ud83c\uddf8 Inicia el 6to Campeonato Mundial de Apnea CMAS 2011 en Tenerife, Espa\u00f1a","author":"Sportalsub.net","date":"31 agosto 2011","format":false,"excerpt":"(Especial Sportalsub.net) Desde este mi\u00e9rcoles 31 de agosto y hasta el domingo 4 de septiembre se estar\u00e1n llevando a cabo en Tenerife, Espa\u00f1a las pruebas del VI Campeonato Mundial de Apnea de la Confederaci\u00f3n Mundial de Actividades Subacu\u00e1ticas (CMAS). El cronograma de pruebas comprende las eliminatorias de apnea din\u00e1mica (con\u2026","rel":"","context":"En \u00abApnea\u00bb","block_context":{"text":"Apnea","link":"https:\/\/www.sportalsub.net\/blog\/category\/modalidades\/apnea\/"},"img":{"alt_text":"","src":"https:\/\/i0.wp.com\/www.sportalsub.net\/blog\/wp-content\/uploads\/2011\/08\/bannertenerife.jpg?resize=350%2C200&ssl=1","width":350,"height":200,"srcset":"https:\/\/i0.wp.com\/www.sportalsub.net\/blog\/wp-content\/uploads\/2011\/08\/bannertenerife.jpg?resize=350%2C200&ssl=1 1x, https:\/\/i0.wp.com\/www.sportalsub.net\/blog\/wp-content\/uploads\/2011\/08\/bannertenerife.jpg?resize=525%2C300&ssl=1 1.5x"},"classes":[]},{"id":10771,"url":"https:\/\/www.sportalsub.net\/blog\/resultados-finales-apnea-jump-blue-campeonato-mundial-cmas-tenerife-2011\/","url_meta":{"origin":45937,"position":2},"title":"\ud83c\uddea\ud83c\uddf8 Resultados Finales Apnea Jump Blue. Campeonato Mundial CMAS Tenerife 2011","author":"Sportalsub.net","date":"5 septiembre 2011","format":false,"excerpt":"Alfredo Rosado de Ecuador, medalla de Plata en Jump Blue. Mundial Apnea CMAS Tenerife 2011. (Especial Sportalsub.net) Este domingo 4 de septiembre culmin\u00f3 con las finales de la prueba de Jump Blue el VI Campeonato Mundial de Apnea de la Confederaci\u00f3n Mundial de Actividades Subacu\u00e1ticas (CMAS) realizado en Tenerife, Espa\u00f1a.\u2026","rel":"","context":"En \u00abApnea\u00bb","block_context":{"text":"Apnea","link":"https:\/\/www.sportalsub.net\/blog\/category\/modalidades\/apnea\/"},"img":{"alt_text":"","src":"https:\/\/i0.wp.com\/www.sportalsub.net\/blog\/wp-content\/uploads\/2011\/09\/alfredo-ecuador.jpg?resize=350%2C200&ssl=1","width":350,"height":200,"srcset":"https:\/\/i0.wp.com\/www.sportalsub.net\/blog\/wp-content\/uploads\/2011\/09\/alfredo-ecuador.jpg?resize=350%2C200&ssl=1 1x, https:\/\/i0.wp.com\/www.sportalsub.net\/blog\/wp-content\/uploads\/2011\/09\/alfredo-ecuador.jpg?resize=525%2C300&ssl=1 1.5x"},"classes":[]},{"id":343,"url":"https:\/\/www.sportalsub.net\/blog\/record-mundial-de-apnea-jump-blue-en-el-1er-campeonato-europeo-cmas\/","url_meta":{"origin":45937,"position":3},"title":"\ud83c\uddf9\ud83c\uddf7 R\u00e9cord Mundial de Apnea Jump Blue en el 1er Campeonato Europeo CMAS","author":"Sportalsub.net","date":"2 septiembre 2008","format":false,"excerpt":"En la prueba de Jump Blue del 1er Campeonato de Europeo de Apnea CMAS, que se realiza en Turqu\u00eda entre el 30 de agosto y el 6 de septiembre, el apneista Turco Devrim Ulusoy obtuvo el primer lugar y nuevo R\u00e9cord Mundial con una marca de 159.54 metros En la\u2026","rel":"","context":"En \u00abApnea\u00bb","block_context":{"text":"Apnea","link":"https:\/\/www.sportalsub.net\/blog\/category\/modalidades\/apnea\/"},"img":{"alt_text":"","src":"https:\/\/i0.wp.com\/www.sportalsub.net\/blog\/wp-content\/uploads\/2008\/09\/devrim.jpg?resize=350%2C200","width":350,"height":200},"classes":[]},{"id":6360,"url":"https:\/\/www.sportalsub.net\/blog\/resultados-finales-apnea-jump-blue-en-el-2do-campeonato-europeo-cmas\/","url_meta":{"origin":45937,"position":4},"title":"\ud83c\uddea\ud83c\uddf8 Resultados finales Apnea Jump Blue en el 2do Campeonato Europeo CMAS","author":"Sportalsub.net","date":"10 octubre 2010","format":false,"excerpt":"(Especial Sportalsub.net) M\u00f3nica Barbero de Italia con 144 metros de recorrido y Alfredo Roen de Espa\u00f1a con una marca de 171,5 metros, se proclaman campeones de Europa, ambos con R\u00e9cords Mundiales en la modalidad de apnea Jump Blue en la jornada final de esta modalidad en el 2do Campeonato Europeo\u2026","rel":"","context":"En \u00abApnea\u00bb","block_context":{"text":"Apnea","link":"https:\/\/www.sportalsub.net\/blog\/category\/modalidades\/apnea\/"},"img":{"alt_text":"","src":"https:\/\/i0.wp.com\/www.sportalsub.net\/blog\/wp-content\/uploads\/2010\/10\/tenerife2010.jpg?resize=350%2C200&ssl=1","width":350,"height":200,"srcset":"https:\/\/i0.wp.com\/www.sportalsub.net\/blog\/wp-content\/uploads\/2010\/10\/tenerife2010.jpg?resize=350%2C200&ssl=1 1x, https:\/\/i0.wp.com\/www.sportalsub.net\/blog\/wp-content\/uploads\/2010\/10\/tenerife2010.jpg?resize=525%2C300&ssl=1 1.5x"},"classes":[]},{"id":18757,"url":"https:\/\/www.sportalsub.net\/blog\/iv-campeonato-europeo-de-apnea-cmas-en-tenerife-espana\/","url_meta":{"origin":45937,"position":5},"title":"\ud83c\uddea\ud83c\uddf8 IV Campeonato Europeo de Apnea CMAS en Tenerife, Espa\u00f1a + Resultados","author":"Sportalsub.net","date":"20 octubre 2014","format":false,"excerpt":"(Sportalsub.net \/ CMAS \/ FEDAS \/ FEDECAS) Italia Campe\u00f3n Europeo de Apnea CMAS Italia se titula Campe\u00f3n del IV Campeonato Europeo de Apnea CMAS con 3 medallas de oro, 1 de plata y 2 de bronce, seguido de Croacia con 1 de oro y 2 de bronce, mientras que Serbia\u2026","rel":"","context":"En \u00abApnea\u00bb","block_context":{"text":"Apnea","link":"https:\/\/www.sportalsub.net\/blog\/category\/modalidades\/apnea\/"},"img":{"alt_text":"","src":"https:\/\/i0.wp.com\/www.sportalsub.net\/blog\/wp-content\/uploads\/2014\/10\/europeocmas.jpg?resize=350%2C200&ssl=1","width":350,"height":200,"srcset":"https:\/\/i0.wp.com\/www.sportalsub.net\/blog\/wp-content\/uploads\/2014\/10\/europeocmas.jpg?resize=350%2C200&ssl=1 1x, https:\/\/i0.wp.com\/www.sportalsub.net\/blog\/wp-content\/uploads\/2014\/10\/europeocmas.jpg?resize=525%2C300&ssl=1 1.5x"},"classes":[]}],"_links":{"self":[{"href":"https:\/\/www.sportalsub.net\/blog\/wp-json\/wp\/v2\/posts\/45937","targetHints":{"allow":["GET"]}}],"collection":[{"href":"https:\/\/www.sportalsub.net\/blog\/wp-json\/wp\/v2\/posts"}],"about":[{"href":"https:\/\/www.sportalsub.net\/blog\/wp-json\/wp\/v2\/types\/post"}],"author":[{"embeddable":true,"href":"https:\/\/www.sportalsub.net\/blog\/wp-json\/wp\/v2\/users\/1"}],"replies":[{"embeddable":true,"href":"https:\/\/www.sportalsub.net\/blog\/wp-json\/wp\/v2\/comments?post=45937"}],"version-history":[{"count":0,"href":"https:\/\/www.sportalsub.net\/blog\/wp-json\/wp\/v2\/posts\/45937\/revisions"}],"wp:featuredmedia":[{"embeddable":true,"href":"https:\/\/www.sportalsub.net\/blog\/wp-json\/wp\/v2\/media\/45939"}],"wp:attachment":[{"href":"https:\/\/www.sportalsub.net\/blog\/wp-json\/wp\/v2\/media?parent=45937"}],"wp:term":[{"taxonomy":"category","embeddable":true,"href":"https:\/\/www.sportalsub.net\/blog\/wp-json\/wp\/v2\/categories?post=45937"},{"taxonomy":"post_tag","embeddable":true,"href":"https:\/\/www.sportalsub.net\/blog\/wp-json\/wp\/v2\/tags?post=45937"}],"curies":[{"name":"wp","href":"https:\/\/api.w.org\/{rel}","templated":true}]}}