{"id":47241,"date":"2021-08-16T18:00:17","date_gmt":"2021-08-16T22:00:17","guid":{"rendered":"https:\/\/www.sportalsub.net\/blog\/?p=47241"},"modified":"2021-09-07T07:26:12","modified_gmt":"2021-09-07T11:26:12","slug":"%f0%9f%87%a8%f0%9f%87%b4-i-parada-nacional-interclubes-2021-2022-de-rugby-subacuatico-fedecas-colombia-categoria-elite-medellin","status":"publish","type":"post","link":"https:\/\/www.sportalsub.net\/blog\/medellin-rugbysub-2021","title":{"rendered":"\ud83c\udde8\ud83c\uddf4 Resultados &#8211;  I Parada Nacional Interclubes 2021-2022 de Rugby Subacu\u00e1tico FEDECAS Colombia Categor\u00eda \u00c9lite. Medell\u00edn"},"content":{"rendered":"<p><img loading=\"lazy\" decoding=\"async\" class=\"alignnone size-full wp-image-47244\" src=\"https:\/\/www.sportalsub.net\/blog\/wp-content\/uploads\/2021\/08\/rugbysubcolmedellin2021.jpg\" alt=\"\" width=\"900\" height=\"600\" srcset=\"https:\/\/www.sportalsub.net\/blog\/wp-content\/uploads\/2021\/08\/rugbysubcolmedellin2021.jpg 900w, https:\/\/www.sportalsub.net\/blog\/wp-content\/uploads\/2021\/08\/rugbysubcolmedellin2021-300x200.jpg 300w, https:\/\/www.sportalsub.net\/blog\/wp-content\/uploads\/2021\/08\/rugbysubcolmedellin2021-768x512.jpg 768w, https:\/\/www.sportalsub.net\/blog\/wp-content\/uploads\/2021\/08\/rugbysubcolmedellin2021-450x300.jpg 450w\" sizes=\"auto, (max-width: 900px) 100vw, 900px\" \/><\/p>\n<p>(Sportalsub.net \/ FEDECAS \/ LASA)<\/p>\n<p>Del 13 al 16 de agosto de 2021 se llev\u00f3 a cabo en la ciudad de Medell\u00edn, la I Parada Nacional Interclubes de Rugby Subacu\u00e1tico Categor\u00eda \u00c9lite de la Federaci\u00f3n Colombiana de Actividades Subacu\u00e1ticas FEDECAS de la temporada 2021-2022. La organizaci\u00f3n estuvo a cargo de la Liga Antioque\u00f1a de Actividades Subacu\u00e1ticas &#8211; LASA<\/p>\n<p><a href=\"https:\/\/d1fbfa62-c88e-4312-8fa8-cbdea6cfa7a7.filesusr.com\/ugd\/a75488_605e50f8a01a4401ba26532c32b007e3.pdf\"style=\"font-size: 0.95em;\"  target=\"_blank\" rel=\"noopener\" target=\"_blank\"><strong>CONVOCATORIA OFICIAL (PDF)<\/strong><\/a><\/p>\n<p class=\"font_8\"><strong>RESULTADOS FEMENINO<\/strong><\/p>\n<p class=\"font_8\"><strong><img loading=\"lazy\" decoding=\"async\" class=\"alignnone size-full wp-image-47265\" src=\"https:\/\/www.sportalsub.net\/blog\/wp-content\/uploads\/2021\/08\/femeninorugby.png\" alt=\"\" width=\"701\" height=\"862\" srcset=\"https:\/\/www.sportalsub.net\/blog\/wp-content\/uploads\/2021\/08\/femeninorugby.png 701w, https:\/\/www.sportalsub.net\/blog\/wp-content\/uploads\/2021\/08\/femeninorugby-244x300.png 244w\" sizes=\"auto, (max-width: 701px) 100vw, 701px\" \/>\u00a0 \u00a0 \u00a0\u00a0<\/strong><\/p>\n<p class=\"font_8\"><strong>\u200b\u200b\u00b7\u00a0 \u00a0 \u00a0 \u00a0 \u00a0<a href=\"https:\/\/docs.google.com\/spreadsheets\/d\/e\/2PACX-1vRsJlegc4EyoeholovTQnCKIO45hDub-xSlBCfh5KF3fYrmtl6DmcIlZecoMzFiG3sTyf2Zyy0Ixoj_\/pubhtml?gid=595621973&amp;single=true\" target=\"_blank\" rel=\"noopener\" target=\"_blank\"><span class=\"color_33\">PROGRAMACI\u00d3N Y RESULTADOS<\/span><\/a><\/strong><\/p>\n<p class=\"font_8\"><strong>\u00b7\u00a0 \u00a0 \u00a0 \u00a0 \u00a0<a href=\"https:\/\/docs.google.com\/spreadsheets\/d\/e\/2PACX-1vRsJlegc4EyoeholovTQnCKIO45hDub-xSlBCfh5KF3fYrmtl6DmcIlZecoMzFiG3sTyf2Zyy0Ixoj_\/pubhtml?gid=291464174&amp;single=true\" target=\"_blank\" rel=\"noopener\" target=\"_blank\">Tablas de Posici\u00f3n\u00a0<\/a><\/strong><\/p>\n<p class=\"font_8\"><strong>\u00b7\u00a0 \u00a0 \u00a0 \u00a0 \u00a0<a href=\"https:\/\/docs.google.com\/spreadsheets\/d\/e\/2PACX-1vSOjbxQjpwkipP4MiFgUHgwXzI5VVJipmt0gUPjzYWh88Up6b2Uin6f2zukIYeC9WNTTTQzWbIzLRsu\/pubhtml?gid=910715135&amp;single=true\" target=\"_blank\" rel=\"noopener\" target=\"_blank\"><span class=\"color_34\">Goleadora<\/span><\/a><\/strong><\/p>\n<p class=\"font_8\"><strong><span class=\"color_34\">\u00b7 \u00a0 \u00a0 \u00a0 \u00a0\u00a0<a href=\"https:\/\/docs.google.com\/spreadsheets\/d\/e\/2PACX-1vRsJlegc4EyoeholovTQnCKIO45hDub-xSlBCfh5KF3fYrmtl6DmcIlZecoMzFiG3sTyf2Zyy0Ixoj_\/pubhtml?gid=982952334&amp;single=true\" target=\"_blank\" rel=\"noopener\" target=\"_blank\">Ranking y Cdro. de Honor<\/a><\/span><\/strong><\/p>\n<p class=\"font_8\"><span class=\"wixGuard\">\u200b<\/span><\/p>\n<p class=\"font_8\"><strong>RESULTADOS MASCULINO\u00a0 \u00a0<\/strong><\/p>\n<p><img loading=\"lazy\" decoding=\"async\" class=\"alignnone size-full wp-image-47266\" src=\"https:\/\/www.sportalsub.net\/blog\/wp-content\/uploads\/2021\/08\/masculinorugby.png\" alt=\"\" width=\"739\" height=\"856\" srcset=\"https:\/\/www.sportalsub.net\/blog\/wp-content\/uploads\/2021\/08\/masculinorugby.png 739w, https:\/\/www.sportalsub.net\/blog\/wp-content\/uploads\/2021\/08\/masculinorugby-259x300.png 259w\" sizes=\"auto, (max-width: 739px) 100vw, 739px\" \/><\/p>\n<p class=\"font_8\"><strong>\u200b\u00b7 \u00a0 \u00a0 \u00a0<span class=\"color_33\">\u00a0\u00a0\u00a0<\/span><span class=\"color_33\"><a href=\"https:\/\/docs.google.com\/spreadsheets\/d\/e\/2PACX-1vQ9FKZd11L3QH9eAWbRcfzK2Q31CLAjCX-glPrjzKFJaXFUaJmDBSmo9tFoVTFxcT9Ry0AL6zoqsVg1\/pubhtml?gid=595621973&amp;single=true\" target=\"_blank\" rel=\"noopener\" target=\"_blank\">PROGRAMACI\u00d3N Y RESULTADOS<\/a><\/span><\/strong><\/p>\n<p class=\"font_8\"><strong>\u00b7\u00a0 \u00a0 \u00a0 \u00a0 \u00a0<a href=\"https:\/\/docs.google.com\/spreadsheets\/d\/e\/2PACX-1vQ9FKZd11L3QH9eAWbRcfzK2Q31CLAjCX-glPrjzKFJaXFUaJmDBSmo9tFoVTFxcT9Ry0AL6zoqsVg1\/pubhtml?gid=291464174&amp;single=true\" target=\"_blank\" rel=\"noopener\" target=\"_blank\">Tablas de Posici\u00f3n\u00a0<\/a><\/strong><\/p>\n<p class=\"font_8\"><strong>\u00b7\u00a0 \u00a0 \u00a0 \u00a0 \u00a0<a href=\"https:\/\/docs.google.com\/spreadsheets\/d\/e\/2PACX-1vTUlcZaiKV42102hTnFEKVeDe2LpFiYis0RkaTjpl8HIOeHPMt2cSvqhRp9sXM-NF-crKXZK-9HLO3S\/pubhtml?gid=910715135&amp;single=true\" target=\"_blank\" rel=\"noopener\" target=\"_blank\"><span class=\"color_34\">Goleador<\/span><\/a><\/strong><\/p>\n<p class=\"font_8\"><strong><span class=\"color_34\">\u00b7 \u00a0 \u00a0 \u00a0 \u00a0\u00a0<a href=\"https:\/\/docs.google.com\/spreadsheets\/d\/e\/2PACX-1vQ9FKZd11L3QH9eAWbRcfzK2Q31CLAjCX-glPrjzKFJaXFUaJmDBSmo9tFoVTFxcT9Ry0AL6zoqsVg1\/pubhtml?gid=982952334&amp;single=true\" target=\"_blank\" rel=\"noopener\" target=\"_blank\">Ranking y Cdro. de Honor<\/a><\/span><\/strong><\/p>\n<p><strong>PROGRAMACI\u00d3N PRELIMINAR<\/strong><\/p>\n<p><img loading=\"lazy\" decoding=\"async\" class=\"alignnone size-full wp-image-47246\" src=\"https:\/\/www.sportalsub.net\/blog\/wp-content\/uploads\/2021\/08\/programacionmedellin2021.jpg\" alt=\"\" width=\"471\" height=\"1280\" srcset=\"https:\/\/www.sportalsub.net\/blog\/wp-content\/uploads\/2021\/08\/programacionmedellin2021.jpg 471w, https:\/\/www.sportalsub.net\/blog\/wp-content\/uploads\/2021\/08\/programacionmedellin2021-110x300.jpg 110w, https:\/\/www.sportalsub.net\/blog\/wp-content\/uploads\/2021\/08\/programacionmedellin2021-377x1024.jpg 377w\" sizes=\"auto, (max-width: 471px) 100vw, 471px\" \/><\/p>\n<p><strong>Sitio web oficial:\u00a0<a href=\"https:\/\/www.fedecas.org\/elite-2021\" target=\"_blank\" rel=\"noopener\" target=\"_blank\">https:\/\/www.fedecas.org\/<\/a><\/strong><\/p>\n<p><a href=\"https:\/\/www.fedecas.org\/\" target=\"_blank\" rel=\"noopener\" target=\"_blank\"><img loading=\"lazy\" decoding=\"async\" class=\"alignnone size-full wp-image-44908\" src=\"https:\/\/i0.wp.com\/www.sportalsub.net\/blog\/wp-content\/uploads\/2021\/02\/fedecas.png?resize=852%2C188&amp;ssl=1\" sizes=\"auto, (max-width: 852px) 100vw, 852px\" srcset=\"https:\/\/i0.wp.com\/www.sportalsub.net\/blog\/wp-content\/uploads\/2021\/02\/fedecas.png?w=852&amp;ssl=1 852w, https:\/\/i0.wp.com\/www.sportalsub.net\/blog\/wp-content\/uploads\/2021\/02\/fedecas.png?resize=300%2C66&amp;ssl=1 300w, https:\/\/i0.wp.com\/www.sportalsub.net\/blog\/wp-content\/uploads\/2021\/02\/fedecas.png?resize=768%2C169&amp;ssl=1 768w\" alt=\"\" width=\"852\" height=\"188\" \/><\/a><\/p>\n","protected":false},"excerpt":{"rendered":"<p>(Sportalsub.net \/ FEDECAS \/ LASA) Del 13 al 16 de agosto de 2021 se llev\u00f3 a cabo en la ciudad de Medell\u00edn, la I Parada Nacional Interclubes de Rugby Subacu\u00e1tico Categor\u00eda \u00c9lite de la Federaci\u00f3n Colombiana de Actividades Subacu\u00e1ticas FEDECAS de la temporada 2021-2022. La organizaci\u00f3n estuvo a cargo de la Liga Antioque\u00f1a de Actividades Subacu\u00e1ticas &#8211; LASA CONVOCATORIA OFICIAL [&#8230;]<\/p>\n","protected":false},"author":1,"featured_media":47244,"comment_status":"open","ping_status":"closed","sticky":false,"template":"","format":"standard","meta":{"_lmt_disableupdate":"","_lmt_disable":"","jetpack_post_was_ever_published":false,"_jetpack_newsletter_access":"","_jetpack_dont_email_post_to_subs":false,"_jetpack_newsletter_tier_id":0,"_jetpack_memberships_contains_paywalled_content":false,"_jetpack_memberships_contains_paid_content":false,"footnotes":"","jetpack_publicize_message":"","jetpack_publicize_feature_enabled":true,"jetpack_social_post_already_shared":true,"jetpack_social_options":{"image_generator_settings":{"template":"highway","default_image_id":0,"font":"","enabled":false},"version":2}},"categories":[3,120,7],"tags":[450],"class_list":["post-47241","post","type-post","status-publish","format-standard","has-post-thumbnail","hentry","category-colombia","category-resultados","category-rugby-subacuatico","tag-destacados"],"modified_by":"Sportalsub.net","views":2905,"jetpack_publicize_connections":[],"jetpack_featured_media_url":"https:\/\/www.sportalsub.net\/blog\/wp-content\/uploads\/2021\/08\/rugbysubcolmedellin2021.jpg","jetpack_sharing_enabled":true,"jetpack_shortlink":"https:\/\/wp.me\/pf9lN-chX","jetpack_likes_enabled":false,"jetpack-related-posts":[{"id":49643,"url":"https:\/\/www.sportalsub.net\/blog\/2da-parada-medellin-rugbysub-2021","url_meta":{"origin":47241,"position":0},"title":"\ud83c\udde8\ud83c\uddf4 Resultados &#8211; II Parada Nacional Interclubes 2021-2022 de Rugby Subacu\u00e1tico FEDECAS Colombia Categor\u00eda \u00c9lite. Medell\u00edn","author":"Sportalsub.net","date":"2 noviembre 2021","format":false,"excerpt":"(Sportalsub.net \/ FEDECAS \/ LASA) La Federaci\u00f3n Colombiana de Actividades Subacu\u00e1ticas FEDECAS, convoc\u00f3 a las ligas del pa\u00eds para que sus Clubes afiliados participaran en la II Parada Nacional Interclubes de Rugby Subacu\u00e1tico Categor\u00eda \u00c9lite, realizada en la ciudad de Medell\u00edn, del 29 de octubre al 1 de noviembre de\u2026","rel":"","context":"En \u00abColombia\u00bb","block_context":{"text":"Colombia","link":"https:\/\/www.sportalsub.net\/blog\/category\/paises\/america\/colombia\/"},"img":{"alt_text":"","src":"https:\/\/i0.wp.com\/www.sportalsub.net\/blog\/wp-content\/uploads\/2021\/10\/rugbysubmedellinoctubre2021.jpg?resize=350%2C200&ssl=1","width":350,"height":200,"srcset":"https:\/\/i0.wp.com\/www.sportalsub.net\/blog\/wp-content\/uploads\/2021\/10\/rugbysubmedellinoctubre2021.jpg?resize=350%2C200&ssl=1 1x, https:\/\/i0.wp.com\/www.sportalsub.net\/blog\/wp-content\/uploads\/2021\/10\/rugbysubmedellinoctubre2021.jpg?resize=525%2C300&ssl=1 1.5x, https:\/\/i0.wp.com\/www.sportalsub.net\/blog\/wp-content\/uploads\/2021\/10\/rugbysubmedellinoctubre2021.jpg?resize=700%2C400&ssl=1 2x"},"classes":[]},{"id":48848,"url":"https:\/\/www.sportalsub.net\/blog\/ascenso-rugbysub-colombia-2021","url_meta":{"origin":47241,"position":1},"title":"\ud83c\udde8\ud83c\uddf4 Resultados \u2013 I Parada Nacional Interclubes 2021-2022 de Rugby Subacu\u00e1tico FEDECAS Colombia Categor\u00eda Ascenso. Medell\u00edn","author":"Sportalsub.net","date":"7 septiembre 2021","format":false,"excerpt":"(Sportalsub.net \/ FEDECAS \/ LASA) La Federaci\u00f3n Colombiana de Actividades Subacu\u00e1ticas FEDECAS, llev\u00f3 a cabo la I Parada Nacional Interclubes de Rugby Subacu\u00e1tico Categor\u00eda Ascenso, temporada 2021-2022 realizada en la ciudad de Medell\u00edn, del 3 al 5 de septiembre de 2021. La organizaci\u00f3n estuvo a cargo de la Liga Antioque\u00f1a\u2026","rel":"","context":"En \u00abColombia\u00bb","block_context":{"text":"Colombia","link":"https:\/\/www.sportalsub.net\/blog\/category\/paises\/america\/colombia\/"},"img":{"alt_text":"","src":"https:\/\/i0.wp.com\/www.sportalsub.net\/blog\/wp-content\/uploads\/2021\/09\/ascensocolombia2021.jpg?resize=350%2C200&ssl=1","width":350,"height":200,"srcset":"https:\/\/i0.wp.com\/www.sportalsub.net\/blog\/wp-content\/uploads\/2021\/09\/ascensocolombia2021.jpg?resize=350%2C200&ssl=1 1x, https:\/\/i0.wp.com\/www.sportalsub.net\/blog\/wp-content\/uploads\/2021\/09\/ascensocolombia2021.jpg?resize=525%2C300&ssl=1 1.5x, https:\/\/i0.wp.com\/www.sportalsub.net\/blog\/wp-content\/uploads\/2021\/09\/ascensocolombia2021.jpg?resize=700%2C400&ssl=1 2x"},"classes":[]},{"id":52638,"url":"https:\/\/www.sportalsub.net\/blog\/3ra-parada-pereira-rugbysub-2022","url_meta":{"origin":47241,"position":2},"title":"\ud83c\udde8\ud83c\uddf4 Resultados &#8211; III Parada Nacional Interclubes 2021-2022 de Rugby Subacu\u00e1tico FEDECAS Colombia Categor\u00eda \u00c9lite. Pereira","author":"Sportalsub.net","date":"21 marzo 2022","format":false,"excerpt":"(Sportalsub.net \/ FEDECAS \/ LASER) La Federaci\u00f3n Colombiana de Actividades Subacu\u00e1ticas - (FEDECAS), convoc\u00f3 a las ligas del pa\u00eds para que sus Clubes afiliados participaran en la \u201cIII Parada Nacional Interclubes de Rugby Subacu\u00e1tico Categor\u00eda \u00c9lite\u201d, realizada en la ciudad de Pereira - Risaralda, del 18 al 21 de marzo\u2026","rel":"","context":"En \u00abColombia\u00bb","block_context":{"text":"Colombia","link":"https:\/\/www.sportalsub.net\/blog\/category\/paises\/america\/colombia\/"},"img":{"alt_text":"","src":"https:\/\/i0.wp.com\/www.sportalsub.net\/blog\/wp-content\/uploads\/2022\/03\/3raparadarugbysubpereira2022.jpg?resize=350%2C200&ssl=1","width":350,"height":200,"srcset":"https:\/\/i0.wp.com\/www.sportalsub.net\/blog\/wp-content\/uploads\/2022\/03\/3raparadarugbysubpereira2022.jpg?resize=350%2C200&ssl=1 1x, https:\/\/i0.wp.com\/www.sportalsub.net\/blog\/wp-content\/uploads\/2022\/03\/3raparadarugbysubpereira2022.jpg?resize=525%2C300&ssl=1 1.5x, https:\/\/i0.wp.com\/www.sportalsub.net\/blog\/wp-content\/uploads\/2022\/03\/3raparadarugbysubpereira2022.jpg?resize=700%2C400&ssl=1 2x"},"classes":[]},{"id":27632,"url":"https:\/\/www.sportalsub.net\/blog\/iii-parada-nacional-interclubes-de-rugby-subacuatico-categoria-elite-2017-2018-medellin-colombia\/","url_meta":{"origin":47241,"position":3},"title":"\ud83c\udde8\ud83c\uddf4 Resultados &#8211; III Parada Nacional Interclubes de Rugby Subacu\u00e1tico Categor\u00eda \u00c9lite 2017 &#8211; 2018. Medellin, Colombia","author":"Sportalsub.net","date":"21 marzo 2018","format":false,"excerpt":"(Sportalsub.net \/ FEDECAS \/ LASA) La Federaci\u00f3n Colombiana de Actividades\u00a0Subacu\u00e1ticas FEDECAS, llev\u00f3 a cabo la III Parada Nacional\u00a0Interclubes de Rugby Subacu\u00e1tico Categor\u00eda \u00c9lite 2017 - 2018,\u00a0realizada en el Complejo Acu\u00e1tico\u00a0Unidad Deportiva en la\u00a0ciudad de Medell\u00edn, del 16 al 19 de marzo de 2018, con la organizaci\u00f3n de la\u00a0Liga Antioque\u00f1a de\u00a0Actividades\u2026","rel":"","context":"En \u00abColombia\u00bb","block_context":{"text":"Colombia","link":"https:\/\/www.sportalsub.net\/blog\/category\/paises\/america\/colombia\/"},"img":{"alt_text":"","src":"https:\/\/i0.wp.com\/www.sportalsub.net\/blog\/wp-content\/uploads\/2018\/03\/rugbysubmedellinmarzo2018.jpg?resize=350%2C200&ssl=1","width":350,"height":200,"srcset":"https:\/\/i0.wp.com\/www.sportalsub.net\/blog\/wp-content\/uploads\/2018\/03\/rugbysubmedellinmarzo2018.jpg?resize=350%2C200&ssl=1 1x, https:\/\/i0.wp.com\/www.sportalsub.net\/blog\/wp-content\/uploads\/2018\/03\/rugbysubmedellinmarzo2018.jpg?resize=525%2C300&ssl=1 1.5x, https:\/\/i0.wp.com\/www.sportalsub.net\/blog\/wp-content\/uploads\/2018\/03\/rugbysubmedellinmarzo2018.jpg?resize=700%2C400&ssl=1 2x"},"classes":[]},{"id":58282,"url":"https:\/\/www.sportalsub.net\/blog\/2da-parada-medellin-rugbysub-2022","url_meta":{"origin":47241,"position":4},"title":"\ud83c\udde8\ud83c\uddf4 Resultados \u2013 II Parada Nacional Interclubes 2022-2023 de Rugby Subacu\u00e1tico FEDECAS Colombia Categor\u00eda \u00c9lite. Medell\u00edn","author":"Sportalsub.net","date":"7 noviembre 2022","format":false,"excerpt":"(Sportalsub.net \/ FEDECAS \/ LASA) La II Parada Nacional Interclubes de Rugby Subacu\u00e1tico Categor\u00e1 \u00c9lite de la temporada 2022-2023 de la Federaci\u00f3n Colombiana de Actividades Subacu\u00e1ticas (FEDECAS) se realiza del 5 al 7 de noviembre de 2022 en Medell\u00edn, Departamento de Antioquia. 283 jugadores de 11 equipos femeninos y 10\u2026","rel":"","context":"En \u00abColombia\u00bb","block_context":{"text":"Colombia","link":"https:\/\/www.sportalsub.net\/blog\/category\/paises\/america\/colombia\/"},"img":{"alt_text":"","src":"https:\/\/i0.wp.com\/www.sportalsub.net\/blog\/wp-content\/uploads\/2022\/11\/rygbysubmedellinmov2022.jpg?resize=350%2C200&ssl=1","width":350,"height":200,"srcset":"https:\/\/i0.wp.com\/www.sportalsub.net\/blog\/wp-content\/uploads\/2022\/11\/rygbysubmedellinmov2022.jpg?resize=350%2C200&ssl=1 1x, https:\/\/i0.wp.com\/www.sportalsub.net\/blog\/wp-content\/uploads\/2022\/11\/rygbysubmedellinmov2022.jpg?resize=525%2C300&ssl=1 1.5x, https:\/\/i0.wp.com\/www.sportalsub.net\/blog\/wp-content\/uploads\/2022\/11\/rygbysubmedellinmov2022.jpg?resize=700%2C400&ssl=1 2x"},"classes":[]},{"id":35311,"url":"https:\/\/www.sportalsub.net\/blog\/ii-parada-nacional-interclubes-de-rugby-subacuatico-elite-antioquia-colombia-2019\/","url_meta":{"origin":47241,"position":5},"title":"\ud83c\udde8\ud83c\uddf4 Resultados &#8211; II Parada Nacional Interclubes 2019 de Rugby Subacuatico Categor\u00eda \u00c9lite. Medell\u00edn, Colombia","author":"Sportalsub.net","date":"13 noviembre 2019","format":false,"excerpt":"(Sportalsub.net \/ FEDECAS \/ LASA) La Liga Antioque\u00f1a de Actividades Subacu\u00e1ticas (LASA) y la Federaci\u00f3n Colombiana de Actividades Subacu\u00e1ticas (FEDECAS) organizaron la II Parada Nacional de Rugby Subacu\u00e1tico Categor\u00eda \u00c9lite del 8 al 11 de Noviembre del presente a\u00f1o, la cual se llev\u00f3 a cabo en el Complejo Acu\u00e1tico Universidad\u2026","rel":"","context":"En \u00abColombia\u00bb","block_context":{"text":"Colombia","link":"https:\/\/www.sportalsub.net\/blog\/category\/paises\/america\/colombia\/"},"img":{"alt_text":"","src":"https:\/\/i0.wp.com\/www.sportalsub.net\/blog\/wp-content\/uploads\/2019\/11\/resultados-elite-colombia.jpg?resize=350%2C200&ssl=1","width":350,"height":200,"srcset":"https:\/\/i0.wp.com\/www.sportalsub.net\/blog\/wp-content\/uploads\/2019\/11\/resultados-elite-colombia.jpg?resize=350%2C200&ssl=1 1x, https:\/\/i0.wp.com\/www.sportalsub.net\/blog\/wp-content\/uploads\/2019\/11\/resultados-elite-colombia.jpg?resize=525%2C300&ssl=1 1.5x, https:\/\/i0.wp.com\/www.sportalsub.net\/blog\/wp-content\/uploads\/2019\/11\/resultados-elite-colombia.jpg?resize=700%2C400&ssl=1 2x"},"classes":[]}],"_links":{"self":[{"href":"https:\/\/www.sportalsub.net\/blog\/wp-json\/wp\/v2\/posts\/47241","targetHints":{"allow":["GET"]}}],"collection":[{"href":"https:\/\/www.sportalsub.net\/blog\/wp-json\/wp\/v2\/posts"}],"about":[{"href":"https:\/\/www.sportalsub.net\/blog\/wp-json\/wp\/v2\/types\/post"}],"author":[{"embeddable":true,"href":"https:\/\/www.sportalsub.net\/blog\/wp-json\/wp\/v2\/users\/1"}],"replies":[{"embeddable":true,"href":"https:\/\/www.sportalsub.net\/blog\/wp-json\/wp\/v2\/comments?post=47241"}],"version-history":[{"count":0,"href":"https:\/\/www.sportalsub.net\/blog\/wp-json\/wp\/v2\/posts\/47241\/revisions"}],"wp:featuredmedia":[{"embeddable":true,"href":"https:\/\/www.sportalsub.net\/blog\/wp-json\/wp\/v2\/media\/47244"}],"wp:attachment":[{"href":"https:\/\/www.sportalsub.net\/blog\/wp-json\/wp\/v2\/media?parent=47241"}],"wp:term":[{"taxonomy":"category","embeddable":true,"href":"https:\/\/www.sportalsub.net\/blog\/wp-json\/wp\/v2\/categories?post=47241"},{"taxonomy":"post_tag","embeddable":true,"href":"https:\/\/www.sportalsub.net\/blog\/wp-json\/wp\/v2\/tags?post=47241"}],"curies":[{"name":"wp","href":"https:\/\/api.w.org\/{rel}","templated":true}]}}