{"id":497,"date":"2008-11-01T02:26:13","date_gmt":"2008-11-01T06:56:13","guid":{"rendered":"http:\/\/www.sportalsub.net\/blog\/?p=497"},"modified":"2019-08-30T09:53:57","modified_gmt":"2019-08-30T13:53:57","slug":"colombia-no-participara-en-los-juegos-panamericanos-mexico-2008-de-actividades-subacuaticas","status":"publish","type":"post","link":"https:\/\/www.sportalsub.net\/blog\/colombia-no-participara-en-los-juegos-panamericanos-mexico-2008-de-actividades-subacuaticas\/","title":{"rendered":"\ud83c\udde8\ud83c\uddf4 Colombia no participar\u00e1 en los Juegos Panamericanos Mexico 2008 de Actividades Subacu\u00e1ticas"},"content":{"rendered":"<p><a href=\"http:\/\/www.sportalsub.net\/blog\/wp-content\/uploads\/2008\/11\/colombiacmas.jpg\" target=\"_blank\"><img loading=\"lazy\" decoding=\"async\" class=\"alignnone size-full wp-image-8055\" src=\"http:\/\/www.sportalsub.net\/blog\/wp-content\/uploads\/2008\/11\/colombiacmas.jpg\" alt=\"colombiacmas\" width=\"300\" height=\"390\" srcset=\"https:\/\/www.sportalsub.net\/blog\/wp-content\/uploads\/2008\/11\/colombiacmas.jpg 300w, https:\/\/www.sportalsub.net\/blog\/wp-content\/uploads\/2008\/11\/colombiacmas-231x300.jpg 231w\" sizes=\"auto, (max-width: 300px) 100vw, 300px\" \/><\/a><\/p>\n<p>La Federaci\u00f3n Colombiana de Actividades Subacu\u00e1ticas, public\u00f3 en su p\u00e1gina oficial la noticia de la ausencia de la Selecci\u00f3n Colombia en la Copa Panamericana de Actividades Subacu\u00e1ticas a realizarse del 1 al 11 de Noviembre en M\u00e9xico<\/p>\n<p><!--more--><\/p>\n<p>En comunicado oficial emitido por el Presidente de dicha Federaci\u00f3n, se exponen las razones por las cuales Colombia no asistir\u00e1 a dicho evento internacional, motivado principalmente a la negaci\u00f3n por parte de autoridades migratorias de M\u00e9xico, de los permisos de internaci\u00f3n y requisitos para la entrada de atletas colombianos, en especial de los menores de edad\u00a0a dicho pa\u00eds.<\/p>\n<p><a href=\"http:\/\/190.84.227.170\/williamalonso\/fedecas2008\/panamericano\/infogeneral.php\" target=\"_blank\" rel=\"noopener noreferrer\" target=\"_blank\">Ver Comunicado Oficial<\/a><\/p>\n<p>La ausencia de Colombia, principal exponente a algunas de las modalidades que se incluir\u00edan inicialmente en el evento Panamericano, como la nataci\u00f3n con aletas y rugby subacu\u00e1tico, es una baja lamentable al nivel deportivo y al objetivo de lograr consolidar y seguir desarrollando las actividades subacu\u00e1ticas en el continente americano.<\/p>\n<p>Adem\u00e1s de la ausencia de Colombia, por estos problemas de documentaci\u00f3n se suman las dificultades que muchos pa\u00edses y sus deportistas han presentado para poder asistir a este evento internacional, debido a que las actividades subacu\u00e1ticas, por no ser deportes incluidos en Ciclo Ol\u00edmpico, muchas veces no son lo suficientemente tomados en cuenta por las autoridades deportivas y organismos oficiales involucrados en el apoyo al deporte y la realizaci\u00f3n de los tr\u00e1mites administrativos y requisitos indispensables para que las delegaciones deportivas puedan salir de sus paises y asistir a los eventos internacionales como el caso de este importante evento, donde uno de los objetivos fundamentales ser\u00eda precisamente impulsar la propuesta e iniciar el trabajo para lograr en un futuro la inclusi\u00f3n de los deportes subacu\u00e1ticos en competencias del Ciclo Ol\u00edmpico a nivel Panamericano.<\/p>\n<p>Sportalsub.net estar\u00e1 llevando toda la informaci\u00f3n referente a este evento, el cual dar\u00e1 inicio con el arribo de las delegaciones nacionales a M\u00e9xico desde este s\u00e1bado 1 de Noviembre y cuyas competencias iniciar\u00e1n el d\u00eda 3 de septiembre.<\/p>\n<p>Pr\u00f3ximamente publicaremos la confirmaci\u00f3n de los pa\u00edses asistentes y el cronograma y calendario de pruebas a realizarse.<\/p>\n","protected":false},"excerpt":{"rendered":"<p>La Federaci\u00f3n Colombiana de Actividades Subacu\u00e1ticas, public\u00f3 en su p\u00e1gina oficial la noticia de la ausencia de la Selecci\u00f3n Colombia en la Copa Panamericana de Actividades Subacu\u00e1ticas a realizarse del 1 al 11 de Noviembre en M\u00e9xico<\/p>\n","protected":false},"author":1,"featured_media":8055,"comment_status":"open","ping_status":"closed","sticky":false,"template":"","format":"standard","meta":{"_lmt_disableupdate":"","_lmt_disable":"","jetpack_post_was_ever_published":false,"_jetpack_newsletter_access":"","_jetpack_dont_email_post_to_subs":false,"_jetpack_newsletter_tier_id":0,"_jetpack_memberships_contains_paywalled_content":false,"_jetpack_memberships_contains_paid_content":false,"footnotes":"","jetpack_publicize_message":"","jetpack_publicize_feature_enabled":true,"jetpack_social_post_already_shared":false,"jetpack_social_options":{"image_generator_settings":{"template":"highway","default_image_id":0,"font":"","enabled":false},"version":2}},"categories":[9,3,105,12],"tags":[],"class_list":["post-497","post","type-post","status-publish","format-standard","has-post-thumbnail","hentry","category-apnea","category-colombia","category-2da-copa-panamericana-actividades-subacuaticas-mexico-2008","category-natacion-con-aletas"],"modified_by":"Sportalsub.net","views":3396,"jetpack_publicize_connections":[],"jetpack_featured_media_url":"https:\/\/www.sportalsub.net\/blog\/wp-content\/uploads\/2008\/11\/colombiacmas.jpg","jetpack_sharing_enabled":true,"jetpack_shortlink":"https:\/\/wp.me\/pf9lN-81","jetpack_likes_enabled":false,"jetpack-related-posts":[{"id":25520,"url":"https:\/\/www.sportalsub.net\/blog\/panamericano-nadosub-colombia-2017","url_meta":{"origin":497,"position":0},"title":"\ud83c\udde8\ud83c\uddf4 Resultados Finales Campeonato Panamericano de Nataci\u00f3n con Aletas en piscina y aguas abiertas Palmira 2017, Colombia","author":"Sportalsub.net","date":"11 abril 2017","format":false,"excerpt":"(Sportalsub.net \/ CMAS \/ CMAS Zona Am\u00e9rica \/ FEDECAS) - Read in English La Confederaci\u00f3n Mundial de Actividades Subacu\u00e1ticas, CMAS Zona Am\u00e9rica y la Federaci\u00f3n Colombiana de Actividades Subacu\u00e1ticas han realizado el\u00a0VI Campeonato Panamericano de Nataci\u00f3n con aletas CMAS categor\u00eda abierta en\u00a0piscina y aguas abiertas, en\u00a0Palmira, Colombia del 7 al\u2026","rel":"","context":"En \u00abChile\u00bb","block_context":{"text":"Chile","link":"https:\/\/www.sportalsub.net\/blog\/category\/paises\/america\/chile\/"},"img":{"alt_text":"","src":"https:\/\/i0.wp.com\/www.sportalsub.net\/blog\/wp-content\/uploads\/2017\/04\/palmirafeat.jpg?resize=350%2C200&ssl=1","width":350,"height":200,"srcset":"https:\/\/i0.wp.com\/www.sportalsub.net\/blog\/wp-content\/uploads\/2017\/04\/palmirafeat.jpg?resize=350%2C200&ssl=1 1x, https:\/\/i0.wp.com\/www.sportalsub.net\/blog\/wp-content\/uploads\/2017\/04\/palmirafeat.jpg?resize=525%2C300&ssl=1 1.5x, https:\/\/i0.wp.com\/www.sportalsub.net\/blog\/wp-content\/uploads\/2017\/04\/palmirafeat.jpg?resize=700%2C400&ssl=1 2x"},"classes":[]},{"id":11730,"url":"https:\/\/www.sportalsub.net\/blog\/convocatoria-al-panamericano-de-apnea-y-natacion-con-aletas-cali-colombia-marzo-abril-2012\/","url_meta":{"origin":497,"position":1},"title":"\ud83c\udde8\ud83c\uddf4 Convocatoria al Panamericano de Apnea y Nataci\u00f3n con Aletas. Cali, Colombia. Marzo-Abril 2012","author":"Sportalsub.net","date":"30 enero 2012","format":false,"excerpt":"(Especial Sportalsub.net \/ FEDECAS \/ CMAS Am\u00e9rica) La Federaci\u00f3n Colombiana de Actividades Subacu\u00e1ticas FEDECAS, convoca a todas las Federaciones del continente a participar en el Panamericano de Nataci\u00f3n con Aletas y Apnea en Piscina Categor\u00eda Abierta a realizarse en la Ciudad de Santiago de Cali del 30 de marzo al\u2026","rel":"","context":"En \u00abApnea\u00bb","block_context":{"text":"Apnea","link":"https:\/\/www.sportalsub.net\/blog\/category\/modalidades\/apnea\/"},"img":{"alt_text":"","src":"https:\/\/i0.wp.com\/www.sportalsub.net\/blog\/wp-content\/uploads\/2012\/01\/panamericano-subacuatico.jpg?resize=350%2C200&ssl=1","width":350,"height":200,"srcset":"https:\/\/i0.wp.com\/www.sportalsub.net\/blog\/wp-content\/uploads\/2012\/01\/panamericano-subacuatico.jpg?resize=350%2C200&ssl=1 1x, https:\/\/i0.wp.com\/www.sportalsub.net\/blog\/wp-content\/uploads\/2012\/01\/panamericano-subacuatico.jpg?resize=525%2C300&ssl=1 1.5x"},"classes":[]},{"id":64983,"url":"https:\/\/www.sportalsub.net\/blog\/finswimmming-cmas-america-colombia-2023","url_meta":{"origin":497,"position":2},"title":"\ud83c\udde8\ud83c\uddf4 Resultados &#8211; VIII Campeonato Panamericano CMAS Nataci\u00f3n con Aletas en piscina \u2013 Barranquilla, Colombia 2023","author":"Sportalsub.net","date":"3 septiembre 2023","format":false,"excerpt":"(Sportalsub.net \/ CMAS \/ CMAS Am\u00e9rica \/ FEDECAS) Read in English La Confederaci\u00f3n Mundial de Actividades Subacu\u00e1ticas Zona Am\u00e9rica y la Federaci\u00f3n Colombiana de Actividades Subacu\u00e1ticas \u2013 (FEDECAS), organizaron el \u201cVIII Campeonato Panamericano Categor\u00eda Abierta de Nataci\u00f3n con Aletas en Piscina CMAS Zona Am\u00e9rica\u201d y en la \u201cI Copa Am\u00e9rica\u2026","rel":"","context":"En \u00abColombia\u00bb","block_context":{"text":"Colombia","link":"https:\/\/www.sportalsub.net\/blog\/category\/paises\/america\/colombia\/"},"img":{"alt_text":"","src":"https:\/\/i0.wp.com\/www.sportalsub.net\/blog\/wp-content\/uploads\/2023\/09\/panamericanofinal.jpg?resize=350%2C200&ssl=1","width":350,"height":200,"srcset":"https:\/\/i0.wp.com\/www.sportalsub.net\/blog\/wp-content\/uploads\/2023\/09\/panamericanofinal.jpg?resize=350%2C200&ssl=1 1x, https:\/\/i0.wp.com\/www.sportalsub.net\/blog\/wp-content\/uploads\/2023\/09\/panamericanofinal.jpg?resize=525%2C300&ssl=1 1.5x, https:\/\/i0.wp.com\/www.sportalsub.net\/blog\/wp-content\/uploads\/2023\/09\/panamericanofinal.jpg?resize=700%2C400&ssl=1 2x"},"classes":[]},{"id":11951,"url":"https:\/\/www.sportalsub.net\/blog\/se-acerca-el-panamericano-de-apnea-y-natacion-con-aletas-colombia-2012\/","url_meta":{"origin":497,"position":3},"title":"\ud83c\udde8\ud83c\uddf4 Se acerca el Panamericano de Apnea y Nataci\u00f3n con Aletas Colombia 2012","author":"Sportalsub.net","date":"14 marzo 2012","format":false,"excerpt":"(Especial Sportalsub.net FEDECAS \/ CMAS Am\u00e9rica) A casi 2 semanas de la realizaci\u00f3n del evento\u00a0La Federaci\u00f3n Colombiana de Actividades Subacu\u00e1ticas \u00a0publica el afiche oficial de la IV Edici\u00f3n del Campeonato Panamericano de Apnea y Nataci\u00f3n con Aletas en piscina, evento a celebrarse del 30 de marzo al 3 de abril\u2026","rel":"","context":"En \u00abApnea\u00bb","block_context":{"text":"Apnea","link":"https:\/\/www.sportalsub.net\/blog\/category\/modalidades\/apnea\/"},"img":{"alt_text":"","src":"https:\/\/i0.wp.com\/www.sportalsub.net\/blog\/wp-content\/uploads\/2012\/03\/afiche.jpg?resize=350%2C200&ssl=1","width":350,"height":200,"srcset":"https:\/\/i0.wp.com\/www.sportalsub.net\/blog\/wp-content\/uploads\/2012\/03\/afiche.jpg?resize=350%2C200&ssl=1 1x, https:\/\/i0.wp.com\/www.sportalsub.net\/blog\/wp-content\/uploads\/2012\/03\/afiche.jpg?resize=525%2C300&ssl=1 1.5x"},"classes":[]},{"id":21035,"url":"https:\/\/www.sportalsub.net\/blog\/panamericano-juvenil-nadosub-cmas-america","url_meta":{"origin":497,"position":4},"title":"\ud83c\udde8\ud83c\uddf4 Resultados I Campeonato Open Panamericano Juvenil de Nataci\u00f3n con Aletas CMAS Am\u00e9rica. Medell\u00edn, Colombia 2015","author":"Sportalsub.net","date":"21 septiembre 2015","format":false,"excerpt":"(Sportalsub.net \/ CMAS Zona Am\u00e9rica \/ FEDECAS) - Read in English La CMAS Am\u00e9rica y el Comit\u00e9 Deportivo a trav\u00e9s de la Federaci\u00f3n Colombiana de\u00a0Actividades Subacu\u00e1ticas, llevaron a cabo el I Open\u00a0Panamericano Juvenil de Nataci\u00f3n con Aletas CMAS Am\u00e9rica, realizado\u00a0en\u00a0la ciudad de Medell\u00edn Colombia del 17 al 20 de Septiembre\u2026","rel":"","context":"En \u00abColombia\u00bb","block_context":{"text":"Colombia","link":"https:\/\/www.sportalsub.net\/blog\/category\/paises\/america\/colombia\/"},"img":{"alt_text":"","src":"https:\/\/i0.wp.com\/www.sportalsub.net\/blog\/wp-content\/uploads\/2015\/09\/panamericanojuvenil.jpg?resize=350%2C200&ssl=1","width":350,"height":200,"srcset":"https:\/\/i0.wp.com\/www.sportalsub.net\/blog\/wp-content\/uploads\/2015\/09\/panamericanojuvenil.jpg?resize=350%2C200&ssl=1 1x, https:\/\/i0.wp.com\/www.sportalsub.net\/blog\/wp-content\/uploads\/2015\/09\/panamericanojuvenil.jpg?resize=525%2C300&ssl=1 1.5x, https:\/\/i0.wp.com\/www.sportalsub.net\/blog\/wp-content\/uploads\/2015\/09\/panamericanojuvenil.jpg?resize=700%2C400&ssl=1 2x"},"classes":[]},{"id":3942,"url":"https:\/\/www.sportalsub.net\/blog\/convocatoria-definitiva-y-programa-3ra-copa-panamericana-cmas-zona-america-de-actividades-subacuaticas\/","url_meta":{"origin":497,"position":5},"title":"\ud83c\udde8\ud83c\uddfa Convocatoria definitiva y programa 3ra Copa Panamericana CMAS Zona Am\u00e9rica de Actividades Subacu\u00e1ticas","author":"Sportalsub.net","date":"20 enero 2010","format":false,"excerpt":"Foto: Ronald Laurens @ Sportalsub.net La Federaci\u00f3n Cubana de Actividades Subacu\u00e1ticas\u00a0 y CMAS Zona Am\u00e9rica, publica la convocatoria definitiva y documentaci\u00f3n oficial para la 3ra Copa Panamericana CMAS Zona Am\u00e9rica, a celebrarse en los d\u00edas del 9 al 21 de Abril del 2010, en La Habana, Cuba. En este evento\u2026","rel":"","context":"En \u00abApnea\u00bb","block_context":{"text":"Apnea","link":"https:\/\/www.sportalsub.net\/blog\/category\/modalidades\/apnea\/"},"img":{"alt_text":"","src":"https:\/\/i0.wp.com\/www.sportalsub.net\/blog\/wp-content\/uploads\/2013\/11\/MIGUELANGEL_JUMP_BLUE.jpg?resize=350%2C200&ssl=1","width":350,"height":200},"classes":[]}],"_links":{"self":[{"href":"https:\/\/www.sportalsub.net\/blog\/wp-json\/wp\/v2\/posts\/497","targetHints":{"allow":["GET"]}}],"collection":[{"href":"https:\/\/www.sportalsub.net\/blog\/wp-json\/wp\/v2\/posts"}],"about":[{"href":"https:\/\/www.sportalsub.net\/blog\/wp-json\/wp\/v2\/types\/post"}],"author":[{"embeddable":true,"href":"https:\/\/www.sportalsub.net\/blog\/wp-json\/wp\/v2\/users\/1"}],"replies":[{"embeddable":true,"href":"https:\/\/www.sportalsub.net\/blog\/wp-json\/wp\/v2\/comments?post=497"}],"version-history":[{"count":0,"href":"https:\/\/www.sportalsub.net\/blog\/wp-json\/wp\/v2\/posts\/497\/revisions"}],"wp:featuredmedia":[{"embeddable":true,"href":"https:\/\/www.sportalsub.net\/blog\/wp-json\/wp\/v2\/media\/8055"}],"wp:attachment":[{"href":"https:\/\/www.sportalsub.net\/blog\/wp-json\/wp\/v2\/media?parent=497"}],"wp:term":[{"taxonomy":"category","embeddable":true,"href":"https:\/\/www.sportalsub.net\/blog\/wp-json\/wp\/v2\/categories?post=497"},{"taxonomy":"post_tag","embeddable":true,"href":"https:\/\/www.sportalsub.net\/blog\/wp-json\/wp\/v2\/tags?post=497"}],"curies":[{"name":"wp","href":"https:\/\/api.w.org\/{rel}","templated":true}]}}