{"id":50433,"date":"2021-11-25T12:08:28","date_gmt":"2021-11-25T16:08:28","guid":{"rendered":"https:\/\/www.sportalsub.net\/blog\/?p=50433"},"modified":"2021-11-25T12:08:28","modified_gmt":"2021-11-25T16:08:28","slug":"%f0%9f%87%a7%f0%9f%87%b7-centro-de-formacion-aqua-elicte-ltda-abre-escuela-de-natacion-con-aletas-en-nova-odessa-brasil","status":"publish","type":"post","link":"https:\/\/www.sportalsub.net\/blog\/escuela-natacion-aletas-aqua-elicte-nova-odessa-brasil","title":{"rendered":"\ud83c\udde7\ud83c\uddf7 Centro de Formaci\u00f3n AQUA ELICTE LTDA abre Escuela de Nataci\u00f3n con Aletas en Nova Odessa, Brasil"},"content":{"rendered":"<p><img loading=\"lazy\" decoding=\"async\" class=\"alignnone size-full wp-image-50435\" src=\"https:\/\/www.sportalsub.net\/blog\/wp-content\/uploads\/2021\/11\/elicte-finswimming-brasil.jpg\" alt=\"\" width=\"900\" height=\"600\" srcset=\"https:\/\/www.sportalsub.net\/blog\/wp-content\/uploads\/2021\/11\/elicte-finswimming-brasil.jpg 900w, https:\/\/www.sportalsub.net\/blog\/wp-content\/uploads\/2021\/11\/elicte-finswimming-brasil-300x200.jpg 300w, https:\/\/www.sportalsub.net\/blog\/wp-content\/uploads\/2021\/11\/elicte-finswimming-brasil-768x512.jpg 768w, https:\/\/www.sportalsub.net\/blog\/wp-content\/uploads\/2021\/11\/elicte-finswimming-brasil-450x300.jpg 450w\" sizes=\"auto, (max-width: 900px) 100vw, 900px\" \/><\/p>\n<p>(Sportalsub.net \/ Centro de Formaci\u00f3n AQUA ELICTE LTDA)<\/p>\n<p>ELICTE, la escuela de Buceo y Primeros Auxilios fundada por el instructor de Buceo CMAS dos estrellas, <strong>Jairo Komiya<\/strong> (Jap\u00f3n), ha crecido y est\u00e1 abriendo un nuevo espacio, el Centro de Formaci\u00f3n AQUA ELICTE LTDA, con sede en la ciudad de Nova Odessa, en el interior del Estado de S\u00e3o Paulo, Brasil.<\/p>\n<p>Con el lema \u00abPreparando deportistas para la vida\u00bb, el Centro de Entrenamiento tiene como uno de sus principales objetivos, descubrir y formar j\u00f3venes deportistas entre la poblaci\u00f3n necesitada, promoviendo y difundiendo la <strong>nataci\u00f3n con aletas<\/strong> en Brasil.<\/p>\n<p>La inauguraci\u00f3n tendr\u00e1 lugar el 27 de noviembre de 2021, con actividades experimentales en cuatro deportes: nataci\u00f3n con aletas, k\u00e1rate, krav maga y buceo recreativo.<\/p>\n<p><img loading=\"lazy\" decoding=\"async\" class=\"alignnone size-full wp-image-50437\" src=\"https:\/\/www.sportalsub.net\/blog\/wp-content\/uploads\/2021\/11\/flyer-aqua-elicte.jpg\" alt=\"\" width=\"870\" height=\"1280\" srcset=\"https:\/\/www.sportalsub.net\/blog\/wp-content\/uploads\/2021\/11\/flyer-aqua-elicte.jpg 870w, https:\/\/www.sportalsub.net\/blog\/wp-content\/uploads\/2021\/11\/flyer-aqua-elicte-204x300.jpg 204w, https:\/\/www.sportalsub.net\/blog\/wp-content\/uploads\/2021\/11\/flyer-aqua-elicte-696x1024.jpg 696w, https:\/\/www.sportalsub.net\/blog\/wp-content\/uploads\/2021\/11\/flyer-aqua-elicte-768x1130.jpg 768w\" sizes=\"auto, (max-width: 870px) 100vw, 870px\" \/><\/p>\n<p>El secretario de deportes de la ciudad est\u00e1 entusiasmado con el deporte y tambi\u00e9n est\u00e1 feliz de que la ciudad sea una de las primeras en Brasil en albergar una escuela de nataci\u00f3n con aletas.<\/p>\n<p>Jairo Koyima, adem\u00e1s de ser instructor de Buceo CMAS 2 Estrellas, ha sido certificado como <strong><a href=\"https:\/\/www.sportsub.org\/nadosub1edicion10\/\" target=\"_blank\" rel=\"noopener\" target=\"_blank\">Monitor y Entrenador de Nataci\u00f3n con Aletas Nivel 1 Sportsub, en la X Edici\u00f3n, realizada este a\u00f1o 2021<\/a><\/strong>.<\/p>\n<p>M\u00e1s informaci\u00f3n: Whatsapp: +55 (19)98326 &#8211; 7624<br \/>\n<strong>Instagram: <a href=\"https:\/\/www.instagram.com\/aquaelicte\/\" target=\"_blank\" rel=\"noopener\" target=\"_blank\">https:\/\/www.instagram.com\/aquaelicte\/<\/a><\/strong><\/p>\n<blockquote class=\"instagram-media\" style=\"background: #FFF; border: 0; border-radius: 3px; box-shadow: 0 0 1px 0 rgba(0,0,0,0.5),0 1px 10px 0 rgba(0,0,0,0.15); margin: 1px; max-width: 540px; min-width: 326px; padding: 0; width: calc(100% - 2px);\" data-instgrm-captioned=\"\" data-instgrm-permalink=\"https:\/\/www.instagram.com\/p\/CWqvaiQPkSX\/?utm_source=ig_embed&amp;utm_campaign=loading\" data-instgrm-version=\"14\">\n<div style=\"padding: 16px;\">\n<p>&nbsp;<\/p>\n<div style=\"display: flex; flex-direction: row; align-items: center;\">\n<div style=\"background-color: #f4f4f4; border-radius: 50%; flex-grow: 0; height: 40px; margin-right: 14px; width: 40px;\"><\/div>\n<div style=\"display: flex; flex-direction: column; flex-grow: 1; justify-content: center;\">\n<div style=\"background-color: #f4f4f4; border-radius: 4px; flex-grow: 0; height: 14px; margin-bottom: 6px; width: 100px;\"><\/div>\n<div style=\"background-color: #f4f4f4; border-radius: 4px; flex-grow: 0; height: 14px; width: 60px;\"><\/div>\n<\/div>\n<\/div>\n<div style=\"padding: 19% 0;\"><\/div>\n<div style=\"display: block; height: 50px; margin: 0 auto 12px; width: 50px;\"><\/div>\n<div style=\"padding-top: 8px;\">\n<div style=\"color: #3897f0; font-family: Arial,sans-serif; font-size: 14px; font-style: normal; font-weight: 550; line-height: 18px;\">Ver esta publicaci\u00f3n en Instagram<\/div>\n<\/div>\n<div style=\"padding: 12.5% 0;\"><\/div>\n<div style=\"display: flex; flex-direction: row; margin-bottom: 14px; align-items: center;\">\n<div>\n<div style=\"background-color: #f4f4f4; border-radius: 50%; height: 12.5px; width: 12.5px; transform: translateX(0px) translateY(7px);\"><\/div>\n<div style=\"background-color: #f4f4f4; height: 12.5px; transform: rotate(-45deg) translateX(3px) translateY(1px); width: 12.5px; flex-grow: 0; margin-right: 14px; margin-left: 2px;\"><\/div>\n<div style=\"background-color: #f4f4f4; border-radius: 50%; height: 12.5px; width: 12.5px; transform: translateX(9px) translateY(-18px);\"><\/div>\n<\/div>\n<div style=\"margin-left: 8px;\">\n<div style=\"background-color: #f4f4f4; border-radius: 50%; flex-grow: 0; height: 20px; width: 20px;\"><\/div>\n<div style=\"width: 0; height: 0; border-top: 2px solid transparent; border-left: 6px solid #f4f4f4; border-bottom: 2px solid transparent; transform: translateX(16px) translateY(-4px) rotate(30deg);\"><\/div>\n<\/div>\n<div style=\"margin-left: auto;\">\n<div style=\"width: 0px; border-top: 8px solid #F4F4F4; border-right: 8px solid transparent; transform: translateY(16px);\"><\/div>\n<div style=\"background-color: #f4f4f4; flex-grow: 0; height: 12px; width: 16px; transform: translateY(-4px);\"><\/div>\n<div style=\"width: 0; height: 0; border-top: 8px solid #F4F4F4; border-left: 8px solid transparent; transform: translateY(-4px) translateX(8px);\"><\/div>\n<\/div>\n<\/div>\n<div style=\"display: flex; flex-direction: column; flex-grow: 1; justify-content: center; margin-bottom: 24px;\">\n<div style=\"background-color: #f4f4f4; border-radius: 4px; flex-grow: 0; height: 14px; margin-bottom: 6px; width: 224px;\"><\/div>\n<div style=\"background-color: #f4f4f4; border-radius: 4px; flex-grow: 0; height: 14px; width: 144px;\"><\/div>\n<\/div>\n<p>&nbsp;<\/p>\n<p style=\"color: #c9c8cd; font-family: Arial,sans-serif; font-size: 14px; line-height: 17px; margin-bottom: 0; margin-top: 8px; overflow: hidden; padding: 8px 0 7px; text-align: center; text-overflow: ellipsis; white-space: nowrap;\"><a href=\"https:\/\/www.instagram.com\/p\/CWqvaiQPkSX\/?utm_source=ig_embed&amp;utm_campaign=loading\"style=\"color: #c9c8cd; font-family: Arial,sans-serif; font-size: 14px; font-style: normal; font-weight: normal; line-height: 17px; text-decoration: none;\"  target=\"_blank\" rel=\"noopener\" target=\"_blank\">Una publicaci\u00f3n compartida de CT Aqua Elicte (@aquaelicte)<\/a><\/p>\n<\/div>\n<\/blockquote>\n<p><script async src=\"\/\/www.instagram.com\/embed.js\"><\/script><\/p>\n","protected":false},"excerpt":{"rendered":"<p>(Sportalsub.net \/ Centro de Formaci\u00f3n AQUA ELICTE LTDA) ELICTE, la escuela de Buceo y Primeros Auxilios fundada por el instructor de Buceo CMAS dos estrellas, Jairo Komiya (Jap\u00f3n), ha crecido y est\u00e1 abriendo un nuevo espacio, el Centro de Formaci\u00f3n AQUA ELICTE LTDA, con sede en la ciudad de Nova Odessa, en el interior del Estado de S\u00e3o Paulo, Brasil. [&#8230;]<\/p>\n","protected":false},"author":1,"featured_media":50435,"comment_status":"open","ping_status":"closed","sticky":false,"template":"","format":"standard","meta":{"_lmt_disableupdate":"","_lmt_disable":"","jetpack_post_was_ever_published":false,"_jetpack_newsletter_access":"","_jetpack_dont_email_post_to_subs":false,"_jetpack_newsletter_tier_id":0,"_jetpack_memberships_contains_paywalled_content":false,"_jetpack_memberships_contains_paid_content":false,"footnotes":"","jetpack_publicize_message":"","jetpack_publicize_feature_enabled":true,"jetpack_social_post_already_shared":true,"jetpack_social_options":{"image_generator_settings":{"template":"highway","default_image_id":0,"font":"","enabled":false},"version":2}},"categories":[101,22,112,12],"tags":[450],"class_list":["post-50433","post","type-post","status-publish","format-standard","has-post-thumbnail","hentry","category-brasil","category-buceo-recreativo","category-cursos-y-talleres","category-natacion-con-aletas","tag-destacados"],"modified_by":"Sportalsub.net","views":4267,"jetpack_publicize_connections":[],"jetpack_featured_media_url":"https:\/\/www.sportalsub.net\/blog\/wp-content\/uploads\/2021\/11\/elicte-finswimming-brasil.jpg","jetpack_sharing_enabled":true,"jetpack_shortlink":"https:\/\/wp.me\/pf9lN-d7r","jetpack_likes_enabled":false,"jetpack-related-posts":[{"id":85831,"url":"https:\/\/www.sportalsub.net\/blog\/finswimming-freediving-cmas-brasil-2027","url_meta":{"origin":50433,"position":0},"title":"\ud83c\udde7\ud83c\uddf7 Campeonatos Panamericanos CMAS de Apnea y Nataci\u00f3n con Aletas 2027 &#8211; Rio de Janeiro, Brasil","author":"Sportalsub.net","date":"16 marzo 2026","format":false,"excerpt":"(Sportalsub.net \/ CBES) - Read in English La Confederaci\u00f3n Brasilera de Deportes Subacu\u00e1ticos (CBES) ha anunciado en su cuenta oficial en instagram que R\u00edo de Janeiro ha sido confirmada oficialmente como sede del Campeonato Panamericano de Apnea y Nataci\u00f3n con Aletas de la Confederaci\u00f3n Mundial de Actividades Subacu\u00e1ticas (CMAS), que\u2026","rel":"","context":"En \u00abApnea\u00bb","block_context":{"text":"Apnea","link":"https:\/\/www.sportalsub.net\/blog\/category\/modalidades\/apnea\/"},"img":{"alt_text":"","src":"https:\/\/i0.wp.com\/www.sportalsub.net\/blog\/wp-content\/uploads\/2026\/03\/finswimming-freediving-cmas-brasil-2027.jpg?resize=350%2C200&ssl=1","width":350,"height":200,"srcset":"https:\/\/i0.wp.com\/www.sportalsub.net\/blog\/wp-content\/uploads\/2026\/03\/finswimming-freediving-cmas-brasil-2027.jpg?resize=350%2C200&ssl=1 1x, https:\/\/i0.wp.com\/www.sportalsub.net\/blog\/wp-content\/uploads\/2026\/03\/finswimming-freediving-cmas-brasil-2027.jpg?resize=525%2C300&ssl=1 1.5x, https:\/\/i0.wp.com\/www.sportalsub.net\/blog\/wp-content\/uploads\/2026\/03\/finswimming-freediving-cmas-brasil-2027.jpg?resize=700%2C400&ssl=1 2x"},"classes":[]},{"id":44141,"url":"https:\/\/www.sportalsub.net\/blog\/nueva-acreditadora-internacional-de-buceo-nace-en-america-latina-pdi-internacional\/","url_meta":{"origin":50433,"position":1},"title":"\ud83c\udf0e Nueva Acreditadora Internacional de Buceo nace en Am\u00e9rica Latina: PDI","author":"Sportalsub.net","date":"8 enero 2021","format":false,"excerpt":"(Sportalsub.net\/ PDI Internacional) La Nueva Acreditadora Internacional de Buceo PDI INTERNACIONAL tiene como objetivo el promover el desarrollo profesional educativo de las actividades subacu\u00e1ticas en Am\u00e9rica Latina. Cu\u00e1les son las caracter\u00edsticas y ventajas de esta nueva acreditadora profesional de buceo que promete. 1. El lenguaje MATERNO espa\u00f1ol 2. Los Planes\u2026","rel":"","context":"En \u00abApnea\u00bb","block_context":{"text":"Apnea","link":"https:\/\/www.sportalsub.net\/blog\/category\/modalidades\/apnea\/"},"img":{"alt_text":"","src":"https:\/\/i0.wp.com\/www.sportalsub.net\/blog\/wp-content\/uploads\/2021\/01\/pdi-international.jpg?resize=350%2C200&ssl=1","width":350,"height":200,"srcset":"https:\/\/i0.wp.com\/www.sportalsub.net\/blog\/wp-content\/uploads\/2021\/01\/pdi-international.jpg?resize=350%2C200&ssl=1 1x, https:\/\/i0.wp.com\/www.sportalsub.net\/blog\/wp-content\/uploads\/2021\/01\/pdi-international.jpg?resize=525%2C300&ssl=1 1.5x, https:\/\/i0.wp.com\/www.sportalsub.net\/blog\/wp-content\/uploads\/2021\/01\/pdi-international.jpg?resize=700%2C400&ssl=1 2x"},"classes":[]},{"id":78756,"url":"https:\/\/www.sportalsub.net\/blog\/casa-ucv-venezuela-2025","url_meta":{"origin":50433,"position":2},"title":"\ud83c\uddfb\ud83c\uddea Centro de Actividades Subacu\u00e1ticas de la Universidad Central de Venezuela retoma sus cursos y entrenamientos en piscinas de la UCV","author":"Sportalsub.net","date":"5 marzo 2025","format":false,"excerpt":"(Sportalsub.net \/ CASA-UCV) El Centro de Actividades Subacu\u00e1ticas de la Universidad Central de Venezuela (CASA-UCV) regresa al Complejo de Piscinas de la m\u00e1xima casa de estudios del pa\u00eds luego de varios a\u00f1os de ausencia. Gracias a las gestiones realizadas por la nueva Junta Directiva del Centro y con el reconocimiento\u2026","rel":"","context":"En \u00abActividades Subacu\u00e1ticas\u00bb","block_context":{"text":"Actividades Subacu\u00e1ticas","link":"https:\/\/www.sportalsub.net\/blog\/category\/modalidades\/"},"img":{"alt_text":"","src":"https:\/\/i0.wp.com\/www.sportalsub.net\/blog\/wp-content\/uploads\/2025\/03\/reinicio-casaucv-2025.jpg?resize=350%2C200&ssl=1","width":350,"height":200,"srcset":"https:\/\/i0.wp.com\/www.sportalsub.net\/blog\/wp-content\/uploads\/2025\/03\/reinicio-casaucv-2025.jpg?resize=350%2C200&ssl=1 1x, https:\/\/i0.wp.com\/www.sportalsub.net\/blog\/wp-content\/uploads\/2025\/03\/reinicio-casaucv-2025.jpg?resize=525%2C300&ssl=1 1.5x, https:\/\/i0.wp.com\/www.sportalsub.net\/blog\/wp-content\/uploads\/2025\/03\/reinicio-casaucv-2025.jpg?resize=700%2C400&ssl=1 2x"},"classes":[]},{"id":5425,"url":"https:\/\/www.sportalsub.net\/blog\/accion-bajo-el-agua-centro-de-actividades-subacuaticas-de-la-ucv\/","url_meta":{"origin":50433,"position":3},"title":"\ud83c\uddfb\ud83c\uddea Acci\u00f3n bajo el Agua: Centro de Actividades Subacu\u00e1ticas de la UCV","author":"Sportalsub.net","date":"1 julio 2010","format":false,"excerpt":"Considerado el primer centro de formaci\u00f3n para las Actividades Subacu\u00e1ticas de Venezuela, el Club CASA-UCV, se erige hoy adem\u00e1s como un referente Latinoamericano en la capacitaci\u00f3n de atletas, monitores, entrenadores e instructores especializados en apnea, nataci\u00f3n con aletas, pesca submarina y rugby subacu\u00e1tico, modalidades deportivas donde la bandera tricolor ha\u2026","rel":"","context":"En \u00abApnea\u00bb","block_context":{"text":"Apnea","link":"https:\/\/www.sportalsub.net\/blog\/category\/modalidades\/apnea\/"},"img":{"alt_text":"","src":"https:\/\/i0.wp.com\/www.sportalsub.net\/blog\/wp-content\/uploads\/2010\/07\/indi_casaucv.jpg?resize=350%2C200&ssl=1","width":350,"height":200},"classes":[]},{"id":26523,"url":"https:\/\/www.sportalsub.net\/blog\/brasil-incursiona-en-la-natacion-con-aletas-gracias-a-leblonfins-fedecas-y-sportsub-sportalsub\/","url_meta":{"origin":50433,"position":4},"title":"\ud83c\udde7\ud83c\uddf7 Brasil incursiona en la Nataci\u00f3n con Aletas, gracias a Leblonfins, FEDECAS y Sportsub &#038; Sportalsub","author":"Sportalsub.net","date":"7 septiembre 2017","format":false,"excerpt":"(Especial Sportalsub.net) - Read in English Luego de su exitosa participaci\u00f3n en el\u00a0Curso de Monitores y Entrenadores de Nataci\u00f3n con Aletas Nivel 1 Sportsub Modalidad a Distancia \u2013 III Edici\u00f3n. Julio-Agosto 2017\u00a0el entrenador y promotor deportivo\u00a0Mauricio Jordan de Souza Coelho\u00a0y creador de la marca Leblonfins\u00a0contin\u00faa con el trabajo de impulso\u2026","rel":"","context":"En \u00abArt\u00edculos por Miguel Cede\u00f1o @miguelsportsub\u00bb","block_context":{"text":"Art\u00edculos por Miguel Cede\u00f1o @miguelsportsub","link":"https:\/\/www.sportalsub.net\/blog\/category\/mas\/editoriales-miguel-cedeno\/"},"img":{"alt_text":"","src":"https:\/\/i0.wp.com\/www.sportalsub.net\/blog\/wp-content\/uploads\/2017\/09\/mauricio-finswimming2_905x600.png?resize=350%2C200&ssl=1","width":350,"height":200,"srcset":"https:\/\/i0.wp.com\/www.sportalsub.net\/blog\/wp-content\/uploads\/2017\/09\/mauricio-finswimming2_905x600.png?resize=350%2C200&ssl=1 1x, https:\/\/i0.wp.com\/www.sportalsub.net\/blog\/wp-content\/uploads\/2017\/09\/mauricio-finswimming2_905x600.png?resize=525%2C300&ssl=1 1.5x, https:\/\/i0.wp.com\/www.sportalsub.net\/blog\/wp-content\/uploads\/2017\/09\/mauricio-finswimming2_905x600.png?resize=700%2C400&ssl=1 2x"},"classes":[]},{"id":26837,"url":"https:\/\/www.sportalsub.net\/blog\/brasil-conquista-medallas-en-su-primera-participacion-en-natacion-con-aletas-en-colombia\/","url_meta":{"origin":50433,"position":5},"title":"\ud83c\udde7\ud83c\uddf7 Brasil conquista primeras medallas en su debut internacional en la Nataci\u00f3n con Aletas en Colombia","author":"Sportalsub.net","date":"2 noviembre 2017","format":false,"excerpt":"(Especial Sportalsub.net \/ Leblonfins) - Read in English Tal como lo mencionamos en el art\u00edculo anterior:\u00a0Brasil Incursiona en la Nataci\u00f3n con Aletas, gracias a Leblonfins, FEDECAS y Sportsub & Sportalsub\u00a0una delegaci\u00f3n de este gran pa\u00eds suramericano estuvo presente por primera vez en un Campeonato de Nataci\u00f3n con Aletas, cuando integrantes\u2026","rel":"","context":"En \u00abArt\u00edculos por Miguel Cede\u00f1o @miguelsportsub\u00bb","block_context":{"text":"Art\u00edculos por Miguel Cede\u00f1o @miguelsportsub","link":"https:\/\/www.sportalsub.net\/blog\/category\/mas\/editoriales-miguel-cedeno\/"},"img":{"alt_text":"","src":"https:\/\/i0.wp.com\/www.sportalsub.net\/blog\/wp-content\/uploads\/2017\/10\/brasilfins.jpg?resize=350%2C200&ssl=1","width":350,"height":200,"srcset":"https:\/\/i0.wp.com\/www.sportalsub.net\/blog\/wp-content\/uploads\/2017\/10\/brasilfins.jpg?resize=350%2C200&ssl=1 1x, https:\/\/i0.wp.com\/www.sportalsub.net\/blog\/wp-content\/uploads\/2017\/10\/brasilfins.jpg?resize=525%2C300&ssl=1 1.5x, https:\/\/i0.wp.com\/www.sportalsub.net\/blog\/wp-content\/uploads\/2017\/10\/brasilfins.jpg?resize=700%2C400&ssl=1 2x"},"classes":[]}],"_links":{"self":[{"href":"https:\/\/www.sportalsub.net\/blog\/wp-json\/wp\/v2\/posts\/50433","targetHints":{"allow":["GET"]}}],"collection":[{"href":"https:\/\/www.sportalsub.net\/blog\/wp-json\/wp\/v2\/posts"}],"about":[{"href":"https:\/\/www.sportalsub.net\/blog\/wp-json\/wp\/v2\/types\/post"}],"author":[{"embeddable":true,"href":"https:\/\/www.sportalsub.net\/blog\/wp-json\/wp\/v2\/users\/1"}],"replies":[{"embeddable":true,"href":"https:\/\/www.sportalsub.net\/blog\/wp-json\/wp\/v2\/comments?post=50433"}],"version-history":[{"count":0,"href":"https:\/\/www.sportalsub.net\/blog\/wp-json\/wp\/v2\/posts\/50433\/revisions"}],"wp:featuredmedia":[{"embeddable":true,"href":"https:\/\/www.sportalsub.net\/blog\/wp-json\/wp\/v2\/media\/50435"}],"wp:attachment":[{"href":"https:\/\/www.sportalsub.net\/blog\/wp-json\/wp\/v2\/media?parent=50433"}],"wp:term":[{"taxonomy":"category","embeddable":true,"href":"https:\/\/www.sportalsub.net\/blog\/wp-json\/wp\/v2\/categories?post=50433"},{"taxonomy":"post_tag","embeddable":true,"href":"https:\/\/www.sportalsub.net\/blog\/wp-json\/wp\/v2\/tags?post=50433"}],"curies":[{"name":"wp","href":"https:\/\/api.w.org\/{rel}","templated":true}]}}