{"id":5081,"date":"2010-05-27T00:50:47","date_gmt":"2010-05-27T05:20:47","guid":{"rendered":"http:\/\/www.sportalsub.net\/blog\/?p=5081"},"modified":"2019-08-30T07:56:47","modified_gmt":"2019-08-30T11:56:47","slug":"buzo-argentino-celebra-bicentenario-de-su-pais-ondeando-bandera-subacuatica","status":"publish","type":"post","link":"https:\/\/www.sportalsub.net\/blog\/buzo-argentino-celebra-bicentenario-de-su-pais-ondeando-bandera-subacuatica\/","title":{"rendered":"\ud83c\udde6\ud83c\uddf7 Buzo argentino celebra bicentenario de su pa\u00eds ondeando bandera subacu\u00e1tica"},"content":{"rendered":"<p style=\"text-align: center;\"><a href=\"http:\/\/www.sportalsub.net\/blog\/2010\/05\/27\/buzo-argentino-celebra-bicentenario-de-su-pais-ondeando-bandera-subacuatica\/\"><img decoding=\"async\" class=\"alignnone\" style=\"border: 0px;\" src=\"http:\/\/www.rionegro.com.ar\/diario\/funciones\/binario\/imagen.aspx?idart=372480&amp;idcat=9545&amp;idcon=1062123&amp;resolucion=0&amp;tipo=2\" alt=\"\" width=\"500\" \/><\/a><br \/>\nFoto: Diario RioNegro &#8211; Argentina<\/p>\n<p style=\"text-align: justify;\">LAS GRUTAS (ASA).- Despu\u00e9s de la inmersi\u00f3n, cuando los colores de la bandera argentina cobraron mayor intensidad bajo el agua y la insignia comenz\u00f3 a flamear con el ritmo cadencioso de las corrientes, los cinco buzos presentes en la ceremonia sintieron la emoci\u00f3n de formar parte de una postal casi surrealista del Bicentenario. La actividad llev\u00f3 el mayor s\u00edmbolo de esta celebraci\u00f3n a las profundidades del mar de Las Grutas, para regocijo de los fan\u00e1ticos del buceo que ahora tendr\u00e1n un pretexto m\u00e1s para aventurarse a la plataforma submarina.<\/p>\n<p style=\"text-align: justify;\"><!--more--><\/p>\n<p style=\"text-align: justify;\">Es que all\u00ed, en la plataforma de buceo ubicada a escasas millas de la costa, frente a la tercera bajada, en una zona en la que el mar registra entre 5 y 16 metros de profundidad, fue instalada la insignia argentina, mediante la pericia del grupo de expertos que fijaron el m\u00e1stil al implemento que opera de contrapeso (&#8216;muerto&#8217; en la jerga de los marineros) en el lecho submarino, del que usualmente se sujetan los cabos a los que se fijan las boyas que en la superficie delimitan el espacio destinado a las pr\u00e1cticas.<\/p>\n<p style=\"text-align: justify;\">De manera inmediata, alentados por el movimiento incesante del agua y esta vez con m\u00e1s br\u00edo, los tradicionales colores patrios volvieron a ondear ante un p\u00fablico inusitado, compuesto por sargos, meros, cabrillas y otras variedades de peces que emergiendo de un universo de algas junto a las evoluciones de un peque\u00f1o lobo marino parecieron plegarse a la ceremonia submarina.<\/p>\n<p style=\"text-align: justify;\">La idea de izar una bandera en las profundidades del mar parti\u00f3 de una empresa de log\u00edstica local y de una firma de buceo que opera en la tercera bajada, aunque luego de la propuesta fueron muchos los que sumaron su entusiasmo para hacerla realidad. Entre ellos, una vecina de la villa, &#8216;Pichi&#8217;, que don\u00f3 el pabell\u00f3n, y dos parejas de buzos profesionales, que se trasladaron desde Mendoza y Villa Gesell para participar del evento. Fue Rafael, el mendocino, el que se ocup\u00f3 de realizar las maniobras submarinas portando la insignia bajo el agua, que luego mediante labores coordinadas se emplaz\u00f3 en el lecho marino.<\/p>\n<p style=\"text-align: justify;\">Los preparativos comenzaron ayer cerca del mediod\u00eda, cuando el grupo se embarc\u00f3 en un gom\u00f3n que parti\u00f3 desde la tercera bajada con rumbo a la plataforma, mientras un grupo de vecinos de la localidad los despidi\u00f3 desde la costa. Al emerger, luego de haber izado la bandera en el fondo del mar, el mismo p\u00fablico recibi\u00f3 con entusiasmo a los buzos, que relataron los pormenores de esta experiencia, cuyas im\u00e1genes pudieron ser captadas mediante una c\u00e1mara sub-aqua por &#8216;R\u00edo Negro&#8217;.<\/p>\n<p style=\"text-align: justify;\">Fuente:<br \/>\n<a href=\"http:\/\/www.rionegro.com.ar\/diario\/rn\/nota.aspx?idart=372480&amp;idcat=9545&amp;tipo=2\" target=\"_blank\" rel=\"noopener noreferrer\" target=\"_blank\">Diario Rio Negro<\/a><\/p>\n<p style=\"text-align: center;\"><a href=\"http:\/\/www.rionegro.com.ar\/diario\/funciones\/binario\/imagen.aspx?idart=372480&amp;idcat=9545&amp;idcon=1062118&amp;resolucion=0&amp;tipo=2\" target=\"_blank\"><img decoding=\"async\" class=\"alignnone\" style=\"border: 0px;\" src=\"http:\/\/www.rionegro.com.ar\/diario\/funciones\/binario\/imagen.aspx?idart=372480&amp;idcat=9545&amp;idcon=1062118&amp;resolucion=0&amp;tipo=2\" alt=\"\" width=\"400\" \/><\/a><\/p>\n","protected":false},"excerpt":{"rendered":"<p>Foto: Diario RioNegro &#8211; Argentina LAS GRUTAS (ASA).- Despu\u00e9s de la inmersi\u00f3n, cuando los colores de la bandera argentina cobraron mayor intensidad bajo el agua y la insignia comenz\u00f3 a flamear con el ritmo cadencioso de las corrientes, los cinco buzos presentes en la ceremonia sintieron la emoci\u00f3n de formar parte de una postal casi surrealista del Bicentenario. La actividad [&#8230;]<\/p>\n","protected":false},"author":1,"featured_media":7228,"comment_status":"open","ping_status":"closed","sticky":false,"template":"","format":"standard","meta":{"_lmt_disableupdate":"","_lmt_disable":"","jetpack_post_was_ever_published":false,"_jetpack_newsletter_access":"","_jetpack_dont_email_post_to_subs":false,"_jetpack_newsletter_tier_id":0,"_jetpack_memberships_contains_paywalled_content":false,"_jetpack_memberships_contains_paid_content":false,"footnotes":"","jetpack_publicize_message":"","jetpack_publicize_feature_enabled":true,"jetpack_social_post_already_shared":false,"jetpack_social_options":{"image_generator_settings":{"template":"highway","default_image_id":0,"font":"","enabled":false},"version":2}},"categories":[4,22],"tags":[],"class_list":["post-5081","post","type-post","status-publish","format-standard","has-post-thumbnail","hentry","category-argentina","category-buceo-recreativo"],"modified_by":"Sportalsub.net","views":6220,"jetpack_publicize_connections":[],"jetpack_featured_media_url":"https:\/\/www.sportalsub.net\/blog\/wp-content\/uploads\/2010\/05\/buzoargentino.jpg","jetpack_sharing_enabled":true,"jetpack_shortlink":"https:\/\/wp.me\/pf9lN-1jX","jetpack_likes_enabled":false,"jetpack-related-posts":[{"id":20463,"url":"https:\/\/www.sportalsub.net\/blog\/torneo-argentina-pescasub-2015","url_meta":{"origin":5081,"position":0},"title":"\ud83c\udde6\ud83c\uddf7 Realizada 1\u00b0 Fecha Torneo Argentino de Pesca Submarina FAAS 2015","author":"Sportalsub.net","date":"20 abril 2015","format":false,"excerpt":"(Sportalsub.net \/ FAAS \/ Club Neptuno) El domingo 19 de abril se realiz\u00f3 la 1er fecha del Torneo Argentino de Pesca Submarina, organizada por el Club de Buceo Neptuno con el aval de la Federaci\u00f3n Argentina de Actividades Subacu\u00e1ticas FAAS Juan Nicoletti fue el ganador en la 1\u00ba fecha de\u2026","rel":"","context":"En \u00abArgentina\u00bb","block_context":{"text":"Argentina","link":"https:\/\/www.sportalsub.net\/blog\/category\/paises\/america\/argentina\/"},"img":{"alt_text":"","src":"https:\/\/i0.wp.com\/www.sportalsub.net\/blog\/wp-content\/uploads\/2015\/04\/1rafechacpescaargentina.jpg?resize=350%2C200&ssl=1","width":350,"height":200,"srcset":"https:\/\/i0.wp.com\/www.sportalsub.net\/blog\/wp-content\/uploads\/2015\/04\/1rafechacpescaargentina.jpg?resize=350%2C200&ssl=1 1x, https:\/\/i0.wp.com\/www.sportalsub.net\/blog\/wp-content\/uploads\/2015\/04\/1rafechacpescaargentina.jpg?resize=525%2C300&ssl=1 1.5x"},"classes":[]},{"id":27615,"url":"https:\/\/www.sportalsub.net\/blog\/curso-buceo-cientifico-colombia-2018","url_meta":{"origin":5081,"position":1},"title":"\ud83c\udde8\ud83c\uddf4 Realizado Curso Internacional de Preservaci\u00f3n y Conservaci\u00f3n Marina para la Formaci\u00f3n de Buzos Cient\u00edficos 2018 \u2013 Colombia","author":"Sportalsub.net","date":"30 mayo 2018","format":false,"excerpt":"(Sportalsub.net \/ FEDECAS \/ CMAS Zona Am\u00e9rica) - Read in English Culmina con gran \u00e9xito el \u201cCurso Internacional de Preservaci\u00f3n y Conservaci\u00f3n Marina para la Formaci\u00f3n de Buzos Cient\u00edficos\u201d que se realiz\u00f3 en la Isla de San Andr\u00e9s y Providencia, Colombia del 23 al 28 de mayo de 2018. Cont\u00f3\u2026","rel":"","context":"En \u00abBuceo Cient\u00edfico\u00bb","block_context":{"text":"Buceo Cient\u00edfico","link":"https:\/\/www.sportalsub.net\/blog\/category\/modalidades\/buceo-2\/buceo-cientifico\/"},"img":{"alt_text":"","src":"https:\/\/i0.wp.com\/www.sportalsub.net\/blog\/wp-content\/uploads\/2018\/05\/cursocientificocolombia.jpg?resize=350%2C200&ssl=1","width":350,"height":200,"srcset":"https:\/\/i0.wp.com\/www.sportalsub.net\/blog\/wp-content\/uploads\/2018\/05\/cursocientificocolombia.jpg?resize=350%2C200&ssl=1 1x, https:\/\/i0.wp.com\/www.sportalsub.net\/blog\/wp-content\/uploads\/2018\/05\/cursocientificocolombia.jpg?resize=525%2C300&ssl=1 1.5x, https:\/\/i0.wp.com\/www.sportalsub.net\/blog\/wp-content\/uploads\/2018\/05\/cursocientificocolombia.jpg?resize=700%2C400&ssl=1 2x"},"classes":[]},{"id":26709,"url":"https:\/\/www.sportalsub.net\/blog\/1-fecha-campeonato-argentino-de-natacion-con-aletas-2017-rada-tilly\/","url_meta":{"origin":5081,"position":2},"title":"\ud83c\udde6\ud83c\uddf7 Resultados &#8211; 1\u00b0 Fecha Campeonato Argentino de Nataci\u00f3n con Aletas y Orientaci\u00f3n Submarina 2017 &#8211; Rada Tilly","author":"Sportalsub.net","date":"22 noviembre 2017","format":false,"excerpt":"(Sportalsub.net \/ Club de Buceo Neptuno \/ El Patag\u00f3nico) Los d\u00edas 11 y 12 de noviembre se llev\u00f3 a cabo la 1era Fecha del Campeonato Argentino de Nataci\u00f3n con Aletas 2017, en aguas abiertas (2300mts) y pruebas de pileta 50, 100, 200 metros con monoaleta y bialetas. El evento se\u2026","rel":"","context":"En \u00abArgentina\u00bb","block_context":{"text":"Argentina","link":"https:\/\/www.sportalsub.net\/blog\/category\/paises\/america\/argentina\/"},"img":{"alt_text":"","src":"https:\/\/i0.wp.com\/www.sportalsub.net\/blog\/wp-content\/uploads\/2017\/11\/aletas-argentina-2017.jpg?resize=350%2C200&ssl=1","width":350,"height":200,"srcset":"https:\/\/i0.wp.com\/www.sportalsub.net\/blog\/wp-content\/uploads\/2017\/11\/aletas-argentina-2017.jpg?resize=350%2C200&ssl=1 1x, https:\/\/i0.wp.com\/www.sportalsub.net\/blog\/wp-content\/uploads\/2017\/11\/aletas-argentina-2017.jpg?resize=525%2C300&ssl=1 1.5x, https:\/\/i0.wp.com\/www.sportalsub.net\/blog\/wp-content\/uploads\/2017\/11\/aletas-argentina-2017.jpg?resize=700%2C400&ssl=1 2x"},"classes":[]},{"id":45243,"url":"https:\/\/www.sportalsub.net\/blog\/resultados-buceo-competicion-colombia-2021","url_meta":{"origin":5081,"position":3},"title":"\ud83c\udde8\ud83c\uddf4 Resultados I Campeonato Nacional e Internacional de Buceo de Competici\u00f3n en piscina Colombia 2021","author":"Sportalsub.net","date":"2 abril 2021","format":false,"excerpt":"(Sportalsub.net \/ FEDECAS \/ CMAS Zona Am\u00e9rica) La Federaci\u00f3n Colombiana de Actividades Subacu\u00e1ticas \u2013 FEDECAS y la Comisi\u00f3n T\u00e9cnica Nacional de Buceo, convocaron a todas las ligas del pa\u00eds para que sus Clubes afiliados y todos los buzos certificados participaran en la I Capacitaci\u00f3n y Campeonato Nacional e Internacional de\u2026","rel":"","context":"En \u00abBuceo de Competici\u00f3n\u00bb","block_context":{"text":"Buceo de Competici\u00f3n","link":"https:\/\/www.sportalsub.net\/blog\/category\/modalidades\/buceo-2\/buceo-deportivo\/"},"img":{"alt_text":"","src":"https:\/\/i0.wp.com\/www.sportalsub.net\/blog\/wp-content\/uploads\/2021\/04\/bucecompeticionfinal.jpg?resize=350%2C200&ssl=1","width":350,"height":200,"srcset":"https:\/\/i0.wp.com\/www.sportalsub.net\/blog\/wp-content\/uploads\/2021\/04\/bucecompeticionfinal.jpg?resize=350%2C200&ssl=1 1x, https:\/\/i0.wp.com\/www.sportalsub.net\/blog\/wp-content\/uploads\/2021\/04\/bucecompeticionfinal.jpg?resize=525%2C300&ssl=1 1.5x, https:\/\/i0.wp.com\/www.sportalsub.net\/blog\/wp-content\/uploads\/2021\/04\/bucecompeticionfinal.jpg?resize=700%2C400&ssl=1 2x"},"classes":[]},{"id":1908,"url":"https:\/\/www.sportalsub.net\/blog\/se-graduo-primera-generacion-de-jovenes-buceadores-en-chile\/","url_meta":{"origin":5081,"position":4},"title":"\ud83c\udde8\ud83c\uddf1 Se gradu\u00f3 primera generaci\u00f3n de \u00abj\u00f3venes buceadores\u00bb en Chile","author":"Sportalsub.net","date":"13 abril 2009","format":false,"excerpt":"27 alumnos de los Liceos Insular de Achao y Bosque Nativo de Puerto Montt (Provincia de Llanquihue, Chile), aprobaron con \u00e9xito la capacitaci\u00f3n. Cabe destacar que un 30% de los egresados son mujeres. Hoy se realiz\u00f3 la graduaci\u00f3n de la primera generaci\u00f3n de egresados del Programa \u201cJ\u00f3venes Buceadores\u201d, importante iniciativa\u2026","rel":"","context":"En \u00abBuceo Comercial\u00bb","block_context":{"text":"Buceo Comercial","link":"https:\/\/www.sportalsub.net\/blog\/category\/modalidades\/buceo-2\/buceo-comercial\/"},"img":{"alt_text":"jovenesbuzoschile","src":"https:\/\/i0.wp.com\/www.sportalsub.net\/blog\/wp-content\/uploads\/2009\/04\/jovenesbuzoschile.jpg?resize=350%2C200","width":350,"height":200},"classes":[]},{"id":25358,"url":"https:\/\/www.sportalsub.net\/blog\/resultados-1er-fecha-torneo-nacional-orientacion-submarina-y-natacion-con-aletas-faas-argentina-2016\/","url_meta":{"origin":5081,"position":5},"title":"\ud83c\udde6\ud83c\uddf7 Resultados 1er Fecha Torneo Nacional Orientaci\u00f3n Submarina y Nataci\u00f3n con Aletas  FAAS Argentina 2016","author":"Sportalsub.net","date":"2 noviembre 2016","format":false,"excerpt":"(Sportalsub.net \/ Club Neptuno \/ FAAS) El pasado S\u00e1bado 29 y Domingo 30 de Octubre\u00a0se realiz\u00f3 en Rada Tilly \u2013 Chubut,\u00a0 Argentina\u00a0la Primer Fecha del Campeonato Argentino de Orientaci\u00f3n Submarina y Nataci\u00f3n con Aletas del calendario deportivo 2016 de la Federaci\u00f3n Argentina de Actividades Subacu\u00e1ticas (FAAS).\u00a0Ambas disciplinas forman, junto a:\u2026","rel":"","context":"En \u00abArgentina\u00bb","block_context":{"text":"Argentina","link":"https:\/\/www.sportalsub.net\/blog\/category\/paises\/america\/argentina\/"},"img":{"alt_text":"","src":"https:\/\/i0.wp.com\/www.sportalsub.net\/blog\/wp-content\/uploads\/2016\/11\/aletas-argentina.jpg?resize=350%2C200&ssl=1","width":350,"height":200,"srcset":"https:\/\/i0.wp.com\/www.sportalsub.net\/blog\/wp-content\/uploads\/2016\/11\/aletas-argentina.jpg?resize=350%2C200&ssl=1 1x, https:\/\/i0.wp.com\/www.sportalsub.net\/blog\/wp-content\/uploads\/2016\/11\/aletas-argentina.jpg?resize=525%2C300&ssl=1 1.5x"},"classes":[]}],"_links":{"self":[{"href":"https:\/\/www.sportalsub.net\/blog\/wp-json\/wp\/v2\/posts\/5081","targetHints":{"allow":["GET"]}}],"collection":[{"href":"https:\/\/www.sportalsub.net\/blog\/wp-json\/wp\/v2\/posts"}],"about":[{"href":"https:\/\/www.sportalsub.net\/blog\/wp-json\/wp\/v2\/types\/post"}],"author":[{"embeddable":true,"href":"https:\/\/www.sportalsub.net\/blog\/wp-json\/wp\/v2\/users\/1"}],"replies":[{"embeddable":true,"href":"https:\/\/www.sportalsub.net\/blog\/wp-json\/wp\/v2\/comments?post=5081"}],"version-history":[{"count":0,"href":"https:\/\/www.sportalsub.net\/blog\/wp-json\/wp\/v2\/posts\/5081\/revisions"}],"wp:featuredmedia":[{"embeddable":true,"href":"https:\/\/www.sportalsub.net\/blog\/wp-json\/wp\/v2\/media\/7228"}],"wp:attachment":[{"href":"https:\/\/www.sportalsub.net\/blog\/wp-json\/wp\/v2\/media?parent=5081"}],"wp:term":[{"taxonomy":"category","embeddable":true,"href":"https:\/\/www.sportalsub.net\/blog\/wp-json\/wp\/v2\/categories?post=5081"},{"taxonomy":"post_tag","embeddable":true,"href":"https:\/\/www.sportalsub.net\/blog\/wp-json\/wp\/v2\/tags?post=5081"}],"curies":[{"name":"wp","href":"https:\/\/api.w.org\/{rel}","templated":true}]}}