{"id":5098,"date":"2010-05-27T02:56:12","date_gmt":"2010-05-27T07:26:12","guid":{"rendered":"http:\/\/www.sportalsub.net\/blog\/?p=5098"},"modified":"2019-09-01T11:33:44","modified_gmt":"2019-09-01T15:33:44","slug":"resultados-del-festival-nacional-infantil-interclubes-de-natacion-con-aletas-colombia-2010","status":"publish","type":"post","link":"https:\/\/www.sportalsub.net\/blog\/resultados-del-festival-nacional-infantil-interclubes-de-natacion-con-aletas-colombia-2010\/","title":{"rendered":"\ud83c\udde8\ud83c\uddf4 Resultados del Festival Nacional Infantil Interclubes de Nataci\u00f3n con aletas Colombia 2010"},"content":{"rendered":"<p style=\"text-align: center;\"><a href=\"http:\/\/www.sportalsub.net\/blog\/wp-content\/uploads\/2010\/05\/infantil2010.jpg\" target=\"_blank\"><img loading=\"lazy\" decoding=\"async\" class=\"alignnone size-full wp-image-8190\" src=\"http:\/\/www.sportalsub.net\/blog\/wp-content\/uploads\/2010\/05\/infantil2010.jpg\" alt=\"infantil2010\" width=\"500\" height=\"500\" srcset=\"https:\/\/www.sportalsub.net\/blog\/wp-content\/uploads\/2010\/05\/infantil2010.jpg 500w, https:\/\/www.sportalsub.net\/blog\/wp-content\/uploads\/2010\/05\/infantil2010-150x150.jpg 150w, https:\/\/www.sportalsub.net\/blog\/wp-content\/uploads\/2010\/05\/infantil2010-300x300.jpg 300w, https:\/\/www.sportalsub.net\/blog\/wp-content\/uploads\/2010\/05\/infantil2010-65x65.jpg 65w\" sizes=\"auto, (max-width: 500px) 100vw, 500px\" \/><\/a><br \/>\nFoto: Diario La Patria &#8211; Manizales<\/p>\n<p>La piscina central del Centro Vacacional Sant\u00e1gueda tuvo acci\u00f3n durante todo el fin de semana con el Festival Nacional de Nataci\u00f3n con Aletas, competencia que reuni\u00f3 a 75 nadadores de distintas partes del pa\u00eds.<\/p>\n<p><!--more--><\/p>\n<p>Fue una buena oportunidad para que peque\u00f1os entre los 8 y 12 a\u00f1os demostraran todas sus cualidades en el agua. Aunque es un festival y a todos los concursantes se les da un incentivo, s\u00ed hubo deportistas que mostraron mejor rendimiento que otros.<\/p>\n<p><strong><a href=\"http:\/\/www.sportalsub.net\/blog\/wp-content\/uploads\/2010\/05\/resultadosinfantilmzles20100522.pdf\" target=\"_blank\" rel=\"noopener noreferrer\"><img loading=\"lazy\" decoding=\"async\" class=\"alignnone\" src=\"http:\/\/www.sportalsub.net\/blog\/wp-content\/uploads\/2009\/10\/pdf.gif\" alt=\"\" width=\"16\" height=\"16\" \/><\/a>\u00a0\u00a0\u00a0<\/strong><strong><a href=\"http:\/\/www.sportalsub.net\/blog\/wp-content\/uploads\/2010\/05\/resultadosinfantilmzles20100522.pdf\" target=\"_blank\" rel=\"noopener noreferrer\">Resultados Oficiales <\/a><\/strong><\/p>\n","protected":false},"excerpt":{"rendered":"<p>Foto: Diario La Patria &#8211; Manizales La piscina central del Centro Vacacional Sant\u00e1gueda tuvo acci\u00f3n durante todo el fin de semana con el Festival Nacional de Nataci\u00f3n con Aletas, competencia que reuni\u00f3 a 75 nadadores de distintas partes del pa\u00eds.<\/p>\n","protected":false},"author":1,"featured_media":8190,"comment_status":"open","ping_status":"closed","sticky":false,"template":"","format":"standard","meta":{"_lmt_disableupdate":"","_lmt_disable":"","jetpack_post_was_ever_published":false,"_jetpack_newsletter_access":"","_jetpack_dont_email_post_to_subs":false,"_jetpack_newsletter_tier_id":0,"_jetpack_memberships_contains_paywalled_content":false,"_jetpack_memberships_contains_paid_content":false,"footnotes":"","jetpack_publicize_message":"","jetpack_publicize_feature_enabled":true,"jetpack_social_post_already_shared":false,"jetpack_social_options":{"image_generator_settings":{"template":"highway","default_image_id":0,"font":"","enabled":false},"version":2}},"categories":[3,12,120],"tags":[],"class_list":["post-5098","post","type-post","status-publish","format-standard","has-post-thumbnail","hentry","category-colombia","category-natacion-con-aletas","category-resultados"],"modified_by":"Sportalsub.net","views":3474,"jetpack_publicize_connections":[],"jetpack_featured_media_url":"https:\/\/www.sportalsub.net\/blog\/wp-content\/uploads\/2010\/05\/infantil2010.jpg","jetpack_sharing_enabled":true,"jetpack_shortlink":"https:\/\/wp.me\/pf9lN-1ke","jetpack_likes_enabled":false,"jetpack-related-posts":[{"id":24657,"url":"https:\/\/www.sportalsub.net\/blog\/II-Festival-Nacional-Infantil-de-Natacion-con-Aletas-2016-Cali-Colombia","url_meta":{"origin":5098,"position":0},"title":"\ud83c\udde8\ud83c\uddf4 Resultados II Festival Nacional Infantil de Nataci\u00f3n con Aletas 2016 Cali, Colombia","author":"Sportalsub.net","date":"5 julio 2016","format":false,"excerpt":"(Sportalsub.net \/ LIVAS) Este fin de semana del 1 al \u00a03 de \u00a0julio, se llev\u00f3 a cabo el \"II Festival Nacional Infantil de Nataci\u00f3n con Aletas 2016 Cali, Colombia\", organizado\u00a0por la Liga Vallecaucana de Actividades Subacu\u00e1ticas LIVAS,\u00a0en las Piscinas Alberto Galindo Herrera- Resultados Oficiales Fuente: Web Livas Mas Info y\u2026","rel":"","context":"En \u00abColombia\u00bb","block_context":{"text":"Colombia","link":"https:\/\/www.sportalsub.net\/blog\/category\/paises\/america\/colombia\/"},"img":{"alt_text":"","src":"https:\/\/i0.wp.com\/www.sportalsub.net\/blog\/wp-content\/uploads\/2016\/07\/festival-cali.jpg?resize=350%2C200&ssl=1","width":350,"height":200,"srcset":"https:\/\/i0.wp.com\/www.sportalsub.net\/blog\/wp-content\/uploads\/2016\/07\/festival-cali.jpg?resize=350%2C200&ssl=1 1x, https:\/\/i0.wp.com\/www.sportalsub.net\/blog\/wp-content\/uploads\/2016\/07\/festival-cali.jpg?resize=525%2C300&ssl=1 1.5x, https:\/\/i0.wp.com\/www.sportalsub.net\/blog\/wp-content\/uploads\/2016\/07\/festival-cali.jpg?resize=700%2C400&ssl=1 2x"},"classes":[]},{"id":49621,"url":"https:\/\/www.sportalsub.net\/blog\/resultados-festival-nacional-infantil-interclubles-de-natacion-aletas-pereira-colombia-2021\/","url_meta":{"origin":5098,"position":1},"title":"\ud83c\udde8\ud83c\uddf4 Resultados &#8211; Festival Nacional Infantil Interclubles de Nataci\u00f3n Aletas. Pereira, Colombia 2021","author":"Sportalsub.net","date":"12 octubre 2021","format":false,"excerpt":"(Sportalsub.net \/ FEDECAS \/ LASER) Del 8 al 10 de octubre 2021 se llev\u00f3 a cabo en la ciudad de Pereira, el Festival Nacional Infantil Interclubles de Nataci\u00f3n Aletas 2021 de la Federaci\u00f3n Colombiana de Actividades Subacu\u00e1ticas, organizado por la Liga de Actividades Subacu\u00e1ticas de Risaralda. RESULTADOS","rel":"","context":"En \u00abColombia\u00bb","block_context":{"text":"Colombia","link":"https:\/\/www.sportalsub.net\/blog\/category\/paises\/america\/colombia\/"},"img":{"alt_text":"","src":"https:\/\/i0.wp.com\/www.sportalsub.net\/blog\/wp-content\/uploads\/2021\/10\/infantilfedecas2021.jpg?resize=350%2C200&ssl=1","width":350,"height":200,"srcset":"https:\/\/i0.wp.com\/www.sportalsub.net\/blog\/wp-content\/uploads\/2021\/10\/infantilfedecas2021.jpg?resize=350%2C200&ssl=1 1x, https:\/\/i0.wp.com\/www.sportalsub.net\/blog\/wp-content\/uploads\/2021\/10\/infantilfedecas2021.jpg?resize=525%2C300&ssl=1 1.5x, https:\/\/i0.wp.com\/www.sportalsub.net\/blog\/wp-content\/uploads\/2021\/10\/infantilfedecas2021.jpg?resize=700%2C400&ssl=1 2x"},"classes":[]},{"id":35314,"url":"https:\/\/www.sportalsub.net\/blog\/festival-nacional-infantil-interligas-de-natacion-aletas-pereira-colombia-2019\/","url_meta":{"origin":5098,"position":2},"title":"\ud83c\udde8\ud83c\uddf4 Resultados &#8211; Festival Nacional Infantil Interligas de Nataci\u00f3n con Aletas, Pereira-Colombia 2019","author":"Sportalsub.net","date":"10 noviembre 2019","format":false,"excerpt":"(Sportalsub.net \/ FEDECAS) - Fotos: Club Subacu\u00e1tico Calypso Del 8 al 10 de Noviembre del presente a\u00f1o se llev\u00f3 a cabo el Festival Nacional Infantil Interligas de Nataci\u00f3n con Aletas en la ciudad de Pereira-Colombia, la Liga de Actividades Subacu\u00e1ticas de Risaralda fue la organizadora de dicho festival que tuvo\u2026","rel":"","context":"En \u00abColombia\u00bb","block_context":{"text":"Colombia","link":"https:\/\/www.sportalsub.net\/blog\/category\/paises\/america\/colombia\/"},"img":{"alt_text":"","src":"https:\/\/i0.wp.com\/www.sportalsub.net\/blog\/wp-content\/uploads\/2019\/11\/resultados-infantil-colombia.jpg?resize=350%2C200&ssl=1","width":350,"height":200,"srcset":"https:\/\/i0.wp.com\/www.sportalsub.net\/blog\/wp-content\/uploads\/2019\/11\/resultados-infantil-colombia.jpg?resize=350%2C200&ssl=1 1x, https:\/\/i0.wp.com\/www.sportalsub.net\/blog\/wp-content\/uploads\/2019\/11\/resultados-infantil-colombia.jpg?resize=525%2C300&ssl=1 1.5x, https:\/\/i0.wp.com\/www.sportalsub.net\/blog\/wp-content\/uploads\/2019\/11\/resultados-infantil-colombia.jpg?resize=700%2C400&ssl=1 2x"},"classes":[]},{"id":27943,"url":"https:\/\/www.sportalsub.net\/blog\/festival-infantil-nadosub-colombia-2018","url_meta":{"origin":5098,"position":3},"title":"\ud83c\udde8\ud83c\uddf4 Resultados &#8211; Festival Nacional Infantil Interclubes de Nataci\u00f3n con Aletas FEDECAS 2018. Cali, Colombia","author":"Sportalsub.net","date":"23 abril 2018","format":false,"excerpt":"(Sportalsub.net \/ FEDECAS) La Federaci\u00f3n Colombiana de Actividades\u00a0Subacu\u00e1ticas FEDECAS, llev\u00f3 a cabo con todo \u00e9xito el\u00a0Festival Nacional Infantil Interclubes de Nataci\u00f3n con Aletas, realizado en la ciudad de Santiago de\u00a0Cali, del 20 al 22 de abril 2018 Resultados del Evento Im\u00e1genes del Festival Nacional\u00a0Infantil Interclubes de Nataci\u00f3n con Aletas, desarrollado\u2026","rel":"","context":"En \u00abColombia\u00bb","block_context":{"text":"Colombia","link":"https:\/\/www.sportalsub.net\/blog\/category\/paises\/america\/colombia\/"},"img":{"alt_text":"","src":"https:\/\/i0.wp.com\/www.sportalsub.net\/blog\/wp-content\/uploads\/2018\/04\/festivalinfantilcolombia.jpg?resize=350%2C200&ssl=1","width":350,"height":200,"srcset":"https:\/\/i0.wp.com\/www.sportalsub.net\/blog\/wp-content\/uploads\/2018\/04\/festivalinfantilcolombia.jpg?resize=350%2C200&ssl=1 1x, https:\/\/i0.wp.com\/www.sportalsub.net\/blog\/wp-content\/uploads\/2018\/04\/festivalinfantilcolombia.jpg?resize=525%2C300&ssl=1 1.5x, https:\/\/i0.wp.com\/www.sportalsub.net\/blog\/wp-content\/uploads\/2018\/04\/festivalinfantilcolombia.jpg?resize=700%2C400&ssl=1 2x"},"classes":[]},{"id":11622,"url":"https:\/\/www.sportalsub.net\/blog\/resultados-xxiv-festival-infantil-de-natacion-con-aletas-colombia-medellin-2011\/","url_meta":{"origin":5098,"position":4},"title":"\ud83c\udde8\ud83c\uddf4 Resultados XXIV Festival Nacional Infantil de Nataci\u00f3n con Aletas Colombia, Medell\u00edn 2011","author":"Sportalsub.net","date":"27 diciembre 2011","format":false,"excerpt":"(Especial Sportalsub.net \/ FEDECAS) Del 8 al 11 de diciembre se realiz\u00f3 en Medell\u00edn, Colombia el XXIV Festival Nacional Infantil Interclubes de Nataci\u00f3n con Aletas, organizado por la Liga Antioque\u00f1a de Actividades Subacu\u00e1ticas y avalado por la Federaci\u00f3n Colombiana de Actividades Subacu\u00e1ticas \u00a0Resultados Oficiales\u00a0 Fuente: FEDECAS","rel":"","context":"En \u00abColombia\u00bb","block_context":{"text":"Colombia","link":"https:\/\/www.sportalsub.net\/blog\/category\/paises\/america\/colombia\/"},"img":{"alt_text":"","src":"https:\/\/i0.wp.com\/www.sportalsub.net\/blog\/wp-content\/uploads\/2011\/12\/aletas-infantil.jpg?resize=350%2C200&ssl=1","width":350,"height":200},"classes":[]},{"id":16272,"url":"https:\/\/www.sportalsub.net\/blog\/resultados-festival-nacional-infantil-interligas-de-natacion-con-aletas-2013-girardot-colombia\/","url_meta":{"origin":5098,"position":5},"title":"\ud83c\udde8\ud83c\uddf4 Resultados Festival Nacional Infantil Interligas de Nataci\u00f3n con Aletas 2013. Girardot, Colombia","author":"Sportalsub.net","date":"7 noviembre 2013","format":false,"excerpt":"(Especial Sportalsub.net \/ FEDECAS) Del 24 al 27 de octubre se realiz\u00f3 en Girardot, Colombia el\u00a0Festival Nacional Infantil Interligas de Nataci\u00f3n con Aletas de la Federaci\u00f3n Colombiana de Actividades Subacu\u00e1ticas. \u00a0* RESULTADOS \u00a0* CUADRO MEDALLERIA Fuente:\u00a0FEDECAS Publicado por: Miguel Alberto Cede\u00f1o Ortiz (Venezuela)\u00a0 Nacido y residenciado en Caracas, Venezuela es\u2026","rel":"","context":"En \u00abColombia\u00bb","block_context":{"text":"Colombia","link":"https:\/\/www.sportalsub.net\/blog\/category\/paises\/america\/colombia\/"},"img":{"alt_text":"","src":"https:\/\/i0.wp.com\/www.sportalsub.net\/blog\/wp-content\/uploads\/2013\/11\/infantil-Natacion-con-aletas1.jpg?resize=350%2C200&ssl=1","width":350,"height":200,"srcset":"https:\/\/i0.wp.com\/www.sportalsub.net\/blog\/wp-content\/uploads\/2013\/11\/infantil-Natacion-con-aletas1.jpg?resize=350%2C200&ssl=1 1x, https:\/\/i0.wp.com\/www.sportalsub.net\/blog\/wp-content\/uploads\/2013\/11\/infantil-Natacion-con-aletas1.jpg?resize=525%2C300&ssl=1 1.5x"},"classes":[]}],"_links":{"self":[{"href":"https:\/\/www.sportalsub.net\/blog\/wp-json\/wp\/v2\/posts\/5098","targetHints":{"allow":["GET"]}}],"collection":[{"href":"https:\/\/www.sportalsub.net\/blog\/wp-json\/wp\/v2\/posts"}],"about":[{"href":"https:\/\/www.sportalsub.net\/blog\/wp-json\/wp\/v2\/types\/post"}],"author":[{"embeddable":true,"href":"https:\/\/www.sportalsub.net\/blog\/wp-json\/wp\/v2\/users\/1"}],"replies":[{"embeddable":true,"href":"https:\/\/www.sportalsub.net\/blog\/wp-json\/wp\/v2\/comments?post=5098"}],"version-history":[{"count":0,"href":"https:\/\/www.sportalsub.net\/blog\/wp-json\/wp\/v2\/posts\/5098\/revisions"}],"wp:featuredmedia":[{"embeddable":true,"href":"https:\/\/www.sportalsub.net\/blog\/wp-json\/wp\/v2\/media\/8190"}],"wp:attachment":[{"href":"https:\/\/www.sportalsub.net\/blog\/wp-json\/wp\/v2\/media?parent=5098"}],"wp:term":[{"taxonomy":"category","embeddable":true,"href":"https:\/\/www.sportalsub.net\/blog\/wp-json\/wp\/v2\/categories?post=5098"},{"taxonomy":"post_tag","embeddable":true,"href":"https:\/\/www.sportalsub.net\/blog\/wp-json\/wp\/v2\/tags?post=5098"}],"curies":[{"name":"wp","href":"https:\/\/api.w.org\/{rel}","templated":true}]}}