{"id":5107,"date":"2010-05-28T13:27:31","date_gmt":"2010-05-28T17:57:31","guid":{"rendered":"http:\/\/www.sportalsub.net\/blog\/?p=5107"},"modified":"2019-09-01T11:33:40","modified_gmt":"2019-09-01T15:33:40","slug":"web-oficial-de-la-6ta-ronda-v-copa-mundo-natacion-con-aletas-cmas-bogota-2010","status":"publish","type":"post","link":"https:\/\/www.sportalsub.net\/blog\/web-oficial-de-la-6ta-ronda-v-copa-mundo-natacion-con-aletas-cmas-bogota-2010\/","title":{"rendered":"\ud83c\udde8\ud83c\uddf4 Web Oficial de la 6ta Ronda V Copa Mundo Nataci\u00f3n con Aletas CMAS. Bogot\u00e1 2010"},"content":{"rendered":"<p style=\"text-align: center;\"><a href=\"http:\/\/www.worldcupbogotafins2010.com\/\" target=\"_blank\" rel=\"noopener noreferrer\" target=\"_blank\"><img loading=\"lazy\" decoding=\"async\" class=\"alignnone size-full wp-image-5108\" style=\"border: 0pt none;\" src=\"http:\/\/www.sportalsub.net\/blog\/wp-content\/uploads\/2010\/05\/webcopamundobogota2009.png\" alt=\"\" width=\"500\" height=\"410\" srcset=\"https:\/\/www.sportalsub.net\/blog\/wp-content\/uploads\/2010\/05\/webcopamundobogota2009.png 500w, https:\/\/www.sportalsub.net\/blog\/wp-content\/uploads\/2010\/05\/webcopamundobogota2009-300x246.png 300w\" sizes=\"auto, (max-width: 500px) 100vw, 500px\" \/><\/a><br \/>\nWeb Oficial: <a href=\"http:\/\/www.worldcupbogotafins2010.com\/\" target=\"_blank\" rel=\"noopener noreferrer\" target=\"_blank\">www.worldcupbogotafins2010.com<\/a><\/p>\n<p style=\"text-align: justify;\">El Comit\u00e9 Organizador de la 6ta Ronda de la IV Copa Mundo de Nataci\u00f3n con Aletas CMAS a realizarse en Bogot\u00e1, Colombia los d\u00edas 14 y 15 de agosto de 2010, ha publicado su sitio web oficial <a href=\"http:\/\/www.worldcupbogotafins2010.com\/\" target=\"_blank\" rel=\"noopener noreferrer\" target=\"_blank\">www.worldcupbogotafins2010.com<\/a> Sportalsub.net estar\u00e1 llevando la cobertura web de este importante evento de las Actividades Subacu\u00e1ticas en Sudam\u00e9rica.<\/p>\n","protected":false},"excerpt":{"rendered":"<p>Web Oficial: www.worldcupbogotafins2010.com El Comit\u00e9 Organizador de la 6ta Ronda de la IV Copa Mundo de Nataci\u00f3n con Aletas CMAS a realizarse en Bogot\u00e1, Colombia los d\u00edas 14 y 15 de agosto de 2010, ha publicado su sitio web oficial www.worldcupbogotafins2010.com Sportalsub.net estar\u00e1 llevando la cobertura web de este importante evento de las Actividades Subacu\u00e1ticas en Sudam\u00e9rica.<\/p>\n","protected":false},"author":1,"featured_media":5108,"comment_status":"open","ping_status":"closed","sticky":false,"template":"","format":"standard","meta":{"_lmt_disableupdate":"","_lmt_disable":"","jetpack_post_was_ever_published":false,"_jetpack_newsletter_access":"","_jetpack_dont_email_post_to_subs":false,"_jetpack_newsletter_tier_id":0,"_jetpack_memberships_contains_paywalled_content":false,"_jetpack_memberships_contains_paid_content":false,"footnotes":"","jetpack_publicize_message":"","jetpack_publicize_feature_enabled":true,"jetpack_social_post_already_shared":false,"jetpack_social_options":{"image_generator_settings":{"template":"highway","default_image_id":0,"font":"","enabled":false},"version":2}},"categories":[3,172,12],"tags":[],"class_list":["post-5107","post","type-post","status-publish","format-standard","has-post-thumbnail","hentry","category-colombia","category-copa-mundo-bogota-2010","category-natacion-con-aletas"],"modified_by":"Sportalsub.net","views":3356,"jetpack_publicize_connections":[],"jetpack_featured_media_url":"https:\/\/www.sportalsub.net\/blog\/wp-content\/uploads\/2010\/05\/webcopamundobogota2009.png","jetpack_sharing_enabled":true,"jetpack_shortlink":"https:\/\/wp.me\/pf9lN-1kn","jetpack_likes_enabled":false,"jetpack-related-posts":[{"id":5803,"url":"https:\/\/www.sportalsub.net\/blog\/6ta-ronda-de-la-v-copa-mundo-cmas-de-natacion-con-aletas-este-fin-de-semana-en-bogota-colombia\/","url_meta":{"origin":5107,"position":0},"title":"\ud83c\udde8\ud83c\uddf4 6ta Ronda de la V Copa Mundo CMAS de Nataci\u00f3n con Aletas este fin de semana en Bogot\u00e1, Colombia","author":"Sportalsub.net","date":"13 agosto 2010","format":false,"excerpt":"Foto: Sitio Web Oficial Copa Mundo CMAS Bogot\u00e1 2010 (Especial Sportalsub.net) Este fin de semana 14 y 15 de Agosto, se realizar\u00e1 en el Complejo Acu\u00e1tico Sim\u00f3n Bol\u00edvar de la capital de Colombia, Bogot\u00e1, la 6ta Ronda de la V Copa Mundo CMAS de Nataci\u00f3n con Aletas, con la participaci\u00f3n\u2026","rel":"","context":"En \u00abColombia\u00bb","block_context":{"text":"Colombia","link":"https:\/\/www.sportalsub.net\/blog\/category\/paises\/america\/colombia\/"},"img":{"alt_text":"","src":"https:\/\/i0.wp.com\/www.sportalsub.net\/blog\/wp-content\/uploads\/2010\/08\/copamundobogota.jpg?resize=350%2C200&ssl=1","width":350,"height":200,"srcset":"https:\/\/i0.wp.com\/www.sportalsub.net\/blog\/wp-content\/uploads\/2010\/08\/copamundobogota.jpg?resize=350%2C200&ssl=1 1x, https:\/\/i0.wp.com\/www.sportalsub.net\/blog\/wp-content\/uploads\/2010\/08\/copamundobogota.jpg?resize=525%2C300&ssl=1 1.5x"},"classes":[]},{"id":5005,"url":"https:\/\/www.sportalsub.net\/blog\/copa-mundo-de-natacion-con-aletas-cmas-regresa-a-bogota-en-agosto\/","url_meta":{"origin":5107,"position":1},"title":"\ud83c\udde8\ud83c\uddf4 Copa Mundo de Nataci\u00f3n con Aletas CMAS regresa a Bogot\u00e1 en Agosto","author":"Sportalsub.net","date":"21 mayo 2010","format":false,"excerpt":"El Campe\u00f3n Italiano Cesare Fumarola participante de la edici\u00f3n 2009. Foto: Miguel Cede\u00f1o @ Sportalsub.net (Especial Sportalsub.net) Luego de la exitosa experiencia de 2009, la Copa Mundo de Nataci\u00f3n con Aletas CMAS regresa a Sudam\u00e9rica y nuevamente a la capital de Colombia, Bogot\u00e1, cuando el pr\u00f3ximo 14 y 15 de\u2026","rel":"","context":"En \u00abChile\u00bb","block_context":{"text":"Chile","link":"https:\/\/www.sportalsub.net\/blog\/category\/paises\/america\/chile\/"},"img":{"alt_text":"","src":"https:\/\/i0.wp.com\/www.sportalsub.net\/blog\/wp-content\/uploads\/2010\/05\/copamundoregresa.jpg?resize=350%2C200&ssl=1","width":350,"height":200,"srcset":"https:\/\/i0.wp.com\/www.sportalsub.net\/blog\/wp-content\/uploads\/2010\/05\/copamundoregresa.jpg?resize=350%2C200&ssl=1 1x, https:\/\/i0.wp.com\/www.sportalsub.net\/blog\/wp-content\/uploads\/2010\/05\/copamundoregresa.jpg?resize=525%2C300&ssl=1 1.5x"},"classes":[]},{"id":5907,"url":"https:\/\/www.sportalsub.net\/blog\/resultados-de-la-6ta-ronda-v-copa-mundo-de-natacion-con-aletas-cmas-bogota-colombia\/","url_meta":{"origin":5107,"position":2},"title":"\ud83c\udde8\ud83c\uddf4 Resultados de la 6ta Ronda V Copa Mundo de Nataci\u00f3n con Aletas CMAS. Bogot\u00e1, Colombia","author":"Sportalsub.net","date":"18 agosto 2010","format":false,"excerpt":"Anny Trejos, Alix Victoria P\u00e9rez y Ana Mar\u00eda Cifuentes Foto: Andr\u00e9s Valderrama - CAFAM (Especial Sportalsub.net) El pasado fin de semana 14 y 15 de agosto, se realiz\u00f3 en la capital de Colombia, Bogot\u00e1 la 6ta Ronda de la V Copa Mundo de Nataci\u00f3n con Aletas de Nataci\u00f3n con Aletas\u2026","rel":"","context":"En \u00abCMAS\u00bb","block_context":{"text":"CMAS","link":"https:\/\/www.sportalsub.net\/blog\/category\/mas\/organizaciones\/cmas-organizaciones\/"},"img":{"alt_text":"","src":"https:\/\/i0.wp.com\/www.sportalsub.net\/blog\/wp-content\/uploads\/2010\/08\/copamundo.jpg?resize=350%2C200&ssl=1","width":350,"height":200,"srcset":"https:\/\/i0.wp.com\/www.sportalsub.net\/blog\/wp-content\/uploads\/2010\/08\/copamundo.jpg?resize=350%2C200&ssl=1 1x, https:\/\/i0.wp.com\/www.sportalsub.net\/blog\/wp-content\/uploads\/2010\/08\/copamundo.jpg?resize=525%2C300&ssl=1 1.5x"},"classes":[]},{"id":452,"url":"https:\/\/www.sportalsub.net\/blog\/1ra-ronda-de-la-iv-copa-del-mundo-natacion-con-aletas-cmas-2009-sera-en-enero-en-bogota-colombia\/","url_meta":{"origin":5107,"position":3},"title":"\ud83c\udde8\ud83c\uddf4 1ra Ronda de la IV Copa del Mundo Nataci\u00f3n con Aletas CMAS 2009 ser\u00e1 en Enero en Bogot\u00e1, Colombia","author":"Sportalsub.net","date":"24 octubre 2008","format":false,"excerpt":"La emoci\u00f3n de la nataci\u00f3n con aletas tendr\u00e1 cita en Bogot\u00e1 - Colombia el 24 y 25 de enero de 2009. Los mejores exponentes mundiales de la nataci\u00f3n con aletas dar\u00e1n lo mejor de s\u00ed en la IV Copa Mundo CMAS que se realizar\u00e1 por primera vez en Am\u00e9rica Latina.\u2026","rel":"","context":"En \u00abColombia\u00bb","block_context":{"text":"Colombia","link":"https:\/\/www.sportalsub.net\/blog\/category\/paises\/america\/colombia\/"},"img":{"alt_text":"","src":"https:\/\/i0.wp.com\/www.sportalsub.net\/blog\/wp-content\/uploads\/2008\/10\/afiche.png?resize=350%2C200&ssl=1","width":350,"height":200},"classes":[]},{"id":1964,"url":"https:\/\/www.sportalsub.net\/blog\/colombia-participara-en-la-5ta-y-6ta-ronda-de-la-copa-del-mundo-de-natacion-con-aletas-cmas\/","url_meta":{"origin":5107,"position":4},"title":"\ud83c\udde8\ud83c\uddf4 Colombia participar\u00e1 en la 5ta y 6ta Ronda de la Copa del Mundo de Nataci\u00f3n con Aletas CMAS","author":"Sportalsub.net","date":"22 abril 2009","format":false,"excerpt":"Foto: Miguel Cede\u00f1o @ Archivo Sportalsub.net La Federaci\u00f3n Colombiana de Actividades Subacu\u00e1ticas, que preside el licenciado Gerardo Lerma, anunci\u00f3 que diez deportistas de nataci\u00f3n con aletas, entre los que se encuentran ocho vallecaucanos, se desplazar\u00e1n hoy a Europa para cumplir con la quinta parada de la Copa Cmas, y una\u2026","rel":"","context":"En \u00abColombia\u00bb","block_context":{"text":"Colombia","link":"https:\/\/www.sportalsub.net\/blog\/category\/paises\/america\/colombia\/"},"img":{"alt_text":"","src":"https:\/\/i0.wp.com\/www.sportalsub.net\/blog\/wp-content\/uploads\/2009\/04\/colombiacopamundo.jpg?resize=350%2C200&ssl=1","width":350,"height":200,"srcset":"https:\/\/i0.wp.com\/www.sportalsub.net\/blog\/wp-content\/uploads\/2009\/04\/colombiacopamundo.jpg?resize=350%2C200&ssl=1 1x, https:\/\/i0.wp.com\/www.sportalsub.net\/blog\/wp-content\/uploads\/2009\/04\/colombiacopamundo.jpg?resize=525%2C300&ssl=1 1.5x"},"classes":[]},{"id":980,"url":"https:\/\/www.sportalsub.net\/blog\/iv-copa-mundo-natacion-con-aletas-cmas-2009-bogota-colombia\/","url_meta":{"origin":5107,"position":5},"title":"\ud83c\udde8\ud83c\uddf4 IV Copa Mundo Nataci\u00f3n con Aletas CMAS 2009. Bogot\u00e1, Colombia","author":"Sportalsub.net","date":"8 enero 2009","format":false,"excerpt":"En Entrevista exclusiva realizada el pasado mes de Diciembre, el Director T\u00e9cnico del club de Nataci\u00f3n con Aletas CAFAM y Organizador de la Primera Ronda de la IV Copa Mundo de Nataci\u00f3n con Aletas CMAS, Andr\u00e9s Valderrama, convers\u00f3 con Sportalsub.net sobre algunas actividades adicionales que se realizar\u00e1n en el marco\u2026","rel":"","context":"En \u00abColombia\u00bb","block_context":{"text":"Colombia","link":"https:\/\/www.sportalsub.net\/blog\/category\/paises\/america\/colombia\/"},"img":{"alt_text":"","src":"https:\/\/i0.wp.com\/www.sportalsub.net\/blog\/wp-content\/uploads\/2009\/01\/afiche.png?resize=350%2C200&ssl=1","width":350,"height":200},"classes":[]}],"_links":{"self":[{"href":"https:\/\/www.sportalsub.net\/blog\/wp-json\/wp\/v2\/posts\/5107","targetHints":{"allow":["GET"]}}],"collection":[{"href":"https:\/\/www.sportalsub.net\/blog\/wp-json\/wp\/v2\/posts"}],"about":[{"href":"https:\/\/www.sportalsub.net\/blog\/wp-json\/wp\/v2\/types\/post"}],"author":[{"embeddable":true,"href":"https:\/\/www.sportalsub.net\/blog\/wp-json\/wp\/v2\/users\/1"}],"replies":[{"embeddable":true,"href":"https:\/\/www.sportalsub.net\/blog\/wp-json\/wp\/v2\/comments?post=5107"}],"version-history":[{"count":0,"href":"https:\/\/www.sportalsub.net\/blog\/wp-json\/wp\/v2\/posts\/5107\/revisions"}],"wp:featuredmedia":[{"embeddable":true,"href":"https:\/\/www.sportalsub.net\/blog\/wp-json\/wp\/v2\/media\/5108"}],"wp:attachment":[{"href":"https:\/\/www.sportalsub.net\/blog\/wp-json\/wp\/v2\/media?parent=5107"}],"wp:term":[{"taxonomy":"category","embeddable":true,"href":"https:\/\/www.sportalsub.net\/blog\/wp-json\/wp\/v2\/categories?post=5107"},{"taxonomy":"post_tag","embeddable":true,"href":"https:\/\/www.sportalsub.net\/blog\/wp-json\/wp\/v2\/tags?post=5107"}],"curies":[{"name":"wp","href":"https:\/\/api.w.org\/{rel}","templated":true}]}}