{"id":520,"date":"2008-11-02T23:02:21","date_gmt":"2008-11-03T03:32:21","guid":{"rendered":"http:\/\/www.sportalsub.net\/blog\/?p=520"},"modified":"2019-08-30T10:02:00","modified_gmt":"2019-08-30T14:02:00","slug":"inaugurada-2da-copa-cmas-zona-america","status":"publish","type":"post","link":"https:\/\/www.sportalsub.net\/blog\/inaugurada-2da-copa-cmas-zona-america\/","title":{"rendered":"\ud83c\uddf2\ud83c\uddfd Inaugurada 2da Copa CMAS Zona Am\u00e9rica"},"content":{"rendered":"<p align=\"justify\"><span style=\"color: #000000;\"><a href=\"http:\/\/www.sportalsub.net\/blog\/2008\/11\/02\/inaugurada-2da-copa-cmas-zona-america\/\"><img decoding=\"async\" src=\"http:\/\/www.ikkosports.com.mx\/Subacuaticas\/imagen-subacuaticas\/fmas-apertura67.jpg\" alt=\"\" border=\"0\" \/><img decoding=\"async\" src=\"http:\/\/www.ikkosports.com.mx\/Subacuaticas\/imagen-subacuaticas\/fmas-apertura25.jpg\" alt=\"\" border=\"0\" \/><\/a><\/span><\/p>\n<p align=\"justify\">M\u00e9xico, D.F. (IKKOSPORTS) &#8211; Sencilla pero emotiva result\u00f3 este soleado domingo la ceremonia de apertura de la 2\u00aa. Copa de la Confederaci\u00f3n Mundial de Actividades Subacu\u00e1ticas (CMAS) Zona Am\u00e9rica a cargo del italiano Aquille Ferrero, presidente de este organismo, en la Explanada del Centro Deportivo Ol\u00edmpico Mexicano.<\/p>\n<p align=\"justify\"><span style=\"color: #000000;\"><!--more--><\/span><\/p>\n<p>Aquille Ferrero estuvo acompa\u00f1ado por Carlos Lezama Guzm\u00e1n, coordinador general del Comit\u00e9 Ol\u00edmpico Mexicano, y Rogelio Flores Aguilera, presidente de la Federaci\u00f3n Mexicana de Actividades Subacu\u00e1ticas (FMAS), teniendo como marco el Muro Ol\u00edmpico del CDOM.<\/p>\n<p>En la ceremonia de inauguraci\u00f3n, alrededor de las 12:30 horas, desfilaron las delegaciones de los pa\u00edses que contender\u00e1n del 3 al 6 de noviembre en la piscina del CDOM: Cuba, Chile, Venezuela, Ecuador y M\u00e9xico.<\/p>\n<p>En primera instancia, tras el izamiento de la bandera mexicana, Rogelio Flores Aguilera dio la bienvenida a delegados y atletas visitantes: \u201cPor este conducto doy mi agradecimiento al COM por todas las facilidades que nos ha otorgado para la realizaci\u00f3n de tan importante evento correspondiente a la CMAS en la Zona de Am\u00e9rica\u201d.<\/p>\n<p>En su alocuci\u00f3n, el presidente de FMAS subray\u00f3 la importancia de CMAS por su orientaci\u00f3n respecto a la reglamentaci\u00f3n oficial y respaldo al cumplimiento de los objetivos de este deporte.<\/p>\n<p>\u201cEs prudente aclarar que nuestro deporte est\u00e1 resurgiendo de las cenizas en el continente Americano. Estamos conscientes que el trabajo ser\u00e1 dif\u00edcil pero no imposible. Agradecemos la participaci\u00f3n a todos los pa\u00edses presentes\u201d, subray\u00f3 Aguilera Flores.<\/p>\n<p>Toc\u00f3 el turno al presidente de CMAS, Aquille Ferrero, quien dijo: \u201cQueridos amigos, el deporte tiene el privilegio de vivir unos d\u00edas especiales en consideraci\u00f3n de su significado simb\u00f3lico de los momentos competitivos porque en un campeonato es la ocasi\u00f3n de expresar valores m\u00e1s all\u00e1 de los contenidos t\u00e9cnicos adem\u00e1s del sistema deportivo que lo rodea y debe ser la base de construir nuestro porvenir\u201d.<\/p>\n<p>\u201cCMAS agradece la asistencia a todos los atletas, jueces, federaciones y voluntarios. Estoy seguro que har\u00e1n lo que se puede con la pasi\u00f3n que siempre nos acompa\u00f1a. Al mismo tiempo extiendo mi agradecimiento al representante del Comit\u00e9 Ol\u00edmpico Mexicano (Felipe Mu\u00f1oz Kapamas) y a la FMAS\u201d, manifest\u00f3 Achille Ferrero en el preciso instante de declarar abierta la 2\u00aa. Copa CMAS Am\u00e9rica que continuar\u00e1 en aguas abiertas en Acapulco, Guerrero del 6 al 10 de noviembre en su segunda fase.<\/p>\n<p>El juramento deportivo estuvo a cargo del atleta mexicano Ricardo Manrique Mendiola, cuarto lugar mundial de Apnea Din\u00e1mica, y por parte de los jueces el se\u00f1or H\u00e9ctor Ren\u00e9 Rodr\u00edguez, responsable del cuerpo de \u00e1rbitros que sancionar\u00e1n el certamen deportivo internacional.<\/p>\n<p>Tras la ceremonia de inauguraci\u00f3n se llevaron a cabo las reuniones t\u00e9cnicas estando al frente de ellas el director deportivo de FMAS, Manuel Gonz\u00e1lez Ram\u00edrez, y en otro sal\u00f3n del CDOM tuvo lugar la primera reuni\u00f3n de la conformaci\u00f3n de la Uni\u00f3n Iberoamericana de Federaciones de Actividades Subacu\u00e1ticas (UIFAS), conducida por Xavier Dur\u00e1n, presidente de la Federaci\u00f3n Espa\u00f1ola de Actividades Subacu\u00e1ticas y Rogelio Flores Aguilera, presidente de FMAS, estando presentes los delegados de Chile, Venezuela y Ecuador.<\/p>\n<p>ARRANCAN LAS COMPETENCIAS<\/p>\n<p>Las actividades de la 2\u00aa. Copa CMAS Am\u00e9rica iniciar\u00e1n el lunes a las 9:00 horas con eliminatorias, una hora antes el afloje para los deportistas, en la secci\u00f3n matutina, las finales en la secci\u00f3n vespertina a las 16:00 horas, una hora antes tambi\u00e9n el afloje para los atletas.<\/p>\n<p>Fuente: <a href=\"http:\/\/www.ikkosports.com.mx\/\" target=\"_blank\" rel=\"noopener noreferrer\" target=\"_blank\">http:\/\/www.ikkosports.com.mx\/<\/a><\/p>\n","protected":false},"excerpt":{"rendered":"<p>M\u00e9xico, D.F. (IKKOSPORTS) &#8211; Sencilla pero emotiva result\u00f3 este soleado domingo la ceremonia de apertura de la 2\u00aa. Copa de la Confederaci\u00f3n Mundial de Actividades Subacu\u00e1ticas (CMAS) Zona Am\u00e9rica a cargo del italiano Aquille Ferrero, presidente de este organismo, en la Explanada del Centro Deportivo Ol\u00edmpico Mexicano.<\/p>\n","protected":false},"author":1,"featured_media":19736,"comment_status":"open","ping_status":"closed","sticky":false,"template":"","format":"standard","meta":{"_lmt_disableupdate":"","_lmt_disable":"","jetpack_post_was_ever_published":false,"_jetpack_newsletter_access":"","_jetpack_dont_email_post_to_subs":false,"_jetpack_newsletter_tier_id":0,"_jetpack_memberships_contains_paywalled_content":false,"_jetpack_memberships_contains_paid_content":false,"footnotes":"","jetpack_publicize_message":"","jetpack_publicize_feature_enabled":true,"jetpack_social_post_already_shared":false,"jetpack_social_options":{"image_generator_settings":{"template":"highway","default_image_id":0,"font":"","enabled":false},"version":2}},"categories":[9,105,98,12],"tags":[],"class_list":["post-520","post","type-post","status-publish","format-standard","has-post-thumbnail","hentry","category-apnea","category-2da-copa-panamericana-actividades-subacuaticas-mexico-2008","category-mexico","category-natacion-con-aletas"],"modified_by":"Sportalsub.net","views":2867,"jetpack_publicize_connections":[],"jetpack_featured_media_url":"https:\/\/www.sportalsub.net\/blog\/wp-content\/uploads\/2015\/03\/fmas-apertura67.jpg","jetpack_sharing_enabled":true,"jetpack_shortlink":"https:\/\/wp.me\/pf9lN-8o","jetpack_likes_enabled":false,"jetpack-related-posts":[{"id":603,"url":"https:\/\/www.sportalsub.net\/blog\/venezolana-karla-mendez-impone-record-mundial-de-jump-blue-en-2da-copa-cmas-zona-america\/","url_meta":{"origin":520,"position":0},"title":"\ud83c\uddfb\ud83c\uddea Venezolana Karla M\u00e9ndez impone r\u00e9cord mundial de Apnea Jump Blue en 2da Copa CMAS Zona Am\u00e9rica","author":"Sportalsub.net","date":"8 noviembre 2008","format":false,"excerpt":"La venezolana Karla M\u00e9ndez impuso nuevo r\u00e9cord mundial de Apnea en la especialidad de Jump Blue en distancia de 140.80 metros en la 2\u00aa. Copa de la Confederaci\u00f3n Mundial de Actividades Subacu\u00e1ticas (CMAS) Zona Am\u00e9rica en evento desarrollado en la bah\u00eda de Acapulco, M\u00e9xico. El anterior r\u00e9cord mundial de Jump\u2026","rel":"","context":"En \u00abApnea\u00bb","block_context":{"text":"Apnea","link":"https:\/\/www.sportalsub.net\/blog\/category\/modalidades\/apnea\/"},"img":{"alt_text":"","src":"https:\/\/i0.wp.com\/www.sportalsub.net\/blog\/wp-content\/uploads\/2013\/11\/KARLA_JUMP_BLUE.jpg?resize=350%2C200&ssl=1","width":350,"height":200,"srcset":"https:\/\/i0.wp.com\/www.sportalsub.net\/blog\/wp-content\/uploads\/2013\/11\/KARLA_JUMP_BLUE.jpg?resize=350%2C200&ssl=1 1x, https:\/\/i0.wp.com\/www.sportalsub.net\/blog\/wp-content\/uploads\/2013\/11\/KARLA_JUMP_BLUE.jpg?resize=525%2C300&ssl=1 1.5x"},"classes":[]},{"id":18442,"url":"https:\/\/www.sportalsub.net\/blog\/inicia-seminario-internacional-para-jueces-de-nado-con-aletas-en-mexico\/","url_meta":{"origin":520,"position":1},"title":"\ud83c\uddf2\ud83c\uddfd Inicia Seminario Internacional para Jueces de Nado con Aletas en M\u00e9xico","author":"Sportalsub.net","date":"1 septiembre 2014","format":false,"excerpt":"(Especial Sportalsub.net \/ CMAS Zona Am\u00e9rica) En el marco del V Campeonato Panamericano de Nado con Aletas y Apnea, iniciar\u00e1n las actividades de dicha justa continental, con el Seminario Internacional para Jueces con Nado Aletas los d\u00edas 30 y 31 de agosto en las instalaciones del Centro Deportivo Ol\u00edmpico Mexicano,\u2026","rel":"","context":"En \u00abCursos, Cl\u00ednicas y Talleres\u00bb","block_context":{"text":"Cursos, Cl\u00ednicas y Talleres","link":"https:\/\/www.sportalsub.net\/blog\/category\/cursos-y-talleres\/"},"img":{"alt_text":"","src":"https:\/\/i0.wp.com\/www.sportalsub.net\/blog\/wp-content\/uploads\/2014\/09\/jueces-aletas-mexico.jpg?resize=350%2C200&ssl=1","width":350,"height":200,"srcset":"https:\/\/i0.wp.com\/www.sportalsub.net\/blog\/wp-content\/uploads\/2014\/09\/jueces-aletas-mexico.jpg?resize=350%2C200&ssl=1 1x, https:\/\/i0.wp.com\/www.sportalsub.net\/blog\/wp-content\/uploads\/2014\/09\/jueces-aletas-mexico.jpg?resize=525%2C300&ssl=1 1.5x, https:\/\/i0.wp.com\/www.sportalsub.net\/blog\/wp-content\/uploads\/2014\/09\/jueces-aletas-mexico.jpg?resize=700%2C400&ssl=1 2x"},"classes":[]},{"id":18461,"url":"https:\/\/www.sportalsub.net\/blog\/inaugurado-panamericano-nado-con-aletas-mexico-2014","url_meta":{"origin":520,"position":2},"title":"\ud83c\uddf2\ud83c\uddfd Inaugurado el V Campeonato Panamericano de Nado con Aletas CMAS Zona Am\u00e9rica en M\u00e9xico","author":"Sportalsub.net","date":"1 septiembre 2014","format":false,"excerpt":"(Especial Sportalsub.net \/ CMAS Zona Am\u00e9rica \/ FMAS) Ciudad de M\u00e9xico. A 01 de septiembre de 2014.- Xavier Dur\u00e1n Soler, vicepresidente de la Confederaci\u00f3n Mundial de Actividades Subacu\u00e1ticas (CMAS) presidi\u00f3 la ceremonia de apertura del V Campeonato Panamericano de Nado con Aletas y II Festival Infantil en la piscina del\u2026","rel":"","context":"En \u00abBrasil\u00bb","block_context":{"text":"Brasil","link":"https:\/\/www.sportalsub.net\/blog\/category\/paises\/america\/brasil\/"},"img":{"alt_text":"","src":"https:\/\/i0.wp.com\/www.sportalsub.net\/blog\/wp-content\/uploads\/2014\/09\/Fmas-inaugura-2.jpg?resize=350%2C200&ssl=1","width":350,"height":200,"srcset":"https:\/\/i0.wp.com\/www.sportalsub.net\/blog\/wp-content\/uploads\/2014\/09\/Fmas-inaugura-2.jpg?resize=350%2C200&ssl=1 1x, https:\/\/i0.wp.com\/www.sportalsub.net\/blog\/wp-content\/uploads\/2014\/09\/Fmas-inaugura-2.jpg?resize=525%2C300&ssl=1 1.5x, https:\/\/i0.wp.com\/www.sportalsub.net\/blog\/wp-content\/uploads\/2014\/09\/Fmas-inaugura-2.jpg?resize=700%2C400&ssl=1 2x, https:\/\/i0.wp.com\/www.sportalsub.net\/blog\/wp-content\/uploads\/2014\/09\/Fmas-inaugura-2.jpg?resize=1050%2C600&ssl=1 3x"},"classes":[]},{"id":7898,"url":"https:\/\/www.sportalsub.net\/blog\/fmas-mexico-obtiene-total-representacion-de-la-confederacion-mundial-de-actividades-subacuaticas\/","url_meta":{"origin":520,"position":3},"title":"\ud83c\uddf2\ud83c\uddfd FMAS (M\u00e9xico) obtiene total representaci\u00f3n de la Confederaci\u00f3n Mundial de Actividades Subacu\u00e1ticas","author":"Sportalsub.net","date":"26 enero 2011","format":false,"excerpt":"M\u00e9xico, D.F. A 25 de enero de 2011.- Tras larga y dura gesti\u00f3n, Rogelio Flores Aguilera, presidente de la Federaci\u00f3n Mexicana de Actividades Subacu\u00e1ticas, logr\u00f3 que la Confederaci\u00f3n Mundial de Actividades Subacu\u00e1ticas (CMAS), dirigida por Aquille Ferrero, otorgara la autonom\u00eda de la Comisi\u00f3n T\u00e9cnica, la cual ten\u00eda en su poder\u2026","rel":"","context":"En \u00abM\u00e9xico\u00bb","block_context":{"text":"M\u00e9xico","link":"https:\/\/www.sportalsub.net\/blog\/category\/paises\/america\/mexico\/"},"img":{"alt_text":"","src":"https:\/\/i0.wp.com\/www.sportalsub.net\/blog\/wp-content\/uploads\/2019\/11\/fmas.png?resize=350%2C200&ssl=1","width":350,"height":200,"srcset":"https:\/\/i0.wp.com\/www.sportalsub.net\/blog\/wp-content\/uploads\/2019\/11\/fmas.png?resize=350%2C200&ssl=1 1x, https:\/\/i0.wp.com\/www.sportalsub.net\/blog\/wp-content\/uploads\/2019\/11\/fmas.png?resize=525%2C300&ssl=1 1.5x"},"classes":[]},{"id":18382,"url":"https:\/\/www.sportalsub.net\/blog\/presentado-panamericano-mexico-2014","url_meta":{"origin":520,"position":4},"title":"\ud83c\uddf2\ud83c\uddfd Presentado en el Comit\u00e9 Ol\u00edmpico Mexicano el 5to Campeonato Panamericano de Nado con Aletas y Apnea y el 2do Festival Infantil de Nado con Aletas + Video","author":"Sportalsub.net","date":"21 agosto 2014","format":false,"excerpt":"(Especial Sportalsub.net \/ FMAS) En las instalaciones del Comit\u00e9 Ol\u00edmpico Mexicano se llevar\u00e1 a cabo el 5\u00ba. Campeonato Panamericano de Nado con Aletas y Apnea y el 2\u00ba. Festival Infantil de Nado con Aletas del 1 al 4 de septiembre de 2014 con la presencia de selecciones de 8 pa\u00edses\u2026","rel":"","context":"En \u00abApnea\u00bb","block_context":{"text":"Apnea","link":"https:\/\/www.sportalsub.net\/blog\/category\/modalidades\/apnea\/"},"img":{"alt_text":"","src":"https:\/\/i0.wp.com\/www.sportalsub.net\/blog\/wp-content\/uploads\/2014\/08\/rueda-de-prensa-mexico.jpg?resize=350%2C200&ssl=1","width":350,"height":200,"srcset":"https:\/\/i0.wp.com\/www.sportalsub.net\/blog\/wp-content\/uploads\/2014\/08\/rueda-de-prensa-mexico.jpg?resize=350%2C200&ssl=1 1x, https:\/\/i0.wp.com\/www.sportalsub.net\/blog\/wp-content\/uploads\/2014\/08\/rueda-de-prensa-mexico.jpg?resize=525%2C300&ssl=1 1.5x, https:\/\/i0.wp.com\/www.sportalsub.net\/blog\/wp-content\/uploads\/2014\/08\/rueda-de-prensa-mexico.jpg?resize=700%2C400&ssl=1 2x"},"classes":[]},{"id":594,"url":"https:\/\/www.sportalsub.net\/blog\/apnea-dinamica-en-2da-copa-cmas-america-mexico-2008\/","url_meta":{"origin":520,"position":5},"title":"\ud83c\uddf2\ud83c\uddfd Apnea Din\u00e1mica en 2da Copa CMAS Am\u00e9rica M\u00e9xico 2008","author":"Sportalsub.net","date":"6 noviembre 2008","format":false,"excerpt":"Ricardo Manrique Mendiola, de M\u00e9xico, y Karla M\u00e9ndez, de Venezuela, ganaron ayer por la noche la prueba de Apnea Din\u00e1mica al concluir la primera etapa de la 2\u00aa. Copa de la Confederaci\u00f3n Mundial de Actividades Subacu\u00e1ticas (CMAS) Zona Am\u00e9rica en la piscina del Centro Deportivo Ol\u00edmpico Mexicano. Manrique, quien ostenta\u2026","rel":"","context":"En \u00abApnea\u00bb","block_context":{"text":"Apnea","link":"https:\/\/www.sportalsub.net\/blog\/category\/modalidades\/apnea\/"},"img":{"alt_text":"","src":"https:\/\/i0.wp.com\/www.sportalsub.net\/blog\/wp-content\/uploads\/2008\/11\/bari_apneadinamic0014.jpg?resize=350%2C200&ssl=1","width":350,"height":200,"srcset":"https:\/\/i0.wp.com\/www.sportalsub.net\/blog\/wp-content\/uploads\/2008\/11\/bari_apneadinamic0014.jpg?resize=350%2C200&ssl=1 1x, https:\/\/i0.wp.com\/www.sportalsub.net\/blog\/wp-content\/uploads\/2008\/11\/bari_apneadinamic0014.jpg?resize=525%2C300&ssl=1 1.5x"},"classes":[]}],"_links":{"self":[{"href":"https:\/\/www.sportalsub.net\/blog\/wp-json\/wp\/v2\/posts\/520","targetHints":{"allow":["GET"]}}],"collection":[{"href":"https:\/\/www.sportalsub.net\/blog\/wp-json\/wp\/v2\/posts"}],"about":[{"href":"https:\/\/www.sportalsub.net\/blog\/wp-json\/wp\/v2\/types\/post"}],"author":[{"embeddable":true,"href":"https:\/\/www.sportalsub.net\/blog\/wp-json\/wp\/v2\/users\/1"}],"replies":[{"embeddable":true,"href":"https:\/\/www.sportalsub.net\/blog\/wp-json\/wp\/v2\/comments?post=520"}],"version-history":[{"count":0,"href":"https:\/\/www.sportalsub.net\/blog\/wp-json\/wp\/v2\/posts\/520\/revisions"}],"wp:featuredmedia":[{"embeddable":true,"href":"https:\/\/www.sportalsub.net\/blog\/wp-json\/wp\/v2\/media\/19736"}],"wp:attachment":[{"href":"https:\/\/www.sportalsub.net\/blog\/wp-json\/wp\/v2\/media?parent=520"}],"wp:term":[{"taxonomy":"category","embeddable":true,"href":"https:\/\/www.sportalsub.net\/blog\/wp-json\/wp\/v2\/categories?post=520"},{"taxonomy":"post_tag","embeddable":true,"href":"https:\/\/www.sportalsub.net\/blog\/wp-json\/wp\/v2\/tags?post=520"}],"curies":[{"name":"wp","href":"https:\/\/api.w.org\/{rel}","templated":true}]}}