{"id":52657,"date":"2022-06-17T02:17:33","date_gmt":"2022-06-17T06:17:33","guid":{"rendered":"https:\/\/www.sportalsub.net\/blog\/?p=52657"},"modified":"2022-06-21T03:19:28","modified_gmt":"2022-06-21T07:19:28","slug":"%f0%9f%87%b7%f0%9f%87%b8-campeonato-mundial-de-apnea-indoor-cmas-2022-belgrado-serbia","status":"publish","type":"post","link":"https:\/\/www.sportalsub.net\/blog\/cmas-freediving-worlds-indoor-serbia-2022","title":{"rendered":"\ud83c\uddf7\ud83c\uddf8 Resultados &#8211; Campeonato Mundial de Apnea Indoor CMAS 2022 \u2013 Belgrado, Serbia"},"content":{"rendered":"<p><img loading=\"lazy\" decoding=\"async\" class=\"alignnone size-full wp-image-52658\" src=\"https:\/\/www.sportalsub.net\/blog\/wp-content\/uploads\/2022\/03\/belgrade2022.jpg\" alt=\"\" width=\"900\" height=\"600\" srcset=\"https:\/\/www.sportalsub.net\/blog\/wp-content\/uploads\/2022\/03\/belgrade2022.jpg 900w, https:\/\/www.sportalsub.net\/blog\/wp-content\/uploads\/2022\/03\/belgrade2022-300x200.jpg 300w, https:\/\/www.sportalsub.net\/blog\/wp-content\/uploads\/2022\/03\/belgrade2022-768x512.jpg 768w, https:\/\/www.sportalsub.net\/blog\/wp-content\/uploads\/2022\/03\/belgrade2022-450x300.jpg 450w\" sizes=\"auto, (max-width: 900px) 100vw, 900px\" \/><\/p>\n<p>(Sportalsub.net \/ CMAS) \u2013\u00a0<a href=\"https:\/\/www.sportalsub.net\/en\/cmas-freediving-worlds-indoor-serbia-2022\">Read in English<\/a><\/p>\n<p>El Campeonato Mundial de Apnea Indoor (en piscina) 2022 de la Confederaci\u00f3n Mundial de Actividades Subacu\u00e1ticas (CMAS) se lleva a cabo en Belgrado, Serbia del 10 al 16 de junio de 2022. El evento es organizado por la Asociaci\u00f3n Serbia de Actividades Subacu\u00e1ticas (SOPAS) con el respaldo de CMAS.<\/p>\n<p><a href=\"https:\/\/www.youtube.com\/channel\/UCcYUmE76YcpgRy9-ZksOsRg\" target=\"_blank\" rel=\"noopener\" target=\"_blank\"><strong>LIVESTREAM YOUTUBE\u00a0<\/strong><\/a><\/p>\n<p><strong>RESULTADOS, VIDEOS\u00a0<\/strong><\/p>\n<p><strong>DIA 1 &#8211; DOMINGO 12 DE JUNIO \u2013 <a href=\"https:\/\/youtu.be\/YwLLlPGDMO0\" target=\"_blank\" rel=\"noopener\" target=\"_blank\">FULL VIDEO<\/a> &#8211; <a href=\"https:\/\/youtu.be\/H-B1KaYqWDs\" target=\"_blank\">VIDEO RESUMEN<\/a><\/strong><\/p>\n<p><strong>Din\u00e1mica sin Aletas (DNF) \u2013 <a href=\"https:\/\/www.sportalsub.net\/en\/wp-content\/uploads\/2022\/06\/RESULTS-DNF.pdf\" target=\"_blank\" rel=\"noopener\">RESULTADOS<\/a><\/strong><\/p>\n<p><strong>MEDALLISTAS SENIOR FEMENINO<\/strong><br \/>\n\ud83e\udd47 JULIA KOZERSKA \u2013\u00a0\ud83c\uddf5\ud83c\uddf1 POLAND \u2013 210 &#8211; <strong>WORLD RECORD<\/strong><br \/>\n\ud83e\udd48 MIRELA KARDASEVIC \u2013 \ud83c\udded\ud83c\uddf7 CROATIA \u2013 200<br \/>\n\ud83e\udd49 MAGDELENA SOLICH-TALANDA \u2013\u00a0\ud83c\uddf5\ud83c\uddf1 POLAND \u2013 198,69<br \/>\n<strong>MEDALLISTAS SENIOR MASCULINO<\/strong><br \/>\n\ud83e\udd47 MATEUSZ MALINA \u2013 \ud83c\uddf5\ud83c\uddf1 POLAND &#8211; 233,80<br \/>\n\ud83e\udd48 VANJA PELES \u2013\u00a0\ud83c\udded\ud83c\uddf7 CROATIA \u2013 227,30<br \/>\n\ud83e\udd49 GUILLAUME BOURDILA \u2013 \ud83c\uddeb\ud83c\uddf7 FRANCE \u2013 210,70<\/p>\n<p><strong>Endurance 16x50m<\/strong>\u00a0\u2013\u00a0<a href=\"https:\/\/www.sportalsub.net\/en\/wp-content\/uploads\/2022\/06\/RESULTS-16X50.pdf\" target=\"_blank\" rel=\"noopener\"><strong>RESULTADOS<\/strong><\/a><\/p>\n<p><strong>MEDALLISTAS SENIOR FEMENINO<\/strong><br \/>\n\ud83e\udd47 CHIARA ZAFFARONI \u2013 \ud83c\uddee\ud83c\uddf9 ITALY \u2013 11:08.68<br \/>\n\ud83e\udd48 YULIA CHUMAK \u2013 \ud83c\uddfa\ud83c\udde6 UKRAINE \u2013 11:37.25<br \/>\n\ud83e\udd49 JINDRISKA ZAJACOVA \u2013 \ud83c\udde8\ud83c\uddff CZECH REP. \u2013 12:25.55<br \/>\n<strong>MEDALLISTAS SENIOR MASCULINO<\/strong><br \/>\n\ud83e\udd47 DERIN TOPARLAK \u2013 \ud83c\uddf9\ud83c\uddf7 TURKEY \u2013 9:37.61<br \/>\n\ud83e\udd48 GIUSEPPE FUSTO \u2013 \ud83c\uddee\ud83c\uddf9\u00a0ITALY \u2013 9:53.00<br \/>\n\ud83e\udd49 DENIS SHAO \u2013 \ud83c\uddee\ud83c\uddf9\u00a0ITALY \u2013 10:08.24<strong><br \/>\n<\/strong><\/p>\n<hr \/>\n<p><strong>DIA 2 &#8211; LUNES 13 DE JUNIO\u2013 <a href=\"https:\/\/youtu.be\/rKRNh5YBnTo\" target=\"_blank\" rel=\"noopener\" target=\"_blank\">FULL VIDEO<\/a> &#8211; <a href=\"https:\/\/youtu.be\/2I7hvj2VVSc\" target=\"_blank\">VIDEO RESUMEN<\/a><\/strong><\/p>\n<p><strong>Din\u00e1mica con Bialetas (DYNBF) \u2013 <a href=\"https:\/\/www.sportalsub.net\/en\/wp-content\/uploads\/2022\/06\/RESULTS-DYNB.pdf\" target=\"_blank\" rel=\"noopener\">RESULTADOS<\/a><\/strong><\/p>\n<p><strong>MEDALLISTAS SENIOR FEMENINO<br \/>\n<\/strong>\ud83e\udd47 MIRELA KARDASEVIC \u2013 \ud83c\udded\ud83c\uddf7 CROATIA \u2013 250 &#8211;<strong> WORLD RECORD<\/strong><br \/>\n\ud83e\udd48 MAGDELENA SOLICH-TALANDA \u2013\u00a0\ud83c\uddf5\ud83c\uddf1 POLAND \u2013 248,70<br \/>\n\ud83e\udd49 LIVIA BREGONZIO \u2013 \ud83c\uddee\ud83c\uddf9\u00a0ITALY \u2013 240,60<br \/>\n<strong>MEDALLISTAS SENIOR MASCULINO<br \/>\n<\/strong>\ud83e\udd47 GUILLAUME BOURDILA \u2013 \ud83c\uddeb\ud83c\uddf7 FRANCE \u2013 274,70 &#8211;<strong> WORLD RECORD<\/strong><br \/>\n\ud83e\udd48 MATEUSZ MALINA \u2013 \ud83c\uddf5\ud83c\uddf1 POLAND &#8211; 274,06<br \/>\n\ud83e\udd49 MING JIN (WILLIAM JOY) \u2013 \ud83c\udde8\ud83c\uddf3\u00a0CHINA \u2013 251,60<\/p>\n<hr \/>\n<p><strong>DIA 3 -MARTES 14 DE JUNIO \u2013 <a href=\"https:\/\/youtu.be\/rKRNh5YBnTo\" target=\"_blank\" rel=\"noopener\" target=\"_blank\">FULL VIDEO 1<\/a> &#8211; <a href=\"https:\/\/www.youtube.com\/watch?v=IPEZ4X3B0Yw\" target=\"_blank\" rel=\"noopener\" target=\"_blank\">FULL VIDEO 2\u00a0<\/a>&#8211; <a href=\"https:\/\/www.youtube.com\/watch?v=q64V4Ve46RY\" target=\"_blank\">VIDEO RESUMEN<\/a><\/strong><\/p>\n<p><strong>Est\u00e1tica (STA) &#8211; <a href=\"https:\/\/www.sportalsub.net\/en\/wp-content\/uploads\/2022\/06\/RESULTS-STA.pdf\" target=\"_blank\" rel=\"noopener\">RESULTADOS<\/a><\/strong><\/p>\n<p><strong>MEDALLISTAS SENIOR FEMENINO<br \/>\n<\/strong>\ud83e\udd47 HEIKE MONIKA SCHWERDTNER \u2013 \ud83c\udde9\ud83c\uddea GERMANY \u2013 8:10.52<br \/>\n\ud83e\udd48 JULIA KOZERSKA \u2013\u00a0\ud83c\uddf5\ud83c\uddf1 POLAND \u2013 8:01.02<br \/>\n\ud83e\udd49 SILVIE GILSON \u2013 \ud83c\uddeb\ud83c\uddf7 FRANCE \u2013 7:56.59<br \/>\n<strong>MEDALLISTAS SENIOR MASCULINO<br \/>\n<\/strong>\ud83e\udd47 BUDIMIR SOBAT \u2013 \ud83c\udded\ud83c\uddf7 CROATIA &#8211; 9:12.71<br \/>\n\ud83e\udd48 LAURENT DE BEAUCARON \u2013 \ud83c\uddeb\ud83c\uddf7 FRANCE \u2013 8:58.42<br \/>\n\ud83e\udd49 BORIS MILOSIC \u2013 \ud83c\udded\ud83c\uddf7 CROATIA &#8211; 8:03.48<\/p>\n<p><strong>100 Speed &#8211; <a href=\"https:\/\/www.sportalsub.net\/en\/wp-content\/uploads\/2022\/06\/RESULTS-SPEED.pdf\" target=\"_blank\" rel=\"noopener\">RESULTADOS<\/a><\/strong><\/p>\n<p><strong>MEDALLISTAS SENIOR FEMENINO<br \/>\n<\/strong>\ud83e\udd47 ERICA BARBON \u2013 \ud83c\uddee\ud83c\uddf9 ITALY \u2013 37.74<br \/>\n\ud83e\udd48 KATERYNA VASHCHENKO \u2013 \ud83c\uddfa\ud83c\udde6 UKRAINE \u2013 39.44<br \/>\n\ud83e\udd49 DAIANA RADCHENKO \u2013 \ud83c\uddfa\ud83c\udde6 UKRAINE \u2013 41.35<br \/>\n<strong>MEDALLISTAS SENIOR MASCULINO<br \/>\n<\/strong>\ud83e\udd47 LORENZO CARONNO \u2013 \ud83c\uddee\ud83c\uddf9 ITALY \u2013 34.65<br \/>\n\ud83e\udd48 ANGELO SCIACCA \u2013 \ud83c\uddee\ud83c\uddf9 ITALY \u2013 35.37<br \/>\n\ud83e\udd49 DERIN TOPARLAK \u2013 \ud83c\uddf9\ud83c\uddf7 TURKEY \u2013 35.47<\/p>\n<hr \/>\n<p><strong>DAY 4 &#8211; MI\u00c9RCOLES 15 DE JUNIO \u2013 <a href=\"https:\/\/www.youtube.com\/watch?v=QH8Pg2rp6uQ\" target=\"_blank\">FULL VIDEO<\/a> &#8211; <a href=\"https:\/\/www.youtube.com\/watch?v=FbFzgKOxqo4\" target=\"_blank\">VIDEO RESUMEN<\/a><\/strong><\/p>\n<p><strong>Din\u00e1mica (DYN) &#8211; <a href=\"https:\/\/www.sportalsub.net\/en\/wp-content\/uploads\/2022\/06\/RESULTS-DYN.pdf\" target=\"_blank\" rel=\"noopener\">RESULTADOS<\/a><\/strong><\/p>\n<p><strong>MEDALLISTAS SENIOR FEMENINO<br \/>\n<\/strong>\ud83e\udd47 MIRELA KARDASEVIC \u2013 \ud83c\udded\ud83c\uddf7 CROATIA \u2013 275,36 &#8211;<strong> WORLD RECORD<\/strong><br \/>\n\ud83e\udd48 MAGDALENA SOLICH-TALANDA \u2013 \ud83c\uddf5\ud83c\uddf1 POLAND \u2013 262,78<br \/>\n\ud83e\udd49 JULIA KOZERSKA \u2013\u00a0\ud83c\uddf5\ud83c\uddf1 POLAND \u2013 256<br \/>\n<strong>MEDALLISTAS SENIOR MASCULINO<br \/>\n<\/strong>\ud83e\udd47 MATEUSZ MALINA \u2013 \ud83c\uddf5\ud83c\uddf1 POLAND &#8211; 321,43 &#8211;<strong> WORLD RECORD<\/strong><br \/>\n\ud83e\udd48 GUILLAUME BOURDILA \u2013 \ud83c\uddeb\ud83c\uddf7 FRANCE \u2013 286,80<br \/>\n\ud83e\udd49 MING JIN (WILLIAM JOY) \u2013 \ud83c\udde8\ud83c\uddf3 CHINA \u2013 279,16<\/p>\n<p><strong>Endurance 8&#215;50 &#8211; &#8211; <a href=\"https:\/\/www.sportalsub.net\/en\/wp-content\/uploads\/2022\/06\/RESULTS-8X50.pdf\" target=\"_blank\" rel=\"noopener\">RESULTADOS<\/a><\/strong><\/p>\n<p><strong>MEDALLISTAS SENIOR FEMENINO<br \/>\n<\/strong>\ud83e\udd47 CHIARA ZAFFARONI \u2013 \ud83c\uddee\ud83c\uddf9 ITALY &#8211; 4:40.00<br \/>\n\ud83e\udd48 YULIA CHUMAK \u2013 \ud83c\uddfa\ud83c\udde6 UKRAINE &#8211; 4:48.46<br \/>\n\ud83e\udd49 JINDRISKA ZAJACOVA \u2013 \ud83c\udde8\ud83c\uddff CZECH REP. &#8211; 5:06.09<br \/>\n<strong>MEDALLISTAS SENIOR MASCULINO<br \/>\n<\/strong>\ud83e\udd47 DERIN TOPARLAK \u2013 \ud83c\uddf9\ud83c\uddf7 TURKEY &#8211; 3:54.53<br \/>\n\ud83e\udd48 GIUSEPPE FUSTO \u2013 \ud83c\uddee\ud83c\uddf9 ITALY &#8211; 4:02.64<br \/>\n\ud83e\udd49 ANGELO SCIACCA \u2013 \ud83c\uddee\ud83c\uddf9 ITALY &#8211; 4:09.90<\/p>\n<hr \/>\n<p>El evento incluye 7 pruebas: Din\u00e1mica (DYN), Din\u00e1mica con Bialetas (DYNBF), Din\u00e1mica sin aletas (DNF), Est\u00e1tica (STA), Speed 100m, Endurance 8x50m y Endurance 16x50m.<\/p>\n<p>El evento est\u00e1 abierto a atletas mayores de 15 a\u00f1os pertenecientes a Equipos Nacionales.<br \/>\ncumpliendo a cabalidad con las disposiciones de las Regulaciones CMAS.<\/p>\n<p>En categor\u00eda juvenil pueden participar atletas de 15 a 17 a\u00f1os.<br \/>\nLa categor\u00eda s\u00e9nior corresponde a la edad de 18 a 49 a\u00f1os.<br \/>\nLos atletas que tienen al menos 50 a\u00f1os pueden competir en categor\u00eda master.<\/p>\n<p style=\"text-align: center;\"><strong>PROGRAMA<\/strong><\/p>\n<p><strong><img loading=\"lazy\" decoding=\"async\" class=\"alignnone size-full wp-image-35817\" src=\"https:\/\/www.sportalsub.net\/en\/wp-content\/uploads\/2022\/06\/belgrade2022.png\" alt=\"\" width=\"762\" height=\"820\" \/><\/strong><\/p>\n<p><strong><a href=\"http:\/\/www.wcfd2022.com\/\" target=\"_blank\">Website<\/a> &#8211; <a href=\"https:\/\/www.instagram.com\/wcapnbelgrade2022\/\" target=\"_blank\">Instagram<\/a> &#8211; <a href=\"https:\/\/www.facebook.com\/Cmas-Freediving-Indoor-WC-Belgrade-2022-108163967433763\/\" target=\"_blank\">Facebook<\/a> &#8211; <a href=\"https:\/\/www.youtube.com\/channel\/UCcYUmE76YcpgRy9-ZksOsRg\" target=\"_blank\">Youtube<\/a><\/strong><\/p>\n<p><strong>M\u00e1s informaci\u00f3n, sitio web CMAS<br \/>\n<a href=\"https:\/\/www.cmas.org\/events\/world-freediving-indoor-championship\" target=\"_blank\" rel=\"noopener noreferrer\" target=\"_blank\">Invitaci\u00f3n oficial junior-senior<\/a><br \/>\n<a href=\"https:\/\/www.cmas.org\/events\/2022-cmas-masters-world-indoor-freediving-championship-10-16\/06\/2022\" target=\"_blank\">Invitaci\u00f3n oficial masters<\/a><\/strong><\/p>\n","protected":false},"excerpt":{"rendered":"<p>(Sportalsub.net \/ CMAS) \u2013\u00a0Read in English El Campeonato Mundial de Apnea Indoor (en piscina) 2022 de la Confederaci\u00f3n Mundial de Actividades Subacu\u00e1ticas (CMAS) se lleva a cabo en Belgrado, Serbia del 10 al 16 de junio de 2022. El evento es organizado por la Asociaci\u00f3n Serbia de Actividades Subacu\u00e1ticas (SOPAS) con el respaldo de CMAS. LIVESTREAM YOUTUBE\u00a0 RESULTADOS, VIDEOS\u00a0 DIA [&#8230;]<\/p>\n","protected":false},"author":1,"featured_media":52658,"comment_status":"open","ping_status":"closed","sticky":false,"template":"","format":"standard","meta":{"_lmt_disableupdate":"","_lmt_disable":"","jetpack_post_was_ever_published":false,"_jetpack_newsletter_access":"","_jetpack_dont_email_post_to_subs":false,"_jetpack_newsletter_tier_id":0,"_jetpack_memberships_contains_paywalled_content":false,"_jetpack_memberships_contains_paid_content":false,"footnotes":"","jetpack_publicize_message":"","jetpack_publicize_feature_enabled":true,"jetpack_social_post_already_shared":true,"jetpack_social_options":{"image_generator_settings":{"template":"highway","default_image_id":0,"font":"","enabled":false},"version":2}},"categories":[9,120,225],"tags":[469,450],"class_list":["post-52657","post","type-post","status-publish","format-standard","has-post-thumbnail","hentry","category-apnea","category-resultados","category-serbia","tag-apnea-belgrado-2022","tag-destacados"],"modified_by":"Sportalsub.net","views":4871,"jetpack_publicize_connections":[],"jetpack_featured_media_url":"https:\/\/www.sportalsub.net\/blog\/wp-content\/uploads\/2022\/03\/belgrade2022.jpg","jetpack_sharing_enabled":true,"jetpack_shortlink":"https:\/\/wp.me\/pf9lN-dHj","jetpack_likes_enabled":false,"jetpack-related-posts":[{"id":55767,"url":"https:\/\/www.sportalsub.net\/blog\/ecuador-presente-en-el-campeonato-mundial-de-apnea-indoor-cmas-2022-en-belgrado-serbia\/","url_meta":{"origin":52657,"position":0},"title":"\ud83c\uddea\ud83c\udde8 Ecuador logra 8 R\u00e9cords Panamericanos en Campeonato Mundial de Apnea Indoor CMAS 2022 en Belgrado, Serbia","author":"Sportalsub.net","date":"16 junio 2022","format":false,"excerpt":"(Sportalsub.net \/ FEDASUB) La Selecci\u00f3n Nacional de Apnea de la Federaci\u00f3n Ecuatoriana de Buceo y Actividades Subacu\u00e1ticas (FEDASUB) compuesta por los apneistas Mar\u00eda Ver\u00f3nica Cordova, Arianna Garcia, \u00a0Fabian Mora; con David Henriques como delegado, logr\u00f3 8 R\u00e9cords Panamericanos de Apnea en Belgrado, Serbia durante el Campeonato Mundial de Apnea Indoor\u2026","rel":"","context":"En \u00abApnea\u00bb","block_context":{"text":"Apnea","link":"https:\/\/www.sportalsub.net\/blog\/category\/modalidades\/apnea\/"},"img":{"alt_text":"","src":"https:\/\/i0.wp.com\/www.sportalsub.net\/blog\/wp-content\/uploads\/2022\/06\/ecuador-serbia2022.jpg?resize=350%2C200&ssl=1","width":350,"height":200,"srcset":"https:\/\/i0.wp.com\/www.sportalsub.net\/blog\/wp-content\/uploads\/2022\/06\/ecuador-serbia2022.jpg?resize=350%2C200&ssl=1 1x, https:\/\/i0.wp.com\/www.sportalsub.net\/blog\/wp-content\/uploads\/2022\/06\/ecuador-serbia2022.jpg?resize=525%2C300&ssl=1 1.5x, https:\/\/i0.wp.com\/www.sportalsub.net\/blog\/wp-content\/uploads\/2022\/06\/ecuador-serbia2022.jpg?resize=700%2C400&ssl=1 2x"},"classes":[]},{"id":74054,"url":"https:\/\/www.sportalsub.net\/blog\/colombia-apnea-cmas-belgrado-2024","url_meta":{"origin":52657,"position":1},"title":"\ud83c\udde8\ud83c\uddf4 Selecci\u00f3n Colombia en el Campeonato Mundial de Apnea en piscina CMAS \u2013 Belgrado, Serbia 2024","author":"Sportalsub.net","date":"5 julio 2024","format":false,"excerpt":"(Sportalsub.net \/ FEDECAS) La Selecci\u00f3n Colombia se presenta en el\u00a014to Campeonato Mundial CMAS de Apnea en piscina 2024 \u2013 Belgrado, Serbia del 4 al 10 de julio. Con los deportistas: Sof\u00eda G\u00f3mez Uribe, Vanessa Tamayo, Federico Ruiz y Mateo Rodas, acompa\u00f1ados del delegado oficial Diego Le\u00f3n Rodriguez y el Jefe\u2026","rel":"","context":"En \u00abApnea\u00bb","block_context":{"text":"Apnea","link":"https:\/\/www.sportalsub.net\/blog\/category\/modalidades\/apnea\/"},"img":{"alt_text":"","src":"https:\/\/i0.wp.com\/www.sportalsub.net\/blog\/wp-content\/uploads\/2024\/07\/apnecolombiaserbia2024.jpg?resize=350%2C200&ssl=1","width":350,"height":200,"srcset":"https:\/\/i0.wp.com\/www.sportalsub.net\/blog\/wp-content\/uploads\/2024\/07\/apnecolombiaserbia2024.jpg?resize=350%2C200&ssl=1 1x, https:\/\/i0.wp.com\/www.sportalsub.net\/blog\/wp-content\/uploads\/2024\/07\/apnecolombiaserbia2024.jpg?resize=525%2C300&ssl=1 1.5x, https:\/\/i0.wp.com\/www.sportalsub.net\/blog\/wp-content\/uploads\/2024\/07\/apnecolombiaserbia2024.jpg?resize=700%2C400&ssl=1 2x"},"classes":[]},{"id":45751,"url":"https:\/\/www.sportalsub.net\/blog\/colombia-ecuador-y-espana-presentes-en-campeonato-mundial-de-apnea-indoor-cmas-2021-en-serbia\/","url_meta":{"origin":52657,"position":2},"title":"\ud83c\udde8\ud83c\uddf4 Colombia, \ud83c\uddea\ud83c\udde8 Ecuador y \ud83c\uddea\ud83c\uddf8 Espa\u00f1a presentes en Campeonato Mundial de Apnea Indoor CMAS 2021 en Serbia","author":"Sportalsub.net","date":"22 junio 2021","format":false,"excerpt":"(Especial Sportalsub.net \/ FEDAS \/ FEDECAS \/ FEDASUB) 3 pa\u00edses de habla hispana: Colombia, Ecuador y Espa\u00f1a, est\u00e1n presentes en el El 11\u00b0 Campeonato Mundial de Apnea Indoor (en piscina) de la Confederaci\u00f3n Mundial de Actividades Subacu\u00e1ticas (CMAS) que se lleva a cabo en Belgrado, Serbia del 21 al 27\u2026","rel":"","context":"En \u00abApnea\u00bb","block_context":{"text":"Apnea","link":"https:\/\/www.sportalsub.net\/blog\/category\/modalidades\/apnea\/"},"img":{"alt_text":"","src":"https:\/\/i0.wp.com\/www.sportalsub.net\/blog\/wp-content\/uploads\/2021\/06\/hispanosenserbia.jpg?resize=350%2C200&ssl=1","width":350,"height":200,"srcset":"https:\/\/i0.wp.com\/www.sportalsub.net\/blog\/wp-content\/uploads\/2021\/06\/hispanosenserbia.jpg?resize=350%2C200&ssl=1 1x, https:\/\/i0.wp.com\/www.sportalsub.net\/blog\/wp-content\/uploads\/2021\/06\/hispanosenserbia.jpg?resize=525%2C300&ssl=1 1.5x, https:\/\/i0.wp.com\/www.sportalsub.net\/blog\/wp-content\/uploads\/2021\/06\/hispanosenserbia.jpg?resize=700%2C400&ssl=1 2x"},"classes":[]},{"id":74050,"url":"https:\/\/www.sportalsub.net\/blog\/mexico-apnea-cmas-belgrado-2024","url_meta":{"origin":52657,"position":3},"title":"\ud83c\uddf2\ud83c\uddfd Ivonne Rodriguez representa a M\u00e9xico en el Campeonato Mundial de Apnea en piscina CMAS \u2013 Belgrado, Serbia 2024","author":"Sportalsub.net","date":"5 julio 2024","format":false,"excerpt":"(Sportalsub.net \/ FMAS) La Apneista Mexicana Ivonne Rodriguez Estrada es la \u00fanica representante de su pa\u00eds\u00a0 en el 14to Campeonato Mundial CMAS de Apnea en piscina 2024 \u2013 Belgrado, Serbia que se realiza del 4 al 10 de julio. Ivonne est\u00e1 acompa\u00f1ada en el evento por el entrenador Jos\u00e9 Juan\u2026","rel":"","context":"En \u00abApnea\u00bb","block_context":{"text":"Apnea","link":"https:\/\/www.sportalsub.net\/blog\/category\/modalidades\/apnea\/"},"img":{"alt_text":"","src":"https:\/\/i0.wp.com\/www.sportalsub.net\/blog\/wp-content\/uploads\/2024\/07\/apneamexicoserbia2024.jpg?resize=350%2C200&ssl=1","width":350,"height":200,"srcset":"https:\/\/i0.wp.com\/www.sportalsub.net\/blog\/wp-content\/uploads\/2024\/07\/apneamexicoserbia2024.jpg?resize=350%2C200&ssl=1 1x, https:\/\/i0.wp.com\/www.sportalsub.net\/blog\/wp-content\/uploads\/2024\/07\/apneamexicoserbia2024.jpg?resize=525%2C300&ssl=1 1.5x, https:\/\/i0.wp.com\/www.sportalsub.net\/blog\/wp-content\/uploads\/2024\/07\/apneamexicoserbia2024.jpg?resize=700%2C400&ssl=1 2x"},"classes":[]},{"id":45787,"url":"https:\/\/www.sportalsub.net\/blog\/2-records-panamericanos-y-medalla-de-bronce-para-maria-veronica-cordova-de-ecuador-en-inicio-del-mundial-de-apnea-cmas-serbia-2021\/","url_meta":{"origin":52657,"position":4},"title":"\ud83c\uddea\ud83c\udde8 2 R\u00e9cords Panamericanos y Bronce para Mar\u00eda Ver\u00f3nica C\u00f3rdova de Ecuador en inicio del Mundial Apnea CMAS Serbia 2021","author":"Sportalsub.net","date":"24 junio 2021","format":false,"excerpt":"(Sportalsub.net \/ FEDASUB) La Apneista Ecuatoriana Mar\u00eda Ver\u00f3nica\u00a0C\u00f3rdova\u00a0ha iniciado con gran \u00e9xito su participaci\u00f3n en el \u00a011\u00b0 Campeonato Mundial de Apnea Indoor CMAS 2021 \u2013 Belgrado, Serbia en donde ha logrado establecer dos nuevos r\u00e9cords panamericanos en las pruebas de din\u00e1mica sin aletas y din\u00e1mica con bialetas (en donde tambi\u00e9n\u2026","rel":"","context":"En \u00abApnea\u00bb","block_context":{"text":"Apnea","link":"https:\/\/www.sportalsub.net\/blog\/category\/modalidades\/apnea\/"},"img":{"alt_text":"","src":"https:\/\/i0.wp.com\/www.sportalsub.net\/blog\/wp-content\/uploads\/2021\/06\/mariaveronica.jpg?resize=350%2C200&ssl=1","width":350,"height":200,"srcset":"https:\/\/i0.wp.com\/www.sportalsub.net\/blog\/wp-content\/uploads\/2021\/06\/mariaveronica.jpg?resize=350%2C200&ssl=1 1x, https:\/\/i0.wp.com\/www.sportalsub.net\/blog\/wp-content\/uploads\/2021\/06\/mariaveronica.jpg?resize=525%2C300&ssl=1 1.5x, https:\/\/i0.wp.com\/www.sportalsub.net\/blog\/wp-content\/uploads\/2021\/06\/mariaveronica.jpg?resize=700%2C400&ssl=1 2x"},"classes":[]},{"id":74065,"url":"https:\/\/www.sportalsub.net\/blog\/chile-apnea-cmas-belgrado-2024","url_meta":{"origin":52657,"position":5},"title":"\ud83c\udde8\ud83c\uddf1 Team Chile de Apnea en el Campeonato Mundial CMAS en piscina \u2013 Belgrado, Serbia 2024","author":"Sportalsub.net","date":"6 julio 2024","format":false,"excerpt":"(Sportalsub.net \/ FEDESUB) El Team Chile tiene dos representantes en el 14to Campeonato Mundial CMAS de Apnea en piscina 2024 \u2013 Belgrado, Serbia\u00a0del 4 al 10 de julio. Los deportistas: Carol Carrasco y Rodrigo Pichun, fueron los seleccionados por la Federaci\u00f3n Deportiva Nacional de Actividades Subacu\u00e1ticas y Salvamento Acu\u00e1tico de\u2026","rel":"","context":"En \u00abApnea\u00bb","block_context":{"text":"Apnea","link":"https:\/\/www.sportalsub.net\/blog\/category\/modalidades\/apnea\/"},"img":{"alt_text":"","src":"https:\/\/i0.wp.com\/www.sportalsub.net\/blog\/wp-content\/uploads\/2024\/07\/teamchileapnea.jpg?resize=350%2C200&ssl=1","width":350,"height":200,"srcset":"https:\/\/i0.wp.com\/www.sportalsub.net\/blog\/wp-content\/uploads\/2024\/07\/teamchileapnea.jpg?resize=350%2C200&ssl=1 1x, https:\/\/i0.wp.com\/www.sportalsub.net\/blog\/wp-content\/uploads\/2024\/07\/teamchileapnea.jpg?resize=525%2C300&ssl=1 1.5x, https:\/\/i0.wp.com\/www.sportalsub.net\/blog\/wp-content\/uploads\/2024\/07\/teamchileapnea.jpg?resize=700%2C400&ssl=1 2x"},"classes":[]}],"_links":{"self":[{"href":"https:\/\/www.sportalsub.net\/blog\/wp-json\/wp\/v2\/posts\/52657","targetHints":{"allow":["GET"]}}],"collection":[{"href":"https:\/\/www.sportalsub.net\/blog\/wp-json\/wp\/v2\/posts"}],"about":[{"href":"https:\/\/www.sportalsub.net\/blog\/wp-json\/wp\/v2\/types\/post"}],"author":[{"embeddable":true,"href":"https:\/\/www.sportalsub.net\/blog\/wp-json\/wp\/v2\/users\/1"}],"replies":[{"embeddable":true,"href":"https:\/\/www.sportalsub.net\/blog\/wp-json\/wp\/v2\/comments?post=52657"}],"version-history":[{"count":0,"href":"https:\/\/www.sportalsub.net\/blog\/wp-json\/wp\/v2\/posts\/52657\/revisions"}],"wp:featuredmedia":[{"embeddable":true,"href":"https:\/\/www.sportalsub.net\/blog\/wp-json\/wp\/v2\/media\/52658"}],"wp:attachment":[{"href":"https:\/\/www.sportalsub.net\/blog\/wp-json\/wp\/v2\/media?parent=52657"}],"wp:term":[{"taxonomy":"category","embeddable":true,"href":"https:\/\/www.sportalsub.net\/blog\/wp-json\/wp\/v2\/categories?post=52657"},{"taxonomy":"post_tag","embeddable":true,"href":"https:\/\/www.sportalsub.net\/blog\/wp-json\/wp\/v2\/tags?post=52657"}],"curies":[{"name":"wp","href":"https:\/\/api.w.org\/{rel}","templated":true}]}}