{"id":543,"date":"2008-11-04T20:25:55","date_gmt":"2008-11-05T00:55:55","guid":{"rendered":"http:\/\/www.sportalsub.net\/blog\/?p=543"},"modified":"2019-08-30T10:01:47","modified_gmt":"2019-08-30T14:01:47","slug":"segunda-jornada-natacion-con-aletas-en-2da-copa-cmas-zona-america-mexico-2008","status":"publish","type":"post","link":"https:\/\/www.sportalsub.net\/blog\/segunda-jornada-natacion-con-aletas-en-2da-copa-cmas-zona-america-mexico-2008\/","title":{"rendered":"\ud83c\uddf2\ud83c\uddfd Segunda Jornada Nataci\u00f3n con Aletas en 2da Copa CMAS Zona Am\u00e9rica M\u00e9xico 2008"},"content":{"rendered":"<p><img loading=\"lazy\" decoding=\"async\" class=\"alignnone size-full wp-image-8297\" title=\"bari005\" src=\"http:\/\/www.sportalsub.net\/blog\/wp-content\/uploads\/2008\/11\/bari005.jpg\" alt=\"\" width=\"600\" height=\"800\" srcset=\"https:\/\/www.sportalsub.net\/blog\/wp-content\/uploads\/2008\/11\/bari005.jpg 600w, https:\/\/www.sportalsub.net\/blog\/wp-content\/uploads\/2008\/11\/bari005-225x300.jpg 225w\" sizes=\"auto, (max-width: 600px) 100vw, 600px\" \/><\/p>\n<p>En\u00a0el segundo d\u00eda de acciones de la 2\u00aa. Copa CMAS Zona Am\u00e9rica\u00a0continuaron las pruebas de piscina de nado con aletas cuando en el evento 11 correspondiente en los 50 metros femenil superficie Ilse Bustamante cubri\u00f3 la distancia en 22.87 segundos para conquistar la medalla de oro y ahora la venezolana Neila Fern\u00e1ndes se llevar\u00e1 a su pa\u00eds la de plata con un registro de 22.93 y el bronce lo obtuvo la mexicana Jenny Rivera cronometrando 23.20 segundos.<\/p>\n<p><!--more--><br \/>\nEn los 50 metros bialeta la selecci\u00f3n femenil de\u00a0M\u00e9xico hizo el 1-2 a trav\u00e9s de Katia L\u00f3pez que hizo un registro de 28.27 segundos y Priscila Orihuela marc\u00f3 el ritmo de 28.76 para el segundo puesto.<\/p>\n<p>En donde Venezuela mantuvo su hegemon\u00eda result\u00f3 ser en los 50 metros superficie apoder\u00e1ndose de la medalla de oro y plata con Hivinds L\u00f3pez (19.78) Y Andr\u00e9s Hern\u00e1ndez (20.06) y la medalla de bronce qued\u00f3 en manos del mexicano Julio C\u00e9sar Hern\u00e1ndez (20.16).<\/p>\n<p>Ahora bien, en los 50 metros en la especialidad de bialeta varonil el oro perteneci\u00f3 al mexicano Diego Padilla (22.40) y el bronce para su coterr\u00e1neo Juan Tenopala (23.49) dejando con la plata al venezolano Leonardo Rivas (23.25).<\/p>\n<p>EL CIERRE EN COMPETENCIAS DE PISCINA<\/p>\n<p>Este mi\u00e9rcoles por la ma\u00f1ana concluir\u00e1n las pruebas de nado con aletas de piscina y en la secci\u00f3n vespertina llegar\u00e1n las finales de Apnea Din\u00e1mica y los atletas de las delegaciones de Cuba, Chile, Venezuela, Ecuador y M\u00e9xico har\u00e1n preparativos para viajar al Puerto de Acapulco en Guerrero para sostener los duelos deportivos en aguas abiertas.<\/p>\n<p>Fuente: <a href=\"http:\/\/www.ikkosports.com.mx\/\" target=\"_blank\" rel=\"noopener noreferrer\" target=\"_blank\">Ikkosports<\/a><\/p>\n<p>Fotos cortes\u00eda FVAS &#8211; Venezuela <a href=\"http:\/\/www.fvas.com.ve\" target=\"_blank\">www.fvas.com.ve<\/a><\/p>\n<p><span lang=\"ES-VE\"><span lang=\"ES-VE\"><img loading=\"lazy\" decoding=\"async\" src=\"http:\/\/www.fvas.com.ve\/images\/stories\/mexico012.JPG\" alt=\"\" width=\"400\" height=\"300\" border=\"0\" \/><\/span><\/span><\/p>\n<p class=\"MsoNormal\" style=\"margin: 0cm 0cm 10pt;\"><img loading=\"lazy\" decoding=\"async\" src=\"http:\/\/www.fvas.com.ve\/images\/stories\/mexico004.JPG\" alt=\"\" width=\"400\" height=\"300\" border=\"0\" \/><\/p>\n<p class=\"MsoNormal\" style=\"margin: 0cm 0cm 10pt;\"><img loading=\"lazy\" decoding=\"async\" src=\"http:\/\/www.fvas.com.ve\/images\/stories\/mexico011.JPG\" alt=\"\" width=\"400\" height=\"300\" border=\"0\" \/><\/p>\n<p class=\"MsoNormal\" style=\"margin: 0cm 0cm 10pt;\"><img loading=\"lazy\" decoding=\"async\" src=\"http:\/\/www.fvas.com.ve\/images\/stories\/mexico005.JPG\" alt=\"\" width=\"400\" height=\"300\" border=\"0\" \/><\/p>\n<p class=\"MsoNormal\" style=\"margin: 0cm 0cm 10pt;\"><span lang=\"ES-VE\"><img loading=\"lazy\" decoding=\"async\" src=\"http:\/\/www.fvas.com.ve\/images\/stories\/mexico010.JPG\" alt=\"\" width=\"400\" height=\"300\" border=\"0\" \/><\/span><\/p>\n<p class=\"MsoNormal\" style=\"margin: 0cm 0cm 0pt;\">\n","protected":false},"excerpt":{"rendered":"<p>En\u00a0el segundo d\u00eda de acciones de la 2\u00aa. Copa CMAS Zona Am\u00e9rica\u00a0continuaron las pruebas de piscina de nado con aletas cuando en el evento 11 correspondiente en los 50 metros femenil superficie Ilse Bustamante cubri\u00f3 la distancia en 22.87 segundos para conquistar la medalla de oro y ahora la venezolana Neila Fern\u00e1ndes se llevar\u00e1 a su pa\u00eds la de plata [&#8230;]<\/p>\n","protected":false},"author":1,"featured_media":8297,"comment_status":"open","ping_status":"closed","sticky":false,"template":"","format":"standard","meta":{"_lmt_disableupdate":"","_lmt_disable":"","jetpack_post_was_ever_published":false,"_jetpack_newsletter_access":"","_jetpack_dont_email_post_to_subs":false,"_jetpack_newsletter_tier_id":0,"_jetpack_memberships_contains_paywalled_content":false,"_jetpack_memberships_contains_paid_content":false,"footnotes":"","jetpack_publicize_message":"","jetpack_publicize_feature_enabled":true,"jetpack_social_post_already_shared":false,"jetpack_social_options":{"image_generator_settings":{"template":"highway","default_image_id":0,"font":"","enabled":false},"version":2}},"categories":[105,12],"tags":[],"class_list":["post-543","post","type-post","status-publish","format-standard","has-post-thumbnail","hentry","category-2da-copa-panamericana-actividades-subacuaticas-mexico-2008","category-natacion-con-aletas"],"modified_by":"Sportalsub.net","views":7200,"jetpack_publicize_connections":[],"jetpack_featured_media_url":"https:\/\/www.sportalsub.net\/blog\/wp-content\/uploads\/2008\/11\/bari005.jpg","jetpack_sharing_enabled":true,"jetpack_shortlink":"https:\/\/wp.me\/pf9lN-8L","jetpack_likes_enabled":false,"jetpack-related-posts":[{"id":528,"url":"https:\/\/www.sportalsub.net\/blog\/primera-jornada-natacion-con-aletas-en-2da-copa-cmas-zona-america-mexico-2008\/","url_meta":{"origin":543,"position":0},"title":"\ud83c\uddf2\ud83c\uddfd Primera Jornada Nataci\u00f3n con Aletas en 2da Copa CMAS Zona Am\u00e9rica M\u00e9xico 2008","author":"Sportalsub.net","date":"3 noviembre 2008","format":false,"excerpt":"La primera jornada de la segunda Copa CMAS Zona Am\u00e9rica que se realiza en la piscina del Comit\u00e9 Ol\u00edmpico Mexicano (COM) arroj\u00f3 cinco preseas de oro para el representativo nacional\u00a0de M\u00e9xico en las distintas pruebas de nataci\u00f3n con aletas, mientras Venezuela se llev\u00f3 tres metales dorados. En el evento femenil\u2026","rel":"","context":"En \u00abCopa Panamericana 2008\u00bb","block_context":{"text":"Copa Panamericana 2008","link":"https:\/\/www.sportalsub.net\/blog\/category\/coberturas-especiales\/2da-copa-panamericana-actividades-subacuaticas-mexico-2008\/"},"img":{"alt_text":"","src":"https:\/\/i0.wp.com\/www.sportalsub.net\/blog\/wp-content\/uploads\/2008\/11\/naletes-piscina.jpg?resize=350%2C200&ssl=1","width":350,"height":200},"classes":[]},{"id":589,"url":"https:\/\/www.sportalsub.net\/blog\/tercera-jornada-natacion-con-aletas-en-2da-copa-cmas-zona-america-mexico-2008\/","url_meta":{"origin":543,"position":1},"title":"\ud83c\uddf2\ud83c\uddfd Tercera Jornada Nataci\u00f3n con Aletas en 2da Copa CMAS Zona Am\u00e9rica M\u00e9xico 2008","author":"Sportalsub.net","date":"5 noviembre 2008","format":false,"excerpt":"El mexicano Salvador Badillo sum\u00f3 seis medallas de oro constituy\u00e9ndose como el mejor competidor de la 2\u00aa. Copa de la Confederaci\u00f3n Mundial de Actividades Subacu\u00e1ticas (CMAS) en la Zona Am\u00e9rica al conseguir hoy la presea dorada en el relevo de 400 metros varonil en el cierre de las competencias de\u2026","rel":"","context":"En \u00abCopa Panamericana 2008\u00bb","block_context":{"text":"Copa Panamericana 2008","link":"https:\/\/www.sportalsub.net\/blog\/category\/coberturas-especiales\/2da-copa-panamericana-actividades-subacuaticas-mexico-2008\/"},"img":{"alt_text":"","src":"https:\/\/i0.wp.com\/www.sportalsub.net\/blog\/wp-content\/uploads\/2008\/11\/badillo.jpg?resize=350%2C200&ssl=1","width":350,"height":200},"classes":[]},{"id":18470,"url":"https:\/\/www.sportalsub.net\/blog\/primeras-medallas-infantil-mexico-2014","url_meta":{"origin":543,"position":2},"title":"\ud83c\uddf2\ud83c\uddfd Primeras Medallas del Festival Internacional Infantil en el V Panamericano de Nado con Aletas en M\u00e9xico","author":"Sportalsub.net","date":"3 septiembre 2014","format":false,"excerpt":"(Especial Sportalsub.net \/ FMAS \/ CMAS Zona Am\u00e9rica) Ciudad de M\u00e9xico. A 02 de septiembre de 2014. El V Campeonato Panamericano de Nado con Aletas y Apnea reparti\u00f3 las primeras medallas en el certamen en el\u00a0II Festival Internacional Infantil por clubes en lo que result\u00f3 la primera jornada que se\u2026","rel":"","context":"En \u00abColombia\u00bb","block_context":{"text":"Colombia","link":"https:\/\/www.sportalsub.net\/blog\/category\/paises\/america\/colombia\/"},"img":{"alt_text":"","src":"https:\/\/i0.wp.com\/www.sportalsub.net\/blog\/wp-content\/uploads\/2014\/09\/Samar-Richany.jpg?resize=350%2C200&ssl=1","width":350,"height":200,"srcset":"https:\/\/i0.wp.com\/www.sportalsub.net\/blog\/wp-content\/uploads\/2014\/09\/Samar-Richany.jpg?resize=350%2C200&ssl=1 1x, https:\/\/i0.wp.com\/www.sportalsub.net\/blog\/wp-content\/uploads\/2014\/09\/Samar-Richany.jpg?resize=525%2C300&ssl=1 1.5x, https:\/\/i0.wp.com\/www.sportalsub.net\/blog\/wp-content\/uploads\/2014\/09\/Samar-Richany.jpg?resize=700%2C400&ssl=1 2x, https:\/\/i0.wp.com\/www.sportalsub.net\/blog\/wp-content\/uploads\/2014\/09\/Samar-Richany.jpg?resize=1050%2C600&ssl=1 3x, https:\/\/i0.wp.com\/www.sportalsub.net\/blog\/wp-content\/uploads\/2014\/09\/Samar-Richany.jpg?resize=1400%2C800&ssl=1 4x"},"classes":[]},{"id":1980,"url":"https:\/\/www.sportalsub.net\/blog\/resultados-de-la-5ta-ronda-de-la-iv-copa-mundo-de-natacion-con-aletas-cmas-2009\/","url_meta":{"origin":543,"position":3},"title":"\ud83c\udde8\ud83c\uddf4 Colombia destaca en la 5ta Ronda de la IV Copa Mundo de Nataci\u00f3n con Aletas CMAS 2009 + Resultados","author":"Sportalsub.net","date":"27 abril 2009","format":false,"excerpt":"Una destacada actuaci\u00f3n cumpli\u00f3 Colombia en la quinta parada de la IV Copa Mundo Cmas de Nataci\u00f3n con Aletas,\u00a0realizada este 25 y 26 de Abril en Estambul, Turqu\u00eda. Al t\u00e9rmino de la segunda jornada, los deportistas vallecaucanos, dirigidos por el entrenador Fabio Delgado,\u00a0han conseguido seis medallas de oro,\u00a0ocho de plata\u2026","rel":"","context":"En \u00abColombia\u00bb","block_context":{"text":"Colombia","link":"https:\/\/www.sportalsub.net\/blog\/category\/paises\/america\/colombia\/"},"img":{"alt_text":"","src":"https:\/\/i0.wp.com\/www.sportalsub.net\/blog\/wp-content\/uploads\/2009\/04\/3rajornadafedecas.jpg?resize=350%2C200&ssl=1","width":350,"height":200,"srcset":"https:\/\/i0.wp.com\/www.sportalsub.net\/blog\/wp-content\/uploads\/2009\/04\/3rajornadafedecas.jpg?resize=350%2C200&ssl=1 1x, https:\/\/i0.wp.com\/www.sportalsub.net\/blog\/wp-content\/uploads\/2009\/04\/3rajornadafedecas.jpg?resize=525%2C300&ssl=1 1.5x, https:\/\/i0.wp.com\/www.sportalsub.net\/blog\/wp-content\/uploads\/2009\/04\/3rajornadafedecas.jpg?resize=700%2C400&ssl=1 2x"},"classes":[]},{"id":2743,"url":"https:\/\/www.sportalsub.net\/blog\/colombia-logra-9-medallas-de-oro-en-la-golden-final-de-la-copa-del-mundo-de-natacion-con-aletas-cmas-2009\/","url_meta":{"origin":543,"position":4},"title":"\ud83c\udde8\ud83c\uddf4 Colombia logra 9 medallas de oro en la Golden Final de la Copa del Mundo de Nataci\u00f3n con Aletas CMAS 2009","author":"Sportalsub.net","date":"15 septiembre 2009","format":false,"excerpt":"Victoria P\u00e9rez se consolid\u00f3 entre las mejores del mundo \u00a0Colombia tuvo un gran desempe\u00f1o en la\u00a0Golden Final de Nataci\u00f3n con Aletas realizada en Valencia, Espa\u00f1a, del 10 al 14 de septiembre,\u00a0al totalizar 9 medallas de oro, 3 de plata y 5 de bronce.\u00a0 Los deportistas m\u00e1s destacados por el pa\u00eds\u2026","rel":"","context":"En \u00abCMAS\u00bb","block_context":{"text":"CMAS","link":"https:\/\/www.sportalsub.net\/blog\/category\/mas\/organizaciones\/cmas-organizaciones\/"},"img":{"alt_text":"","src":"https:\/\/i0.wp.com\/www.sportalsub.net\/blog\/wp-content\/uploads\/2009\/09\/goldenfinal.jpg?resize=350%2C200&ssl=1","width":350,"height":200},"classes":[]},{"id":14067,"url":"https:\/\/www.sportalsub.net\/blog\/resultados-de-la-2da-copa-internacional-de-actividades-subacuaticas-cuba-2012\/","url_meta":{"origin":543,"position":5},"title":"\ud83c\udde8\ud83c\uddfa Resultados de la 2da Copa Internacional de Actividades Subacu\u00e1ticas Cuba 2012","author":"Sportalsub.net","date":"18 octubre 2012","format":false,"excerpt":"(Especial Sportalsub.net \/ FCAS \/ CMAS Zona Am\u00e9rica) Con una participaci\u00f3n de 31 deportistas, provenientes de 4 pa\u00edses: Colombia (11 atletas), M\u00e9xico (7 atletas), Venezuela (1 atleta) y Cuba (12 atletas), se llev\u00f3 a cabo del 12 al 17 de octubre, en el Complejo de piscinas Baragua, la\u00a0II Copa Internacional\u2026","rel":"","context":"En \u00abApnea\u00bb","block_context":{"text":"Apnea","link":"https:\/\/www.sportalsub.net\/blog\/category\/modalidades\/apnea\/"},"img":{"alt_text":"","src":"https:\/\/i0.wp.com\/www.sportalsub.net\/blog\/wp-content\/uploads\/2012\/10\/cuba-2012-2.jpg?resize=350%2C200&ssl=1","width":350,"height":200,"srcset":"https:\/\/i0.wp.com\/www.sportalsub.net\/blog\/wp-content\/uploads\/2012\/10\/cuba-2012-2.jpg?resize=350%2C200&ssl=1 1x, https:\/\/i0.wp.com\/www.sportalsub.net\/blog\/wp-content\/uploads\/2012\/10\/cuba-2012-2.jpg?resize=525%2C300&ssl=1 1.5x"},"classes":[]}],"_links":{"self":[{"href":"https:\/\/www.sportalsub.net\/blog\/wp-json\/wp\/v2\/posts\/543","targetHints":{"allow":["GET"]}}],"collection":[{"href":"https:\/\/www.sportalsub.net\/blog\/wp-json\/wp\/v2\/posts"}],"about":[{"href":"https:\/\/www.sportalsub.net\/blog\/wp-json\/wp\/v2\/types\/post"}],"author":[{"embeddable":true,"href":"https:\/\/www.sportalsub.net\/blog\/wp-json\/wp\/v2\/users\/1"}],"replies":[{"embeddable":true,"href":"https:\/\/www.sportalsub.net\/blog\/wp-json\/wp\/v2\/comments?post=543"}],"version-history":[{"count":0,"href":"https:\/\/www.sportalsub.net\/blog\/wp-json\/wp\/v2\/posts\/543\/revisions"}],"wp:featuredmedia":[{"embeddable":true,"href":"https:\/\/www.sportalsub.net\/blog\/wp-json\/wp\/v2\/media\/8297"}],"wp:attachment":[{"href":"https:\/\/www.sportalsub.net\/blog\/wp-json\/wp\/v2\/media?parent=543"}],"wp:term":[{"taxonomy":"category","embeddable":true,"href":"https:\/\/www.sportalsub.net\/blog\/wp-json\/wp\/v2\/categories?post=543"},{"taxonomy":"post_tag","embeddable":true,"href":"https:\/\/www.sportalsub.net\/blog\/wp-json\/wp\/v2\/tags?post=543"}],"curies":[{"name":"wp","href":"https:\/\/api.w.org\/{rel}","templated":true}]}}