{"id":5553,"date":"2010-07-11T22:32:53","date_gmt":"2010-07-12T03:02:53","guid":{"rendered":"http:\/\/www.sportalsub.net\/blog\/?p=5553"},"modified":"2019-09-01T14:12:07","modified_gmt":"2019-09-01T18:12:07","slug":"finaliza-el-campeonato-mundial-aida-de-apnea-por-equipos-japon-2010","status":"publish","type":"post","link":"https:\/\/www.sportalsub.net\/blog\/finaliza-el-campeonato-mundial-aida-de-apnea-por-equipos-japon-2010\/","title":{"rendered":"\ud83c\uddef\ud83c\uddf5 Finaliza el Campeonato Mundial AIDA de apnea por equipos Jap\u00f3n 2010"},"content":{"rendered":"<p style=\"text-align: center;\"><a href=\"http:\/\/www.sportalsub.net\/blog\/wp-content\/uploads\/2010\/07\/apneaequipos.jpg\" target=\"_blank\"><img loading=\"lazy\" decoding=\"async\" class=\"alignnone size-full wp-image-7507\" src=\"http:\/\/www.sportalsub.net\/blog\/wp-content\/uploads\/2010\/07\/apneaequipos.jpg\" alt=\"apneaequipos\" width=\"600\" height=\"399\" srcset=\"https:\/\/www.sportalsub.net\/blog\/wp-content\/uploads\/2010\/07\/apneaequipos.jpg 600w, https:\/\/www.sportalsub.net\/blog\/wp-content\/uploads\/2010\/07\/apneaequipos-300x200.jpg 300w, https:\/\/www.sportalsub.net\/blog\/wp-content\/uploads\/2010\/07\/apneaequipos-177x118.jpg 177w\" sizes=\"auto, (max-width: 600px) 100vw, 600px\" \/><\/a><br \/>\nFoto: Sitio Web Oficial<\/p>\n<p style=\"text-align: justify;\">(Especial Sportalsub.net)<br \/>\nEste s\u00e1bado 10 de julio, con la competencia de apnea din\u00e1mica, finaliz\u00f3 el 7mo\u00a0Campeonato Mundial de Apnea por equipos AIDA 2010 en Okinawa, Jap\u00f3n, donde las Selecciones\u00a0de Dinamarca y Jap\u00f3n, lograron el t\u00edtulo en las categor\u00edas masculina y femenina, respectivamente. En la prueba de Din\u00e1mica con Aletas el franc\u00e9s Frederic Sessa implant\u00f3 un nuevo r\u00e9cord mundial con una distancia de 255 metros.<\/p>\n<p style=\"text-align: justify;\"><!--more--><\/p>\n<p style=\"text-align: justify;\"><strong>Resultados finales por equipos<\/strong><\/p>\n<p style=\"text-align: center;\"><strong>Masculino<br \/>\n<\/strong><img loading=\"lazy\" decoding=\"async\" class=\"alignnone\" src=\"http:\/\/img.blog.aida2010.net\/20100710_1272855.gif\" alt=\"\" width=\"443\" height=\"947\" \/><\/p>\n<p style=\"text-align: center;\"><strong>Femenino<\/strong><br \/>\n<img loading=\"lazy\" decoding=\"async\" class=\"alignnone\" src=\"http:\/\/img.blog.aida2010.net\/20100710_1272857.gif\" alt=\"\" width=\"424\" height=\"535\" \/><\/p>\n<p style=\"text-align: justify;\"><strong><a href=\"http:\/\/aida2010.net\/english\/result.html\" target=\"_blank\" rel=\"noopener noreferrer\" target=\"_blank\">Resultados completos de todas las pruebas<\/a><\/strong><\/p>\n<p style=\"text-align: justify;\"><strong><a href=\"http:\/\/aida2010.net\/english\/\" target=\"_blank\" rel=\"noopener noreferrer\" target=\"_blank\">Sitio web Oficial<\/a> &#8211; <a href=\"http:\/\/blog.aida2010.net\/\" target=\"_blank\" rel=\"noopener noreferrer\" target=\"_blank\">Blog Oficial<\/a> &#8211; <a href=\"http:\/\/aida2010.net\/wp\/\" target=\"_blank\" rel=\"noopener noreferrer\" target=\"_blank\">Fotos Oficiales<\/a><\/strong><\/p>\n","protected":false},"excerpt":{"rendered":"<p>Foto: Sitio Web Oficial (Especial Sportalsub.net) Este s\u00e1bado 10 de julio, con la competencia de apnea din\u00e1mica, finaliz\u00f3 el 7mo\u00a0Campeonato Mundial de Apnea por equipos AIDA 2010 en Okinawa, Jap\u00f3n, donde las Selecciones\u00a0de Dinamarca y Jap\u00f3n, lograron el t\u00edtulo en las categor\u00edas masculina y femenina, respectivamente. En la prueba de Din\u00e1mica con Aletas el franc\u00e9s Frederic Sessa implant\u00f3 un nuevo [&#8230;]<\/p>\n","protected":false},"author":1,"featured_media":7507,"comment_status":"open","ping_status":"closed","sticky":false,"template":"","format":"standard","meta":{"_lmt_disableupdate":"","_lmt_disable":"","jetpack_post_was_ever_published":false,"_jetpack_newsletter_access":"","_jetpack_dont_email_post_to_subs":false,"_jetpack_newsletter_tier_id":0,"_jetpack_memberships_contains_paywalled_content":false,"_jetpack_memberships_contains_paid_content":false,"footnotes":"","jetpack_publicize_message":"","jetpack_publicize_feature_enabled":true,"jetpack_social_post_already_shared":false,"jetpack_social_options":{"image_generator_settings":{"template":"highway","default_image_id":0,"font":"","enabled":false},"version":2}},"categories":[147,9,133,244,155,50,120],"tags":[],"class_list":["post-5553","post","type-post","status-publish","format-standard","has-post-thumbnail","hentry","category-aida","category-apnea","category-destacados-anteriores","category-japon","category-mundial-aida-2010","category-records","category-resultados"],"modified_by":"Sportalsub.net","views":2828,"jetpack_publicize_connections":[],"jetpack_featured_media_url":"https:\/\/www.sportalsub.net\/blog\/wp-content\/uploads\/2010\/07\/apneaequipos.jpg","jetpack_sharing_enabled":true,"jetpack_shortlink":"https:\/\/wp.me\/pf9lN-1rz","jetpack_likes_enabled":false,"jetpack-related-posts":[{"id":18668,"url":"https:\/\/www.sportalsub.net\/blog\/finaliza-mundial-apnea-equipos-aida-2014-italia","url_meta":{"origin":5553,"position":0},"title":"\ud83c\uddee\ud83c\uddf9 Finaliza el Campeonato Mundial de Apnea por equipos en Italia con R\u00e9cord Mundial en Din\u00e1mica y doble triunfo para Rusia","author":"Sportalsub.net","date":"26 septiembre 2014","format":false,"excerpt":"Natalia Molchanova de Rusia implanta nuevo r\u00e9cord mundial en apnea din\u00e1mica con 237 metros (Especial Sportalsub.net \/ BlueWorldChamp \/ AIDA International) Este viernes\u00a026 de septiembre se realiz\u00f3 la prueba de apnea din\u00e1mica\u00a0en el\u00a0Campeonato Mundial por equipos AIDA 2014 en Italia, evento que se llev\u00f3 a cabo en Cagliari, Cerde\u00f1a, del\u2026","rel":"","context":"En \u00abApnea\u00bb","block_context":{"text":"Apnea","link":"https:\/\/www.sportalsub.net\/blog\/category\/modalidades\/apnea\/"},"img":{"alt_text":"","src":"https:\/\/i0.wp.com\/www.sportalsub.net\/blog\/wp-content\/uploads\/2014\/09\/final-mundial-aida-equipos.jpg?resize=350%2C200&ssl=1","width":350,"height":200,"srcset":"https:\/\/i0.wp.com\/www.sportalsub.net\/blog\/wp-content\/uploads\/2014\/09\/final-mundial-aida-equipos.jpg?resize=350%2C200&ssl=1 1x, https:\/\/i0.wp.com\/www.sportalsub.net\/blog\/wp-content\/uploads\/2014\/09\/final-mundial-aida-equipos.jpg?resize=525%2C300&ssl=1 1.5x"},"classes":[]},{"id":5518,"url":"https:\/\/www.sportalsub.net\/blog\/inicia-el-campeonato-mundial-de-apnea-aida-2010-en-japon-primeros-resultados\/","url_meta":{"origin":5553,"position":1},"title":"\ud83c\uddef\ud83c\uddf5 Inicia el Campeonato Mundial de Apnea AIDA 2010 en Jap\u00f3n, primeros resultados","author":"Sportalsub.net","date":"5 julio 2010","format":false,"excerpt":"(Especial Sportalsub.net) El pasado d\u00eda mi\u00e9rcoles 30 de junio di\u00f3 inicio con la ceremonia de apertura el Campeonato Mundial de apnea por equipos AIDA 2010 en Okinawa, Jap\u00f3n. El d\u00eda s\u00e1bado 3 de julio fue el primer d\u00eda de competencia en la modalidad de peso constante, mientras que la jornada\u2026","rel":"","context":"En \u00abAIDA\u00bb","block_context":{"text":"AIDA","link":"https:\/\/www.sportalsub.net\/blog\/category\/mas\/organizaciones\/aida\/"},"img":{"alt_text":"","src":"https:\/\/i0.wp.com\/www.sportalsub.net\/blog\/wp-content\/uploads\/2010\/07\/mundialaida2010_1.jpg?resize=350%2C200&ssl=1","width":350,"height":200,"srcset":"https:\/\/i0.wp.com\/www.sportalsub.net\/blog\/wp-content\/uploads\/2010\/07\/mundialaida2010_1.jpg?resize=350%2C200&ssl=1 1x, https:\/\/i0.wp.com\/www.sportalsub.net\/blog\/wp-content\/uploads\/2010\/07\/mundialaida2010_1.jpg?resize=525%2C300&ssl=1 1.5x"},"classes":[]},{"id":3630,"url":"https:\/\/www.sportalsub.net\/blog\/mundial-de-apnea-por-equipos-aida-2010-sera-en-japon\/","url_meta":{"origin":5553,"position":2},"title":"\ud83c\uddef\ud83c\uddf5 Mundial de apnea por equipos AIDA 2010 ser\u00e1 en Jap\u00f3n en Julio","author":"Sportalsub.net","date":"30 diciembre 2009","format":false,"excerpt":"Foto: Apneaworks El Campeonato Mundial de Apnea por eqiupos AIDA 2010 se realizar\u00e1 en Okinawa, Jap\u00f3n, desde el 30 de junio hasta el 10 de julio de 2010. Las modalidades de competici\u00f3n ser\u00e1n el descenso en peso constante, la apnea din\u00e1mica y la apnea est\u00e1tica. La Japan Apnea Society (AIDA\u2026","rel":"","context":"En \u00abAIDA\u00bb","block_context":{"text":"AIDA","link":"https:\/\/www.sportalsub.net\/blog\/category\/mas\/organizaciones\/aida\/"},"img":{"alt_text":"","src":"https:\/\/i0.wp.com\/www.sportalsub.net\/blog\/wp-content\/uploads\/2009\/12\/aida2010.jpg?resize=350%2C200&ssl=1","width":350,"height":200,"srcset":"https:\/\/i0.wp.com\/www.sportalsub.net\/blog\/wp-content\/uploads\/2009\/12\/aida2010.jpg?resize=350%2C200&ssl=1 1x, https:\/\/i0.wp.com\/www.sportalsub.net\/blog\/wp-content\/uploads\/2009\/12\/aida2010.jpg?resize=525%2C300&ssl=1 1.5x, https:\/\/i0.wp.com\/www.sportalsub.net\/blog\/wp-content\/uploads\/2009\/12\/aida2010.jpg?resize=700%2C400&ssl=1 2x"},"classes":[]},{"id":24361,"url":"https:\/\/www.sportalsub.net\/blog\/2016-aida-team-freediving-world-championships-greece","url_meta":{"origin":5553,"position":3},"title":"\ud83c\uddec\ud83c\uddf7 Resultados Campeonato Mundial de Apnea 2016 AIDA por equipos Kalamata, Grecia","author":"Sportalsub.net","date":"28 septiembre 2016","format":false,"excerpt":"(AIDA International \/ Freediving Club Grecce) -\u00a0Read in English El Club Freediving Greece y la Municipalidad de Kalamata organizaron el\u00a0Campeonato Mundial 2016 de Apnea por equipos de la Asociaci\u00f3n Internacional para el Desarrollo de la Apnea (AIDA) y se\u00a0llev\u00f3\u00a0a cabo del 17 al\u00a025 de Septiembre en la ciudad de\u00a0Kalamata, Grecia.\u2026","rel":"","context":"En \u00abApnea\u00bb","block_context":{"text":"Apnea","link":"https:\/\/www.sportalsub.net\/blog\/category\/modalidades\/apnea\/"},"img":{"alt_text":"","src":"https:\/\/i0.wp.com\/www.sportalsub.net\/blog\/wp-content\/uploads\/2016\/09\/ganadores.jpg?resize=350%2C200&ssl=1","width":350,"height":200,"srcset":"https:\/\/i0.wp.com\/www.sportalsub.net\/blog\/wp-content\/uploads\/2016\/09\/ganadores.jpg?resize=350%2C200&ssl=1 1x, https:\/\/i0.wp.com\/www.sportalsub.net\/blog\/wp-content\/uploads\/2016\/09\/ganadores.jpg?resize=525%2C300&ssl=1 1.5x, https:\/\/i0.wp.com\/www.sportalsub.net\/blog\/wp-content\/uploads\/2016\/09\/ganadores.jpg?resize=700%2C400&ssl=1 2x"},"classes":[]},{"id":4117,"url":"https:\/\/www.sportalsub.net\/blog\/publicado-sitio-web-oficial-del-campeonato-mundial-de-apnea-por-equipos-aida-2010\/","url_meta":{"origin":5553,"position":4},"title":"\ud83c\uddef\ud83c\uddf5 Publicado sitio web oficial del Campeonato Mundial de Apnea por equipos AIDA 2010","author":"Sportalsub.net","date":"1 marzo 2010","format":false,"excerpt":"La Asociaci\u00f3n Internacional para el Desarrollo de la apnea (AIDA) y el Comit\u00e9 Organizador del Campeonato Mundial de Apnea por equipos 2010 han publicado el sitio web oficial del evento, que se realizar\u00e1 en Okinawa, Jap\u00f3n, del 30 de junio al 10 de julio del 2010 Sitio web oficial del\u2026","rel":"","context":"En \u00abApnea\u00bb","block_context":{"text":"Apnea","link":"https:\/\/www.sportalsub.net\/blog\/category\/modalidades\/apnea\/"},"img":{"alt_text":"","src":"https:\/\/i0.wp.com\/www.sportalsub.net\/blog\/wp-content\/uploads\/2013\/11\/4567_1169340436005_1302801295_453124_7418048_n.jpg?resize=350%2C200&ssl=1","width":350,"height":200},"classes":[]},{"id":13300,"url":"https:\/\/www.sportalsub.net\/blog\/resultados-finales-campeonato-mundial-aida-de-apnea-por-equipos-francia-2012\/","url_meta":{"origin":5553,"position":5},"title":"\ud83c\uddeb\ud83c\uddf7 Resultados finales Campeonato Mundial AIDA de Apnea por equipos Francia 2012","author":"Sportalsub.net","date":"17 septiembre 2012","format":false,"excerpt":"(Especial Sportalsub.net \/ AIDA Internacional \/ Deeperblue \/ Apnea.cz) El\u00a0Campeonato Mundial de Apnea por equipos AIDA 2012\u00a0concluy\u00f3 este domingo 16 de septiembre en Niza, Francia con muy buenos registros y 13 r\u00e9cords nacionales. Este a\u00f1o la Asociaci\u00f3n Internacional para el desarrollo de la Apnea (AIDA) celebr\u00f3 su 20\u00b0 aniversario realizado\u2026","rel":"","context":"En \u00abApnea\u00bb","block_context":{"text":"Apnea","link":"https:\/\/www.sportalsub.net\/blog\/category\/modalidades\/apnea\/"},"img":{"alt_text":"","src":"https:\/\/i0.wp.com\/www.sportalsub.net\/blog\/wp-content\/uploads\/2012\/09\/mundial-aida-2012-2.jpg?resize=350%2C200&ssl=1","width":350,"height":200,"srcset":"https:\/\/i0.wp.com\/www.sportalsub.net\/blog\/wp-content\/uploads\/2012\/09\/mundial-aida-2012-2.jpg?resize=350%2C200&ssl=1 1x, https:\/\/i0.wp.com\/www.sportalsub.net\/blog\/wp-content\/uploads\/2012\/09\/mundial-aida-2012-2.jpg?resize=525%2C300&ssl=1 1.5x"},"classes":[]}],"_links":{"self":[{"href":"https:\/\/www.sportalsub.net\/blog\/wp-json\/wp\/v2\/posts\/5553","targetHints":{"allow":["GET"]}}],"collection":[{"href":"https:\/\/www.sportalsub.net\/blog\/wp-json\/wp\/v2\/posts"}],"about":[{"href":"https:\/\/www.sportalsub.net\/blog\/wp-json\/wp\/v2\/types\/post"}],"author":[{"embeddable":true,"href":"https:\/\/www.sportalsub.net\/blog\/wp-json\/wp\/v2\/users\/1"}],"replies":[{"embeddable":true,"href":"https:\/\/www.sportalsub.net\/blog\/wp-json\/wp\/v2\/comments?post=5553"}],"version-history":[{"count":0,"href":"https:\/\/www.sportalsub.net\/blog\/wp-json\/wp\/v2\/posts\/5553\/revisions"}],"wp:featuredmedia":[{"embeddable":true,"href":"https:\/\/www.sportalsub.net\/blog\/wp-json\/wp\/v2\/media\/7507"}],"wp:attachment":[{"href":"https:\/\/www.sportalsub.net\/blog\/wp-json\/wp\/v2\/media?parent=5553"}],"wp:term":[{"taxonomy":"category","embeddable":true,"href":"https:\/\/www.sportalsub.net\/blog\/wp-json\/wp\/v2\/categories?post=5553"},{"taxonomy":"post_tag","embeddable":true,"href":"https:\/\/www.sportalsub.net\/blog\/wp-json\/wp\/v2\/tags?post=5553"}],"curies":[{"name":"wp","href":"https:\/\/api.w.org\/{rel}","templated":true}]}}