{"id":55767,"date":"2022-06-16T20:53:25","date_gmt":"2022-06-17T00:53:25","guid":{"rendered":"https:\/\/www.sportalsub.net\/blog\/?p=55767"},"modified":"2022-07-07T04:27:02","modified_gmt":"2022-07-07T08:27:02","slug":"%f0%9f%87%aa%f0%9f%87%a8-ecuador-presente-en-el-campeonato-mundial-de-apnea-indoor-cmas-2022-en-belgrado-serbia","status":"publish","type":"post","link":"https:\/\/www.sportalsub.net\/blog\/ecuador-presente-en-el-campeonato-mundial-de-apnea-indoor-cmas-2022-en-belgrado-serbia\/","title":{"rendered":"\ud83c\uddea\ud83c\udde8 Ecuador logra 8 R\u00e9cords Panamericanos en Campeonato Mundial de Apnea Indoor CMAS 2022 en Belgrado, Serbia"},"content":{"rendered":"<p><img loading=\"lazy\" decoding=\"async\" class=\"alignnone size-full wp-image-55768\" src=\"https:\/\/www.sportalsub.net\/blog\/wp-content\/uploads\/2022\/06\/ecuador-serbia2022.jpg\" alt=\"\" width=\"900\" height=\"600\" srcset=\"https:\/\/www.sportalsub.net\/blog\/wp-content\/uploads\/2022\/06\/ecuador-serbia2022.jpg 900w, https:\/\/www.sportalsub.net\/blog\/wp-content\/uploads\/2022\/06\/ecuador-serbia2022-300x200.jpg 300w, https:\/\/www.sportalsub.net\/blog\/wp-content\/uploads\/2022\/06\/ecuador-serbia2022-768x512.jpg 768w, https:\/\/www.sportalsub.net\/blog\/wp-content\/uploads\/2022\/06\/ecuador-serbia2022-450x300.jpg 450w\" sizes=\"auto, (max-width: 900px) 100vw, 900px\" \/><\/p>\n<p>(Sportalsub.net \/ FEDASUB)<\/p>\n<p>La Selecci\u00f3n Nacional de Apnea de la Federaci\u00f3n Ecuatoriana de Buceo y Actividades Subacu\u00e1ticas (FEDASUB) compuesta por los apneistas <strong>Mar\u00eda Ver\u00f3nica Cordova<\/strong>, <strong>Arianna Garcia, <\/strong>\u00a0<strong>Fabian Mora;<\/strong> con David Henriques como delegado, logr\u00f3 <strong>8 R\u00e9cords Panamericanos de Apnea<\/strong> en Belgrado, Serbia durante el <a href=\"https:\/\/www.sportalsub.net\/blog\/cmas-freediving-worlds-indoor-serbia-2022\" rel=\"bookmark\">Campeonato Mundial de Apnea Indoor CMAS 2022<\/a> del 10 al 16 de junio.<\/p>\n<p>Luego de una destacada y excelente actuaci\u00f3n realizada en el Mundial de 2021, en donde Ecuador logr\u00f3 una medalla de bronce y 6 R\u00e9cords Continentales, adem\u00e1s de ocupar el 6to lugar del medallero del evento, en el que participaron 26 naciones; la Selecci\u00f3n Ecuatoriana sigue seguir acumulando triunfos.<\/p>\n<hr \/>\n<h4><strong>3 R\u00c9CORDS PANAMERICANOS EN LA PRIMERA JORNADA<\/strong><\/h4>\n<p>En el primer d\u00eda de competencias, domingo 12 de junio, <strong>Mar\u00eda Ver\u00f3nica Cordova<\/strong> se ubic\u00f3 en el 8vo. lugar en la modalidad de din\u00e1mica sin aletas, logrando una marca de <strong>150 metros<\/strong>, mejorando su propio r\u00e9cord continental de 141,10 metros realizado en el mundial de 2021 tambi\u00e9n en Belgrado.<\/p>\n<p><img loading=\"lazy\" decoding=\"async\" class=\"alignnone size-full wp-image-55769\" src=\"https:\/\/www.sportalsub.net\/blog\/wp-content\/uploads\/2022\/06\/2022-06-12-at-22-38-45.png\" alt=\"\" width=\"719\" height=\"821\" srcset=\"https:\/\/www.sportalsub.net\/blog\/wp-content\/uploads\/2022\/06\/2022-06-12-at-22-38-45.png 719w, https:\/\/www.sportalsub.net\/blog\/wp-content\/uploads\/2022\/06\/2022-06-12-at-22-38-45-263x300.png 263w\" sizes=\"auto, (max-width: 719px) 100vw, 719px\" \/><\/p>\n<p>Por su parte, en la prueba de Endurance 16&#215;50 <strong>Ariana Garc\u00eda<\/strong> mejor\u00f3 el r\u00e9cord panamericano que ten\u00eda la venezolana Anggy Rojas (13:46.300) desde 2018, al realizar un tiempo de<strong> 13:33.63<\/strong> lo que la ubic\u00f3 en el 5to lugar; mientras que <strong>Fabian Mora<\/strong> hizo lo propio en la categor\u00eda masculina, superando el r\u00e9cord panamericano anterior de Rodrigo Pichun de Chile (13:10.745) tambi\u00e9n vigente desde 2018, realizando un tiempo de <strong>12:10.16<\/strong> posicion\u00e1ndose en el puesto n\u00famero 8 del evento.<\/p>\n<p><img loading=\"lazy\" decoding=\"async\" class=\"alignnone size-full wp-image-55770\" src=\"https:\/\/www.sportalsub.net\/blog\/wp-content\/uploads\/2022\/06\/2022-06-12-at-22-37-47.png\" alt=\"\" width=\"1012\" height=\"385\" srcset=\"https:\/\/www.sportalsub.net\/blog\/wp-content\/uploads\/2022\/06\/2022-06-12-at-22-37-47.png 1012w, https:\/\/www.sportalsub.net\/blog\/wp-content\/uploads\/2022\/06\/2022-06-12-at-22-37-47-300x114.png 300w, https:\/\/www.sportalsub.net\/blog\/wp-content\/uploads\/2022\/06\/2022-06-12-at-22-37-47-768x292.png 768w\" sizes=\"auto, (max-width: 1012px) 100vw, 1012px\" \/><\/p>\n<p><img loading=\"lazy\" decoding=\"async\" class=\"alignnone size-full wp-image-55771\" src=\"https:\/\/www.sportalsub.net\/blog\/wp-content\/uploads\/2022\/06\/2022-06-12-at-22-37-37.png\" alt=\"\" width=\"999\" height=\"593\" srcset=\"https:\/\/www.sportalsub.net\/blog\/wp-content\/uploads\/2022\/06\/2022-06-12-at-22-37-37.png 999w, https:\/\/www.sportalsub.net\/blog\/wp-content\/uploads\/2022\/06\/2022-06-12-at-22-37-37-300x178.png 300w, https:\/\/www.sportalsub.net\/blog\/wp-content\/uploads\/2022\/06\/2022-06-12-at-22-37-37-768x456.png 768w\" sizes=\"auto, (max-width: 999px) 100vw, 999px\" \/><\/p>\n<hr \/>\n<h4><strong>OTRO R\u00c9CORD PANAMERICANO EN LA SEGUNDA JORNADA<\/strong><\/h4>\n<p>En el segundo d\u00eda de competencias, lunes 13 de junio, <strong>Mar\u00eda Ver\u00f3nica Cordova<\/strong> se ubic\u00f3 en el 5to lugar en la modalidad de din\u00e1mica con bialetas, logrando una marca de <strong>240,60 metros<\/strong>, mejorando su propio r\u00e9cord continental de 209,25 metros realizado en el mundial de 2021 tambi\u00e9n en Belgrado.<\/p>\n<p><img loading=\"lazy\" decoding=\"async\" class=\"alignnone size-full wp-image-55780\" src=\"https:\/\/www.sportalsub.net\/blog\/wp-content\/uploads\/2022\/06\/2022-06-13-at-21-27-36.png\" alt=\"\" width=\"965\" height=\"464\" srcset=\"https:\/\/www.sportalsub.net\/blog\/wp-content\/uploads\/2022\/06\/2022-06-13-at-21-27-36.png 965w, https:\/\/www.sportalsub.net\/blog\/wp-content\/uploads\/2022\/06\/2022-06-13-at-21-27-36-300x144.png 300w, https:\/\/www.sportalsub.net\/blog\/wp-content\/uploads\/2022\/06\/2022-06-13-at-21-27-36-768x369.png 768w\" sizes=\"auto, (max-width: 965px) 100vw, 965px\" \/><\/p>\n<blockquote class=\"instagram-media\" style=\"background: #FFF; border: 0; border-radius: 3px; box-shadow: 0 0 1px 0 rgba(0,0,0,0.5),0 1px 10px 0 rgba(0,0,0,0.15); margin: 1px; max-width: 540px; min-width: 326px; padding: 0; width: calc(100% - 2px);\" data-instgrm-captioned=\"\" data-instgrm-permalink=\"https:\/\/www.instagram.com\/reel\/Cew-iUFDGid\/?utm_source=ig_embed&amp;utm_campaign=loading\" data-instgrm-version=\"14\">\n<div style=\"padding: 16px;\">\n<p>&nbsp;<\/p>\n<div style=\"display: flex; flex-direction: row; align-items: center;\">\n<div style=\"background-color: #f4f4f4; border-radius: 50%; flex-grow: 0; height: 40px; margin-right: 14px; width: 40px;\"><\/div>\n<div style=\"display: flex; flex-direction: column; flex-grow: 1; justify-content: center;\">\n<div style=\"background-color: #f4f4f4; border-radius: 4px; flex-grow: 0; height: 14px; margin-bottom: 6px; width: 100px;\"><\/div>\n<div style=\"background-color: #f4f4f4; border-radius: 4px; flex-grow: 0; height: 14px; width: 60px;\"><\/div>\n<\/div>\n<\/div>\n<div style=\"padding: 19% 0;\"><\/div>\n<div style=\"display: block; height: 50px; margin: 0 auto 12px; width: 50px;\"><\/div>\n<div style=\"padding-top: 8px;\">\n<div style=\"color: #3897f0; font-family: Arial,sans-serif; font-size: 14px; font-style: normal; font-weight: 550; line-height: 18px;\">Ver esta publicaci\u00f3n en Instagram<\/div>\n<\/div>\n<div style=\"padding: 12.5% 0;\"><\/div>\n<div style=\"display: flex; flex-direction: row; margin-bottom: 14px; align-items: center;\">\n<div>\n<div style=\"background-color: #f4f4f4; border-radius: 50%; height: 12.5px; width: 12.5px; transform: translateX(0px) translateY(7px);\"><\/div>\n<div style=\"background-color: #f4f4f4; height: 12.5px; transform: rotate(-45deg) translateX(3px) translateY(1px); width: 12.5px; flex-grow: 0; margin-right: 14px; margin-left: 2px;\"><\/div>\n<div style=\"background-color: #f4f4f4; border-radius: 50%; height: 12.5px; width: 12.5px; transform: translateX(9px) translateY(-18px);\"><\/div>\n<\/div>\n<div style=\"margin-left: 8px;\">\n<div style=\"background-color: #f4f4f4; border-radius: 50%; flex-grow: 0; height: 20px; width: 20px;\"><\/div>\n<div style=\"width: 0; height: 0; border-top: 2px solid transparent; border-left: 6px solid #f4f4f4; border-bottom: 2px solid transparent; transform: translateX(16px) translateY(-4px) rotate(30deg);\"><\/div>\n<\/div>\n<div style=\"margin-left: auto;\">\n<div style=\"width: 0px; border-top: 8px solid #F4F4F4; border-right: 8px solid transparent; transform: translateY(16px);\"><\/div>\n<div style=\"background-color: #f4f4f4; flex-grow: 0; height: 12px; width: 16px; transform: translateY(-4px);\"><\/div>\n<div style=\"width: 0; height: 0; border-top: 8px solid #F4F4F4; border-left: 8px solid transparent; transform: translateY(-4px) translateX(8px);\"><\/div>\n<\/div>\n<\/div>\n<div style=\"display: flex; flex-direction: column; flex-grow: 1; justify-content: center; margin-bottom: 24px;\">\n<div style=\"background-color: #f4f4f4; border-radius: 4px; flex-grow: 0; height: 14px; margin-bottom: 6px; width: 224px;\"><\/div>\n<div style=\"background-color: #f4f4f4; border-radius: 4px; flex-grow: 0; height: 14px; width: 144px;\"><\/div>\n<\/div>\n<p>&nbsp;<\/p>\n<p style=\"color: #c9c8cd; font-family: Arial,sans-serif; font-size: 14px; line-height: 17px; margin-bottom: 0; margin-top: 8px; overflow: hidden; padding: 8px 0 7px; text-align: center; text-overflow: ellipsis; white-space: nowrap;\"><a href=\"https:\/\/www.instagram.com\/reel\/Cew-iUFDGid\/?utm_source=ig_embed&amp;utm_campaign=loading\"style=\"color: #c9c8cd; font-family: Arial,sans-serif; font-size: 14px; font-style: normal; font-weight: normal; line-height: 17px; text-decoration: none;\"  target=\"_blank\" rel=\"noopener\" target=\"_blank\">Una publicaci\u00f3n compartida por FEDASUB (@fedasub)<\/a><\/p>\n<\/div>\n<\/blockquote>\n<p><script async src=\"\/\/www.instagram.com\/embed.js\"><\/script><\/p>\n<hr \/>\n<h4><strong>QUINTO RECORD PANAMERICANO EN LA TERCERA JORNADA<\/strong><\/h4>\n<p>En el tecer d\u00eda de competencias, martes 14 de junio, <strong>Mar\u00eda Ver\u00f3nica Cordova<\/strong> se ubic\u00f3 en el 6to. lugar en la modalidad de est\u00e1tica, logrando una marca de <strong>7:03.51<\/strong>, mejorando su propio r\u00e9cord continental de 6:37.66 realizado en el mundial de 2021 tambi\u00e9n en Belgrado.<\/p>\n<p><img loading=\"lazy\" decoding=\"async\" class=\"alignnone size-full wp-image-55887\" src=\"https:\/\/www.sportalsub.net\/blog\/wp-content\/uploads\/2022\/06\/2022-07-07-at-02-51-59.png\" alt=\"\" width=\"787\" height=\"372\" srcset=\"https:\/\/www.sportalsub.net\/blog\/wp-content\/uploads\/2022\/06\/2022-07-07-at-02-51-59.png 787w, https:\/\/www.sportalsub.net\/blog\/wp-content\/uploads\/2022\/06\/2022-07-07-at-02-51-59-300x142.png 300w, https:\/\/www.sportalsub.net\/blog\/wp-content\/uploads\/2022\/06\/2022-07-07-at-02-51-59-768x363.png 768w\" sizes=\"auto, (max-width: 787px) 100vw, 787px\" \/><\/p>\n<hr \/>\n<h4><strong>3 R\u00c9CORDS PANAMERICANOS EN LA CUARTA Y ULTIMA JORNADA<\/strong><\/h4>\n<p>En el \u00faltimo d\u00eda de competencias, mi\u00e9rcoles 15 de junio, <strong>Mar\u00eda Ver\u00f3nica Cordova<\/strong> se ubic\u00f3 en el 7mo. lugar en la modalidad de din\u00e1mica con aletas (monoaleta), logrando una marca de <strong>207,13 metros<\/strong>, mejorando su propio r\u00e9cord continental de 200 metros realizado en el mundial de 2021 tambi\u00e9n en Belgrado.<\/p>\n<p><img loading=\"lazy\" decoding=\"async\" class=\"alignnone size-full wp-image-55888\" src=\"https:\/\/www.sportalsub.net\/blog\/wp-content\/uploads\/2022\/06\/2022-07-07-at-02-56-03.png\" alt=\"\" width=\"894\" height=\"375\" srcset=\"https:\/\/www.sportalsub.net\/blog\/wp-content\/uploads\/2022\/06\/2022-07-07-at-02-56-03.png 894w, https:\/\/www.sportalsub.net\/blog\/wp-content\/uploads\/2022\/06\/2022-07-07-at-02-56-03-300x126.png 300w, https:\/\/www.sportalsub.net\/blog\/wp-content\/uploads\/2022\/06\/2022-07-07-at-02-56-03-768x322.png 768w\" sizes=\"auto, (max-width: 894px) 100vw, 894px\" \/><\/p>\n<p>Por su parte, en la prueba de Endurance 8&#215;50 <strong>Ariana Garc\u00eda<\/strong> mejor\u00f3 su propio r\u00e9cord panamericano (6:29.48) realizado en 2021, al realizar un tiempo de <strong>5:56.70<\/strong> lo que la ubic\u00f3 en el 8vo lugar; mientras que <strong>Fabian Mora<\/strong> hizo lo propio en la categor\u00eda masculina, superando tambi\u00e9n su r\u00e9cord panamericano anterior (4:41.66) tambi\u00e9n vigente desde 2021, realizando un tiempo de <b>4:33.86 <\/b>posicion\u00e1ndose en el puesto n\u00famero 4 del evento.<\/p>\n<p><img loading=\"lazy\" decoding=\"async\" class=\"alignnone size-full wp-image-55889\" src=\"https:\/\/www.sportalsub.net\/blog\/wp-content\/uploads\/2022\/06\/2022-07-07-at-02-59-00.png\" alt=\"\" width=\"941\" height=\"402\" srcset=\"https:\/\/www.sportalsub.net\/blog\/wp-content\/uploads\/2022\/06\/2022-07-07-at-02-59-00.png 941w, https:\/\/www.sportalsub.net\/blog\/wp-content\/uploads\/2022\/06\/2022-07-07-at-02-59-00-300x128.png 300w, https:\/\/www.sportalsub.net\/blog\/wp-content\/uploads\/2022\/06\/2022-07-07-at-02-59-00-768x328.png 768w\" sizes=\"auto, (max-width: 941px) 100vw, 941px\" \/><\/p>\n<p><img loading=\"lazy\" decoding=\"async\" class=\"alignnone size-full wp-image-55890\" src=\"https:\/\/www.sportalsub.net\/blog\/wp-content\/uploads\/2022\/06\/2022-07-07-at-03-01-07.png\" alt=\"\" width=\"924\" height=\"278\" srcset=\"https:\/\/www.sportalsub.net\/blog\/wp-content\/uploads\/2022\/06\/2022-07-07-at-03-01-07.png 924w, https:\/\/www.sportalsub.net\/blog\/wp-content\/uploads\/2022\/06\/2022-07-07-at-03-01-07-300x90.png 300w, https:\/\/www.sportalsub.net\/blog\/wp-content\/uploads\/2022\/06\/2022-07-07-at-03-01-07-768x231.png 768w\" sizes=\"auto, (max-width: 924px) 100vw, 924px\" \/><\/p>\n<blockquote class=\"instagram-media\" style=\"background: #FFF; border: 0; border-radius: 3px; box-shadow: 0 0 1px 0 rgba(0,0,0,0.5),0 1px 10px 0 rgba(0,0,0,0.15); margin: 1px; max-width: 540px; min-width: 326px; padding: 0; width: calc(100% - 2px);\" data-instgrm-captioned=\"\" data-instgrm-permalink=\"https:\/\/www.instagram.com\/reel\/Ce1mjuIJdIf\/?utm_source=ig_embed&amp;utm_campaign=loading\" data-instgrm-version=\"14\">\n<div style=\"padding: 16px;\">\n<p>&nbsp;<\/p>\n<div style=\"display: flex; flex-direction: row; align-items: center;\">\n<div style=\"background-color: #f4f4f4; border-radius: 50%; flex-grow: 0; height: 40px; margin-right: 14px; width: 40px;\"><\/div>\n<div style=\"display: flex; flex-direction: column; flex-grow: 1; justify-content: center;\">\n<div style=\"background-color: #f4f4f4; border-radius: 4px; flex-grow: 0; height: 14px; margin-bottom: 6px; width: 100px;\"><\/div>\n<div style=\"background-color: #f4f4f4; border-radius: 4px; flex-grow: 0; height: 14px; width: 60px;\"><\/div>\n<\/div>\n<\/div>\n<div style=\"padding: 19% 0;\"><\/div>\n<div style=\"display: block; height: 50px; margin: 0 auto 12px; width: 50px;\"><\/div>\n<div style=\"padding-top: 8px;\">\n<div style=\"color: #3897f0; font-family: Arial,sans-serif; font-size: 14px; font-style: normal; font-weight: 550; line-height: 18px;\">Ver esta publicaci\u00f3n en Instagram<\/div>\n<\/div>\n<div style=\"padding: 12.5% 0;\"><\/div>\n<div style=\"display: flex; flex-direction: row; margin-bottom: 14px; align-items: center;\">\n<div>\n<div style=\"background-color: #f4f4f4; border-radius: 50%; height: 12.5px; width: 12.5px; transform: translateX(0px) translateY(7px);\"><\/div>\n<div style=\"background-color: #f4f4f4; height: 12.5px; transform: rotate(-45deg) translateX(3px) translateY(1px); width: 12.5px; flex-grow: 0; margin-right: 14px; margin-left: 2px;\"><\/div>\n<div style=\"background-color: #f4f4f4; border-radius: 50%; height: 12.5px; width: 12.5px; transform: translateX(9px) translateY(-18px);\"><\/div>\n<\/div>\n<div style=\"margin-left: 8px;\">\n<div style=\"background-color: #f4f4f4; border-radius: 50%; flex-grow: 0; height: 20px; width: 20px;\"><\/div>\n<div style=\"width: 0; height: 0; border-top: 2px solid transparent; border-left: 6px solid #f4f4f4; border-bottom: 2px solid transparent; transform: translateX(16px) translateY(-4px) rotate(30deg);\"><\/div>\n<\/div>\n<div style=\"margin-left: auto;\">\n<div style=\"width: 0px; border-top: 8px solid #F4F4F4; border-right: 8px solid transparent; transform: translateY(16px);\"><\/div>\n<div style=\"background-color: #f4f4f4; flex-grow: 0; height: 12px; width: 16px; transform: translateY(-4px);\"><\/div>\n<div style=\"width: 0; height: 0; border-top: 8px solid #F4F4F4; border-left: 8px solid transparent; transform: translateY(-4px) translateX(8px);\"><\/div>\n<\/div>\n<\/div>\n<div style=\"display: flex; flex-direction: column; flex-grow: 1; justify-content: center; margin-bottom: 24px;\">\n<div style=\"background-color: #f4f4f4; border-radius: 4px; flex-grow: 0; height: 14px; margin-bottom: 6px; width: 224px;\"><\/div>\n<div style=\"background-color: #f4f4f4; border-radius: 4px; flex-grow: 0; height: 14px; width: 144px;\"><\/div>\n<\/div>\n<p>&nbsp;<\/p>\n<p style=\"color: #c9c8cd; font-family: Arial,sans-serif; font-size: 14px; line-height: 17px; margin-bottom: 0; margin-top: 8px; overflow: hidden; padding: 8px 0 7px; text-align: center; text-overflow: ellipsis; white-space: nowrap;\"><a href=\"https:\/\/www.instagram.com\/reel\/Ce1mjuIJdIf\/?utm_source=ig_embed&amp;utm_campaign=loading\"style=\"color: #c9c8cd; font-family: Arial,sans-serif; font-size: 14px; font-style: normal; font-weight: normal; line-height: 17px; text-decoration: none;\"  target=\"_blank\" rel=\"noopener\" target=\"_blank\">Una publicaci\u00f3n compartida por FEDASUB (@fedasub)<\/a><\/p>\n<\/div>\n<\/blockquote>\n<p><script async src=\"\/\/www.instagram.com\/embed.js\"><\/script><\/p>\n<hr \/>\n<p>Sigue la actuaci\u00f3n de los apneistas ecuatorianos d\u00eda a d\u00eda a trav\u00e9s de la cuenta <a href=\"https:\/\/www.instagram.com\/fedasub\/\" target=\"_blank\" rel=\"noopener\" target=\"_blank\"><strong>instagram de FEDASUB<\/strong><\/a> y la cobertura especial del Mundial por Sportalsub.net<\/p>\n<hr \/>\n<p><strong><a href=\"https:\/\/www.sportalsub.net\/blog\/cmas-freediving-worlds-indoor-serbia-2022\" rel=\"bookmark\">\ud83c\uddf7\ud83c\uddf8\u00a0Campeonato Mundial de Apnea Indoor CMAS 2022 \u2013 Belgrado, Serbia<\/a><\/strong><\/p>\n<p><a href=\"https:\/\/www.sportalsub.net\/blog\/cmas-freediving-worlds-indoor-serbia-2022\"><img decoding=\"async\" src=\"https:\/\/www.sportalsub.net\/en\/wp-content\/uploads\/2022\/03\/belgrade2022.jpg\" \/><\/a><\/p>\n","protected":false},"excerpt":{"rendered":"<p>(Sportalsub.net \/ FEDASUB) La Selecci\u00f3n Nacional de Apnea de la Federaci\u00f3n Ecuatoriana de Buceo y Actividades Subacu\u00e1ticas (FEDASUB) compuesta por los apneistas Mar\u00eda Ver\u00f3nica Cordova, Arianna Garcia, \u00a0Fabian Mora; con David Henriques como delegado, logr\u00f3 8 R\u00e9cords Panamericanos de Apnea en Belgrado, Serbia durante el Campeonato Mundial de Apnea Indoor CMAS 2022 del 10 al 16 de junio. Luego de [&#8230;]<\/p>\n","protected":false},"author":1,"featured_media":55768,"comment_status":"open","ping_status":"closed","sticky":false,"template":"","format":"standard","meta":{"_lmt_disableupdate":"","_lmt_disable":"","jetpack_post_was_ever_published":false,"_jetpack_newsletter_access":"","_jetpack_dont_email_post_to_subs":false,"_jetpack_newsletter_tier_id":0,"_jetpack_memberships_contains_paywalled_content":false,"_jetpack_memberships_contains_paid_content":false,"footnotes":"","jetpack_publicize_message":"","jetpack_publicize_feature_enabled":true,"jetpack_social_post_already_shared":true,"jetpack_social_options":{"image_generator_settings":{"template":"highway","default_image_id":0,"font":"","enabled":false},"version":2}},"categories":[9,97],"tags":[469,450],"class_list":["post-55767","post","type-post","status-publish","format-standard","has-post-thumbnail","hentry","category-apnea","category-ecuador","tag-apnea-belgrado-2022","tag-destacados"],"modified_by":"Sportalsub.net","views":1907,"jetpack_publicize_connections":[],"jetpack_featured_media_url":"https:\/\/www.sportalsub.net\/blog\/wp-content\/uploads\/2022\/06\/ecuador-serbia2022.jpg","jetpack_sharing_enabled":true,"jetpack_shortlink":"https:\/\/wp.me\/pf9lN-evt","jetpack_likes_enabled":false,"jetpack-related-posts":[{"id":45846,"url":"https:\/\/www.sportalsub.net\/blog\/4-records-panamericanos-para-ecuador-en-jornadas-de-cierre-del-mundial-apnea-cmas-serbia-2021\/","url_meta":{"origin":55767,"position":0},"title":"\ud83c\uddea\ud83c\udde8 4 R\u00e9cords Panamericanos para Ecuador en jornadas de cierre del Mundial de Apnea CMAS Serbia 2021","author":"Sportalsub.net","date":"28 junio 2021","format":false,"excerpt":"(Sportalsub.net \/ FEDASUB) Luego de alcanzar\u00a02 R\u00e9cords Panamericanos y una medalla de Bronce por parte de la apneista Mar\u00eda Ver\u00f3nica C\u00f3rdova en las 2 primeras jornadas del Mundial de Apnea CMAS Belgrado, Serbia 2021, la selecci\u00f3n ecuatoriana logr\u00f3 establecer 4 nuevos r\u00e9cords panamericanos, en los d\u00edas 3 y 4 del\u2026","rel":"","context":"En \u00abApnea\u00bb","block_context":{"text":"Apnea","link":"https:\/\/www.sportalsub.net\/blog\/category\/modalidades\/apnea\/"},"img":{"alt_text":"","src":"https:\/\/i0.wp.com\/www.sportalsub.net\/blog\/wp-content\/uploads\/2021\/06\/ecuador-records.jpg?resize=350%2C200&ssl=1","width":350,"height":200,"srcset":"https:\/\/i0.wp.com\/www.sportalsub.net\/blog\/wp-content\/uploads\/2021\/06\/ecuador-records.jpg?resize=350%2C200&ssl=1 1x, https:\/\/i0.wp.com\/www.sportalsub.net\/blog\/wp-content\/uploads\/2021\/06\/ecuador-records.jpg?resize=525%2C300&ssl=1 1.5x, https:\/\/i0.wp.com\/www.sportalsub.net\/blog\/wp-content\/uploads\/2021\/06\/ecuador-records.jpg?resize=700%2C400&ssl=1 2x"},"classes":[]},{"id":45787,"url":"https:\/\/www.sportalsub.net\/blog\/2-records-panamericanos-y-medalla-de-bronce-para-maria-veronica-cordova-de-ecuador-en-inicio-del-mundial-de-apnea-cmas-serbia-2021\/","url_meta":{"origin":55767,"position":1},"title":"\ud83c\uddea\ud83c\udde8 2 R\u00e9cords Panamericanos y Bronce para Mar\u00eda Ver\u00f3nica C\u00f3rdova de Ecuador en inicio del Mundial Apnea CMAS Serbia 2021","author":"Sportalsub.net","date":"24 junio 2021","format":false,"excerpt":"(Sportalsub.net \/ FEDASUB) La Apneista Ecuatoriana Mar\u00eda Ver\u00f3nica\u00a0C\u00f3rdova\u00a0ha iniciado con gran \u00e9xito su participaci\u00f3n en el \u00a011\u00b0 Campeonato Mundial de Apnea Indoor CMAS 2021 \u2013 Belgrado, Serbia en donde ha logrado establecer dos nuevos r\u00e9cords panamericanos en las pruebas de din\u00e1mica sin aletas y din\u00e1mica con bialetas (en donde tambi\u00e9n\u2026","rel":"","context":"En \u00abApnea\u00bb","block_context":{"text":"Apnea","link":"https:\/\/www.sportalsub.net\/blog\/category\/modalidades\/apnea\/"},"img":{"alt_text":"","src":"https:\/\/i0.wp.com\/www.sportalsub.net\/blog\/wp-content\/uploads\/2021\/06\/mariaveronica.jpg?resize=350%2C200&ssl=1","width":350,"height":200,"srcset":"https:\/\/i0.wp.com\/www.sportalsub.net\/blog\/wp-content\/uploads\/2021\/06\/mariaveronica.jpg?resize=350%2C200&ssl=1 1x, https:\/\/i0.wp.com\/www.sportalsub.net\/blog\/wp-content\/uploads\/2021\/06\/mariaveronica.jpg?resize=525%2C300&ssl=1 1.5x, https:\/\/i0.wp.com\/www.sportalsub.net\/blog\/wp-content\/uploads\/2021\/06\/mariaveronica.jpg?resize=700%2C400&ssl=1 2x"},"classes":[]},{"id":74038,"url":"https:\/\/www.sportalsub.net\/blog\/ecuador-apnea-cmas-belgrado-2024","url_meta":{"origin":55767,"position":2},"title":"\ud83c\uddea\ud83c\udde8 Team Ecuador presente en el Campeonato Mundial de Apnea en piscina CMAS &#8211; Belgrado, Serbia 2024","author":"Sportalsub.net","date":"4 julio 2024","format":false,"excerpt":"(Sportalsub.net \/ FEDASUB) La Selecci\u00f3n de Apnea de Ecuador participar\u00e1 en el 14to Campeonato Mundial CMAS de Apnea en piscina 2024 \u2013 Belgrado, Serbia a realizarse del 4 al 10 de julio. El equipo est\u00e1 conformado por las dos atletas de\u00a0Categor\u00eda Junior: Sabine M\u00e4nz y Mar\u00eda Emilia Segarra y dos\u2026","rel":"","context":"En \u00abApnea\u00bb","block_context":{"text":"Apnea","link":"https:\/\/www.sportalsub.net\/blog\/category\/modalidades\/apnea\/"},"img":{"alt_text":"","src":"https:\/\/i0.wp.com\/www.sportalsub.net\/blog\/wp-content\/uploads\/2024\/07\/apneaecuadorserbia2024.jpg?resize=350%2C200&ssl=1","width":350,"height":200,"srcset":"https:\/\/i0.wp.com\/www.sportalsub.net\/blog\/wp-content\/uploads\/2024\/07\/apneaecuadorserbia2024.jpg?resize=350%2C200&ssl=1 1x, https:\/\/i0.wp.com\/www.sportalsub.net\/blog\/wp-content\/uploads\/2024\/07\/apneaecuadorserbia2024.jpg?resize=525%2C300&ssl=1 1.5x, https:\/\/i0.wp.com\/www.sportalsub.net\/blog\/wp-content\/uploads\/2024\/07\/apneaecuadorserbia2024.jpg?resize=700%2C400&ssl=1 2x"},"classes":[]},{"id":35696,"url":"https:\/\/www.sportalsub.net\/blog\/apnea-fedasub-ecuador-2020","url_meta":{"origin":55767,"position":3},"title":"\ud83c\uddea\ud83c\udde8 Resultados del Campeonato Nacional Open de Apnea Indoor FEDASUB 2020. Guayaquil, Ecuador","author":"Sportalsub.net","date":"21 enero 2020","format":false,"excerpt":"(Sportalsub.net \/ FEDASUB) La Federaci\u00f3n Ecuatoriana de Buceo y Actividades Subacu\u00e1ticas (FEDASUB) realiz\u00f3 con \u00e9xito el 1er Campeonato Nacional Open de Apnea Indoor del a\u00f1o 2020 este 11 y 12 de enero en la ciudad de Guayaquil. El evento incluy\u00f3 las categor\u00edas Novato y Avanzado y sirvi\u00f3 para acreditar marcas\u2026","rel":"","context":"En \u00abApnea\u00bb","block_context":{"text":"Apnea","link":"https:\/\/www.sportalsub.net\/blog\/category\/modalidades\/apnea\/"},"img":{"alt_text":"","src":"https:\/\/i0.wp.com\/www.sportalsub.net\/blog\/wp-content\/uploads\/2019\/12\/fedasubapnea2020.jpg?resize=350%2C200&ssl=1","width":350,"height":200,"srcset":"https:\/\/i0.wp.com\/www.sportalsub.net\/blog\/wp-content\/uploads\/2019\/12\/fedasubapnea2020.jpg?resize=350%2C200&ssl=1 1x, https:\/\/i0.wp.com\/www.sportalsub.net\/blog\/wp-content\/uploads\/2019\/12\/fedasubapnea2020.jpg?resize=525%2C300&ssl=1 1.5x, https:\/\/i0.wp.com\/www.sportalsub.net\/blog\/wp-content\/uploads\/2019\/12\/fedasubapnea2020.jpg?resize=700%2C400&ssl=1 2x"},"classes":[]},{"id":39430,"url":"https:\/\/www.sportalsub.net\/blog\/2do-apnea-fedasub-ecuador-2020","url_meta":{"origin":55767,"position":4},"title":"\ud83c\uddea\ud83c\udde8 Suspendido &#8211; II Campeonato Nacional de Apnea Indoor FEDASUB 2020. Guayaquil, Ecuador","author":"Sportalsub.net","date":"13 marzo 2020","format":false,"excerpt":"(Sportalsub.net \/ FEDASUB) La Federaci\u00f3n Ecuatoriana de Buceo y Actividades Subacu\u00e1ticas (FEDASUB) organizar\u00e1 el 2do Campeonato Nacional Open de Apnea Indoor del a\u00f1o 2020 este 14 y 15 de marzo en la ciudad de Guayaquil. SUSPENDIDO HASTA NUEVO AVISO POR MEDIDAS PREVENTIVAS ANTE EL COVID-19 El evento incluir\u00e1 las categor\u00edas\u2026","rel":"","context":"En \u00abApnea\u00bb","block_context":{"text":"Apnea","link":"https:\/\/www.sportalsub.net\/blog\/category\/modalidades\/apnea\/"},"img":{"alt_text":"","src":"https:\/\/i0.wp.com\/www.sportalsub.net\/blog\/wp-content\/uploads\/2020\/03\/apneaecuadormarzo2020.jpg?resize=350%2C200&ssl=1","width":350,"height":200,"srcset":"https:\/\/i0.wp.com\/www.sportalsub.net\/blog\/wp-content\/uploads\/2020\/03\/apneaecuadormarzo2020.jpg?resize=350%2C200&ssl=1 1x, https:\/\/i0.wp.com\/www.sportalsub.net\/blog\/wp-content\/uploads\/2020\/03\/apneaecuadormarzo2020.jpg?resize=525%2C300&ssl=1 1.5x, https:\/\/i0.wp.com\/www.sportalsub.net\/blog\/wp-content\/uploads\/2020\/03\/apneaecuadormarzo2020.jpg?resize=700%2C400&ssl=1 2x"},"classes":[]},{"id":45751,"url":"https:\/\/www.sportalsub.net\/blog\/colombia-ecuador-y-espana-presentes-en-campeonato-mundial-de-apnea-indoor-cmas-2021-en-serbia\/","url_meta":{"origin":55767,"position":5},"title":"\ud83c\udde8\ud83c\uddf4 Colombia, \ud83c\uddea\ud83c\udde8 Ecuador y \ud83c\uddea\ud83c\uddf8 Espa\u00f1a presentes en Campeonato Mundial de Apnea Indoor CMAS 2021 en Serbia","author":"Sportalsub.net","date":"22 junio 2021","format":false,"excerpt":"(Especial Sportalsub.net \/ FEDAS \/ FEDECAS \/ FEDASUB) 3 pa\u00edses de habla hispana: Colombia, Ecuador y Espa\u00f1a, est\u00e1n presentes en el El 11\u00b0 Campeonato Mundial de Apnea Indoor (en piscina) de la Confederaci\u00f3n Mundial de Actividades Subacu\u00e1ticas (CMAS) que se lleva a cabo en Belgrado, Serbia del 21 al 27\u2026","rel":"","context":"En \u00abApnea\u00bb","block_context":{"text":"Apnea","link":"https:\/\/www.sportalsub.net\/blog\/category\/modalidades\/apnea\/"},"img":{"alt_text":"","src":"https:\/\/i0.wp.com\/www.sportalsub.net\/blog\/wp-content\/uploads\/2021\/06\/hispanosenserbia.jpg?resize=350%2C200&ssl=1","width":350,"height":200,"srcset":"https:\/\/i0.wp.com\/www.sportalsub.net\/blog\/wp-content\/uploads\/2021\/06\/hispanosenserbia.jpg?resize=350%2C200&ssl=1 1x, https:\/\/i0.wp.com\/www.sportalsub.net\/blog\/wp-content\/uploads\/2021\/06\/hispanosenserbia.jpg?resize=525%2C300&ssl=1 1.5x, https:\/\/i0.wp.com\/www.sportalsub.net\/blog\/wp-content\/uploads\/2021\/06\/hispanosenserbia.jpg?resize=700%2C400&ssl=1 2x"},"classes":[]}],"_links":{"self":[{"href":"https:\/\/www.sportalsub.net\/blog\/wp-json\/wp\/v2\/posts\/55767","targetHints":{"allow":["GET"]}}],"collection":[{"href":"https:\/\/www.sportalsub.net\/blog\/wp-json\/wp\/v2\/posts"}],"about":[{"href":"https:\/\/www.sportalsub.net\/blog\/wp-json\/wp\/v2\/types\/post"}],"author":[{"embeddable":true,"href":"https:\/\/www.sportalsub.net\/blog\/wp-json\/wp\/v2\/users\/1"}],"replies":[{"embeddable":true,"href":"https:\/\/www.sportalsub.net\/blog\/wp-json\/wp\/v2\/comments?post=55767"}],"version-history":[{"count":0,"href":"https:\/\/www.sportalsub.net\/blog\/wp-json\/wp\/v2\/posts\/55767\/revisions"}],"wp:featuredmedia":[{"embeddable":true,"href":"https:\/\/www.sportalsub.net\/blog\/wp-json\/wp\/v2\/media\/55768"}],"wp:attachment":[{"href":"https:\/\/www.sportalsub.net\/blog\/wp-json\/wp\/v2\/media?parent=55767"}],"wp:term":[{"taxonomy":"category","embeddable":true,"href":"https:\/\/www.sportalsub.net\/blog\/wp-json\/wp\/v2\/categories?post=55767"},{"taxonomy":"post_tag","embeddable":true,"href":"https:\/\/www.sportalsub.net\/blog\/wp-json\/wp\/v2\/tags?post=55767"}],"curies":[{"name":"wp","href":"https:\/\/api.w.org\/{rel}","templated":true}]}}