{"id":56247,"date":"2022-09-05T05:57:18","date_gmt":"2022-09-05T09:57:18","guid":{"rendered":"https:\/\/www.sportalsub.net\/blog\/?p=56247"},"modified":"2022-09-05T05:57:18","modified_gmt":"2022-09-05T09:57:18","slug":"%f0%9f%87%aa%f0%9f%87%a8-ecuatoriano-william-birkett-gana-2-medallas-de-plata-en-copa-mundo-de-natacion-con-aletas-2022-en-tailandia","status":"publish","type":"post","link":"https:\/\/www.sportalsub.net\/blog\/william-birkett-ecuador-medallas-nadosub-tailandia-2022","title":{"rendered":"\ud83c\uddea\ud83c\udde8 Ecuatoriano William Birkett gana 2 medallas de plata en Copa Mundo de Nataci\u00f3n con Aletas 2022 en Tailandia"},"content":{"rendered":"<p><img loading=\"lazy\" decoding=\"async\" class=\"alignnone size-full wp-image-56248\" src=\"https:\/\/www.sportalsub.net\/blog\/wp-content\/uploads\/2022\/09\/williambirket.jpg\" alt=\"\" width=\"900\" height=\"600\" srcset=\"https:\/\/www.sportalsub.net\/blog\/wp-content\/uploads\/2022\/09\/williambirket.jpg 900w, https:\/\/www.sportalsub.net\/blog\/wp-content\/uploads\/2022\/09\/williambirket-300x200.jpg 300w, https:\/\/www.sportalsub.net\/blog\/wp-content\/uploads\/2022\/09\/williambirket-768x512.jpg 768w, https:\/\/www.sportalsub.net\/blog\/wp-content\/uploads\/2022\/09\/williambirket-450x300.jpg 450w\" sizes=\"auto, (max-width: 900px) 100vw, 900px\" \/><\/p>\n<p>(Sportalsub.net \/ FEDASUB)<\/p>\n<p>El Nadador con Aletas Ecuatoriano, <a href=\"https:\/\/www.instagram.com\/willy_birkettf\/\" target=\"_blank\"><strong>William Birkett Feraud<\/strong><\/a> alcanz\u00f3 este fin de semana dos importantes medallas de plata, en la reciente ronda de la <a href=\"https:\/\/www.sportalsub.net\/blog\/phuket-2022\" target=\"_blank\" rel=\"noopener\">XVI Copa Mundo de Nataci\u00f3n con Aletas CMAS realizada en Phuket, Tailandia<\/a> los d\u00edas 3 y 4 de septiembre 2022.<\/p>\n<p>Birkett se colg\u00f3 con las preseas en los 50 metros y 100 metros con bialetas, alcanzando un importante logro para las Actividades Subacu\u00e1ticas de su pa\u00eds.<\/p>\n<p>En esta Copa del Mundo participaron 182 atletas de 17 pa\u00edses.<\/p>\n<p>Felicitaciones para William, sus familiares, entrenadores y para la Federaci\u00f3n Ecuatoriana de Actividades Subacu\u00e1ticas por este resultado.<\/p>\n<blockquote class=\"instagram-media\" style=\"background: #FFF; border: 0; border-radius: 3px; box-shadow: 0 0 1px 0 rgba(0,0,0,0.5),0 1px 10px 0 rgba(0,0,0,0.15); margin: 1px; max-width: 540px; min-width: 326px; padding: 0; width: calc(100% - 2px);\" data-instgrm-captioned=\"\" data-instgrm-permalink=\"https:\/\/www.instagram.com\/reel\/CiC1o7mjIgD\/?utm_source=ig_embed&amp;utm_campaign=loading\" data-instgrm-version=\"14\">\n<div style=\"padding: 16px;\">\n<p>&nbsp;<\/p>\n<div style=\"display: flex; flex-direction: row; align-items: center;\">\n<div style=\"background-color: #f4f4f4; border-radius: 50%; flex-grow: 0; height: 40px; margin-right: 14px; width: 40px;\"><\/div>\n<div style=\"display: flex; flex-direction: column; flex-grow: 1; justify-content: center;\">\n<div style=\"background-color: #f4f4f4; border-radius: 4px; flex-grow: 0; height: 14px; margin-bottom: 6px; width: 100px;\"><\/div>\n<div style=\"background-color: #f4f4f4; border-radius: 4px; flex-grow: 0; height: 14px; width: 60px;\"><\/div>\n<\/div>\n<\/div>\n<div style=\"padding: 19% 0;\"><\/div>\n<div style=\"display: block; height: 50px; margin: 0 auto 12px; width: 50px;\"><\/div>\n<div style=\"padding-top: 8px;\">\n<div style=\"color: #3897f0; font-family: Arial,sans-serif; font-size: 14px; font-style: normal; font-weight: 550; line-height: 18px;\">Ver esta publicaci\u00f3n en Instagram<\/div>\n<\/div>\n<div style=\"padding: 12.5% 0;\"><\/div>\n<div style=\"display: flex; flex-direction: row; margin-bottom: 14px; align-items: center;\">\n<div>\n<div style=\"background-color: #f4f4f4; border-radius: 50%; height: 12.5px; width: 12.5px; transform: translateX(0px) translateY(7px);\"><\/div>\n<div style=\"background-color: #f4f4f4; height: 12.5px; transform: rotate(-45deg) translateX(3px) translateY(1px); width: 12.5px; flex-grow: 0; margin-right: 14px; margin-left: 2px;\"><\/div>\n<div style=\"background-color: #f4f4f4; border-radius: 50%; height: 12.5px; width: 12.5px; transform: translateX(9px) translateY(-18px);\"><\/div>\n<\/div>\n<div style=\"margin-left: 8px;\">\n<div style=\"background-color: #f4f4f4; border-radius: 50%; flex-grow: 0; height: 20px; width: 20px;\"><\/div>\n<div style=\"width: 0; height: 0; border-top: 2px solid transparent; border-left: 6px solid #f4f4f4; border-bottom: 2px solid transparent; transform: translateX(16px) translateY(-4px) rotate(30deg);\"><\/div>\n<\/div>\n<div style=\"margin-left: auto;\">\n<div style=\"width: 0px; border-top: 8px solid #F4F4F4; border-right: 8px solid transparent; transform: translateY(16px);\"><\/div>\n<div style=\"background-color: #f4f4f4; flex-grow: 0; height: 12px; width: 16px; transform: translateY(-4px);\"><\/div>\n<div style=\"width: 0; height: 0; border-top: 8px solid #F4F4F4; border-left: 8px solid transparent; transform: translateY(-4px) translateX(8px);\"><\/div>\n<\/div>\n<\/div>\n<div style=\"display: flex; flex-direction: column; flex-grow: 1; justify-content: center; margin-bottom: 24px;\">\n<div style=\"background-color: #f4f4f4; border-radius: 4px; flex-grow: 0; height: 14px; margin-bottom: 6px; width: 224px;\"><\/div>\n<div style=\"background-color: #f4f4f4; border-radius: 4px; flex-grow: 0; height: 14px; width: 144px;\"><\/div>\n<\/div>\n<p>&nbsp;<\/p>\n<p style=\"color: #c9c8cd; font-family: Arial,sans-serif; font-size: 14px; line-height: 17px; margin-bottom: 0; margin-top: 8px; overflow: hidden; padding: 8px 0 7px; text-align: center; text-overflow: ellipsis; white-space: nowrap;\"><a href=\"https:\/\/www.instagram.com\/reel\/CiC1o7mjIgD\/?utm_source=ig_embed&amp;utm_campaign=loading\"style=\"color: #c9c8cd; font-family: Arial,sans-serif; font-size: 14px; font-style: normal; font-weight: normal; line-height: 17px; text-decoration: none;\"  target=\"_blank\" rel=\"noopener\" target=\"_blank\">Una publicaci\u00f3n compartida por FEDASUB (@fedasub)<\/a><\/p>\n<\/div>\n<\/blockquote>\n<p><script async src=\"\/\/www.instagram.com\/embed.js\"><\/script><\/p>\n<blockquote class=\"instagram-media\" style=\"background: #FFF; border: 0; border-radius: 3px; box-shadow: 0 0 1px 0 rgba(0,0,0,0.5),0 1px 10px 0 rgba(0,0,0,0.15); margin: 1px; max-width: 540px; min-width: 326px; padding: 0; width: calc(100% - 2px);\" data-instgrm-captioned=\"\" data-instgrm-permalink=\"https:\/\/www.instagram.com\/reel\/CiF7wFrD8Wy\/?utm_source=ig_embed&amp;utm_campaign=loading\" data-instgrm-version=\"14\">\n<div style=\"padding: 16px;\">\n<p>&nbsp;<\/p>\n<div style=\"display: flex; flex-direction: row; align-items: center;\">\n<div style=\"background-color: #f4f4f4; border-radius: 50%; flex-grow: 0; height: 40px; margin-right: 14px; width: 40px;\"><\/div>\n<div style=\"display: flex; flex-direction: column; flex-grow: 1; justify-content: center;\">\n<div style=\"background-color: #f4f4f4; border-radius: 4px; flex-grow: 0; height: 14px; margin-bottom: 6px; width: 100px;\"><\/div>\n<div style=\"background-color: #f4f4f4; border-radius: 4px; flex-grow: 0; height: 14px; width: 60px;\"><\/div>\n<\/div>\n<\/div>\n<div style=\"padding: 19% 0;\"><\/div>\n<div style=\"display: block; height: 50px; margin: 0 auto 12px; width: 50px;\"><\/div>\n<div style=\"padding-top: 8px;\">\n<div style=\"color: #3897f0; font-family: Arial,sans-serif; font-size: 14px; font-style: normal; font-weight: 550; line-height: 18px;\">Ver esta publicaci\u00f3n en Instagram<\/div>\n<\/div>\n<div style=\"padding: 12.5% 0;\"><\/div>\n<div style=\"display: flex; flex-direction: row; margin-bottom: 14px; align-items: center;\">\n<div>\n<div style=\"background-color: #f4f4f4; border-radius: 50%; height: 12.5px; width: 12.5px; transform: translateX(0px) translateY(7px);\"><\/div>\n<div style=\"background-color: #f4f4f4; height: 12.5px; transform: rotate(-45deg) translateX(3px) translateY(1px); width: 12.5px; flex-grow: 0; margin-right: 14px; margin-left: 2px;\"><\/div>\n<div style=\"background-color: #f4f4f4; border-radius: 50%; height: 12.5px; width: 12.5px; transform: translateX(9px) translateY(-18px);\"><\/div>\n<\/div>\n<div style=\"margin-left: 8px;\">\n<div style=\"background-color: #f4f4f4; border-radius: 50%; flex-grow: 0; height: 20px; width: 20px;\"><\/div>\n<div style=\"width: 0; height: 0; border-top: 2px solid transparent; border-left: 6px solid #f4f4f4; border-bottom: 2px solid transparent; transform: translateX(16px) translateY(-4px) rotate(30deg);\"><\/div>\n<\/div>\n<div style=\"margin-left: auto;\">\n<div style=\"width: 0px; border-top: 8px solid #F4F4F4; border-right: 8px solid transparent; transform: translateY(16px);\"><\/div>\n<div style=\"background-color: #f4f4f4; flex-grow: 0; height: 12px; width: 16px; transform: translateY(-4px);\"><\/div>\n<div style=\"width: 0; height: 0; border-top: 8px solid #F4F4F4; border-left: 8px solid transparent; transform: translateY(-4px) translateX(8px);\"><\/div>\n<\/div>\n<\/div>\n<div style=\"display: flex; flex-direction: column; flex-grow: 1; justify-content: center; margin-bottom: 24px;\">\n<div style=\"background-color: #f4f4f4; border-radius: 4px; flex-grow: 0; height: 14px; margin-bottom: 6px; width: 224px;\"><\/div>\n<div style=\"background-color: #f4f4f4; border-radius: 4px; flex-grow: 0; height: 14px; width: 144px;\"><\/div>\n<\/div>\n<p>&nbsp;<\/p>\n<p style=\"color: #c9c8cd; font-family: Arial,sans-serif; font-size: 14px; line-height: 17px; margin-bottom: 0; margin-top: 8px; overflow: hidden; padding: 8px 0 7px; text-align: center; text-overflow: ellipsis; white-space: nowrap;\"><a href=\"https:\/\/www.instagram.com\/reel\/CiF7wFrD8Wy\/?utm_source=ig_embed&amp;utm_campaign=loading\"style=\"color: #c9c8cd; font-family: Arial,sans-serif; font-size: 14px; font-style: normal; font-weight: normal; line-height: 17px; text-decoration: none;\"  target=\"_blank\" rel=\"noopener\" target=\"_blank\">Una publicaci\u00f3n compartida por FEDASUB (@fedasub)<\/a><\/p>\n<\/div>\n<\/blockquote>\n<p><script async src=\"\/\/www.instagram.com\/embed.js\"><\/script><\/p>\n<p><img loading=\"lazy\" decoding=\"async\" class=\"alignnone size-full wp-image-56249\" src=\"https:\/\/www.sportalsub.net\/blog\/wp-content\/uploads\/2022\/09\/birkett-premiacion.jpg\" alt=\"\" width=\"1600\" height=\"900\" srcset=\"https:\/\/www.sportalsub.net\/blog\/wp-content\/uploads\/2022\/09\/birkett-premiacion.jpg 1600w, https:\/\/www.sportalsub.net\/blog\/wp-content\/uploads\/2022\/09\/birkett-premiacion-300x169.jpg 300w, https:\/\/www.sportalsub.net\/blog\/wp-content\/uploads\/2022\/09\/birkett-premiacion-1024x576.jpg 1024w, https:\/\/www.sportalsub.net\/blog\/wp-content\/uploads\/2022\/09\/birkett-premiacion-768x432.jpg 768w, https:\/\/www.sportalsub.net\/blog\/wp-content\/uploads\/2022\/09\/birkett-premiacion-1536x864.jpg 1536w\" sizes=\"auto, (max-width: 1600px) 100vw, 1600px\" \/> <img loading=\"lazy\" decoding=\"async\" class=\"alignnone size-full wp-image-56250\" src=\"https:\/\/www.sportalsub.net\/blog\/wp-content\/uploads\/2022\/09\/birkettbandera.jpg\" alt=\"\" width=\"548\" height=\"704\" srcset=\"https:\/\/www.sportalsub.net\/blog\/wp-content\/uploads\/2022\/09\/birkettbandera.jpg 548w, https:\/\/www.sportalsub.net\/blog\/wp-content\/uploads\/2022\/09\/birkettbandera-234x300.jpg 234w\" sizes=\"auto, (max-width: 548px) 100vw, 548px\" \/><\/p>\n","protected":false},"excerpt":{"rendered":"<p>(Sportalsub.net \/ FEDASUB) El Nadador con Aletas Ecuatoriano, William Birkett Feraud alcanz\u00f3 este fin de semana dos importantes medallas de plata, en la reciente ronda de la XVI Copa Mundo de Nataci\u00f3n con Aletas CMAS realizada en Phuket, Tailandia los d\u00edas 3 y 4 de septiembre 2022. Birkett se colg\u00f3 con las preseas en los 50 metros y 100 metros [&#8230;]<\/p>\n","protected":false},"author":1,"featured_media":56248,"comment_status":"open","ping_status":"closed","sticky":false,"template":"","format":"standard","meta":{"_lmt_disableupdate":"","_lmt_disable":"","jetpack_post_was_ever_published":false,"_jetpack_newsletter_access":"","_jetpack_dont_email_post_to_subs":false,"_jetpack_newsletter_tier_id":0,"_jetpack_memberships_contains_paywalled_content":false,"_jetpack_memberships_contains_paid_content":false,"footnotes":"","jetpack_publicize_message":"","jetpack_publicize_feature_enabled":true,"jetpack_social_post_already_shared":true,"jetpack_social_options":{"image_generator_settings":{"template":"highway","default_image_id":0,"font":"","enabled":false},"version":2}},"categories":[12],"tags":[450],"class_list":["post-56247","post","type-post","status-publish","format-standard","has-post-thumbnail","hentry","category-natacion-con-aletas","tag-destacados"],"modified_by":"Sportalsub.net","views":1825,"jetpack_publicize_connections":[],"jetpack_featured_media_url":"https:\/\/www.sportalsub.net\/blog\/wp-content\/uploads\/2022\/09\/williambirket.jpg","jetpack_sharing_enabled":true,"jetpack_shortlink":"https:\/\/wp.me\/pf9lN-eDd","jetpack_likes_enabled":false,"jetpack-related-posts":[{"id":27793,"url":"https:\/\/www.sportalsub.net\/blog\/ecuador-presente-en-campeonato-italiano-de-primavera-de-apnea-indoor\/","url_meta":{"origin":56247,"position":0},"title":"\ud83c\uddea\ud83c\udde8 Annette Birkett del Club Aquarium de Ecuador se sube al Podio en Campeonato Italiano de Primavera de Apnea Indoor 2018","author":"Sportalsub.net","date":"29 marzo 2018","format":false,"excerpt":"(Sportalsub.net \/ Subacuaticos) Los apneistas ecuatorianos y medallistas panamericanos en 2017, Annette Birkett y Pablo Delgado, del Club Aquarium de Ecuador participaron el pasado fin de semana 24 y 25 de marzo en la IX edici\u00f3n del\u00a0Campeonato Italiano de Primavera de Apnea Indoor 2018 de la Federaci\u00f3n Italiana de Actividades\u2026","rel":"","context":"En \u00abApnea\u00bb","block_context":{"text":"Apnea","link":"https:\/\/www.sportalsub.net\/blog\/category\/modalidades\/apnea\/"},"img":{"alt_text":"","src":"https:\/\/i0.wp.com\/www.sportalsub.net\/blog\/wp-content\/uploads\/2018\/03\/salida-annette.jpg?resize=350%2C200&ssl=1","width":350,"height":200,"srcset":"https:\/\/i0.wp.com\/www.sportalsub.net\/blog\/wp-content\/uploads\/2018\/03\/salida-annette.jpg?resize=350%2C200&ssl=1 1x, https:\/\/i0.wp.com\/www.sportalsub.net\/blog\/wp-content\/uploads\/2018\/03\/salida-annette.jpg?resize=525%2C300&ssl=1 1.5x, https:\/\/i0.wp.com\/www.sportalsub.net\/blog\/wp-content\/uploads\/2018\/03\/salida-annette.jpg?resize=700%2C400&ssl=1 2x"},"classes":[]},{"id":28970,"url":"https:\/\/www.sportalsub.net\/blog\/medallas-para-colombia-en-el-golden-final-de-la-copa-mundo-de-natacion-con-aletas-2018-en-tailandia\/","url_meta":{"origin":56247,"position":1},"title":"\ud83c\udde8\ud83c\uddf4 3 medallas para Colombia en la Golden Final Copa Mundo de Nataci\u00f3n con Aletas 2018 en Tailandia","author":"Sportalsub.net","date":"24 septiembre 2018","format":false,"excerpt":"(Sportalsub.net \/ Club Octopus Popay\u00e1n) El pasado fin de semana se llevaron a cabo las competencias de piscina de la Golden Final de la XIII\u00a0 Copa Mundo de Nataci\u00f3n con Aletas CMAS 2018 realizada en Phuket, Tailandia del 20 al 24 de septiembre 2018. El evento que reuni\u00f3 a algunos\u2026","rel":"","context":"En \u00abColombia\u00bb","block_context":{"text":"Colombia","link":"https:\/\/www.sportalsub.net\/blog\/category\/paises\/america\/colombia\/"},"img":{"alt_text":"","src":"https:\/\/i0.wp.com\/www.sportalsub.net\/blog\/wp-content\/uploads\/2018\/09\/nadadoresoctopus.jpg?resize=350%2C200&ssl=1","width":350,"height":200,"srcset":"https:\/\/i0.wp.com\/www.sportalsub.net\/blog\/wp-content\/uploads\/2018\/09\/nadadoresoctopus.jpg?resize=350%2C200&ssl=1 1x, https:\/\/i0.wp.com\/www.sportalsub.net\/blog\/wp-content\/uploads\/2018\/09\/nadadoresoctopus.jpg?resize=525%2C300&ssl=1 1.5x, https:\/\/i0.wp.com\/www.sportalsub.net\/blog\/wp-content\/uploads\/2018\/09\/nadadoresoctopus.jpg?resize=700%2C400&ssl=1 2x"},"classes":[]},{"id":26783,"url":"https:\/\/www.sportalsub.net\/blog\/seleccion-apnea-ecuador-panamericano-apnea-mexico-2017","url_meta":{"origin":56247,"position":2},"title":"\ud83c\uddea\ud83c\udde8 Apneistas ecuatorianos buscar\u00e1n el t\u00edtulo del Panamericano Indoor en M\u00e9xico","author":"Sportalsub.net","date":"19 octubre 2017","format":false,"excerpt":"(Sportalsub.net \/ FEDASUB\u00a0 \/ COE) Seis deportistas conforman la selecci\u00f3n que representar\u00e1 al Ecuador en el VI Campeonato Panamericano Indoor de Apnea que se desarrollar\u00e1 del 23 al 31 de octubre en Veracruz, M\u00e9xico. La Federaci\u00f3n Ecuatoriana de Buceo y Actividades Subacu\u00e1ticos (Fedasub) realiz\u00f3 tres preselectivos a nivel nacional para\u2026","rel":"","context":"En \u00abApnea\u00bb","block_context":{"text":"Apnea","link":"https:\/\/www.sportalsub.net\/blog\/category\/modalidades\/apnea\/"},"img":{"alt_text":"","src":"https:\/\/i0.wp.com\/www.sportalsub.net\/blog\/wp-content\/uploads\/2017\/10\/apneistasecuador.jpg?resize=350%2C200&ssl=1","width":350,"height":200,"srcset":"https:\/\/i0.wp.com\/www.sportalsub.net\/blog\/wp-content\/uploads\/2017\/10\/apneistasecuador.jpg?resize=350%2C200&ssl=1 1x, https:\/\/i0.wp.com\/www.sportalsub.net\/blog\/wp-content\/uploads\/2017\/10\/apneistasecuador.jpg?resize=525%2C300&ssl=1 1.5x, https:\/\/i0.wp.com\/www.sportalsub.net\/blog\/wp-content\/uploads\/2017\/10\/apneistasecuador.jpg?resize=700%2C400&ssl=1 2x, https:\/\/i0.wp.com\/www.sportalsub.net\/blog\/wp-content\/uploads\/2017\/10\/apneistasecuador.jpg?resize=1050%2C600&ssl=1 3x, https:\/\/i0.wp.com\/www.sportalsub.net\/blog\/wp-content\/uploads\/2017\/10\/apneistasecuador.jpg?resize=1400%2C800&ssl=1 4x"},"classes":[]},{"id":56226,"url":"https:\/\/www.sportalsub.net\/blog\/phuket-2022","url_meta":{"origin":56247,"position":3},"title":"\ud83c\uddf9\ud83c\udded Resultados &#8211; XVI Copa Mundo CMAS Nataci\u00f3n con Aletas 2022 \u2013 Phuket, Tailandia","author":"Sportalsub.net","date":"5 septiembre 2022","format":false,"excerpt":"(Sportalsub.net \/ CMAS \/ ATUS) - Read in English La Asociaci\u00f3n de Deportes Subacu\u00e1ticos de Tailandia (ATUS); secci\u00f3n Nataci\u00f3n con Aletas -autorizada por CMAS- invita a todas las Federaciones y Clubes interesados a participar en la Copa Mundial de Nataci\u00f3n con Aletas en Piscina del 2 al 4 de septiembre\u2026","rel":"","context":"En \u00abNataci\u00f3n con Aletas\u00bb","block_context":{"text":"Nataci\u00f3n con Aletas","link":"https:\/\/www.sportalsub.net\/blog\/category\/modalidades\/natacion-con-aletas\/"},"img":{"alt_text":"","src":"https:\/\/i0.wp.com\/www.sportalsub.net\/blog\/wp-content\/uploads\/2022\/09\/finswimming-thailand2022.jpg?resize=350%2C200&ssl=1","width":350,"height":200,"srcset":"https:\/\/i0.wp.com\/www.sportalsub.net\/blog\/wp-content\/uploads\/2022\/09\/finswimming-thailand2022.jpg?resize=350%2C200&ssl=1 1x, https:\/\/i0.wp.com\/www.sportalsub.net\/blog\/wp-content\/uploads\/2022\/09\/finswimming-thailand2022.jpg?resize=525%2C300&ssl=1 1.5x, https:\/\/i0.wp.com\/www.sportalsub.net\/blog\/wp-content\/uploads\/2022\/09\/finswimming-thailand2022.jpg?resize=700%2C400&ssl=1 2x"},"classes":[]},{"id":16222,"url":"https:\/\/www.sportalsub.net\/blog\/resultados-iii-copa-internacional-de-actividades-subacuaticas-apnea-y-natacion-con-aletas-cuba-2013\/","url_meta":{"origin":56247,"position":4},"title":"\ud83c\udde8\ud83c\uddfa Resultados III Copa Internacional de Actividades Subacu\u00e1ticas Apnea y Nataci\u00f3n con Aletas, Cuba 2013","author":"Sportalsub.net","date":"16 octubre 2013","format":false,"excerpt":"(Especial Sportalsub.net \/ FCAS) El 12 de octubre de 2013 se da inauguraci\u00f3n a la III Copa Internacional de Actividades Subacu\u00e1ticas \u201cRam\u00f3n Arocha in Memorias\u201d, con la presencia de 3 Naciones m\u00e1s el pa\u00eds sede, este evento tuvo como participantes a las Federaciones de M\u00e9xico, Ecuador y un representante de\u2026","rel":"","context":"En \u00abApnea\u00bb","block_context":{"text":"Apnea","link":"https:\/\/www.sportalsub.net\/blog\/category\/modalidades\/apnea\/"},"img":{"alt_text":"","src":"https:\/\/i0.wp.com\/www.sportalsub.net\/blog\/wp-content\/uploads\/2013\/10\/resultados-cuba-2013.jpg?resize=350%2C200&ssl=1","width":350,"height":200,"srcset":"https:\/\/i0.wp.com\/www.sportalsub.net\/blog\/wp-content\/uploads\/2013\/10\/resultados-cuba-2013.jpg?resize=350%2C200&ssl=1 1x, https:\/\/i0.wp.com\/www.sportalsub.net\/blog\/wp-content\/uploads\/2013\/10\/resultados-cuba-2013.jpg?resize=525%2C300&ssl=1 1.5x"},"classes":[]},{"id":1904,"url":"https:\/\/www.sportalsub.net\/blog\/resultados-de-la-4ta-ronda-de-la-iv-copa-mundo-de-natacion-con-aletas-cmas-2009\/","url_meta":{"origin":56247,"position":5},"title":"\ud83c\uddee\ud83c\uddf9 Resultados de la 4ta Ronda de la IV Copa Mundo de Nataci\u00f3n con Aletas CMAS 2009","author":"Sportalsub.net","date":"13 abril 2009","format":false,"excerpt":"Foto: William Hennesey @ Facebook El pasado 4 y 5 de abril se realiz\u00f3 en Ravenna, Italia el 23\u00b0 Premio Internacional Giambi, 4ta\u00a0ronda v\u00e1lida\u00a0de la IV Copa del Mundo de Nataci\u00f3n con Aletas CMAS 2009, evento que cont\u00f3 con la participaci\u00f3n de 332 atletas de 41 clubes y 12 paises,\u2026","rel":"","context":"En \u00abColombia\u00bb","block_context":{"text":"Colombia","link":"https:\/\/www.sportalsub.net\/blog\/category\/paises\/america\/colombia\/"},"img":{"alt_text":"","src":"https:\/\/i0.wp.com\/www.sportalsub.net\/blog\/wp-content\/uploads\/2013\/11\/3086_76340125778_589050778_2107441_7505110_n.jpg?resize=350%2C200&ssl=1","width":350,"height":200,"srcset":"https:\/\/i0.wp.com\/www.sportalsub.net\/blog\/wp-content\/uploads\/2013\/11\/3086_76340125778_589050778_2107441_7505110_n.jpg?resize=350%2C200&ssl=1 1x, https:\/\/i0.wp.com\/www.sportalsub.net\/blog\/wp-content\/uploads\/2013\/11\/3086_76340125778_589050778_2107441_7505110_n.jpg?resize=525%2C300&ssl=1 1.5x"},"classes":[]}],"_links":{"self":[{"href":"https:\/\/www.sportalsub.net\/blog\/wp-json\/wp\/v2\/posts\/56247","targetHints":{"allow":["GET"]}}],"collection":[{"href":"https:\/\/www.sportalsub.net\/blog\/wp-json\/wp\/v2\/posts"}],"about":[{"href":"https:\/\/www.sportalsub.net\/blog\/wp-json\/wp\/v2\/types\/post"}],"author":[{"embeddable":true,"href":"https:\/\/www.sportalsub.net\/blog\/wp-json\/wp\/v2\/users\/1"}],"replies":[{"embeddable":true,"href":"https:\/\/www.sportalsub.net\/blog\/wp-json\/wp\/v2\/comments?post=56247"}],"version-history":[{"count":0,"href":"https:\/\/www.sportalsub.net\/blog\/wp-json\/wp\/v2\/posts\/56247\/revisions"}],"wp:featuredmedia":[{"embeddable":true,"href":"https:\/\/www.sportalsub.net\/blog\/wp-json\/wp\/v2\/media\/56248"}],"wp:attachment":[{"href":"https:\/\/www.sportalsub.net\/blog\/wp-json\/wp\/v2\/media?parent=56247"}],"wp:term":[{"taxonomy":"category","embeddable":true,"href":"https:\/\/www.sportalsub.net\/blog\/wp-json\/wp\/v2\/categories?post=56247"},{"taxonomy":"post_tag","embeddable":true,"href":"https:\/\/www.sportalsub.net\/blog\/wp-json\/wp\/v2\/tags?post=56247"}],"curies":[{"name":"wp","href":"https:\/\/api.w.org\/{rel}","templated":true}]}}