{"id":5803,"date":"2010-08-13T04:47:45","date_gmt":"2010-08-13T09:17:45","guid":{"rendered":"http:\/\/www.sportalsub.net\/blog\/?p=5803"},"modified":"2019-09-01T11:30:53","modified_gmt":"2019-09-01T15:30:53","slug":"6ta-ronda-de-la-v-copa-mundo-cmas-de-natacion-con-aletas-este-fin-de-semana-en-bogota-colombia","status":"publish","type":"post","link":"https:\/\/www.sportalsub.net\/blog\/6ta-ronda-de-la-v-copa-mundo-cmas-de-natacion-con-aletas-este-fin-de-semana-en-bogota-colombia\/","title":{"rendered":"\ud83c\udde8\ud83c\uddf4 6ta Ronda de la V Copa Mundo CMAS de Nataci\u00f3n con Aletas este fin de semana en Bogot\u00e1, Colombia"},"content":{"rendered":"<p style=\"text-align: center;\"><a href=\"http:\/\/www.sportalsub.net\/blog\/2010\/08\/13\/6ta-ronda-de-la-v-copa-mundo-cmas-de-natacion-con-aletas-este-fin-de-semana-en-bogota-colombia\/\"><img decoding=\"async\" class=\"alignnone size-full wp-image-5805\" src=\"http:\/\/www.sportalsub.net\/blog\/wp-content\/uploads\/2010\/08\/copamundobogota.jpg\" alt=\"\" width=\"500\" srcset=\"https:\/\/www.sportalsub.net\/blog\/wp-content\/uploads\/2010\/08\/copamundobogota.jpg 550w, https:\/\/www.sportalsub.net\/blog\/wp-content\/uploads\/2010\/08\/copamundobogota-300x191.jpg 300w\" sizes=\"(max-width: 550px) 100vw, 550px\" \/><\/a><br \/>\nFoto: Sitio Web Oficial Copa Mundo CMAS Bogot\u00e1 2010<\/p>\n<p style=\"text-align: justify;\">(Especial Sportalsub.net)<br \/>\nEste fin de semana 14 y 15 de Agosto, se realizar\u00e1 en el Complejo Acu\u00e1tico Sim\u00f3n Bol\u00edvar de la capital de Colombia, Bogot\u00e1, la 6ta Ronda de la V Copa Mundo CMAS de Nataci\u00f3n con Aletas, con la participaci\u00f3n de 250 deportistas de clubes de Francia, M\u00e9xico y Colombia.<\/p>\n<p style=\"text-align: justify;\"><!--more--><\/p>\n<p style=\"text-align: justify;\">En esta edici\u00f3n los mejores exponentes de los clubes de Colombia, as\u00ed como 1 atleta del Club Paris Palmes Olympique de Francia y deportistas de la Selecci\u00f3n Mexicana de nataci\u00f3n con aletas tomar\u00e1n parte de esta ronda, que otorga puntos para el Ranking Mundial CMAS de la modalidad. Colombia viene de una gran actuaci\u00f3n en el Campeonato Mundial Juvenil realizado en el mes de Julio en Espa\u00f1a y 3 de sus nadadores ocuparon los primeros lugares en el Ranking Mundial del a\u00f1o 2009, con lo que Colombia sigue destac\u00e1ndose como el principal exponente de la modalidad a nivel continental y uno de las principales potencias de la nataci\u00f3n con aletas en el mundo.<\/p>\n<p style=\"text-align: justify;\">Bogot\u00e1 recibe por segunda vez una Ronda de la Copa Mundo de nataci\u00f3n con aletas a nivel de clubes, luego de que en Enero de 2009 fuera sede de la primera ronda de la IV Copa, con la participaci\u00f3n en esa ocasi\u00f3n de Venezuela e Italia, adem\u00e1s de los nadadores locales.<\/p>\n<p style=\"text-align: justify;\">Toda la informaci\u00f3n detallada puede ser consultada en el sitio web oficial del evento<\/p>\n<p style=\"text-align: center;\"><a href=\"http:\/\/www.worldcupbogotafins2010.com\/\" target=\"_blank\" rel=\"noopener noreferrer\" target=\"_blank\"><img loading=\"lazy\" decoding=\"async\" title=\"Web Oficial de la 6ta Ronda V Copa Mundo Nataci\u00f3n con Aletas CMAS. Bogot\u00e1 2010\" src=\"http:\/\/www.sportalsub.net\/blog\/wp-content\/uploads\/2010\/05\/webcopamundobogota2009.png\" alt=\"webcopamundobogota2009 Web Oficial de la 6ta Ronda V Copa Mundo Nataci\u00f3n con Aletas CMAS. Bogot\u00e1 2010\" width=\"500\" height=\"410\" \/><\/a><br \/>\nWeb Oficial:\u00a0<a href=\"http:\/\/www.worldcupbogotafins2010.com\/\" target=\"_blank\" rel=\"noopener noreferrer\" target=\"_blank\">www.worldcupbogotafins2010.com<\/a><\/p>\n","protected":false},"excerpt":{"rendered":"<p>Foto: Sitio Web Oficial Copa Mundo CMAS Bogot\u00e1 2010 (Especial Sportalsub.net) Este fin de semana 14 y 15 de Agosto, se realizar\u00e1 en el Complejo Acu\u00e1tico Sim\u00f3n Bol\u00edvar de la capital de Colombia, Bogot\u00e1, la 6ta Ronda de la V Copa Mundo CMAS de Nataci\u00f3n con Aletas, con la participaci\u00f3n de 250 deportistas de clubes de Francia, M\u00e9xico y Colombia.<\/p>\n","protected":false},"author":1,"featured_media":5805,"comment_status":"open","ping_status":"closed","sticky":false,"template":"","format":"standard","meta":{"_lmt_disableupdate":"","_lmt_disable":"","jetpack_post_was_ever_published":false,"_jetpack_newsletter_access":"","_jetpack_dont_email_post_to_subs":false,"_jetpack_newsletter_tier_id":0,"_jetpack_memberships_contains_paywalled_content":false,"_jetpack_memberships_contains_paid_content":false,"footnotes":"","jetpack_publicize_message":"","jetpack_publicize_feature_enabled":true,"jetpack_social_post_already_shared":false,"jetpack_social_options":{"image_generator_settings":{"template":"highway","default_image_id":0,"font":"","enabled":false},"version":2}},"categories":[3,172,152,98,12],"tags":[],"class_list":["post-5803","post","type-post","status-publish","format-standard","has-post-thumbnail","hentry","category-colombia","category-copa-mundo-bogota-2010","category-francia","category-mexico","category-natacion-con-aletas"],"modified_by":"Sportalsub.net","views":3113,"jetpack_publicize_connections":[],"jetpack_featured_media_url":"https:\/\/www.sportalsub.net\/blog\/wp-content\/uploads\/2010\/08\/copamundobogota.jpg","jetpack_sharing_enabled":true,"jetpack_shortlink":"https:\/\/wp.me\/pf9lN-1vB","jetpack_likes_enabled":false,"jetpack-related-posts":[{"id":5907,"url":"https:\/\/www.sportalsub.net\/blog\/resultados-de-la-6ta-ronda-v-copa-mundo-de-natacion-con-aletas-cmas-bogota-colombia\/","url_meta":{"origin":5803,"position":0},"title":"\ud83c\udde8\ud83c\uddf4 Resultados de la 6ta Ronda V Copa Mundo de Nataci\u00f3n con Aletas CMAS. Bogot\u00e1, Colombia","author":"Sportalsub.net","date":"18 agosto 2010","format":false,"excerpt":"Anny Trejos, Alix Victoria P\u00e9rez y Ana Mar\u00eda Cifuentes Foto: Andr\u00e9s Valderrama - CAFAM (Especial Sportalsub.net) El pasado fin de semana 14 y 15 de agosto, se realiz\u00f3 en la capital de Colombia, Bogot\u00e1 la 6ta Ronda de la V Copa Mundo de Nataci\u00f3n con Aletas de Nataci\u00f3n con Aletas\u2026","rel":"","context":"En \u00abCMAS\u00bb","block_context":{"text":"CMAS","link":"https:\/\/www.sportalsub.net\/blog\/category\/mas\/organizaciones\/cmas-organizaciones\/"},"img":{"alt_text":"","src":"https:\/\/i0.wp.com\/www.sportalsub.net\/blog\/wp-content\/uploads\/2010\/08\/copamundo.jpg?resize=350%2C200&ssl=1","width":350,"height":200,"srcset":"https:\/\/i0.wp.com\/www.sportalsub.net\/blog\/wp-content\/uploads\/2010\/08\/copamundo.jpg?resize=350%2C200&ssl=1 1x, https:\/\/i0.wp.com\/www.sportalsub.net\/blog\/wp-content\/uploads\/2010\/08\/copamundo.jpg?resize=525%2C300&ssl=1 1.5x"},"classes":[]},{"id":5107,"url":"https:\/\/www.sportalsub.net\/blog\/web-oficial-de-la-6ta-ronda-v-copa-mundo-natacion-con-aletas-cmas-bogota-2010\/","url_meta":{"origin":5803,"position":1},"title":"\ud83c\udde8\ud83c\uddf4 Web Oficial de la 6ta Ronda V Copa Mundo Nataci\u00f3n con Aletas CMAS. Bogot\u00e1 2010","author":"Sportalsub.net","date":"28 mayo 2010","format":false,"excerpt":"Web Oficial: www.worldcupbogotafins2010.com El Comit\u00e9 Organizador de la 6ta Ronda de la IV Copa Mundo de Nataci\u00f3n con Aletas CMAS a realizarse en Bogot\u00e1, Colombia los d\u00edas 14 y 15 de agosto de 2010, ha publicado su sitio web oficial www.worldcupbogotafins2010.com Sportalsub.net estar\u00e1 llevando la cobertura web de este importante\u2026","rel":"","context":"En \u00abColombia\u00bb","block_context":{"text":"Colombia","link":"https:\/\/www.sportalsub.net\/blog\/category\/paises\/america\/colombia\/"},"img":{"alt_text":"","src":"https:\/\/i0.wp.com\/www.sportalsub.net\/blog\/wp-content\/uploads\/2010\/05\/webcopamundobogota2009.png?resize=350%2C200&ssl=1","width":350,"height":200},"classes":[]},{"id":5005,"url":"https:\/\/www.sportalsub.net\/blog\/copa-mundo-de-natacion-con-aletas-cmas-regresa-a-bogota-en-agosto\/","url_meta":{"origin":5803,"position":2},"title":"\ud83c\udde8\ud83c\uddf4 Copa Mundo de Nataci\u00f3n con Aletas CMAS regresa a Bogot\u00e1 en Agosto","author":"Sportalsub.net","date":"21 mayo 2010","format":false,"excerpt":"El Campe\u00f3n Italiano Cesare Fumarola participante de la edici\u00f3n 2009. Foto: Miguel Cede\u00f1o @ Sportalsub.net (Especial Sportalsub.net) Luego de la exitosa experiencia de 2009, la Copa Mundo de Nataci\u00f3n con Aletas CMAS regresa a Sudam\u00e9rica y nuevamente a la capital de Colombia, Bogot\u00e1, cuando el pr\u00f3ximo 14 y 15 de\u2026","rel":"","context":"En \u00abChile\u00bb","block_context":{"text":"Chile","link":"https:\/\/www.sportalsub.net\/blog\/category\/paises\/america\/chile\/"},"img":{"alt_text":"","src":"https:\/\/i0.wp.com\/www.sportalsub.net\/blog\/wp-content\/uploads\/2010\/05\/copamundoregresa.jpg?resize=350%2C200&ssl=1","width":350,"height":200,"srcset":"https:\/\/i0.wp.com\/www.sportalsub.net\/blog\/wp-content\/uploads\/2010\/05\/copamundoregresa.jpg?resize=350%2C200&ssl=1 1x, https:\/\/i0.wp.com\/www.sportalsub.net\/blog\/wp-content\/uploads\/2010\/05\/copamundoregresa.jpg?resize=525%2C300&ssl=1 1.5x"},"classes":[]},{"id":4943,"url":"https:\/\/www.sportalsub.net\/blog\/resultados-de-la-4ta-ronda-v-copa-del-mundo-de-natacion-con-aletas-cmas\/","url_meta":{"origin":5803,"position":3},"title":"\ud83c\udde9\ud83c\uddea Resultados de la 4ta Ronda V Copa del Mundo de Nataci\u00f3n con Aletas CMAS","author":"Sportalsub.net","date":"16 mayo 2010","format":false,"excerpt":"(Especial Sportalsub.net) Este fin de semana 15 y 16 de mayo se realiz\u00f3 en Postdam, Alemania, la 4ta Ronda de la V Copa del Mundo Interclubes de Nataci\u00f3n con Aletas CMAS, donde participaron los clubes Azul Profundo y Sabaquatic Bogot\u00e1 Club de la ciudad de Bogot\u00e1, Colombia, \u00e9ste \u00faltimo con\u2026","rel":"","context":"En \u00abAlemania\u00bb","block_context":{"text":"Alemania","link":"https:\/\/www.sportalsub.net\/blog\/category\/paises\/europa\/alemania\/"},"img":{"alt_text":"","src":"https:\/\/i0.wp.com\/www.sportalsub.net\/blog\/wp-content\/uploads\/2010\/05\/5tarondacopamundo2010.jpg?resize=350%2C200","width":350,"height":200},"classes":[]},{"id":1964,"url":"https:\/\/www.sportalsub.net\/blog\/colombia-participara-en-la-5ta-y-6ta-ronda-de-la-copa-del-mundo-de-natacion-con-aletas-cmas\/","url_meta":{"origin":5803,"position":4},"title":"\ud83c\udde8\ud83c\uddf4 Colombia participar\u00e1 en la 5ta y 6ta Ronda de la Copa del Mundo de Nataci\u00f3n con Aletas CMAS","author":"Sportalsub.net","date":"22 abril 2009","format":false,"excerpt":"Foto: Miguel Cede\u00f1o @ Archivo Sportalsub.net La Federaci\u00f3n Colombiana de Actividades Subacu\u00e1ticas, que preside el licenciado Gerardo Lerma, anunci\u00f3 que diez deportistas de nataci\u00f3n con aletas, entre los que se encuentran ocho vallecaucanos, se desplazar\u00e1n hoy a Europa para cumplir con la quinta parada de la Copa Cmas, y una\u2026","rel":"","context":"En \u00abColombia\u00bb","block_context":{"text":"Colombia","link":"https:\/\/www.sportalsub.net\/blog\/category\/paises\/america\/colombia\/"},"img":{"alt_text":"","src":"https:\/\/i0.wp.com\/www.sportalsub.net\/blog\/wp-content\/uploads\/2009\/04\/colombiacopamundo.jpg?resize=350%2C200&ssl=1","width":350,"height":200,"srcset":"https:\/\/i0.wp.com\/www.sportalsub.net\/blog\/wp-content\/uploads\/2009\/04\/colombiacopamundo.jpg?resize=350%2C200&ssl=1 1x, https:\/\/i0.wp.com\/www.sportalsub.net\/blog\/wp-content\/uploads\/2009\/04\/colombiacopamundo.jpg?resize=525%2C300&ssl=1 1.5x"},"classes":[]},{"id":980,"url":"https:\/\/www.sportalsub.net\/blog\/iv-copa-mundo-natacion-con-aletas-cmas-2009-bogota-colombia\/","url_meta":{"origin":5803,"position":5},"title":"\ud83c\udde8\ud83c\uddf4 IV Copa Mundo Nataci\u00f3n con Aletas CMAS 2009. Bogot\u00e1, Colombia","author":"Sportalsub.net","date":"8 enero 2009","format":false,"excerpt":"En Entrevista exclusiva realizada el pasado mes de Diciembre, el Director T\u00e9cnico del club de Nataci\u00f3n con Aletas CAFAM y Organizador de la Primera Ronda de la IV Copa Mundo de Nataci\u00f3n con Aletas CMAS, Andr\u00e9s Valderrama, convers\u00f3 con Sportalsub.net sobre algunas actividades adicionales que se realizar\u00e1n en el marco\u2026","rel":"","context":"En \u00abColombia\u00bb","block_context":{"text":"Colombia","link":"https:\/\/www.sportalsub.net\/blog\/category\/paises\/america\/colombia\/"},"img":{"alt_text":"","src":"https:\/\/i0.wp.com\/www.sportalsub.net\/blog\/wp-content\/uploads\/2009\/01\/afiche.png?resize=350%2C200&ssl=1","width":350,"height":200},"classes":[]}],"_links":{"self":[{"href":"https:\/\/www.sportalsub.net\/blog\/wp-json\/wp\/v2\/posts\/5803","targetHints":{"allow":["GET"]}}],"collection":[{"href":"https:\/\/www.sportalsub.net\/blog\/wp-json\/wp\/v2\/posts"}],"about":[{"href":"https:\/\/www.sportalsub.net\/blog\/wp-json\/wp\/v2\/types\/post"}],"author":[{"embeddable":true,"href":"https:\/\/www.sportalsub.net\/blog\/wp-json\/wp\/v2\/users\/1"}],"replies":[{"embeddable":true,"href":"https:\/\/www.sportalsub.net\/blog\/wp-json\/wp\/v2\/comments?post=5803"}],"version-history":[{"count":0,"href":"https:\/\/www.sportalsub.net\/blog\/wp-json\/wp\/v2\/posts\/5803\/revisions"}],"wp:featuredmedia":[{"embeddable":true,"href":"https:\/\/www.sportalsub.net\/blog\/wp-json\/wp\/v2\/media\/5805"}],"wp:attachment":[{"href":"https:\/\/www.sportalsub.net\/blog\/wp-json\/wp\/v2\/media?parent=5803"}],"wp:term":[{"taxonomy":"category","embeddable":true,"href":"https:\/\/www.sportalsub.net\/blog\/wp-json\/wp\/v2\/categories?post=5803"},{"taxonomy":"post_tag","embeddable":true,"href":"https:\/\/www.sportalsub.net\/blog\/wp-json\/wp\/v2\/tags?post=5803"}],"curies":[{"name":"wp","href":"https:\/\/api.w.org\/{rel}","templated":true}]}}