{"id":613,"date":"2008-11-10T03:51:33","date_gmt":"2008-11-10T08:21:33","guid":{"rendered":"http:\/\/www.sportalsub.net\/blog\/?p=613"},"modified":"2019-08-30T10:01:35","modified_gmt":"2019-08-30T14:01:35","slug":"mexico-triunfa-en-natacion-con-aletas-gran-fondo-en-2da-copa-cmas-zona-america","status":"publish","type":"post","link":"https:\/\/www.sportalsub.net\/blog\/mexico-triunfa-en-natacion-con-aletas-gran-fondo-en-2da-copa-cmas-zona-america\/","title":{"rendered":"\ud83c\uddf2\ud83c\uddfd M\u00e9xico triunfa en Nataci\u00f3n con Aletas Gran Fondo en 2da Copa CMAS Zona Am\u00e9rica"},"content":{"rendered":"<p style=\"text-align: justify;\"><a href=\"http:\/\/www.sportalsub.net\/blog\/2008\/11\/10\/mexico-triunfa-en-natacion-con-aletas-gran-fondo-en-2da-copa-cmas-zona-america\/\"><img loading=\"lazy\" decoding=\"async\" class=\"alignnone size-full wp-image-614\" style=\"border: 0px;\" title=\"8991\" src=\"http:\/\/www.sportalsub.net\/blog\/wp-content\/uploads\/2008\/11\/8991.jpg\" alt=\"\" width=\"500\" height=\"375\" srcset=\"https:\/\/www.sportalsub.net\/blog\/wp-content\/uploads\/2008\/11\/8991.jpg 800w, https:\/\/www.sportalsub.net\/blog\/wp-content\/uploads\/2008\/11\/8991-300x225.jpg 300w\" sizes=\"auto, (max-width: 500px) 100vw, 500px\" \/><\/a><\/p>\n<p style=\"text-align: justify;\">El atleta mexicano Salvador Badillo alcanz\u00f3 la victoria en la prueba de gran fondo en aguas abiertas cubriendo la distancia de 6 kil\u00f3metros en un tiempo de 1:15.06 horas al concluir la 2\u00aa. Copa de la Confederaci\u00f3n Mundial de Actividades Subacu\u00e1ticas (CMAS) Zona Am\u00e9rica.<\/p>\n<p style=\"text-align: justify;\"><!--more--><br \/>\nMientras el nadador nacional, Badillo, se alz\u00f3 con el triunfo en la rama varonil las preseas de plata y bronce se las adjudicaron los chilenos Andr\u00e9s Alfonso Rojas en un tiempo de 1:16.10 y Maximiliano Benavides en 1:18.04, respectivamente en competencia realizada frente al hotel Caleta.<\/p>\n<p>El equipo mexicano femenil hizo el 1-2 por conducto de la menuda Ilse Bustamante (1:27.48) y Mariana Aoyama (1:28.50) qued\u00e1ndose con la medalla de bronce la venezolana Karla M\u00e9ndez (1:45.46), quien ven\u00eda de imponer r\u00e9cord mundial en la modalidad de Jump Blue.<\/p>\n<p>Acapulco, Guerrero, por Alfredo Ponce Reyes, IKKOSPORTS.-<br \/>\n<a href=\"http:\/\/www.ikkosports.com.mx\" target=\"_blank\" rel=\"noopener noreferrer\" target=\"_blank\">http:\/\/www.ikkosports.com.mx<\/a><\/p>\n","protected":false},"excerpt":{"rendered":"<p>El atleta mexicano Salvador Badillo alcanz\u00f3 la victoria en la prueba de gran fondo en aguas abiertas cubriendo la distancia de 6 kil\u00f3metros en un tiempo de 1:15.06 horas al concluir la 2\u00aa. Copa de la Confederaci\u00f3n Mundial de Actividades Subacu\u00e1ticas (CMAS) Zona Am\u00e9rica.<\/p>\n","protected":false},"author":1,"featured_media":614,"comment_status":"open","ping_status":"closed","sticky":false,"template":"","format":"standard","meta":{"_lmt_disableupdate":"","_lmt_disable":"","jetpack_post_was_ever_published":false,"_jetpack_newsletter_access":"","_jetpack_dont_email_post_to_subs":false,"_jetpack_newsletter_tier_id":0,"_jetpack_memberships_contains_paywalled_content":false,"_jetpack_memberships_contains_paid_content":false,"footnotes":"","jetpack_publicize_message":"","jetpack_publicize_feature_enabled":true,"jetpack_social_post_already_shared":false,"jetpack_social_options":{"image_generator_settings":{"template":"highway","default_image_id":0,"font":"","enabled":false},"version":2}},"categories":[105,98,12],"tags":[],"class_list":["post-613","post","type-post","status-publish","format-standard","has-post-thumbnail","hentry","category-2da-copa-panamericana-actividades-subacuaticas-mexico-2008","category-mexico","category-natacion-con-aletas"],"modified_by":"Sportalsub.net","views":7784,"jetpack_publicize_connections":[],"jetpack_featured_media_url":"https:\/\/www.sportalsub.net\/blog\/wp-content\/uploads\/2008\/11\/8991.jpg","jetpack_sharing_enabled":true,"jetpack_shortlink":"https:\/\/wp.me\/pf9lN-9T","jetpack_likes_enabled":false,"jetpack-related-posts":[{"id":589,"url":"https:\/\/www.sportalsub.net\/blog\/tercera-jornada-natacion-con-aletas-en-2da-copa-cmas-zona-america-mexico-2008\/","url_meta":{"origin":613,"position":0},"title":"\ud83c\uddf2\ud83c\uddfd Tercera Jornada Nataci\u00f3n con Aletas en 2da Copa CMAS Zona Am\u00e9rica M\u00e9xico 2008","author":"Sportalsub.net","date":"5 noviembre 2008","format":false,"excerpt":"El mexicano Salvador Badillo sum\u00f3 seis medallas de oro constituy\u00e9ndose como el mejor competidor de la 2\u00aa. Copa de la Confederaci\u00f3n Mundial de Actividades Subacu\u00e1ticas (CMAS) en la Zona Am\u00e9rica al conseguir hoy la presea dorada en el relevo de 400 metros varonil en el cierre de las competencias de\u2026","rel":"","context":"En \u00abCopa Panamericana 2008\u00bb","block_context":{"text":"Copa Panamericana 2008","link":"https:\/\/www.sportalsub.net\/blog\/category\/coberturas-especiales\/2da-copa-panamericana-actividades-subacuaticas-mexico-2008\/"},"img":{"alt_text":"","src":"https:\/\/i0.wp.com\/www.sportalsub.net\/blog\/wp-content\/uploads\/2008\/11\/badillo.jpg?resize=350%2C200&ssl=1","width":350,"height":200},"classes":[]},{"id":9902,"url":"https:\/\/www.sportalsub.net\/blog\/deportista-mexicano-salvador-badillo-estara-presente-en-la-natacion-con-aletas-del-ii-festival-nautico-en-venezuela\/","url_meta":{"origin":613,"position":1},"title":"\ud83c\uddf2\ud83c\uddfd Deportista Mexicano Salvador Badillo estar\u00e1 presente en la Nataci\u00f3n con Aletas del II Festival N\u00e1utico en Venezuela","author":"Sportalsub.net","date":"13 julio 2011","format":false,"excerpt":"(Especial Sportalsub.net) El destacado deportista de nataci\u00f3n con aletas mexicano Salvador Badillo estar\u00e1 presente en la competencia de Nataci\u00f3n con Aletas 3Kms del II Festival N\u00e1utico 2011 que se llevar\u00e1 a cabo el s\u00e1bado 23 de julio en aguas de playa Doral, Puerto la Cruz, Estado Anzo\u00e1tegui, Venezuela. Gracias a\u2026","rel":"","context":"En \u00abFestival Nautico 2011\u00bb","block_context":{"text":"Festival Nautico 2011","link":"https:\/\/www.sportalsub.net\/blog\/category\/coberturas-especiales\/festival-nautico-2011\/"},"img":{"alt_text":"","src":"https:\/\/i0.wp.com\/www.sportalsub.net\/blog\/wp-content\/uploads\/2011\/07\/salvador-mexico.jpg?resize=350%2C200&ssl=1","width":350,"height":200,"srcset":"https:\/\/i0.wp.com\/www.sportalsub.net\/blog\/wp-content\/uploads\/2011\/07\/salvador-mexico.jpg?resize=350%2C200&ssl=1 1x, https:\/\/i0.wp.com\/www.sportalsub.net\/blog\/wp-content\/uploads\/2011\/07\/salvador-mexico.jpg?resize=525%2C300&ssl=1 1.5x"},"classes":[]},{"id":528,"url":"https:\/\/www.sportalsub.net\/blog\/primera-jornada-natacion-con-aletas-en-2da-copa-cmas-zona-america-mexico-2008\/","url_meta":{"origin":613,"position":2},"title":"\ud83c\uddf2\ud83c\uddfd Primera Jornada Nataci\u00f3n con Aletas en 2da Copa CMAS Zona Am\u00e9rica M\u00e9xico 2008","author":"Sportalsub.net","date":"3 noviembre 2008","format":false,"excerpt":"La primera jornada de la segunda Copa CMAS Zona Am\u00e9rica que se realiza en la piscina del Comit\u00e9 Ol\u00edmpico Mexicano (COM) arroj\u00f3 cinco preseas de oro para el representativo nacional\u00a0de M\u00e9xico en las distintas pruebas de nataci\u00f3n con aletas, mientras Venezuela se llev\u00f3 tres metales dorados. En el evento femenil\u2026","rel":"","context":"En \u00abCopa Panamericana 2008\u00bb","block_context":{"text":"Copa Panamericana 2008","link":"https:\/\/www.sportalsub.net\/blog\/category\/coberturas-especiales\/2da-copa-panamericana-actividades-subacuaticas-mexico-2008\/"},"img":{"alt_text":"","src":"https:\/\/i0.wp.com\/www.sportalsub.net\/blog\/wp-content\/uploads\/2008\/11\/naletes-piscina.jpg?resize=350%2C200&ssl=1","width":350,"height":200},"classes":[]},{"id":20378,"url":"https:\/\/www.sportalsub.net\/blog\/mexico-copa-mundo-nado-aletas-polonia-2015","url_meta":{"origin":613,"position":3},"title":"\ud83c\uddf2\ud83c\uddfd Medallas y R\u00e9cords Nacionales para M\u00e9xico en Copa Mundo y Campeonato Internacional Universitario de Nataci\u00f3n con Aletas en Polonia","author":"Sportalsub.net","date":"18 abril 2015","format":false,"excerpt":"(Sportalsub.net \/ FMAS) Olsztyn, Polonia. Salvador Badillo Enr\u00edquez y Miranda Portocarrero Meza, representantes del equipo de la Universidad Nacional Aut\u00f3noma de M\u00e9xico de la Federaci\u00f3n Mexicana de Actividades Subacu\u00e1ticas (UNAM-FMAS) consiguieron dos\u00a0medallas de plata y dos r\u00e9cords nacionales mexicanos, en la 4ta Ronda de la X Copa del Mundo de\u2026","rel":"","context":"En \u00abM\u00e9xico\u00bb","block_context":{"text":"M\u00e9xico","link":"https:\/\/www.sportalsub.net\/blog\/category\/paises\/america\/mexico\/"},"img":{"alt_text":"","src":"https:\/\/i0.wp.com\/www.sportalsub.net\/blog\/wp-content\/uploads\/2015\/04\/miranda-salvador1.jpg?resize=350%2C200&ssl=1","width":350,"height":200,"srcset":"https:\/\/i0.wp.com\/www.sportalsub.net\/blog\/wp-content\/uploads\/2015\/04\/miranda-salvador1.jpg?resize=350%2C200&ssl=1 1x, https:\/\/i0.wp.com\/www.sportalsub.net\/blog\/wp-content\/uploads\/2015\/04\/miranda-salvador1.jpg?resize=525%2C300&ssl=1 1.5x, https:\/\/i0.wp.com\/www.sportalsub.net\/blog\/wp-content\/uploads\/2015\/04\/miranda-salvador1.jpg?resize=700%2C400&ssl=1 2x"},"classes":[]},{"id":4282,"url":"https:\/\/www.sportalsub.net\/blog\/resena-y-resultados-del-xxxv-campeonato-nacional-de-natacion-con-aletas-y-apnea-dinamica-mexico\/","url_meta":{"origin":613,"position":4},"title":"\ud83c\uddf2\ud83c\uddfd Rese\u00f1a y Resultados del XXXV Campeonato Nacional de Nataci\u00f3n con Aletas y Apnea Din\u00e1mica M\u00e9xico","author":"Sportalsub.net","date":"22 marzo 2010","format":false,"excerpt":"Foto: Yered Badillo @ Nado con Aletas M\u00e9xico Concluy\u00f3 de manera satisfactoria el\u00a0XXXV Campeonato Nacional por Categor\u00edas de Nado con Aletas, Velocidad Subacu\u00e1tica y Apnea Din\u00e1mica,\u00a0organizado por la Asociaci\u00f3n Mexiquense de Actividades Subacu\u00e1ticas, en coordinaci\u00f3n con la Federaci\u00f3n Mexicana de Actividades Subacu\u00e1ticas y el Instituto Mexiquense de Cultura F\u00edsica y\u2026","rel":"","context":"En \u00abApnea\u00bb","block_context":{"text":"Apnea","link":"https:\/\/www.sportalsub.net\/blog\/category\/modalidades\/apnea\/"},"img":{"alt_text":"","src":"https:\/\/i0.wp.com\/www.sportalsub.net\/blog\/wp-content\/uploads\/2013\/11\/JAC0032.jpg?resize=350%2C200&ssl=1","width":350,"height":200,"srcset":"https:\/\/i0.wp.com\/www.sportalsub.net\/blog\/wp-content\/uploads\/2013\/11\/JAC0032.jpg?resize=350%2C200&ssl=1 1x, https:\/\/i0.wp.com\/www.sportalsub.net\/blog\/wp-content\/uploads\/2013\/11\/JAC0032.jpg?resize=525%2C300&ssl=1 1.5x"},"classes":[]},{"id":18461,"url":"https:\/\/www.sportalsub.net\/blog\/inaugurado-panamericano-nado-con-aletas-mexico-2014","url_meta":{"origin":613,"position":5},"title":"\ud83c\uddf2\ud83c\uddfd Inaugurado el V Campeonato Panamericano de Nado con Aletas CMAS Zona Am\u00e9rica en M\u00e9xico","author":"Sportalsub.net","date":"1 septiembre 2014","format":false,"excerpt":"(Especial Sportalsub.net \/ CMAS Zona Am\u00e9rica \/ FMAS) Ciudad de M\u00e9xico. A 01 de septiembre de 2014.- Xavier Dur\u00e1n Soler, vicepresidente de la Confederaci\u00f3n Mundial de Actividades Subacu\u00e1ticas (CMAS) presidi\u00f3 la ceremonia de apertura del V Campeonato Panamericano de Nado con Aletas y II Festival Infantil en la piscina del\u2026","rel":"","context":"En \u00abBrasil\u00bb","block_context":{"text":"Brasil","link":"https:\/\/www.sportalsub.net\/blog\/category\/paises\/america\/brasil\/"},"img":{"alt_text":"","src":"https:\/\/i0.wp.com\/www.sportalsub.net\/blog\/wp-content\/uploads\/2014\/09\/Fmas-inaugura-2.jpg?resize=350%2C200&ssl=1","width":350,"height":200,"srcset":"https:\/\/i0.wp.com\/www.sportalsub.net\/blog\/wp-content\/uploads\/2014\/09\/Fmas-inaugura-2.jpg?resize=350%2C200&ssl=1 1x, https:\/\/i0.wp.com\/www.sportalsub.net\/blog\/wp-content\/uploads\/2014\/09\/Fmas-inaugura-2.jpg?resize=525%2C300&ssl=1 1.5x, https:\/\/i0.wp.com\/www.sportalsub.net\/blog\/wp-content\/uploads\/2014\/09\/Fmas-inaugura-2.jpg?resize=700%2C400&ssl=1 2x, https:\/\/i0.wp.com\/www.sportalsub.net\/blog\/wp-content\/uploads\/2014\/09\/Fmas-inaugura-2.jpg?resize=1050%2C600&ssl=1 3x"},"classes":[]}],"_links":{"self":[{"href":"https:\/\/www.sportalsub.net\/blog\/wp-json\/wp\/v2\/posts\/613","targetHints":{"allow":["GET"]}}],"collection":[{"href":"https:\/\/www.sportalsub.net\/blog\/wp-json\/wp\/v2\/posts"}],"about":[{"href":"https:\/\/www.sportalsub.net\/blog\/wp-json\/wp\/v2\/types\/post"}],"author":[{"embeddable":true,"href":"https:\/\/www.sportalsub.net\/blog\/wp-json\/wp\/v2\/users\/1"}],"replies":[{"embeddable":true,"href":"https:\/\/www.sportalsub.net\/blog\/wp-json\/wp\/v2\/comments?post=613"}],"version-history":[{"count":0,"href":"https:\/\/www.sportalsub.net\/blog\/wp-json\/wp\/v2\/posts\/613\/revisions"}],"wp:featuredmedia":[{"embeddable":true,"href":"https:\/\/www.sportalsub.net\/blog\/wp-json\/wp\/v2\/media\/614"}],"wp:attachment":[{"href":"https:\/\/www.sportalsub.net\/blog\/wp-json\/wp\/v2\/media?parent=613"}],"wp:term":[{"taxonomy":"category","embeddable":true,"href":"https:\/\/www.sportalsub.net\/blog\/wp-json\/wp\/v2\/categories?post=613"},{"taxonomy":"post_tag","embeddable":true,"href":"https:\/\/www.sportalsub.net\/blog\/wp-json\/wp\/v2\/tags?post=613"}],"curies":[{"name":"wp","href":"https:\/\/api.w.org\/{rel}","templated":true}]}}