{"id":61513,"date":"2023-02-22T03:10:28","date_gmt":"2023-02-22T07:10:28","guid":{"rendered":"https:\/\/www.sportalsub.net\/blog\/?p=61513"},"modified":"2023-02-25T16:42:37","modified_gmt":"2023-02-25T20:42:37","slug":"%f0%9f%87%a8%f0%9f%87%b4-campeonato-nacional-interclubes-de-apnea-indoor-fedecas-2023-cali-colombia","status":"publish","type":"post","link":"https:\/\/www.sportalsub.net\/blog\/apnea-fedecas-cali-colombia-2023","title":{"rendered":"\ud83c\udde8\ud83c\uddf4 Resultados &#8211; Campeonato Nacional Interclubes de Apnea Indoor FEDECAS 2023 &#8211; Cali, Colombia"},"content":{"rendered":"<p><img loading=\"lazy\" decoding=\"async\" class=\"alignnone size-full wp-image-61522 aligncenter\" src=\"https:\/\/www.sportalsub.net\/blog\/wp-content\/uploads\/2023\/02\/interclubesapneaindoorcolombia-2023.jpg\" alt=\"\" width=\"900\" height=\"600\" srcset=\"https:\/\/www.sportalsub.net\/blog\/wp-content\/uploads\/2023\/02\/interclubesapneaindoorcolombia-2023.jpg 900w, https:\/\/www.sportalsub.net\/blog\/wp-content\/uploads\/2023\/02\/interclubesapneaindoorcolombia-2023-300x200.jpg 300w, https:\/\/www.sportalsub.net\/blog\/wp-content\/uploads\/2023\/02\/interclubesapneaindoorcolombia-2023-768x512.jpg 768w, https:\/\/www.sportalsub.net\/blog\/wp-content\/uploads\/2023\/02\/interclubesapneaindoorcolombia-2023-450x300.jpg 450w\" sizes=\"auto, (max-width: 900px) 100vw, 900px\" \/><\/p>\n<p>(Sportalsub.net \/ FEDECAS \/ LIVAS)<\/p>\n<p>La Federaci\u00f3n Colombiana de Actividades Subacu\u00e1ticas \u2013 (FEDECAS) inici\u00f3 su calendario de competencias 2023 con el \u00a0\u201cCampeonato Nacional Interclubes de Apnea Indoor Categor\u00edas Senior, Master, Junior y Novatos 2023\u201d realizado en la ciudad de Santiago de Cali, del 16 al 19 de febrero de 2023. \u00danico evento clasificatorio al \u201c<a href=\"https:\/\/www.sportalsub.net\/blog\/cmas-freediving-kuwait-2023\" target=\"_blank\" rel=\"noopener\">12th CMAS World Freediving Championship 2023<\/a>\u201d que se realizara en Kuwait\u2013del 8 al 14 de mayo de 2023.<\/p>\n<p>La organizaci\u00f3n del evento estuvo a cargo de la Federaci\u00f3n Colombiana de Actividades Subacu\u00e1ticas &#8211; (FEDECAS), con el apoyo de la Liga Vallecaucana de Actividades Subacu\u00e1ticas \u2013 (LIVAS).<\/p>\n<p>Las Competencias se desarrollaron en las piscinas Alberto Galindo Herrera, Unidad Deportiva San Fernando en Santiago de Cali.<\/p>\n<p>En el evento participaron 54 deportistas de 12 clubes y cuatro ligas deportivas.<\/p>\n<h3><a href=\"https:\/\/www.fedecas.org\/_files\/ugd\/a75488_4e327321f2264ed98bba4054b8c78bbf.pdf\" target=\"_blank\" rel=\"noopener\" target=\"_blank\"><strong>RESULTADOS OFICIALES<\/strong><\/a><\/h3>\n<p><a href=\"https:\/\/www.fedecas.org\/_files\/ugd\/a75488_5cc6bc516f32476fb321a5ade99a4c49.pdf\" target=\"_blank\" rel=\"noopener\" target=\"_blank\"><strong>CONVOCATORIA OFICIAL<\/strong><\/a><\/p>\n<p><img loading=\"lazy\" decoding=\"async\" class=\"alignnone size-full wp-image-61518\" src=\"https:\/\/www.sportalsub.net\/blog\/wp-content\/uploads\/2023\/02\/horarios.png\" alt=\"\" width=\"656\" height=\"683\" srcset=\"https:\/\/www.sportalsub.net\/blog\/wp-content\/uploads\/2023\/02\/horarios.png 656w, https:\/\/www.sportalsub.net\/blog\/wp-content\/uploads\/2023\/02\/horarios-288x300.png 288w\" sizes=\"auto, (max-width: 656px) 100vw, 656px\" \/><\/p>\n<blockquote class=\"instagram-media\" style=\"background: #FFF; border: 0; border-radius: 3px; box-shadow: 0 0 1px 0 rgba(0,0,0,0.5),0 1px 10px 0 rgba(0,0,0,0.15); margin: 1px; max-width: 540px; min-width: 326px; padding: 0; width: calc(100% - 2px);\" data-instgrm-captioned=\"\" data-instgrm-permalink=\"https:\/\/www.instagram.com\/p\/CoqHzXhP0_2\/?utm_source=ig_embed&amp;utm_campaign=loading\" data-instgrm-version=\"14\">\n<div style=\"padding: 16px;\">\n<p>&nbsp;<\/p>\n<div style=\"display: flex; flex-direction: row; align-items: center;\">\n<div style=\"background-color: #f4f4f4; border-radius: 50%; flex-grow: 0; height: 40px; margin-right: 14px; width: 40px;\"><\/div>\n<div style=\"display: flex; flex-direction: column; flex-grow: 1; justify-content: center;\">\n<div style=\"background-color: #f4f4f4; border-radius: 4px; flex-grow: 0; height: 14px; margin-bottom: 6px; width: 100px;\"><\/div>\n<div style=\"background-color: #f4f4f4; border-radius: 4px; flex-grow: 0; height: 14px; width: 60px;\"><\/div>\n<\/div>\n<\/div>\n<div style=\"padding: 19% 0;\"><\/div>\n<div style=\"display: block; height: 50px; margin: 0 auto 12px; width: 50px;\"><\/div>\n<div style=\"padding-top: 8px;\">\n<div style=\"color: #3897f0; font-family: Arial,sans-serif; font-size: 14px; font-style: normal; font-weight: 550; line-height: 18px;\">Ver esta publicaci\u00f3n en Instagram<\/div>\n<\/div>\n<div style=\"padding: 12.5% 0;\"><\/div>\n<div style=\"display: flex; flex-direction: row; margin-bottom: 14px; align-items: center;\">\n<div>\n<div style=\"background-color: #f4f4f4; border-radius: 50%; height: 12.5px; width: 12.5px; transform: translateX(0px) translateY(7px);\"><\/div>\n<div style=\"background-color: #f4f4f4; height: 12.5px; transform: rotate(-45deg) translateX(3px) translateY(1px); width: 12.5px; flex-grow: 0; margin-right: 14px; margin-left: 2px;\"><\/div>\n<div style=\"background-color: #f4f4f4; border-radius: 50%; height: 12.5px; width: 12.5px; transform: translateX(9px) translateY(-18px);\"><\/div>\n<\/div>\n<div style=\"margin-left: 8px;\">\n<div style=\"background-color: #f4f4f4; border-radius: 50%; flex-grow: 0; height: 20px; width: 20px;\"><\/div>\n<div style=\"width: 0; height: 0; border-top: 2px solid transparent; border-left: 6px solid #f4f4f4; border-bottom: 2px solid transparent; transform: translateX(16px) translateY(-4px) rotate(30deg);\"><\/div>\n<\/div>\n<div style=\"margin-left: auto;\">\n<div style=\"width: 0px; border-top: 8px solid #F4F4F4; border-right: 8px solid transparent; transform: translateY(16px);\"><\/div>\n<div style=\"background-color: #f4f4f4; flex-grow: 0; height: 12px; width: 16px; transform: translateY(-4px);\"><\/div>\n<div style=\"width: 0; height: 0; border-top: 8px solid #F4F4F4; border-left: 8px solid transparent; transform: translateY(-4px) translateX(8px);\"><\/div>\n<\/div>\n<\/div>\n<div style=\"display: flex; flex-direction: column; flex-grow: 1; justify-content: center; margin-bottom: 24px;\">\n<div style=\"background-color: #f4f4f4; border-radius: 4px; flex-grow: 0; height: 14px; margin-bottom: 6px; width: 224px;\"><\/div>\n<div style=\"background-color: #f4f4f4; border-radius: 4px; flex-grow: 0; height: 14px; width: 144px;\"><\/div>\n<\/div>\n<p>&nbsp;<\/p>\n<p style=\"color: #c9c8cd; font-family: Arial,sans-serif; font-size: 14px; line-height: 17px; margin-bottom: 0; margin-top: 8px; overflow: hidden; padding: 8px 0 7px; text-align: center; text-overflow: ellipsis; white-space: nowrap;\"><a href=\"https:\/\/www.instagram.com\/p\/CoqHzXhP0_2\/?utm_source=ig_embed&amp;utm_campaign=loading\"style=\"color: #c9c8cd; font-family: Arial,sans-serif; font-size: 14px; font-style: normal; font-weight: normal; line-height: 17px; text-decoration: none;\"  target=\"_blank\" rel=\"noopener\" target=\"_blank\">Una publicaci\u00f3n compartida por Livas Subacu\u00e1ticas (@livassubacuaticas)<\/a><\/p>\n<\/div>\n<\/blockquote>\n<p><script async src=\"\/\/www.instagram.com\/embed.js\"><\/script><\/p>\n<p><a href=\"https:\/\/www.fedecas.org\/\" target=\"_blank\"><img loading=\"lazy\" decoding=\"async\" class=\"alignnone size-full wp-image-61517\" src=\"https:\/\/www.sportalsub.net\/blog\/wp-content\/uploads\/2023\/02\/fedecas2023.png\" alt=\"\" width=\"1109\" height=\"188\" srcset=\"https:\/\/www.sportalsub.net\/blog\/wp-content\/uploads\/2023\/02\/fedecas2023.png 1109w, https:\/\/www.sportalsub.net\/blog\/wp-content\/uploads\/2023\/02\/fedecas2023-300x51.png 300w, https:\/\/www.sportalsub.net\/blog\/wp-content\/uploads\/2023\/02\/fedecas2023-1024x174.png 1024w, https:\/\/www.sportalsub.net\/blog\/wp-content\/uploads\/2023\/02\/fedecas2023-768x130.png 768w\" sizes=\"auto, (max-width: 1109px) 100vw, 1109px\" \/><\/a><\/p>\n","protected":false},"excerpt":{"rendered":"<p>(Sportalsub.net \/ FEDECAS \/ LIVAS) La Federaci\u00f3n Colombiana de Actividades Subacu\u00e1ticas \u2013 (FEDECAS) inici\u00f3 su calendario de competencias 2023 con el \u00a0\u201cCampeonato Nacional Interclubes de Apnea Indoor Categor\u00edas Senior, Master, Junior y Novatos 2023\u201d realizado en la ciudad de Santiago de Cali, del 16 al 19 de febrero de 2023. \u00danico evento clasificatorio al \u201c12th CMAS World Freediving Championship 2023\u201d [&#8230;]<\/p>\n","protected":false},"author":1,"featured_media":61522,"comment_status":"open","ping_status":"closed","sticky":false,"template":"","format":"standard","meta":{"_lmt_disableupdate":"","_lmt_disable":"","jetpack_post_was_ever_published":false,"_jetpack_newsletter_access":"","_jetpack_dont_email_post_to_subs":false,"_jetpack_newsletter_tier_id":0,"_jetpack_memberships_contains_paywalled_content":false,"_jetpack_memberships_contains_paid_content":false,"footnotes":"","jetpack_publicize_message":"","jetpack_publicize_feature_enabled":true,"jetpack_social_post_already_shared":true,"jetpack_social_options":{"image_generator_settings":{"template":"highway","default_image_id":0,"font":"","enabled":false},"version":2}},"categories":[9,3,120],"tags":[450],"class_list":["post-61513","post","type-post","status-publish","format-standard","has-post-thumbnail","hentry","category-apnea","category-colombia","category-resultados","tag-destacados"],"modified_by":"Sportalsub.net","views":3239,"jetpack_publicize_connections":[],"jetpack_featured_media_url":"https:\/\/www.sportalsub.net\/blog\/wp-content\/uploads\/2023\/02\/interclubesapneaindoorcolombia-2023.jpg","jetpack_sharing_enabled":true,"jetpack_shortlink":"https:\/\/wp.me\/pf9lN-g09","jetpack_likes_enabled":false,"jetpack-related-posts":[{"id":65968,"url":"https:\/\/www.sportalsub.net\/blog\/campeonato-nacional-interclubes-por-categorias-de-apnea-en-piscina-fedecas-2023-cali-colombia\/","url_meta":{"origin":61513,"position":0},"title":"\ud83c\udde8\ud83c\uddf4 Resultados &#8211; Campeonato Nacional Interclubes por categor\u00edas de Apnea en piscina FEDECAS 2023 &#8211; Cali, Colombia","author":"Sportalsub.net","date":"8 noviembre 2023","format":false,"excerpt":"(Sportalsub.net \/ FEDECAS) La Federaci\u00f3n Colombiana de Actividades Subacu\u00e1ticas llev\u00f3 a cabo el \u201cCampeonato Nacional Interclubes de Apnea Indoor Categor\u00edas Novatos, Junior, Senior y Master, 2023\u201d realizado en la ciudad de Santiago de Cali, del 03 al 6 de noviembre de 2023. La organizaci\u00f3n estuvo a cargo de la Federaci\u00f3n\u2026","rel":"","context":"En \u00abApnea\u00bb","block_context":{"text":"Apnea","link":"https:\/\/www.sportalsub.net\/blog\/category\/modalidades\/apnea\/"},"img":{"alt_text":"","src":"https:\/\/i0.wp.com\/www.sportalsub.net\/blog\/wp-content\/uploads\/2023\/10\/apneacalinoviembre2023.jpg?resize=350%2C200&ssl=1","width":350,"height":200,"srcset":"https:\/\/i0.wp.com\/www.sportalsub.net\/blog\/wp-content\/uploads\/2023\/10\/apneacalinoviembre2023.jpg?resize=350%2C200&ssl=1 1x, https:\/\/i0.wp.com\/www.sportalsub.net\/blog\/wp-content\/uploads\/2023\/10\/apneacalinoviembre2023.jpg?resize=525%2C300&ssl=1 1.5x, https:\/\/i0.wp.com\/www.sportalsub.net\/blog\/wp-content\/uploads\/2023\/10\/apneacalinoviembre2023.jpg?resize=700%2C400&ssl=1 2x"},"classes":[]},{"id":27579,"url":"https:\/\/www.sportalsub.net\/blog\/nacional-interclubes-apnea-piscina-fedecas-2018-cali-colombia","url_meta":{"origin":61513,"position":1},"title":"\ud83c\udde8\ud83c\uddf4 Resultados &#8211; XVI Campeonato Nacional Interclubes de Apnea en piscina FEDECAS 2018. Cali, Colombia","author":"Sportalsub.net","date":"5 marzo 2018","format":false,"excerpt":"(Sportalsub.net \/ FEDECAS \/ LIVAS) La Federaci\u00f3n Colombiana de Actividades\u00a0Subacu\u00e1ticas FEDECAS llev\u00f3 a cabo el \u201cXVI Campeonato\u00a0Nacional Interclubes de Apnea en Aguas Confinadas por Categor\u00edas\u201d, realizado en la ciudad de Santiago de Cali, del 1 al 4 de Marzo de 2018. El \u201cXVI Campeonato Nacional Interclubes de Apnea en Aguas\u2026","rel":"","context":"En \u00abApnea\u00bb","block_context":{"text":"Apnea","link":"https:\/\/www.sportalsub.net\/blog\/category\/modalidades\/apnea\/"},"img":{"alt_text":"","src":"https:\/\/i0.wp.com\/www.sportalsub.net\/blog\/wp-content\/uploads\/2018\/03\/apneacali.jpg?resize=350%2C200&ssl=1","width":350,"height":200,"srcset":"https:\/\/i0.wp.com\/www.sportalsub.net\/blog\/wp-content\/uploads\/2018\/03\/apneacali.jpg?resize=350%2C200&ssl=1 1x, https:\/\/i0.wp.com\/www.sportalsub.net\/blog\/wp-content\/uploads\/2018\/03\/apneacali.jpg?resize=525%2C300&ssl=1 1.5x, https:\/\/i0.wp.com\/www.sportalsub.net\/blog\/wp-content\/uploads\/2018\/03\/apneacali.jpg?resize=700%2C400&ssl=1 2x"},"classes":[]},{"id":30445,"url":"https:\/\/www.sportalsub.net\/blog\/apnea-cali-2019","url_meta":{"origin":61513,"position":2},"title":"\ud83c\udde8\ud83c\uddf4 II Campeonato Nacional Interclubes de Apnea Indoor 2019 FEDECAS &#8211; Cali, Colombia","author":"Sportalsub.net","date":"12 abril 2019","format":false,"excerpt":"(Sportalsub.net \/ FEDECAS) Despu\u00e9s de la realizaci\u00f3n del 1er Campeonato Clasificatorio llevado a cabo en Febrero en Medell\u00edn, La Federaci\u00f3n Colombiana de Actividades Subacu\u00e1ticas FEDECAS, convoca al \u201cII Campeonato Nacional Interclubes de Apnea Indoor Categor\u00edas \u201cA\u201d, \u201cB\u201d y \u201cNovatos\u201d a realizarse en la ciudad de Santiago de Cali, del 11\u2026","rel":"","context":"En \u00abApnea\u00bb","block_context":{"text":"Apnea","link":"https:\/\/www.sportalsub.net\/blog\/category\/modalidades\/apnea\/"},"img":{"alt_text":"","src":"https:\/\/i0.wp.com\/www.sportalsub.net\/blog\/wp-content\/uploads\/2019\/04\/campeonatoapneacali2019.jpg?resize=350%2C200&ssl=1","width":350,"height":200,"srcset":"https:\/\/i0.wp.com\/www.sportalsub.net\/blog\/wp-content\/uploads\/2019\/04\/campeonatoapneacali2019.jpg?resize=350%2C200&ssl=1 1x, https:\/\/i0.wp.com\/www.sportalsub.net\/blog\/wp-content\/uploads\/2019\/04\/campeonatoapneacali2019.jpg?resize=525%2C300&ssl=1 1.5x, https:\/\/i0.wp.com\/www.sportalsub.net\/blog\/wp-content\/uploads\/2019\/04\/campeonatoapneacali2019.jpg?resize=700%2C400&ssl=1 2x"},"classes":[]},{"id":69825,"url":"https:\/\/www.sportalsub.net\/blog\/interclubes-apnea-cali-2024","url_meta":{"origin":61513,"position":3},"title":"\ud83c\udde8\ud83c\uddf4 Resultados &#8211; Campeonato Nacional Interclubes de Apnea Indoor FEDECAS 2024 \u2013 Cali, Colombia","author":"Sportalsub.net","date":"25 marzo 2024","format":false,"excerpt":"(Sportalsub.net \/ FEDECAS \/ LIVAS) La Federaci\u00f3n Colombiana de Actividades Subacu\u00e1ticas \u2013 (FEDECAS), convoc\u00f3 a las Ligas del pa\u00eds para que sus Clubes afiliados participaran en el \u201cCampeonato Nacional Interclubes de Apnea Indoor Categor\u00edas Novatos, Junior, Senior y Master, 2024\u201d realizado en la ciudad de Santiago de Cali del 22\u2026","rel":"","context":"En \u00abApnea\u00bb","block_context":{"text":"Apnea","link":"https:\/\/www.sportalsub.net\/blog\/category\/modalidades\/apnea\/"},"img":{"alt_text":"","src":"https:\/\/i0.wp.com\/www.sportalsub.net\/blog\/wp-content\/uploads\/2024\/02\/interclubesapneacali2024.jpg?resize=350%2C200&ssl=1","width":350,"height":200,"srcset":"https:\/\/i0.wp.com\/www.sportalsub.net\/blog\/wp-content\/uploads\/2024\/02\/interclubesapneacali2024.jpg?resize=350%2C200&ssl=1 1x, https:\/\/i0.wp.com\/www.sportalsub.net\/blog\/wp-content\/uploads\/2024\/02\/interclubesapneacali2024.jpg?resize=525%2C300&ssl=1 1.5x, https:\/\/i0.wp.com\/www.sportalsub.net\/blog\/wp-content\/uploads\/2024\/02\/interclubesapneacali2024.jpg?resize=700%2C400&ssl=1 2x"},"classes":[]},{"id":66266,"url":"https:\/\/www.sportalsub.net\/blog\/rugbysub-cali-ascenso-2023","url_meta":{"origin":61513,"position":4},"title":"\ud83c\udde8\ud83c\uddf4 Resultados &#8211; II Parada Nacional Interclubes Rugby Subacu\u00e1tico Ascenso FEDECAS 2023-2024. Cali, Colombia","author":"Sportalsub.net","date":"14 noviembre 2023","format":false,"excerpt":"(Sportalsub.net \/ FEDECAS \/ LIVAS) II Parada Nacional Interclubes de Rugby Subacu\u00e1tico Categor\u00eda Ascenso temporada 2023-2024 de la Federaci\u00f3n Colombiana de Actividades Subacu\u00e1ticas \u2013 (FEDECAS) Fecha: 10 al 13 de noviembre de 2023. Lugar: Piscinas Alberto Galindo Herrera, Cali Organiza: Liga Vallecaucana de Actividades Subacu\u00e1ticas \u2013 (LIVAS). RESULTADOS Puedes consultar\u2026","rel":"","context":"En \u00abColombia\u00bb","block_context":{"text":"Colombia","link":"https:\/\/www.sportalsub.net\/blog\/category\/paises\/america\/colombia\/"},"img":{"alt_text":"","src":"https:\/\/i0.wp.com\/www.sportalsub.net\/blog\/wp-content\/uploads\/2023\/11\/rugbysubascensocali2023.jpg?resize=350%2C200&ssl=1","width":350,"height":200,"srcset":"https:\/\/i0.wp.com\/www.sportalsub.net\/blog\/wp-content\/uploads\/2023\/11\/rugbysubascensocali2023.jpg?resize=350%2C200&ssl=1 1x, https:\/\/i0.wp.com\/www.sportalsub.net\/blog\/wp-content\/uploads\/2023\/11\/rugbysubascensocali2023.jpg?resize=525%2C300&ssl=1 1.5x, https:\/\/i0.wp.com\/www.sportalsub.net\/blog\/wp-content\/uploads\/2023\/11\/rugbysubascensocali2023.jpg?resize=700%2C400&ssl=1 2x"},"classes":[]},{"id":64816,"url":"https:\/\/www.sportalsub.net\/blog\/apnea-medellin-2023","url_meta":{"origin":61513,"position":5},"title":"\ud83c\udde8\ud83c\uddf4 Resultados &#8211; Campeonato Nacional Open Internacional FEDECAS CMAS Am\u00e9rica Apnea en piscina. Medell\u00edn Colombia 2023","author":"Sportalsub.net","date":"30 julio 2023","format":false,"excerpt":"(Sportalsub.net \/ CMAS Zona Am\u00e9rica \/ FEDECAS) La Federaci\u00f3n Colombiana de Actividades Subacu\u00e1ticas \u2013 (FEDECAS), convoca a los Clubes del pa\u00eds a participar en el \u201cCampeonato Nacional Interclubes de Apnea Indoor Categor\u00edas Novatos, Junior, Senior y Master 2023\u201d y \u201cOpen Internacional de Apnea Indoor Categor\u00edas Junior, Senior y Master para\u2026","rel":"","context":"En \u00abApnea\u00bb","block_context":{"text":"Apnea","link":"https:\/\/www.sportalsub.net\/blog\/category\/modalidades\/apnea\/"},"img":{"alt_text":"","src":"https:\/\/i0.wp.com\/www.sportalsub.net\/blog\/wp-content\/uploads\/2023\/07\/apneamedellin2023.jpg?resize=350%2C200&ssl=1","width":350,"height":200,"srcset":"https:\/\/i0.wp.com\/www.sportalsub.net\/blog\/wp-content\/uploads\/2023\/07\/apneamedellin2023.jpg?resize=350%2C200&ssl=1 1x, https:\/\/i0.wp.com\/www.sportalsub.net\/blog\/wp-content\/uploads\/2023\/07\/apneamedellin2023.jpg?resize=525%2C300&ssl=1 1.5x, https:\/\/i0.wp.com\/www.sportalsub.net\/blog\/wp-content\/uploads\/2023\/07\/apneamedellin2023.jpg?resize=700%2C400&ssl=1 2x"},"classes":[]}],"_links":{"self":[{"href":"https:\/\/www.sportalsub.net\/blog\/wp-json\/wp\/v2\/posts\/61513","targetHints":{"allow":["GET"]}}],"collection":[{"href":"https:\/\/www.sportalsub.net\/blog\/wp-json\/wp\/v2\/posts"}],"about":[{"href":"https:\/\/www.sportalsub.net\/blog\/wp-json\/wp\/v2\/types\/post"}],"author":[{"embeddable":true,"href":"https:\/\/www.sportalsub.net\/blog\/wp-json\/wp\/v2\/users\/1"}],"replies":[{"embeddable":true,"href":"https:\/\/www.sportalsub.net\/blog\/wp-json\/wp\/v2\/comments?post=61513"}],"version-history":[{"count":0,"href":"https:\/\/www.sportalsub.net\/blog\/wp-json\/wp\/v2\/posts\/61513\/revisions"}],"wp:featuredmedia":[{"embeddable":true,"href":"https:\/\/www.sportalsub.net\/blog\/wp-json\/wp\/v2\/media\/61522"}],"wp:attachment":[{"href":"https:\/\/www.sportalsub.net\/blog\/wp-json\/wp\/v2\/media?parent=61513"}],"wp:term":[{"taxonomy":"category","embeddable":true,"href":"https:\/\/www.sportalsub.net\/blog\/wp-json\/wp\/v2\/categories?post=61513"},{"taxonomy":"post_tag","embeddable":true,"href":"https:\/\/www.sportalsub.net\/blog\/wp-json\/wp\/v2\/tags?post=61513"}],"curies":[{"name":"wp","href":"https:\/\/api.w.org\/{rel}","templated":true}]}}