{"id":64816,"date":"2023-07-30T15:54:22","date_gmt":"2023-07-30T19:54:22","guid":{"rendered":"https:\/\/www.sportalsub.net\/blog\/?p=64816"},"modified":"2023-07-30T19:06:45","modified_gmt":"2023-07-30T23:06:45","slug":"%f0%9f%87%a8%f0%9f%87%b4-campeonato-nacional-fedecas-y-open-internacional-cmas-zona-america-de-apnea-en-piscina-medellin-colombia-2023","status":"publish","type":"post","link":"https:\/\/www.sportalsub.net\/blog\/apnea-medellin-2023","title":{"rendered":"\ud83c\udde8\ud83c\uddf4 Resultados &#8211; Campeonato Nacional Open Internacional FEDECAS CMAS Am\u00e9rica Apnea en piscina. Medell\u00edn Colombia 2023"},"content":{"rendered":"<p><img loading=\"lazy\" decoding=\"async\" class=\"alignnone size-full wp-image-64817\" src=\"https:\/\/www.sportalsub.net\/blog\/wp-content\/uploads\/2023\/07\/apneamedellin2023.jpg\" alt=\"\" width=\"900\" height=\"600\" srcset=\"https:\/\/www.sportalsub.net\/blog\/wp-content\/uploads\/2023\/07\/apneamedellin2023.jpg 900w, https:\/\/www.sportalsub.net\/blog\/wp-content\/uploads\/2023\/07\/apneamedellin2023-300x200.jpg 300w, https:\/\/www.sportalsub.net\/blog\/wp-content\/uploads\/2023\/07\/apneamedellin2023-768x512.jpg 768w, https:\/\/www.sportalsub.net\/blog\/wp-content\/uploads\/2023\/07\/apneamedellin2023-450x300.jpg 450w\" sizes=\"auto, (max-width: 900px) 100vw, 900px\" \/><\/p>\n<p>(Sportalsub.net \/ CMAS Zona Am\u00e9rica \/ FEDECAS)<\/p>\n<p>La Federaci\u00f3n Colombiana de Actividades Subacu\u00e1ticas \u2013 (FEDECAS), convoca a los Clubes del pa\u00eds a participar en el \u201cCampeonato Nacional Interclubes de Apnea Indoor Categor\u00edas Novatos, Junior, Senior y Master 2023\u201d y \u201cOpen Internacional de Apnea Indoor Categor\u00edas Junior, Senior y Master para clubes deportivos de la CMAS Zona Am\u00e9rica\u201d a realizarse en la ciudad de Medell\u00edn, del 27 al 31 de julio de 2023.<\/p>\n<p><strong>CALENDARIO Y RESULTADOS<\/strong><\/p>\n<p><strong>VIERNES 28 DE JULIO 2023<br \/>\n<\/strong>8am <strong>SPEED 2X50 &#8211; <a href=\"https:\/\/www.sportalsub.net\/blog\/wp-content\/uploads\/2023\/07\/1-Tabla-Resultados-2-x-50-Medellin-2023-07.pdf\" target=\"_blank\" rel=\"noopener\">RESULTADOS OFICIALES<\/a><\/strong><br \/>\n11am <strong>EST\u00c1TICA &#8211; <a href=\"https:\/\/www.sportalsub.net\/blog\/wp-content\/uploads\/2023\/07\/2-Tabla-Resultados-Estatica-Medellin-2023-07.pdf\" target=\"_blank\" rel=\"noopener\">RESULTADOS OFICIALES<\/a><\/strong><br \/>\n4pm <strong>DIN\u00c1MICA SIN ALETAS &#8211; <a href=\"https:\/\/www.sportalsub.net\/blog\/wp-content\/uploads\/2023\/07\/3-Tabla-Resultados-DYNF-Medellin-2023-07.pdf\" target=\"_blank\" rel=\"noopener\">RESULTADOS OFICIALES<\/a><\/strong><\/p>\n<p><strong>S\u00c1BADO 29 DE JULIO 2023<br \/>\n<\/strong>9am <strong>DIN\u00c1MICA CON BIALETAS &#8211; <a href=\"https:\/\/www.sportalsub.net\/blog\/wp-content\/uploads\/2023\/07\/4-Tabla-Resultados-DYBF-Medellin-2023-07.pdf\" target=\"_blank\" rel=\"noopener\">RESULTADOS OFICIALES<\/a><\/strong><br \/>\n3pm <strong>SPEED 8X50 &#8211; <a href=\"https:\/\/www.sportalsub.net\/blog\/wp-content\/uploads\/2023\/07\/5-Tabla-Resultados-8-X-50-Medellin-2023-07.pdf\" target=\"_blank\" rel=\"noopener\">RESULTADOS OFICIALES<\/a><\/strong><\/p>\n<p><strong>DOMINGO 30 DE JULIO 2023<\/strong><br \/>\n9am <strong>DIN\u00c1MICA &#8211; <a href=\"https:\/\/www.sportalsub.net\/blog\/wp-content\/uploads\/2023\/07\/3-Tabla-Resultados-DYN-Medellin-2023-07.pdf\" target=\"_blank\" rel=\"noopener\">RESULTADOS OFICIALES<\/a><\/strong><br \/>\n3pm <strong>SPEED 4X50 &#8211; <a href=\"https:\/\/www.sportalsub.net\/blog\/wp-content\/uploads\/2023\/07\/3-Tabla-Resultados-4-X-50-Medellin-2023-07.pdf\" target=\"_blank\" rel=\"noopener\">RESULTADOS OFICIALES<\/a><\/strong><\/p>\n<p><img decoding=\"async\" src=\"https:\/\/www.sportalsub.net\/blog\/wp-content\/uploads\/2023\/07\/cursotecnicasentrenamientosportalsub.jpg\" \/><\/p>\n<h3><a href=\"https:\/\/www.cmasamerica.org\/wp-content\/uploads\/2023\/07\/021-Res-No.-2014-Por-medio-de-la-cual-se-convoca-a-participar-en-el-Campeonato-Nacional-Interclubes-de-Apnea-Indoor-C.pdf\" target=\"_blank\" rel=\"noopener\" target=\"_blank\"><strong><img decoding=\"async\" class=\"alignnone\" src=\"https:\/\/www.sportalsub.net\/blog\/wp-content\/uploads\/2009\/10\/pdf.gif\" \/><\/strong><\/a>\u00a0<a href=\"https:\/\/www.cmasamerica.org\/wp-content\/uploads\/2023\/07\/021-Res-No.-2014-Por-medio-de-la-cual-se-convoca-a-participar-en-el-Campeonato-Nacional-Interclubes-de-Apnea-Indoor-C.pdf\" target=\"_blank\" rel=\"noopener\" target=\"_blank\">CONVOCATORIA OFICIAL<\/a><\/h3>\n<div class=\"item-link-wrapper\" tabindex=\"-1\" data-id=\"f9c4c9f8-adf0-4361-b610-ca61df0dba93_0\" data-idx=\"0\" data-hook=\"item-link-wrapper\">\n<div id=\"pgif9c4c9f8adf04361b610ca61df0dba93_0_0\" class=\"gallery-item-container item-container-hover has-custom-focus visible simulate-hover\" tabindex=\"0\" role=\"link\" aria-label=\"Untitled image\" data-hash=\"f9c4c9f8-adf0-4361-b610-ca61df0dba93_0\" data-id=\"f9c4c9f8-adf0-4361-b610-ca61df0dba93_0\" data-idx=\"0\" data-hook=\"item-container\">\n<div id=\"item-wrapper-f9c4c9f8-adf0-4361-b610-ca61df0dba93_0\" class=\"gallery-item-wrapper visible\" data-hook=\"item-wrapper\">\n<div class=\"gallery-item-content item-content-hover image-item gallery-item-visible gallery-item gallery-item-preloaded \" data-hook=\"image-item\"><\/div>\n<\/div>\n<\/div>\n<\/div>\n<div tabindex=\"-1\" data-id=\"f0b7e030-8251-4f68-bc0b-6199ea33b457_1\" data-idx=\"1\" data-hook=\"item-link-wrapper\">\n<div id=\"pgif0b7e03082514f68bc0b6199ea33b457_1_1\" tabindex=\"-1\" role=\"link\" aria-label=\"Untitled image\" data-hash=\"f0b7e030-8251-4f68-bc0b-6199ea33b457_1\" data-id=\"f0b7e030-8251-4f68-bc0b-6199ea33b457_1\" data-idx=\"1\" data-hook=\"item-container\">\n<div>\n<div id=\"item-wrapper-f0b7e030-8251-4f68-bc0b-6199ea33b457_1\" data-hook=\"item-wrapper\">\n<div data-hook=\"image-item\"><img decoding=\"async\" src=\"https:\/\/static.wixstatic.com\/media\/a75488_bf52bc62f0df491b9cce1308ceb7071b~mv2.png\/v1\/fill\/w_708,h_471,fp_0.50_0.50,lg_1\/a75488_bf52bc62f0df491b9cce1308ceb7071b~mv2.png\" alt=\"\" data-hook=\"gallery-item-image-img\" data-idx=\"1\" data-pin-url=\"https:\/\/www.fedecas.org\/single-post\/apnea-medellin-2023\" \/><\/div>\n<div>\n<div data-hook=\"item-hover-1\" aria-hidden=\"true\">\n<div>\n<div><\/div>\n<\/div>\n<\/div>\n<\/div>\n<\/div>\n<\/div>\n<\/div>\n<\/div>\n<div class=\"item-link-wrapper\" tabindex=\"-1\" data-id=\"35123183-ce55-49d6-b199-0ec55f7c68ff_2\" data-idx=\"2\" data-hook=\"item-link-wrapper\">\n<div id=\"pgi35123183ce5549d6b1990ec55f7c68ff_2_2\" class=\"gallery-item-container item-container-hover has-custom-focus visible simulate-hover\" tabindex=\"-1\" role=\"link\" aria-label=\"Untitled image\" data-hash=\"35123183-ce55-49d6-b199-0ec55f7c68ff_2\" data-id=\"35123183-ce55-49d6-b199-0ec55f7c68ff_2\" data-idx=\"2\" data-hook=\"item-container\">\n<div>\n<div id=\"item-wrapper-35123183-ce55-49d6-b199-0ec55f7c68ff_2\" class=\"gallery-item-wrapper visible\" data-hook=\"item-wrapper\">\n<div data-hook=\"image-item\"><img decoding=\"async\" src=\"https:\/\/static.wixstatic.com\/media\/a75488_3aa690e658fe4f538f10d8ba85f77bc9~mv2.png\/v1\/fill\/w_708,h_290,fp_0.50_0.50\/a75488_3aa690e658fe4f538f10d8ba85f77bc9~mv2.png\" alt=\"\" data-hook=\"gallery-item-image-img\" data-idx=\"2\" data-pin-url=\"https:\/\/www.fedecas.org\/single-post\/apnea-medellin-2023\" \/><\/div>\n<\/div>\n<div data-hook=\"image-item\"><\/div>\n<\/div>\n<\/div>\n<\/div>\n<p><strong>M\u00e1s info: <a href=\"https:\/\/www.fedecas.org\/single-post\/apnea-medellin-2023\" target=\"_blank\" rel=\"noopener\" target=\"_blank\">FEDECAS<\/a> \/ <a href=\"https:\/\/www.cmasamerica.org\/open-internacional-de-apnea-indoor-de-clubes-cmas-zona-america-por-categorias-medellin-colombia-2023\/\" target=\"_blank\" rel=\"noopener\" target=\"_blank\">CMAS Zona Am\u00e9rica<\/a><\/strong><\/p>\n","protected":false},"excerpt":{"rendered":"<p>(Sportalsub.net \/ CMAS Zona Am\u00e9rica \/ FEDECAS) La Federaci\u00f3n Colombiana de Actividades Subacu\u00e1ticas \u2013 (FEDECAS), convoca a los Clubes del pa\u00eds a participar en el \u201cCampeonato Nacional Interclubes de Apnea Indoor Categor\u00edas Novatos, Junior, Senior y Master 2023\u201d y \u201cOpen Internacional de Apnea Indoor Categor\u00edas Junior, Senior y Master para clubes deportivos de la CMAS Zona Am\u00e9rica\u201d a realizarse en [&#8230;]<\/p>\n","protected":false},"author":1,"featured_media":64817,"comment_status":"open","ping_status":"closed","sticky":false,"template":"","format":"standard","meta":{"_lmt_disableupdate":"","_lmt_disable":"","jetpack_post_was_ever_published":false,"_jetpack_newsletter_access":"","_jetpack_dont_email_post_to_subs":false,"_jetpack_newsletter_tier_id":0,"_jetpack_memberships_contains_paywalled_content":false,"_jetpack_memberships_contains_paid_content":false,"footnotes":"","jetpack_publicize_message":"","jetpack_publicize_feature_enabled":true,"jetpack_social_post_already_shared":true,"jetpack_social_options":{"image_generator_settings":{"template":"highway","default_image_id":0,"font":"","enabled":false},"version":2}},"categories":[9,3,120],"tags":[450],"class_list":["post-64816","post","type-post","status-publish","format-standard","has-post-thumbnail","hentry","category-apnea","category-colombia","category-resultados","tag-destacados"],"modified_by":"Sportalsub.net","views":2056,"jetpack_publicize_connections":[],"jetpack_featured_media_url":"https:\/\/www.sportalsub.net\/blog\/wp-content\/uploads\/2023\/07\/apneamedellin2023.jpg","jetpack_sharing_enabled":true,"jetpack_shortlink":"https:\/\/wp.me\/pf9lN-gRq","jetpack_likes_enabled":false,"jetpack-related-posts":[{"id":61513,"url":"https:\/\/www.sportalsub.net\/blog\/apnea-fedecas-cali-colombia-2023","url_meta":{"origin":64816,"position":0},"title":"\ud83c\udde8\ud83c\uddf4 Resultados &#8211; Campeonato Nacional Interclubes de Apnea Indoor FEDECAS 2023 &#8211; Cali, Colombia","author":"Sportalsub.net","date":"22 febrero 2023","format":false,"excerpt":"(Sportalsub.net \/ FEDECAS \/ LIVAS) La Federaci\u00f3n Colombiana de Actividades Subacu\u00e1ticas \u2013 (FEDECAS) inici\u00f3 su calendario de competencias 2023 con el \u00a0\u201cCampeonato Nacional Interclubes de Apnea Indoor Categor\u00edas Senior, Master, Junior y Novatos 2023\u201d realizado en la ciudad de Santiago de Cali, del 16 al 19 de febrero de 2023.\u2026","rel":"","context":"En \u00abApnea\u00bb","block_context":{"text":"Apnea","link":"https:\/\/www.sportalsub.net\/blog\/category\/modalidades\/apnea\/"},"img":{"alt_text":"","src":"https:\/\/i0.wp.com\/www.sportalsub.net\/blog\/wp-content\/uploads\/2023\/02\/interclubesapneaindoorcolombia-2023.jpg?resize=350%2C200&ssl=1","width":350,"height":200,"srcset":"https:\/\/i0.wp.com\/www.sportalsub.net\/blog\/wp-content\/uploads\/2023\/02\/interclubesapneaindoorcolombia-2023.jpg?resize=350%2C200&ssl=1 1x, https:\/\/i0.wp.com\/www.sportalsub.net\/blog\/wp-content\/uploads\/2023\/02\/interclubesapneaindoorcolombia-2023.jpg?resize=525%2C300&ssl=1 1.5x, https:\/\/i0.wp.com\/www.sportalsub.net\/blog\/wp-content\/uploads\/2023\/02\/interclubesapneaindoorcolombia-2023.jpg?resize=700%2C400&ssl=1 2x"},"classes":[]},{"id":64905,"url":"https:\/\/www.sportalsub.net\/blog\/sedefanb-open-apnea-medellin-2023","url_meta":{"origin":64816,"position":1},"title":"\ud83c\uddfb\ud83c\uddea Club SEDEFANB de Venezuela presente en Open Internacional de Apnea Medell\u00edn, Colombia 2023","author":"Sportalsub.net","date":"25 julio 2023","format":false,"excerpt":"(Sportalsub.net \/ Polideportivo SEDEFANB) Representantes del Club Polideportivo de Actividades Acu\u00e1ticas y Subacu\u00e1ticas del Servicio Desconcentrado de Bienes y Servicios de la Fuerza Armada Nacional Bolivariana (SEDEFANB) participar\u00e1n en el Campeonato Nacional y Open Internacional CMAS Zona Am\u00e9rica de Apnea en piscina por categor\u00edas: Junior, Senior y Master que organiza\u2026","rel":"","context":"En \u00abApnea\u00bb","block_context":{"text":"Apnea","link":"https:\/\/www.sportalsub.net\/blog\/category\/modalidades\/apnea\/"},"img":{"alt_text":"","src":"https:\/\/i0.wp.com\/www.sportalsub.net\/blog\/wp-content\/uploads\/2023\/07\/susana-brian.jpg?resize=350%2C200&ssl=1","width":350,"height":200,"srcset":"https:\/\/i0.wp.com\/www.sportalsub.net\/blog\/wp-content\/uploads\/2023\/07\/susana-brian.jpg?resize=350%2C200&ssl=1 1x, https:\/\/i0.wp.com\/www.sportalsub.net\/blog\/wp-content\/uploads\/2023\/07\/susana-brian.jpg?resize=525%2C300&ssl=1 1.5x, https:\/\/i0.wp.com\/www.sportalsub.net\/blog\/wp-content\/uploads\/2023\/07\/susana-brian.jpg?resize=700%2C400&ssl=1 2x"},"classes":[]},{"id":65968,"url":"https:\/\/www.sportalsub.net\/blog\/campeonato-nacional-interclubes-por-categorias-de-apnea-en-piscina-fedecas-2023-cali-colombia\/","url_meta":{"origin":64816,"position":2},"title":"\ud83c\udde8\ud83c\uddf4 Resultados &#8211; Campeonato Nacional Interclubes por categor\u00edas de Apnea en piscina FEDECAS 2023 &#8211; Cali, Colombia","author":"Sportalsub.net","date":"8 noviembre 2023","format":false,"excerpt":"(Sportalsub.net \/ FEDECAS) La Federaci\u00f3n Colombiana de Actividades Subacu\u00e1ticas llev\u00f3 a cabo el \u201cCampeonato Nacional Interclubes de Apnea Indoor Categor\u00edas Novatos, Junior, Senior y Master, 2023\u201d realizado en la ciudad de Santiago de Cali, del 03 al 6 de noviembre de 2023. La organizaci\u00f3n estuvo a cargo de la Federaci\u00f3n\u2026","rel":"","context":"En \u00abApnea\u00bb","block_context":{"text":"Apnea","link":"https:\/\/www.sportalsub.net\/blog\/category\/modalidades\/apnea\/"},"img":{"alt_text":"","src":"https:\/\/i0.wp.com\/www.sportalsub.net\/blog\/wp-content\/uploads\/2023\/10\/apneacalinoviembre2023.jpg?resize=350%2C200&ssl=1","width":350,"height":200,"srcset":"https:\/\/i0.wp.com\/www.sportalsub.net\/blog\/wp-content\/uploads\/2023\/10\/apneacalinoviembre2023.jpg?resize=350%2C200&ssl=1 1x, https:\/\/i0.wp.com\/www.sportalsub.net\/blog\/wp-content\/uploads\/2023\/10\/apneacalinoviembre2023.jpg?resize=525%2C300&ssl=1 1.5x, https:\/\/i0.wp.com\/www.sportalsub.net\/blog\/wp-content\/uploads\/2023\/10\/apneacalinoviembre2023.jpg?resize=700%2C400&ssl=1 2x"},"classes":[]},{"id":73153,"url":"https:\/\/www.sportalsub.net\/blog\/interclubes-apnea-medellin-2024","url_meta":{"origin":64816,"position":3},"title":"\ud83c\udde8\ud83c\uddf4 Resultados &#8211; Campeonato Nacional Interclubes de Apnea Indoor FEDECAS 2024 \u2013 Medell\u00edn, Colombia","author":"Sportalsub.net","date":"21 mayo 2024","format":false,"excerpt":"(Sportalsub.net \/ FEDECAS \/ LASA) La Federaci\u00f3n Colombiana de Actividades Subacu\u00e1ticas \u2013 (FEDECAS), convoc\u00f3 a las Ligas del pa\u00eds para que sus Clubes afiliados participaran en el \u201cCampeonato Nacional Interclubes de Apnea Indoor Categor\u00edas Novatos, Junior, Senior y Master, 2024\u201d realizado en la ciudad de Medell\u00edn del 16 al 19\u2026","rel":"","context":"En \u00abApnea\u00bb","block_context":{"text":"Apnea","link":"https:\/\/www.sportalsub.net\/blog\/category\/modalidades\/apnea\/"},"img":{"alt_text":"","src":"https:\/\/i0.wp.com\/www.sportalsub.net\/blog\/wp-content\/uploads\/2024\/05\/apnea-medellin-2024.jpg?resize=350%2C200&ssl=1","width":350,"height":200,"srcset":"https:\/\/i0.wp.com\/www.sportalsub.net\/blog\/wp-content\/uploads\/2024\/05\/apnea-medellin-2024.jpg?resize=350%2C200&ssl=1 1x, https:\/\/i0.wp.com\/www.sportalsub.net\/blog\/wp-content\/uploads\/2024\/05\/apnea-medellin-2024.jpg?resize=525%2C300&ssl=1 1.5x, https:\/\/i0.wp.com\/www.sportalsub.net\/blog\/wp-content\/uploads\/2024\/05\/apnea-medellin-2024.jpg?resize=700%2C400&ssl=1 2x"},"classes":[]},{"id":55744,"url":"https:\/\/www.sportalsub.net\/blog\/campeonato-nacional-interclubes-de-apnea-indoor-por-categorias-fedecas-medellin-colombia-2022","url_meta":{"origin":64816,"position":4},"title":"\ud83c\udde8\ud83c\uddf4 Resultados &#8211; Campeonato Nacional Interclubes de Apnea Indoor por Categor\u00edas FEDECAS. Medell\u00edn, Colombia 2022","author":"Sportalsub.net","date":"7 junio 2022","format":false,"excerpt":"(Sportalsub.net \/ FEDECAS \/ LASA) La Federaci\u00f3n Colombiana de Actividades Subacu\u00e1ticas \u2013 (FEDECAS), llev\u00f3 a cabo el \u201cCampeonato Nacional Interclubes de Apnea Indoor Categor\u00edas \u201cA\u201d, \u201cB\u201d, Master y Novatos\u201d, realizado en la ciudad de Medell\u00edn, del 3 al 5 de junio de 2022. II Evento Clasificatorio al \u201cVIII Campeonato Panamericano\u2026","rel":"","context":"En \u00abApnea\u00bb","block_context":{"text":"Apnea","link":"https:\/\/www.sportalsub.net\/blog\/category\/modalidades\/apnea\/"},"img":{"alt_text":"","src":"https:\/\/i0.wp.com\/www.sportalsub.net\/blog\/wp-content\/uploads\/2022\/06\/resultadosapneamedellin2022.jpg?resize=350%2C200&ssl=1","width":350,"height":200,"srcset":"https:\/\/i0.wp.com\/www.sportalsub.net\/blog\/wp-content\/uploads\/2022\/06\/resultadosapneamedellin2022.jpg?resize=350%2C200&ssl=1 1x, https:\/\/i0.wp.com\/www.sportalsub.net\/blog\/wp-content\/uploads\/2022\/06\/resultadosapneamedellin2022.jpg?resize=525%2C300&ssl=1 1.5x, https:\/\/i0.wp.com\/www.sportalsub.net\/blog\/wp-content\/uploads\/2022\/06\/resultadosapneamedellin2022.jpg?resize=700%2C400&ssl=1 2x"},"classes":[]},{"id":85785,"url":"https:\/\/www.sportalsub.net\/blog\/2026-cmas-open-internacional-freediving-indoor-santa-marta-500-colombia","url_meta":{"origin":64816,"position":5},"title":"\ud83c\udde8\ud83c\uddf4 Open Internacional 2026 de Apnea en piscina CMAS Santa Marta 500+ Colombia","author":"Sportalsub.net","date":"20 marzo 2026","format":false,"excerpt":"(Sportalsub.net \/ FEDECAS \/ CMAS \/ CMAS Am\u00e9rica) Read in english La Federaci\u00f3n Colombiana de Actividades Subacu\u00e1ticas (FEDECAS) con el acuerdo de CMAS, invita a todas las Federaciones, Clubes y Atletas interesados en participar en el 2026 CMAS Open International Freediving Indoor Santa Marta 500+ a realizarse de octubre 22\u2026","rel":"","context":"En \u00abApnea\u00bb","block_context":{"text":"Apnea","link":"https:\/\/www.sportalsub.net\/blog\/category\/modalidades\/apnea\/"},"img":{"alt_text":"","src":"https:\/\/i0.wp.com\/www.sportalsub.net\/blog\/wp-content\/uploads\/2026\/02\/freediving-santa-marta-2026.jpg?resize=350%2C200&ssl=1","width":350,"height":200,"srcset":"https:\/\/i0.wp.com\/www.sportalsub.net\/blog\/wp-content\/uploads\/2026\/02\/freediving-santa-marta-2026.jpg?resize=350%2C200&ssl=1 1x, https:\/\/i0.wp.com\/www.sportalsub.net\/blog\/wp-content\/uploads\/2026\/02\/freediving-santa-marta-2026.jpg?resize=525%2C300&ssl=1 1.5x, https:\/\/i0.wp.com\/www.sportalsub.net\/blog\/wp-content\/uploads\/2026\/02\/freediving-santa-marta-2026.jpg?resize=700%2C400&ssl=1 2x"},"classes":[]}],"_links":{"self":[{"href":"https:\/\/www.sportalsub.net\/blog\/wp-json\/wp\/v2\/posts\/64816","targetHints":{"allow":["GET"]}}],"collection":[{"href":"https:\/\/www.sportalsub.net\/blog\/wp-json\/wp\/v2\/posts"}],"about":[{"href":"https:\/\/www.sportalsub.net\/blog\/wp-json\/wp\/v2\/types\/post"}],"author":[{"embeddable":true,"href":"https:\/\/www.sportalsub.net\/blog\/wp-json\/wp\/v2\/users\/1"}],"replies":[{"embeddable":true,"href":"https:\/\/www.sportalsub.net\/blog\/wp-json\/wp\/v2\/comments?post=64816"}],"version-history":[{"count":5,"href":"https:\/\/www.sportalsub.net\/blog\/wp-json\/wp\/v2\/posts\/64816\/revisions"}],"predecessor-version":[{"id":65065,"href":"https:\/\/www.sportalsub.net\/blog\/wp-json\/wp\/v2\/posts\/64816\/revisions\/65065"}],"wp:featuredmedia":[{"embeddable":true,"href":"https:\/\/www.sportalsub.net\/blog\/wp-json\/wp\/v2\/media\/64817"}],"wp:attachment":[{"href":"https:\/\/www.sportalsub.net\/blog\/wp-json\/wp\/v2\/media?parent=64816"}],"wp:term":[{"taxonomy":"category","embeddable":true,"href":"https:\/\/www.sportalsub.net\/blog\/wp-json\/wp\/v2\/categories?post=64816"},{"taxonomy":"post_tag","embeddable":true,"href":"https:\/\/www.sportalsub.net\/blog\/wp-json\/wp\/v2\/tags?post=64816"}],"curies":[{"name":"wp","href":"https:\/\/api.w.org\/{rel}","templated":true}]}}