{"id":64854,"date":"2023-07-30T16:01:49","date_gmt":"2023-07-30T20:01:49","guid":{"rendered":"https:\/\/www.sportalsub.net\/blog\/?p=64854"},"modified":"2023-07-30T18:12:18","modified_gmt":"2023-07-30T22:12:18","slug":"%f0%9f%87%a7%f0%9f%87%b8-vertical-blue-2023-competencia-internacional-de-apnea-aida-en-bahamas","status":"publish","type":"post","link":"https:\/\/www.sportalsub.net\/blog\/vertical-blue-2023","title":{"rendered":"\ud83c\udde7\ud83c\uddf8 Resultados &#8211; Vertical Blue 2023. Competencia Internacional de Apnea AIDA en Bahamas"},"content":{"rendered":"<p><img loading=\"lazy\" decoding=\"async\" class=\"alignnone size-full wp-image-64855\" src=\"https:\/\/www.sportalsub.net\/blog\/wp-content\/uploads\/2023\/07\/verticalblue2023.jpg\" alt=\"\" width=\"900\" height=\"600\" srcset=\"https:\/\/www.sportalsub.net\/blog\/wp-content\/uploads\/2023\/07\/verticalblue2023.jpg 900w, https:\/\/www.sportalsub.net\/blog\/wp-content\/uploads\/2023\/07\/verticalblue2023-300x200.jpg 300w, https:\/\/www.sportalsub.net\/blog\/wp-content\/uploads\/2023\/07\/verticalblue2023-768x512.jpg 768w, https:\/\/www.sportalsub.net\/blog\/wp-content\/uploads\/2023\/07\/verticalblue2023-450x300.jpg 450w\" sizes=\"auto, (max-width: 900px) 100vw, 900px\" \/><\/p>\n<p>(Sportalsub.net \/ Vertical Blue) &#8211; <a href=\"https:\/\/www.sportalsub.net\/en\/vertical-blue-2023\/\">Read in english<\/a><\/p>\n<p>Del 20 al 30 de julio 2023 se realizar\u00e1 en el Dean\u00b4s Blue Hole de Long Island, Bahamas la tradicional y reconocida Competencia Internacional anual de Apnea de Profundidad \u201cVertical Blue 2023\u201d que celebra su 15to anivesario en esta edici\u00f3n.<\/p>\n<p><a href=\"https:\/\/www.youtube.com\/@VBFreediving\" target=\"_blank\"><strong>VIDEO YOUTUBE<\/strong><\/a><\/p>\n<p><a href=\"http:\/\/2023.verticalblue.net\/results\/?action=days\" target=\"_blank\"><strong>RESULTADOS POR D\u00cdA<\/strong><\/a><\/p>\n<p><a href=\"http:\/\/2023.verticalblue.net\/results\/?action=overall\" target=\"_blank\"><strong>RESULTADOS GENERALES<\/strong><\/a><\/p>\n<p><a href=\"https:\/\/www.sportalsub.net\/en\/wp-content\/uploads\/2023\/07\/2023-07-30-at-17-58-57.png\" target=\"_blank\"><img loading=\"lazy\" decoding=\"async\" class=\"alignnone size-full wp-image-62298\" src=\"https:\/\/www.sportalsub.net\/en\/wp-content\/uploads\/2023\/07\/2023-07-30-at-17-58-57.png\" alt=\"\" width=\"1134\" height=\"464\" \/><\/a><br \/>\n<a href=\"https:\/\/www.sportalsub.net\/en\/wp-content\/uploads\/2023\/07\/2023-07-30-at-17-59-09.png\" target=\"_blank\"><img loading=\"lazy\" decoding=\"async\" class=\"alignnone size-full wp-image-62299\" src=\"https:\/\/www.sportalsub.net\/en\/wp-content\/uploads\/2023\/07\/2023-07-30-at-17-59-09.png\" alt=\"\" width=\"1121\" height=\"832\" \/><\/a><\/p>\n<p><strong>RESULTADOS INMERSION LIBRE<\/strong><\/p>\n<p><a href=\"https:\/\/www.sportalsub.net\/en\/wp-content\/uploads\/2023\/07\/2023-07-30-at-18-00-12.png\" target=\"_blank\"><img loading=\"lazy\" decoding=\"async\" class=\"alignnone size-full wp-image-62300\" src=\"https:\/\/www.sportalsub.net\/en\/wp-content\/uploads\/2023\/07\/2023-07-30-at-18-00-12.png\" alt=\"\" width=\"1114\" height=\"861\" \/><\/a><\/p>\n<p><strong> RESULTADOS PESO CONSTANTE<\/strong><\/p>\n<p><a href=\"https:\/\/www.sportalsub.net\/en\/wp-content\/uploads\/2023\/07\/2023-07-30-at-17-59-58.png\" target=\"_blank\"><img loading=\"lazy\" decoding=\"async\" class=\"alignnone size-full wp-image-62301\" src=\"https:\/\/www.sportalsub.net\/en\/wp-content\/uploads\/2023\/07\/2023-07-30-at-17-59-58.png\" alt=\"\" width=\"1109\" height=\"867\" \/><\/a><\/p>\n<p><strong>RESULTADOS PESO CONSTANTE SIN ALETAS<\/strong><\/p>\n<p><a href=\"https:\/\/www.sportalsub.net\/en\/wp-content\/uploads\/2023\/07\/2023-07-30-at-17-59-38.png\" target=\"_blank\"><img loading=\"lazy\" decoding=\"async\" class=\"alignnone size-full wp-image-62302\" src=\"https:\/\/www.sportalsub.net\/en\/wp-content\/uploads\/2023\/07\/2023-07-30-at-17-59-38.png\" alt=\"\" width=\"1106\" height=\"861\" \/><\/a><\/p>\n<p><strong>CALENDARIO Y RESULTADOS<\/strong><\/p>\n<p><strong>DIA 9 &#8211; DOMINGO 30 DE JULIO<\/strong><\/p>\n<p><a href=\"https:\/\/www.sportalsub.net\/en\/wp-content\/uploads\/2023\/07\/2023-07-30-at-17-23-57.png\" target=\"_blank\"><img loading=\"lazy\" decoding=\"async\" class=\"alignnone size-full wp-image-62297\" src=\"https:\/\/www.sportalsub.net\/en\/wp-content\/uploads\/2023\/07\/2023-07-30-at-17-23-57.png\" alt=\"\" width=\"893\" height=\"889\" \/><\/a><\/p>\n<p><strong>DIA 8 &#8211; SABADO 29 DE JULIO<\/strong><\/p>\n<p><a href=\"https:\/\/www.sportalsub.net\/en\/wp-content\/uploads\/2023\/07\/2023-07-29-at-18-28-34.png\" target=\"_blank\"><img loading=\"lazy\" decoding=\"async\" class=\"alignnone size-full wp-image-62258\" src=\"https:\/\/www.sportalsub.net\/en\/wp-content\/uploads\/2023\/07\/2023-07-29-at-18-28-34.png\" alt=\"\" width=\"888\" height=\"639\" \/><\/a><\/p>\n<p><strong>DIA 7 &#8211; VIERNES 28 DE JULIO<\/strong><\/p>\n<p><a href=\"https:\/\/www.sportalsub.net\/en\/wp-content\/uploads\/2023\/07\/2023-07-29-at-04-43-14.png\" target=\"_blank\"><img loading=\"lazy\" decoding=\"async\" class=\"alignnone size-full wp-image-62225\" src=\"https:\/\/www.sportalsub.net\/en\/wp-content\/uploads\/2023\/07\/2023-07-29-at-04-43-14.png\" alt=\"\" width=\"935\" height=\"819\" \/><\/a><\/p>\n<p><strong>D\u00cdA DE DESCANSO -JUEVES 27 DE JULIO<\/strong><\/p>\n<p><strong>D\u00cdA 7 &#8211; MIERCOLES 26 DE JULIO<\/strong><\/p>\n<p><a href=\"https:\/\/www.sportalsub.net\/en\/wp-content\/uploads\/2023\/07\/2023-07-29-at-04-42-34.png\" target=\"_blank\"><img loading=\"lazy\" decoding=\"async\" class=\"alignnone size-full wp-image-62224\" src=\"https:\/\/www.sportalsub.net\/en\/wp-content\/uploads\/2023\/07\/2023-07-29-at-04-42-34.png\" alt=\"\" width=\"933\" height=\"890\" \/><\/a><\/p>\n<p><strong>D\u00cdA 6 &#8211; MARTES 25 DE JULIO<\/strong><\/p>\n<p><a href=\"https:\/\/www.sportalsub.net\/en\/wp-content\/uploads\/2023\/07\/2023-07-29-at-04-41-52.png\" target=\"_blank\"><img loading=\"lazy\" decoding=\"async\" class=\"alignnone size-full wp-image-62223\" src=\"https:\/\/www.sportalsub.net\/en\/wp-content\/uploads\/2023\/07\/2023-07-29-at-04-41-52.png\" alt=\"\" width=\"933\" height=\"826\" \/><\/a><\/p>\n<p><strong>D\u00cdA 5 &#8211; LUNES 24 DE JULIO<\/strong><\/p>\n<p><a href=\"https:\/\/www.sportalsub.net\/en\/wp-content\/uploads\/2023\/07\/2023-07-29-at-04-41-14.png\" target=\"_blank\"><img loading=\"lazy\" decoding=\"async\" class=\"alignnone size-full wp-image-62222\" src=\"https:\/\/www.sportalsub.net\/en\/wp-content\/uploads\/2023\/07\/2023-07-29-at-04-41-14.png\" alt=\"\" width=\"932\" height=\"799\" \/><\/a><\/p>\n<p><strong>D\u00cdA DE DESCANSO &#8211; DOMINGO 23 DE JULIO<\/strong><\/p>\n<p><strong>D\u00cdA 3 &#8211; S\u00c1BADO 22 DE JULIO<\/strong><\/p>\n<p><a href=\"https:\/\/www.sportalsub.net\/en\/wp-content\/uploads\/2023\/07\/2023-07-29-at-04-40-25.png\" target=\"_blank\"><img loading=\"lazy\" decoding=\"async\" class=\"alignnone size-full wp-image-62221\" src=\"https:\/\/www.sportalsub.net\/en\/wp-content\/uploads\/2023\/07\/2023-07-29-at-04-40-25.png\" alt=\"\" width=\"931\" height=\"874\" \/><\/a><\/p>\n<p><strong>D\u00cdA 2 &#8211; VIERNES 21 DE JULIO<\/strong><\/p>\n<p><a href=\"https:\/\/www.sportalsub.net\/en\/wp-content\/uploads\/2023\/07\/2023-07-29-at-04-35-30.png\" target=\"_blank\"><img loading=\"lazy\" decoding=\"async\" class=\"alignnone size-full wp-image-62219\" src=\"https:\/\/www.sportalsub.net\/en\/wp-content\/uploads\/2023\/07\/2023-07-29-at-04-35-30.png\" alt=\"\" width=\"928\" height=\"766\" \/><\/a><\/p>\n<p><strong>D\u00cdA 1 &#8211; JUEVES 20 DE JULIO<\/strong><\/p>\n<p><a href=\"https:\/\/www.sportalsub.net\/en\/wp-content\/uploads\/2023\/07\/2023-07-29-at-04-32-36.png\" target=\"_blank\"><img loading=\"lazy\" decoding=\"async\" class=\"alignnone size-full wp-image-62218\" src=\"https:\/\/www.sportalsub.net\/en\/wp-content\/uploads\/2023\/07\/2023-07-29-at-04-32-36.png\" alt=\"\" width=\"931\" height=\"861\" \/><\/a><\/p>\n<p>Esta importante\u00a0 competencia de apnea es realizada con reglamentos y aval de la Asociaci\u00f3n Internacional para el Desarrollo de la Apnea (AIDA)<\/p>\n<p>Official Website:\u00a0<a href=\"http:\/\/2023.verticalblue.net\/\" target=\"_blank\" rel=\"noopener\" target=\"_blank\">http:\/\/2023.verticalblue.net\/<\/a><a href=\"http:\/\/2015.verticalblue.net\/\" target=\"_blank\" rel=\"noopener noreferrer\"><br \/>\n<\/a>Facebook:\u00a0<a href=\"https:\/\/www.facebook.com\/verticalblue\" target=\"_blank\" rel=\"noopener noreferrer\" target=\"_blank\">VerticalBlue<\/a>\u00a0\/ Twitter:\u00a0<a href=\"https:\/\/twitter.com\/Vertical_Blue\" target=\"_blank\" rel=\"noopener noreferrer\" target=\"_blank\">@vertical_blue<\/a>\u00a0\/ Youtube:\u00a0<a href=\"https:\/\/www.youtube.com\/user\/VBFreediving\" target=\"_blank\" rel=\"noopener noreferrer\" target=\"_blank\">VBFreediving<\/a>\u00a0\/ Instagram:\u00a0<a href=\"https:\/\/www.instagram.com\/vertical_blue\/\" target=\"_blank\" rel=\"noopener noreferrer\" target=\"_blank\">vertical_blue<\/a><\/p>\n","protected":false},"excerpt":{"rendered":"<p>(Sportalsub.net \/ Vertical Blue) &#8211; Read in english Del 20 al 30 de julio 2023 se realizar\u00e1 en el Dean\u00b4s Blue Hole de Long Island, Bahamas la tradicional y reconocida Competencia Internacional anual de Apnea de Profundidad \u201cVertical Blue 2023\u201d que celebra su 15to anivesario en esta edici\u00f3n. VIDEO YOUTUBE RESULTADOS POR D\u00cdA RESULTADOS GENERALES RESULTADOS INMERSION LIBRE RESULTADOS PESO [&#8230;]<\/p>\n","protected":false},"author":1,"featured_media":64855,"comment_status":"open","ping_status":"closed","sticky":false,"template":"","format":"standard","meta":{"_lmt_disableupdate":"","_lmt_disable":"","jetpack_post_was_ever_published":false,"_jetpack_newsletter_access":"","_jetpack_dont_email_post_to_subs":false,"_jetpack_newsletter_tier_id":0,"_jetpack_memberships_contains_paywalled_content":false,"_jetpack_memberships_contains_paid_content":false,"footnotes":"","jetpack_publicize_message":"","jetpack_publicize_feature_enabled":true,"jetpack_social_post_already_shared":true,"jetpack_social_options":{"image_generator_settings":{"template":"highway","default_image_id":0,"font":"","enabled":false},"version":2}},"categories":[9,302,120],"tags":[450],"class_list":["post-64854","post","type-post","status-publish","format-standard","has-post-thumbnail","hentry","category-apnea","category-bahamas","category-resultados","tag-destacados"],"modified_by":"Sportalsub.net","views":4954,"jetpack_publicize_connections":[],"jetpack_featured_media_url":"https:\/\/www.sportalsub.net\/blog\/wp-content\/uploads\/2023\/07\/verticalblue2023.jpg","jetpack_sharing_enabled":true,"jetpack_shortlink":"https:\/\/wp.me\/pf9lN-gS2","jetpack_likes_enabled":false,"jetpack-related-posts":[{"id":56029,"url":"https:\/\/www.sportalsub.net\/blog\/vertical-blue-2022","url_meta":{"origin":64854,"position":0},"title":"\ud83c\udde7\ud83c\uddf8 Resultados &#8211; Vertical Blue 2022. Competencia Internacional de Apnea AIDA en Bahamas","author":"Sportalsub.net","date":"11 agosto 2022","format":false,"excerpt":"(Sportalsub.net \/ Vertical Blue) \u2013\u00a0Read in English Del 1 al 11 de agosto 2022 se realiz\u00f3 la tradicional y reconocida Competencia Internacional anual de Apnea de Profundidad \u201cVertical Blue 2022\u201d en el Dean\u00b4s Blue Hole de Long Island, Bahamas. Esta importante\u00a0 competencia de apnea es realizada con reglamentos y aval\u2026","rel":"","context":"En \u00abApnea\u00bb","block_context":{"text":"Apnea","link":"https:\/\/www.sportalsub.net\/blog\/category\/modalidades\/apnea\/"},"img":{"alt_text":"","src":"https:\/\/i0.wp.com\/www.sportalsub.net\/blog\/wp-content\/uploads\/2022\/08\/verticalblue2022.jpg?resize=350%2C200&ssl=1","width":350,"height":200,"srcset":"https:\/\/i0.wp.com\/www.sportalsub.net\/blog\/wp-content\/uploads\/2022\/08\/verticalblue2022.jpg?resize=350%2C200&ssl=1 1x, https:\/\/i0.wp.com\/www.sportalsub.net\/blog\/wp-content\/uploads\/2022\/08\/verticalblue2022.jpg?resize=525%2C300&ssl=1 1.5x, https:\/\/i0.wp.com\/www.sportalsub.net\/blog\/wp-content\/uploads\/2022\/08\/verticalblue2022.jpg?resize=700%2C400&ssl=1 2x"},"classes":[]},{"id":45913,"url":"https:\/\/www.sportalsub.net\/blog\/vertical-blue-2021","url_meta":{"origin":64854,"position":1},"title":"\ud83c\udde7\ud83c\uddf8 Resultados &#8211; Vertical Blue 2021. Competencia Internacional de Apnea CMAS en Bahamas","author":"Sportalsub.net","date":"25 julio 2021","format":false,"excerpt":"(Sportalsub.net \/ Vertical Blue) \u2013\u00a0Read in English Del 13 al 23 de julio se realiz\u00f3 la tradicional y reconocida Competencia Internacional anual de Apnea de Profundidad \u201cVertical Blue 2021\u201d en el Dean\u00b4s Blue Hole de Long Island, Bahamas. Por primera vez, esta importante\u00a0 competencia de apnea es realizada con reglamentos\u2026","rel":"","context":"En \u00abApnea\u00bb","block_context":{"text":"Apnea","link":"https:\/\/www.sportalsub.net\/blog\/category\/modalidades\/apnea\/"},"img":{"alt_text":"","src":"https:\/\/i0.wp.com\/www.sportalsub.net\/blog\/wp-content\/uploads\/2021\/07\/verticalblue2021.jpg?resize=350%2C200&ssl=1","width":350,"height":200,"srcset":"https:\/\/i0.wp.com\/www.sportalsub.net\/blog\/wp-content\/uploads\/2021\/07\/verticalblue2021.jpg?resize=350%2C200&ssl=1 1x, https:\/\/i0.wp.com\/www.sportalsub.net\/blog\/wp-content\/uploads\/2021\/07\/verticalblue2021.jpg?resize=525%2C300&ssl=1 1.5x, https:\/\/i0.wp.com\/www.sportalsub.net\/blog\/wp-content\/uploads\/2021\/07\/verticalblue2021.jpg?resize=700%2C400&ssl=1 2x"},"classes":[]},{"id":16325,"url":"https:\/\/www.sportalsub.net\/blog\/resultados-dia-3-competencia-internacional-de-apnea-en-bahamas-vertical-blue-2013\/","url_meta":{"origin":64854,"position":2},"title":"\ud83c\udde7\ud83c\uddf8 Resultados D\u00eda 3 Competencia Internacional de Apnea en Bahamas Vertical Blue 2013","author":"Sportalsub.net","date":"12 noviembre 2013","format":false,"excerpt":"(Especial Sportalsub.net \/ Vertical Blue) El lunes 11 de noviembre se realiz\u00f3 la tercera jornada de la\u00a0Competencia Internacional de Apnea\u00a0Vertical Blue 2013 en Islas Bahamas. En el 3er d\u00eda del evento se realizaron 5 r\u00e9cords nacionales: Davide Carrera de Italia (-101 metros, peso constante con aletas), Michael Board de Gran\u2026","rel":"","context":"En \u00abApnea\u00bb","block_context":{"text":"Apnea","link":"https:\/\/www.sportalsub.net\/blog\/category\/modalidades\/apnea\/"},"img":{"alt_text":"","src":"https:\/\/i0.wp.com\/www.sportalsub.net\/blog\/wp-content\/uploads\/2013\/11\/verticalblue2013.jpg?resize=350%2C200&ssl=1","width":350,"height":200,"srcset":"https:\/\/i0.wp.com\/www.sportalsub.net\/blog\/wp-content\/uploads\/2013\/11\/verticalblue2013.jpg?resize=350%2C200&ssl=1 1x, https:\/\/i0.wp.com\/www.sportalsub.net\/blog\/wp-content\/uploads\/2013\/11\/verticalblue2013.jpg?resize=525%2C300&ssl=1 1.5x"},"classes":[]},{"id":16846,"url":"https:\/\/www.sportalsub.net\/blog\/resultados-dia-6-competencia-internacional-de-apnea-en-bahamas-vertical-blue-2013-video\/","url_meta":{"origin":64854,"position":3},"title":"\ud83c\udde7\ud83c\uddf8 Resultados D\u00eda 6 Competencia Internacional de Apnea en Bahamas Vertical Blue 2013 + VIDEO","author":"Sportalsub.net","date":"17 noviembre 2013","format":false,"excerpt":"R\u00e9cords Nacionales para Alejandra L\u00f3pez de M\u00e9xico y Simon Bennet de Chile (Especial Sportalsub.net \/ Vertical Blue) Este s\u00e1bado 16 de noviembre se realiz\u00f3 la sexta jornada de la\u00a0Competencia Internacional de Apnea\u00a0Vertical Blue 2013 en Islas Bahamas. En el 6to d\u00eda del evento se realizaron 4 r\u00e9cords nacionales: Simon Bennet\u2026","rel":"","context":"En \u00abApnea\u00bb","block_context":{"text":"Apnea","link":"https:\/\/www.sportalsub.net\/blog\/category\/modalidades\/apnea\/"},"img":{"alt_text":"","src":"https:\/\/i0.wp.com\/www.sportalsub.net\/blog\/wp-content\/uploads\/2013\/11\/simon-alejandra.jpg?resize=350%2C200&ssl=1","width":350,"height":200,"srcset":"https:\/\/i0.wp.com\/www.sportalsub.net\/blog\/wp-content\/uploads\/2013\/11\/simon-alejandra.jpg?resize=350%2C200&ssl=1 1x, https:\/\/i0.wp.com\/www.sportalsub.net\/blog\/wp-content\/uploads\/2013\/11\/simon-alejandra.jpg?resize=525%2C300&ssl=1 1.5x, https:\/\/i0.wp.com\/www.sportalsub.net\/blog\/wp-content\/uploads\/2013\/11\/simon-alejandra.jpg?resize=700%2C400&ssl=1 2x"},"classes":[]},{"id":14290,"url":"https:\/\/www.sportalsub.net\/blog\/vertical-blue-2012-competencia-internacional-de-apnea-de-profundidad-islas-bahamas-20-30-noviembre-2012\/","url_meta":{"origin":64854,"position":4},"title":"\ud83c\udde7\ud83c\uddf8 Latinoamericanos destacan en Competencia Internacional de Apnea de Profundidad Vertical Blue. Islas Bahamas. 20-30 noviembre 2012","author":"Sportalsub.net","date":"10 diciembre 2012","format":false,"excerpt":"(Especial Sportalsub.net \/ Vertical Blue) Del 20 al 30 de noviembre de 2012, en el Deans Blue Hole de las Islas Bahamas, se realiz\u00f3 la Competencia Internacional de Apnea de profundidad \"Vertical Blue 2012\", en la cual participaron los m\u00e1s destacados exponentes mundiales de este deporte, incluyendo adem\u00e1s un buen\u2026","rel":"","context":"En \u00abApnea\u00bb","block_context":{"text":"Apnea","link":"https:\/\/www.sportalsub.net\/blog\/category\/modalidades\/apnea\/"},"img":{"alt_text":"","src":"https:\/\/i0.wp.com\/www.sportalsub.net\/blog\/wp-content\/uploads\/2012\/11\/vertical-blue-2012.jpg?resize=350%2C200&ssl=1","width":350,"height":200,"srcset":"https:\/\/i0.wp.com\/www.sportalsub.net\/blog\/wp-content\/uploads\/2012\/11\/vertical-blue-2012.jpg?resize=350%2C200&ssl=1 1x, https:\/\/i0.wp.com\/www.sportalsub.net\/blog\/wp-content\/uploads\/2012\/11\/vertical-blue-2012.jpg?resize=525%2C300&ssl=1 1.5x"},"classes":[]},{"id":16308,"url":"https:\/\/www.sportalsub.net\/blog\/resultados-dia-1-competencia-internacional-de-apnea-en-bahamas-vertical-blue-2013\/","url_meta":{"origin":64854,"position":5},"title":"\ud83c\udde7\ud83c\uddf8 Resultados D\u00eda 1 Competencia Internacional de Apnea en Bahamas Vertical Blue 2013","author":"Sportalsub.net","date":"10 noviembre 2013","format":false,"excerpt":"Simon Bennet de Chile, R\u00e9cord Nacional Peso Constante sin aletas -45mts (Especial Sportalsub.net \/ Vertical Blue) Este s\u00e1bado 9 de noviembre inici\u00f3 la\u00a0Competencia Internacional de Apnea\u00a0Vertical Blue 2013 en Islas Bahamas. En la jornada, destac\u00f3 el apneista de Chile Simon Bennet, quien logr\u00f3 un nuevo r\u00e9cord nacional para su pa\u00eds\u2026","rel":"","context":"En \u00abApnea\u00bb","block_context":{"text":"Apnea","link":"https:\/\/www.sportalsub.net\/blog\/category\/modalidades\/apnea\/"},"img":{"alt_text":"","src":"https:\/\/i0.wp.com\/www.sportalsub.net\/blog\/wp-content\/uploads\/2013\/11\/simon-bennet.jpg?resize=350%2C200&ssl=1","width":350,"height":200},"classes":[]}],"_links":{"self":[{"href":"https:\/\/www.sportalsub.net\/blog\/wp-json\/wp\/v2\/posts\/64854","targetHints":{"allow":["GET"]}}],"collection":[{"href":"https:\/\/www.sportalsub.net\/blog\/wp-json\/wp\/v2\/posts"}],"about":[{"href":"https:\/\/www.sportalsub.net\/blog\/wp-json\/wp\/v2\/types\/post"}],"author":[{"embeddable":true,"href":"https:\/\/www.sportalsub.net\/blog\/wp-json\/wp\/v2\/users\/1"}],"replies":[{"embeddable":true,"href":"https:\/\/www.sportalsub.net\/blog\/wp-json\/wp\/v2\/comments?post=64854"}],"version-history":[{"count":5,"href":"https:\/\/www.sportalsub.net\/blog\/wp-json\/wp\/v2\/posts\/64854\/revisions"}],"predecessor-version":[{"id":65061,"href":"https:\/\/www.sportalsub.net\/blog\/wp-json\/wp\/v2\/posts\/64854\/revisions\/65061"}],"wp:featuredmedia":[{"embeddable":true,"href":"https:\/\/www.sportalsub.net\/blog\/wp-json\/wp\/v2\/media\/64855"}],"wp:attachment":[{"href":"https:\/\/www.sportalsub.net\/blog\/wp-json\/wp\/v2\/media?parent=64854"}],"wp:term":[{"taxonomy":"category","embeddable":true,"href":"https:\/\/www.sportalsub.net\/blog\/wp-json\/wp\/v2\/categories?post=64854"},{"taxonomy":"post_tag","embeddable":true,"href":"https:\/\/www.sportalsub.net\/blog\/wp-json\/wp\/v2\/tags?post=64854"}],"curies":[{"name":"wp","href":"https:\/\/api.w.org\/{rel}","templated":true}]}}