{"id":65027,"date":"2023-07-29T06:21:52","date_gmt":"2023-07-29T10:21:52","guid":{"rendered":"https:\/\/www.sportalsub.net\/blog\/?p=65027"},"modified":"2023-07-29T18:20:46","modified_gmt":"2023-07-29T22:20:46","slug":"%f0%9f%87%a8%f0%9f%87%b4-team-colombia-apnea-de-profundidad-fedecas-mundial-de-apnea-cmas-roatan-honduras-2023","status":"publish","type":"post","link":"https:\/\/www.sportalsub.net\/blog\/team-colombia-apnea-profundidad-2023","title":{"rendered":"\ud83c\udde8\ud83c\uddf4 Team Colombia Apnea de Profundidad FEDECAS &#8211; Mundial de Apnea CMAS Roat\u00e1n, Honduras 2023"},"content":{"rendered":"<p><img loading=\"lazy\" decoding=\"async\" class=\"alignnone size-full wp-image-65028\" src=\"https:\/\/www.sportalsub.net\/blog\/wp-content\/uploads\/2023\/07\/teamcolombiaprofundidadcmas2023.jpg\" alt=\"\" width=\"900\" height=\"600\" srcset=\"https:\/\/www.sportalsub.net\/blog\/wp-content\/uploads\/2023\/07\/teamcolombiaprofundidadcmas2023.jpg 900w, https:\/\/www.sportalsub.net\/blog\/wp-content\/uploads\/2023\/07\/teamcolombiaprofundidadcmas2023-300x200.jpg 300w, https:\/\/www.sportalsub.net\/blog\/wp-content\/uploads\/2023\/07\/teamcolombiaprofundidadcmas2023-768x512.jpg 768w, https:\/\/www.sportalsub.net\/blog\/wp-content\/uploads\/2023\/07\/teamcolombiaprofundidadcmas2023-450x300.jpg 450w\" sizes=\"auto, (max-width: 900px) 100vw, 900px\" \/><\/p>\n<p>(Sportalsub.net \/ FEDECAS)<\/p>\n<p>La Federaci\u00f3n Colombiana de Actividades Subacu\u00e1ticas public\u00f3 en su cuenta oficial de instagram (<a href=\"https:\/\/www.instagram.com\/p\/CuPVWZvLncM\/\" target=\"_blank\">@fedecascol<\/a>) a principios del mes de julio la Selecci\u00f3n Nacional que representar\u00e1 al pa\u00eds en el <a href=\"https:\/\/www.sportalsub.net\/blog\/cmas-freediving-roatan-2023\" rel=\"bookmark\">Campeonato Mundial de Apnea de Profundidad CMAS, Roat\u00e1n \u2013 Honduras del 19 al 27 de agosto 2023.<\/a><\/p>\n<p>El equipo, inicialmente conformado por los deportistas: <strong><a href=\"https:\/\/www.instagram.com\/marce.avilalopez\/\" target=\"_blank\">Marcela \u00c1vila L\u00f3pez<\/a>, <a href=\"https:\/\/www.instagram.com\/marcelulita\/\" target=\"_blank\">Marcela V\u00e9lez<\/a>, <a href=\"https:\/\/www.instagram.com\/doctor_fish_freediving\/\" target=\"_blank\">Juan David Guerrero <\/a><\/strong>y <strong><a href=\"https:\/\/www.instagram.com\/cristiancastanov\/\" target=\"_blank\">Cristian Casta\u00f1o<\/a><\/strong> tendr\u00e1 la baja de \u00e9ste \u00faltimo, quien el martes 18 de julio sufr\u00ed\u00f3 de un ataque de tibur\u00f3n mientras realizaba sus entrenamientos en la isla de San Andr\u00e9s, sin consecuencias graves para su salud, como \u00e9l mismo lo ha rese\u00f1ado en su cuenta instagram: <a href=\"https:\/\/www.instagram.com\/cristiancastanov\/\" target=\"_blank\">@cristiancastanov<\/a> y en <a href=\"https:\/\/caracol.com.co\/2023\/07\/23\/ataque-de-un-tiburon-a-un-apneista-en-san-andres\/\" target=\"_blank\">entrevista realizada para Radio Caracol en Colombia<\/a> donde detalla la experiencia vivida y en donde comenta que debido a las lesiones y heridas sufridas, no podr\u00eda participar en el evento a realizarse en agosto, redireccionando su entrenamiento para pr\u00f3ximos campeonatos.<\/p>\n<p>El resto de los integrantes de la Selecci\u00f3n Colombia ya se encuentran inscritos en el Mundial CMAS en Roat\u00e1n y han publicado en la <a href=\"https:\/\/vaki.co\/\/vaki\/QAR21bxglBgnkajvJNLS?utm_source=copy&amp;utm_medium=vaki-page&amp;utm_campaign=v4\" target=\"_blank\"><strong>plataforma VAKI, <\/strong><\/a>los planes de patrocinio en donde ofrecen diversas recompensas para los colaboradores que deseen apoyar al equipo para para poder cubrir sus gastos de asistencia a este importante Campeonato Mundial.<\/p>\n<p><strong>TEAM COLOMBIA APNEA DE PROFUNDIDAD FEDECAS 2023<\/strong><\/p>\n<p><img loading=\"lazy\" decoding=\"async\" class=\"alignnone size-full wp-image-65044\" src=\"https:\/\/www.sportalsub.net\/blog\/wp-content\/uploads\/2023\/07\/juandavidguerrero.jpg\" alt=\"\" width=\"1080\" height=\"1061\" srcset=\"https:\/\/www.sportalsub.net\/blog\/wp-content\/uploads\/2023\/07\/juandavidguerrero.jpg 1080w, https:\/\/www.sportalsub.net\/blog\/wp-content\/uploads\/2023\/07\/juandavidguerrero-300x295.jpg 300w, https:\/\/www.sportalsub.net\/blog\/wp-content\/uploads\/2023\/07\/juandavidguerrero-1024x1006.jpg 1024w, https:\/\/www.sportalsub.net\/blog\/wp-content\/uploads\/2023\/07\/juandavidguerrero-768x754.jpg 768w, https:\/\/www.sportalsub.net\/blog\/wp-content\/uploads\/2023\/07\/juandavidguerrero-75x75.jpg 75w\" sizes=\"auto, (max-width: 1080px) 100vw, 1080px\" \/> <img loading=\"lazy\" decoding=\"async\" class=\"alignnone size-full wp-image-65045\" src=\"https:\/\/www.sportalsub.net\/blog\/wp-content\/uploads\/2023\/07\/marcelavelez.jpg\" alt=\"\" width=\"1080\" height=\"1061\" srcset=\"https:\/\/www.sportalsub.net\/blog\/wp-content\/uploads\/2023\/07\/marcelavelez.jpg 1080w, https:\/\/www.sportalsub.net\/blog\/wp-content\/uploads\/2023\/07\/marcelavelez-300x295.jpg 300w, https:\/\/www.sportalsub.net\/blog\/wp-content\/uploads\/2023\/07\/marcelavelez-1024x1006.jpg 1024w, https:\/\/www.sportalsub.net\/blog\/wp-content\/uploads\/2023\/07\/marcelavelez-768x754.jpg 768w, https:\/\/www.sportalsub.net\/blog\/wp-content\/uploads\/2023\/07\/marcelavelez-75x75.jpg 75w\" sizes=\"auto, (max-width: 1080px) 100vw, 1080px\" \/> <img loading=\"lazy\" decoding=\"async\" class=\"alignnone size-full wp-image-65046\" src=\"https:\/\/www.sportalsub.net\/blog\/wp-content\/uploads\/2023\/07\/marcelaavila.jpg\" alt=\"\" width=\"1080\" height=\"1061\" srcset=\"https:\/\/www.sportalsub.net\/blog\/wp-content\/uploads\/2023\/07\/marcelaavila.jpg 1080w, https:\/\/www.sportalsub.net\/blog\/wp-content\/uploads\/2023\/07\/marcelaavila-300x295.jpg 300w, https:\/\/www.sportalsub.net\/blog\/wp-content\/uploads\/2023\/07\/marcelaavila-1024x1006.jpg 1024w, https:\/\/www.sportalsub.net\/blog\/wp-content\/uploads\/2023\/07\/marcelaavila-768x754.jpg 768w, https:\/\/www.sportalsub.net\/blog\/wp-content\/uploads\/2023\/07\/marcelaavila-75x75.jpg 75w\" sizes=\"auto, (max-width: 1080px) 100vw, 1080px\" \/><\/p>\n<p><img loading=\"lazy\" decoding=\"async\" class=\"alignnone size-full wp-image-65043\" src=\"https:\/\/www.sportalsub.net\/blog\/wp-content\/uploads\/2023\/07\/cristiancastano.jpg\" alt=\"\" width=\"1080\" height=\"1061\" srcset=\"https:\/\/www.sportalsub.net\/blog\/wp-content\/uploads\/2023\/07\/cristiancastano.jpg 1080w, https:\/\/www.sportalsub.net\/blog\/wp-content\/uploads\/2023\/07\/cristiancastano-300x295.jpg 300w, https:\/\/www.sportalsub.net\/blog\/wp-content\/uploads\/2023\/07\/cristiancastano-1024x1006.jpg 1024w, https:\/\/www.sportalsub.net\/blog\/wp-content\/uploads\/2023\/07\/cristiancastano-768x754.jpg 768w, https:\/\/www.sportalsub.net\/blog\/wp-content\/uploads\/2023\/07\/cristiancastano-75x75.jpg 75w\" sizes=\"auto, (max-width: 1080px) 100vw, 1080px\" \/><\/p>\n<p>Desde Sportalsub.net deseamos \u00e9xito a todo el equipo en su asistencia al Mundial, as\u00ed como una pronta y satisfactoria recuperaci\u00f3n para Cristian.<\/p>\n","protected":false},"excerpt":{"rendered":"<p>(Sportalsub.net \/ FEDECAS) La Federaci\u00f3n Colombiana de Actividades Subacu\u00e1ticas public\u00f3 en su cuenta oficial de instagram (@fedecascol) a principios del mes de julio la Selecci\u00f3n Nacional que representar\u00e1 al pa\u00eds en el Campeonato Mundial de Apnea de Profundidad CMAS, Roat\u00e1n \u2013 Honduras del 19 al 27 de agosto 2023. El equipo, inicialmente conformado por los deportistas: Marcela \u00c1vila L\u00f3pez, Marcela [&#8230;]<\/p>\n","protected":false},"author":1,"featured_media":65028,"comment_status":"open","ping_status":"closed","sticky":false,"template":"","format":"standard","meta":{"_lmt_disableupdate":"","_lmt_disable":"","jetpack_post_was_ever_published":false,"_jetpack_newsletter_access":"","_jetpack_dont_email_post_to_subs":false,"_jetpack_newsletter_tier_id":0,"_jetpack_memberships_contains_paywalled_content":false,"_jetpack_memberships_contains_paid_content":false,"footnotes":"","jetpack_publicize_message":"","jetpack_publicize_feature_enabled":true,"jetpack_social_post_already_shared":true,"jetpack_social_options":{"image_generator_settings":{"template":"highway","default_image_id":0,"font":"","enabled":false},"version":2}},"categories":[9,3],"tags":[],"class_list":["post-65027","post","type-post","status-publish","format-standard","has-post-thumbnail","hentry","category-apnea","category-colombia"],"modified_by":"Sportalsub.net","views":1459,"jetpack_publicize_connections":[],"jetpack_featured_media_url":"https:\/\/www.sportalsub.net\/blog\/wp-content\/uploads\/2023\/07\/teamcolombiaprofundidadcmas2023.jpg","jetpack_sharing_enabled":true,"jetpack_shortlink":"https:\/\/wp.me\/pf9lN-gUP","jetpack_likes_enabled":false,"jetpack-related-posts":[{"id":60464,"url":"https:\/\/www.sportalsub.net\/blog\/cmas-freediving-roatan-2023","url_meta":{"origin":65027,"position":0},"title":"\ud83c\udded\ud83c\uddf3 Resultados &#8211; Campeonato Mundial de Apnea de Profundidad CMAS, Roat\u00e1n &#8211; Honduras 2023","author":"Sportalsub.net","date":"26 agosto 2023","format":false,"excerpt":"(Sportalsub.net \/ CMAS) - Read in English El VII Campeonato Mundial de Apnea de Profundidad de la Confederaci\u00f3n Mundial de Actividades Subacu\u00e1ticas (CMAS) se realiz\u00f3 en Roat\u00e1n, Honduras del 19 al 27 de Agosto 2023 VIDEO EN VIVO YOUTUBE LISTAS DE SALIDA Y RESULTADOS DIA 1 - 21 DE AGOSTO\u2026","rel":"","context":"En \u00abApnea\u00bb","block_context":{"text":"Apnea","link":"https:\/\/www.sportalsub.net\/blog\/category\/modalidades\/apnea\/"},"img":{"alt_text":"","src":"https:\/\/i0.wp.com\/www.sportalsub.net\/blog\/wp-content\/uploads\/2023\/01\/cmasroatan2023.jpg?resize=350%2C200&ssl=1","width":350,"height":200,"srcset":"https:\/\/i0.wp.com\/www.sportalsub.net\/blog\/wp-content\/uploads\/2023\/01\/cmasroatan2023.jpg?resize=350%2C200&ssl=1 1x, https:\/\/i0.wp.com\/www.sportalsub.net\/blog\/wp-content\/uploads\/2023\/01\/cmasroatan2023.jpg?resize=525%2C300&ssl=1 1.5x, https:\/\/i0.wp.com\/www.sportalsub.net\/blog\/wp-content\/uploads\/2023\/01\/cmasroatan2023.jpg?resize=700%2C400&ssl=1 2x"},"classes":[]},{"id":73106,"url":"https:\/\/www.sportalsub.net\/blog\/cmas-world-cup-freediving-roatan-2024","url_meta":{"origin":65027,"position":1},"title":"\ud83c\udded\ud83c\uddf3 Cancelado &#8211; Copa Mundo de Apnea de Profundidad CMAS 2024 &#8211; Roat\u00e1n, Honduras","author":"Sportalsub.net","date":"3 julio 2024","format":false,"excerpt":"(Sportalsub.net \/ CMAS \/ Roatan Freedivers) - Read in English EVENTO CANCELADO La COPA MUNDIAL DE APNEA CMAS - SERIE DE PROFUNDIDAD est\u00e1 concebida como un evento mundial de apnea CMAS de primer nivel que une a atletas de diversas culturas, or\u00edgenes y naciones. Servir\u00e1 como plataforma para promover el\u2026","rel":"","context":"En \u00abApnea\u00bb","block_context":{"text":"Apnea","link":"https:\/\/www.sportalsub.net\/blog\/category\/modalidades\/apnea\/"},"img":{"alt_text":"","src":"https:\/\/i0.wp.com\/www.sportalsub.net\/blog\/wp-content\/uploads\/2024\/03\/roatan2024cmas.jpg?resize=350%2C200&ssl=1","width":350,"height":200,"srcset":"https:\/\/i0.wp.com\/www.sportalsub.net\/blog\/wp-content\/uploads\/2024\/03\/roatan2024cmas.jpg?resize=350%2C200&ssl=1 1x, https:\/\/i0.wp.com\/www.sportalsub.net\/blog\/wp-content\/uploads\/2024\/03\/roatan2024cmas.jpg?resize=525%2C300&ssl=1 1.5x, https:\/\/i0.wp.com\/www.sportalsub.net\/blog\/wp-content\/uploads\/2024\/03\/roatan2024cmas.jpg?resize=700%2C400&ssl=1 2x"},"classes":[]},{"id":64993,"url":"https:\/\/www.sportalsub.net\/blog\/caribbean-cup-2023","url_meta":{"origin":65027,"position":2},"title":"\ud83c\udded\ud83c\uddf3 Resultados &#8211; 10ma Edici\u00f3n de la Competencia Internacional Anual de Apnea Caribbean Cup 2023 \u2013 Roat\u00e1n, Honduras","author":"Sportalsub.net","date":"16 agosto 2023","format":false,"excerpt":"(Sportalsub.net \/ Caribbean Cup) - Read in English Luego de las 9 exitosas ediciones anteriores, en 2023 se llev\u00f3 a cabo nuevamente la Competencia Internacional de Apnea Caribbean Cup en Roat\u00e1n, Honduras, del 11 al 15 de agosto, competencia internacional de apnea de profundidad con aval de la Confederaci\u00f3n Mundial\u2026","rel":"","context":"En \u00abApnea\u00bb","block_context":{"text":"Apnea","link":"https:\/\/www.sportalsub.net\/blog\/category\/modalidades\/apnea\/"},"img":{"alt_text":"","src":"https:\/\/i0.wp.com\/www.sportalsub.net\/blog\/wp-content\/uploads\/2023\/07\/caribbeancup2023.jpg?resize=350%2C200&ssl=1","width":350,"height":200,"srcset":"https:\/\/i0.wp.com\/www.sportalsub.net\/blog\/wp-content\/uploads\/2023\/07\/caribbeancup2023.jpg?resize=350%2C200&ssl=1 1x, https:\/\/i0.wp.com\/www.sportalsub.net\/blog\/wp-content\/uploads\/2023\/07\/caribbeancup2023.jpg?resize=525%2C300&ssl=1 1.5x, https:\/\/i0.wp.com\/www.sportalsub.net\/blog\/wp-content\/uploads\/2023\/07\/caribbeancup2023.jpg?resize=700%2C400&ssl=1 2x"},"classes":[]},{"id":29682,"url":"https:\/\/www.sportalsub.net\/blog\/cmas-apnea-roatan-honduras-2019","url_meta":{"origin":65027,"position":3},"title":"\ud83c\udded\ud83c\uddf3 Resultados &#8211; 4to Campeonato Mundial de Apnea Outdoor CMAS. Roatan, Honduras 2019","author":"Sportalsub.net","date":"11 agosto 2019","format":false,"excerpt":"(Sportalsub.net \/ CMAS WC 2019 \/ Roatan Freediving) - Read in English CMAS ha otorgado la organizaci\u00f3n del Campeonato Mundial de apnea de profundidad 2019 a la isla de Roat\u00e1n, Honduras, evento que se realiz\u00f3 del 6 al 12 de agosto de 2019 con la participaci\u00f3n de 60 apneistas de\u2026","rel":"","context":"En \u00abApnea\u00bb","block_context":{"text":"Apnea","link":"https:\/\/www.sportalsub.net\/blog\/category\/modalidades\/apnea\/"},"img":{"alt_text":"","src":"https:\/\/i0.wp.com\/www.sportalsub.net\/blog\/wp-content\/uploads\/2019\/01\/cmaswc2019.jpg?resize=350%2C200&ssl=1","width":350,"height":200,"srcset":"https:\/\/i0.wp.com\/www.sportalsub.net\/blog\/wp-content\/uploads\/2019\/01\/cmaswc2019.jpg?resize=350%2C200&ssl=1 1x, https:\/\/i0.wp.com\/www.sportalsub.net\/blog\/wp-content\/uploads\/2019\/01\/cmaswc2019.jpg?resize=525%2C300&ssl=1 1.5x, https:\/\/i0.wp.com\/www.sportalsub.net\/blog\/wp-content\/uploads\/2019\/01\/cmaswc2019.jpg?resize=700%2C400&ssl=1 2x"},"classes":[]},{"id":31718,"url":"https:\/\/www.sportalsub.net\/blog\/cmas-apnea-roatan-2019-world-records-cwtb-fim","url_meta":{"origin":65027,"position":4},"title":"\ud83c\udded\ud83c\uddf3 Zharkova y Molchanov cierran el Campeonato Mundial de Apnea CMAS Roat\u00e1n, Honduras 2019 con nuevos r\u00e9cords mundiales","author":"Sportalsub.net","date":"14 agosto 2019","format":false,"excerpt":"(Sportalsub.net \/ CMAS WC 2019)\u00a0\u2013\u00a0Read in English En las dos \u00faltimas jornadas del 4to Campeonato Mundial de Apnea Outdoor de la Confederaci\u00f3n Mundial de Actividades Subacu\u00e1ticas (CMAS) realizadas los d\u00edas 9 y 10 de agosto 2019 en Roat\u00e1n, Honduras se registraron 3 nuevos r\u00e9cords mundiales. En el d\u00eda 3 (s\u00e1bado\u2026","rel":"","context":"En \u00abApnea\u00bb","block_context":{"text":"Apnea","link":"https:\/\/www.sportalsub.net\/blog\/category\/modalidades\/apnea\/"},"img":{"alt_text":"","src":"https:\/\/i0.wp.com\/www.sportalsub.net\/blog\/wp-content\/uploads\/2019\/08\/records-apnea-cmas-roatan.jpg?resize=350%2C200&ssl=1","width":350,"height":200,"srcset":"https:\/\/i0.wp.com\/www.sportalsub.net\/blog\/wp-content\/uploads\/2019\/08\/records-apnea-cmas-roatan.jpg?resize=350%2C200&ssl=1 1x, https:\/\/i0.wp.com\/www.sportalsub.net\/blog\/wp-content\/uploads\/2019\/08\/records-apnea-cmas-roatan.jpg?resize=525%2C300&ssl=1 1.5x, https:\/\/i0.wp.com\/www.sportalsub.net\/blog\/wp-content\/uploads\/2019\/08\/records-apnea-cmas-roatan.jpg?resize=700%2C400&ssl=1 2x"},"classes":[]},{"id":76103,"url":"https:\/\/www.sportalsub.net\/blog\/sadurska-80-cnf-cmas-2024","url_meta":{"origin":65027,"position":5},"title":"\ud83c\uddfa\ud83c\udde6 R\u00e9cord Mundial CMAS en Apnea Peso Constante sin Aletas para Kateryna Sadurska de Ucrania","author":"Sportalsub.net","date":"25 octubre 2024","format":false,"excerpt":"(Sportalsub.net \/ CMAS) Read in English La apneista ucraniana Kateryna Sadurska logra un nuevo R\u00e9cord Mundial en la Confederaci\u00f3n Mundial de Actividades Subacu\u00e1ticas (CMAS) con la mayor inmersi\u00f3n alcanzada en la modalidad de Peso Constante sin Aletas femenino, con una profundidad de 80 metros, realizada el 10 de octubre de\u2026","rel":"","context":"En \u00abApnea\u00bb","block_context":{"text":"Apnea","link":"https:\/\/www.sportalsub.net\/blog\/category\/modalidades\/apnea\/"},"img":{"alt_text":"","src":"https:\/\/i0.wp.com\/www.sportalsub.net\/blog\/wp-content\/uploads\/2024\/10\/katerinaworldrecord2024.jpg?resize=350%2C200&ssl=1","width":350,"height":200,"srcset":"https:\/\/i0.wp.com\/www.sportalsub.net\/blog\/wp-content\/uploads\/2024\/10\/katerinaworldrecord2024.jpg?resize=350%2C200&ssl=1 1x, https:\/\/i0.wp.com\/www.sportalsub.net\/blog\/wp-content\/uploads\/2024\/10\/katerinaworldrecord2024.jpg?resize=525%2C300&ssl=1 1.5x, https:\/\/i0.wp.com\/www.sportalsub.net\/blog\/wp-content\/uploads\/2024\/10\/katerinaworldrecord2024.jpg?resize=700%2C400&ssl=1 2x"},"classes":[]}],"_links":{"self":[{"href":"https:\/\/www.sportalsub.net\/blog\/wp-json\/wp\/v2\/posts\/65027","targetHints":{"allow":["GET"]}}],"collection":[{"href":"https:\/\/www.sportalsub.net\/blog\/wp-json\/wp\/v2\/posts"}],"about":[{"href":"https:\/\/www.sportalsub.net\/blog\/wp-json\/wp\/v2\/types\/post"}],"author":[{"embeddable":true,"href":"https:\/\/www.sportalsub.net\/blog\/wp-json\/wp\/v2\/users\/1"}],"replies":[{"embeddable":true,"href":"https:\/\/www.sportalsub.net\/blog\/wp-json\/wp\/v2\/comments?post=65027"}],"version-history":[{"count":5,"href":"https:\/\/www.sportalsub.net\/blog\/wp-json\/wp\/v2\/posts\/65027\/revisions"}],"predecessor-version":[{"id":65047,"href":"https:\/\/www.sportalsub.net\/blog\/wp-json\/wp\/v2\/posts\/65027\/revisions\/65047"}],"wp:featuredmedia":[{"embeddable":true,"href":"https:\/\/www.sportalsub.net\/blog\/wp-json\/wp\/v2\/media\/65028"}],"wp:attachment":[{"href":"https:\/\/www.sportalsub.net\/blog\/wp-json\/wp\/v2\/media?parent=65027"}],"wp:term":[{"taxonomy":"category","embeddable":true,"href":"https:\/\/www.sportalsub.net\/blog\/wp-json\/wp\/v2\/categories?post=65027"},{"taxonomy":"post_tag","embeddable":true,"href":"https:\/\/www.sportalsub.net\/blog\/wp-json\/wp\/v2\/tags?post=65027"}],"curies":[{"name":"wp","href":"https:\/\/api.w.org\/{rel}","templated":true}]}}