{"id":65113,"date":"2023-08-10T15:46:26","date_gmt":"2023-08-10T19:46:26","guid":{"rendered":"https:\/\/www.sportalsub.net\/blog\/?p=65113"},"modified":"2023-08-10T15:46:26","modified_gmt":"2023-08-10T19:46:26","slug":"%f0%9f%87%a8%f0%9f%87%b4-resultados-festival-de-verano-natacion-con-aletas-2023-bogota-colombia","status":"publish","type":"post","link":"https:\/\/www.sportalsub.net\/blog\/resultados-festival-de-verano-natacion-con-aletas-2023-bogota-colombia\/","title":{"rendered":"\ud83c\udde8\ud83c\uddf4 Resultados &#8211; Festival de Verano Nataci\u00f3n con Aletas 2023. Bogot\u00e1, Colombia"},"content":{"rendered":"<p><img loading=\"lazy\" decoding=\"async\" class=\"alignnone size-full wp-image-65114\" src=\"https:\/\/www.sportalsub.net\/blog\/wp-content\/uploads\/2023\/08\/festivalveranobogota2023.jpg\" alt=\"\" width=\"900\" height=\"600\" srcset=\"https:\/\/www.sportalsub.net\/blog\/wp-content\/uploads\/2023\/08\/festivalveranobogota2023.jpg 900w, https:\/\/www.sportalsub.net\/blog\/wp-content\/uploads\/2023\/08\/festivalveranobogota2023-300x200.jpg 300w, https:\/\/www.sportalsub.net\/blog\/wp-content\/uploads\/2023\/08\/festivalveranobogota2023-768x512.jpg 768w, https:\/\/www.sportalsub.net\/blog\/wp-content\/uploads\/2023\/08\/festivalveranobogota2023-450x300.jpg 450w\" sizes=\"auto, (max-width: 900px) 100vw, 900px\" \/><\/p>\n<p>(Sportalsub.net \/ LIDAS)<\/p>\n<p>La Liga de Actividades Subacu\u00e1ticas de Bogot\u00e1, Colombia realiz\u00f3 el pasado fin de semana del 4 al 6 de agosto 2023 el Festival de Verano de\u00a0 Nataci\u00f3n con Aletas, con una excelente participaci\u00f3n de casi 200 deportistas de todas las categorias.<\/p>\n<h3><a href=\"https:\/\/colombiaacuatica.com\/backtun\/torneos\/resultados\/pdf\/2023\/20230807resultados.pdf\" target=\"_blank\"><strong>RESULTADOS OFICIALES<\/strong><\/a><\/h3>\n<p>&nbsp;<\/p>\n<blockquote class=\"instagram-media\" style=\"background: #FFF; border: 0; border-radius: 3px; box-shadow: 0 0 1px 0 rgba(0,0,0,0.5),0 1px 10px 0 rgba(0,0,0,0.15); margin: 1px; max-width: 540px; min-width: 326px; padding: 0; width: calc(100% - 2px);\" data-instgrm-captioned=\"\" data-instgrm-permalink=\"https:\/\/www.instagram.com\/p\/CvvdLY6rIYo\/?utm_source=ig_embed&amp;utm_campaign=loading\" data-instgrm-version=\"14\">\n<div style=\"padding: 16px;\">\n<p>&nbsp;<\/p>\n<div style=\"display: flex; flex-direction: row; align-items: center;\">\n<div style=\"background-color: #f4f4f4; border-radius: 50%; flex-grow: 0; height: 40px; margin-right: 14px; width: 40px;\"><\/div>\n<div style=\"display: flex; flex-direction: column; flex-grow: 1; justify-content: center;\">\n<div style=\"background-color: #f4f4f4; border-radius: 4px; flex-grow: 0; height: 14px; margin-bottom: 6px; width: 100px;\"><\/div>\n<div style=\"background-color: #f4f4f4; border-radius: 4px; flex-grow: 0; height: 14px; width: 60px;\"><\/div>\n<\/div>\n<\/div>\n<div style=\"padding: 19% 0;\"><\/div>\n<div style=\"display: block; height: 50px; margin: 0 auto 12px; width: 50px;\"><\/div>\n<div style=\"padding-top: 8px;\">\n<div style=\"color: #3897f0; font-family: Arial,sans-serif; font-size: 14px; font-style: normal; font-weight: 550; line-height: 18px;\">Ver esta publicaci\u00f3n en Instagram<\/div>\n<\/div>\n<div style=\"padding: 12.5% 0;\"><\/div>\n<div style=\"display: flex; flex-direction: row; margin-bottom: 14px; align-items: center;\">\n<div>\n<div style=\"background-color: #f4f4f4; border-radius: 50%; height: 12.5px; width: 12.5px; transform: translateX(0px) translateY(7px);\"><\/div>\n<div style=\"background-color: #f4f4f4; height: 12.5px; transform: rotate(-45deg) translateX(3px) translateY(1px); width: 12.5px; flex-grow: 0; margin-right: 14px; margin-left: 2px;\"><\/div>\n<div style=\"background-color: #f4f4f4; border-radius: 50%; height: 12.5px; width: 12.5px; transform: translateX(9px) translateY(-18px);\"><\/div>\n<\/div>\n<div style=\"margin-left: 8px;\">\n<div style=\"background-color: #f4f4f4; border-radius: 50%; flex-grow: 0; height: 20px; width: 20px;\"><\/div>\n<div style=\"width: 0; height: 0; border-top: 2px solid transparent; border-left: 6px solid #f4f4f4; border-bottom: 2px solid transparent; transform: translateX(16px) translateY(-4px) rotate(30deg);\"><\/div>\n<\/div>\n<div style=\"margin-left: auto;\">\n<div style=\"width: 0px; border-top: 8px solid #F4F4F4; border-right: 8px solid transparent; transform: translateY(16px);\"><\/div>\n<div style=\"background-color: #f4f4f4; flex-grow: 0; height: 12px; width: 16px; transform: translateY(-4px);\"><\/div>\n<div style=\"width: 0; height: 0; border-top: 8px solid #F4F4F4; border-left: 8px solid transparent; transform: translateY(-4px) translateX(8px);\"><\/div>\n<\/div>\n<\/div>\n<div style=\"display: flex; flex-direction: column; flex-grow: 1; justify-content: center; margin-bottom: 24px;\">\n<div style=\"background-color: #f4f4f4; border-radius: 4px; flex-grow: 0; height: 14px; margin-bottom: 6px; width: 224px;\"><\/div>\n<div style=\"background-color: #f4f4f4; border-radius: 4px; flex-grow: 0; height: 14px; width: 144px;\"><\/div>\n<\/div>\n<p>&nbsp;<\/p>\n<p style=\"color: #c9c8cd; font-family: Arial,sans-serif; font-size: 14px; line-height: 17px; margin-bottom: 0; margin-top: 8px; overflow: hidden; padding: 8px 0 7px; text-align: center; text-overflow: ellipsis; white-space: nowrap;\"><a href=\"https:\/\/www.instagram.com\/p\/CvvdLY6rIYo\/?utm_source=ig_embed&amp;utm_campaign=loading\"style=\"color: #c9c8cd; font-family: Arial,sans-serif; font-size: 14px; font-style: normal; font-weight: normal; line-height: 17px; text-decoration: none;\"  target=\"_blank\" rel=\"noopener\" target=\"_blank\">Una publicaci\u00f3n compartida por \ud83c\udd81\ud83c\udd7e\ud83c\udd83 (@andresrot_)<\/a><\/p>\n<\/div>\n<\/blockquote>\n<p><script async src=\"\/\/www.instagram.com\/embed.js\"><\/script><\/p>\n","protected":false},"excerpt":{"rendered":"<p>(Sportalsub.net \/ LIDAS) La Liga de Actividades Subacu\u00e1ticas de Bogot\u00e1, Colombia realiz\u00f3 el pasado fin de semana del 4 al 6 de agosto 2023 el Festival de Verano de\u00a0 Nataci\u00f3n con Aletas, con una excelente participaci\u00f3n de casi 200 deportistas de todas las categorias. RESULTADOS OFICIALES &nbsp; &nbsp; Ver esta publicaci\u00f3n en Instagram &nbsp; Una publicaci\u00f3n compartida por \ud83c\udd81\ud83c\udd7e\ud83c\udd83 (@andresrot_)<\/p>\n","protected":false},"author":1,"featured_media":65114,"comment_status":"open","ping_status":"closed","sticky":false,"template":"","format":"standard","meta":{"_lmt_disableupdate":"","_lmt_disable":"","jetpack_post_was_ever_published":false,"_jetpack_newsletter_access":"","_jetpack_dont_email_post_to_subs":false,"_jetpack_newsletter_tier_id":0,"_jetpack_memberships_contains_paywalled_content":false,"_jetpack_memberships_contains_paid_content":false,"footnotes":"","jetpack_publicize_message":"","jetpack_publicize_feature_enabled":true,"jetpack_social_post_already_shared":true,"jetpack_social_options":{"image_generator_settings":{"template":"highway","default_image_id":0,"font":"","enabled":false},"version":2}},"categories":[3,12,120],"tags":[],"class_list":["post-65113","post","type-post","status-publish","format-standard","has-post-thumbnail","hentry","category-colombia","category-natacion-con-aletas","category-resultados"],"modified_by":"Sportalsub.net","views":1543,"jetpack_publicize_connections":[],"jetpack_featured_media_url":"https:\/\/www.sportalsub.net\/blog\/wp-content\/uploads\/2023\/08\/festivalveranobogota2023.jpg","jetpack_sharing_enabled":true,"jetpack_shortlink":"https:\/\/wp.me\/pf9lN-gWd","jetpack_likes_enabled":false,"jetpack-related-posts":[{"id":65419,"url":"https:\/\/www.sportalsub.net\/blog\/festival-infantil-nadosub-colombia-2023","url_meta":{"origin":65113,"position":0},"title":"\ud83c\udde8\ud83c\uddf4 Resultados &#8211; Festival Infantil Interligas de Nataci\u00f3n con Aletas FEDECAS 2023 &#8211; Medell\u00edn, Colombia","author":"Sportalsub.net","date":"23 octubre 2023","format":false,"excerpt":"(Sportalsub.net \/ FEDECAS \/ LASA) La Federaci\u00f3n Colombiana de Actividades Subacu\u00e1ticas \u2013 (FEDECAS), convoc\u00f3 a las Ligas a participar en el \u201cFestival Nacional Infantil Interligas de Nataci\u00f3n con Aletas\u201d, realizado en la ciudad de Medell\u00edn del 19 al 22 de octubre de 2023. La Organizaci\u00f3n estuvo a cargo de la\u2026","rel":"","context":"En \u00abColombia\u00bb","block_context":{"text":"Colombia","link":"https:\/\/www.sportalsub.net\/blog\/category\/paises\/america\/colombia\/"},"img":{"alt_text":"","src":"https:\/\/i0.wp.com\/www.sportalsub.net\/blog\/wp-content\/uploads\/2023\/10\/fesfivalinfantilcolombia2023.jpg?resize=350%2C200&ssl=1","width":350,"height":200,"srcset":"https:\/\/i0.wp.com\/www.sportalsub.net\/blog\/wp-content\/uploads\/2023\/10\/fesfivalinfantilcolombia2023.jpg?resize=350%2C200&ssl=1 1x, https:\/\/i0.wp.com\/www.sportalsub.net\/blog\/wp-content\/uploads\/2023\/10\/fesfivalinfantilcolombia2023.jpg?resize=525%2C300&ssl=1 1.5x, https:\/\/i0.wp.com\/www.sportalsub.net\/blog\/wp-content\/uploads\/2023\/10\/fesfivalinfantilcolombia2023.jpg?resize=700%2C400&ssl=1 2x"},"classes":[]},{"id":65298,"url":"https:\/\/www.sportalsub.net\/blog\/nadosub-ascun-colombia-2023","url_meta":{"origin":65113,"position":1},"title":"\ud83c\udde8\ud83c\uddf4 Resultados &#8211; Nataci\u00f3n con Aletas en Juegos Universitarios Nacionales ASCUN Colombia 2023","author":"Sportalsub.net","date":"29 septiembre 2023","format":false,"excerpt":"(Sportalsub.net \/ ASCUN) Las Actividades Subacu\u00e1ticas en la modalidad de Nataci\u00f3n con Aletas en piscina han sido incluidas en los Juegos Universitarios Nacionales 2023 de la Asociaci\u00f3n Colombiana de Universidades (ASCUN) Colombia. Los competencia se realizan del 26 al 28 de septiembre en el Complejo Acu\u00e1tico Sim\u00f3n Bolivar en la\u2026","rel":"","context":"En \u00abColombia\u00bb","block_context":{"text":"Colombia","link":"https:\/\/www.sportalsub.net\/blog\/category\/paises\/america\/colombia\/"},"img":{"alt_text":"","src":"https:\/\/i0.wp.com\/www.sportalsub.net\/blog\/wp-content\/uploads\/2023\/09\/nadosub-ascun-colombia-2023.jpg?resize=350%2C200&ssl=1","width":350,"height":200,"srcset":"https:\/\/i0.wp.com\/www.sportalsub.net\/blog\/wp-content\/uploads\/2023\/09\/nadosub-ascun-colombia-2023.jpg?resize=350%2C200&ssl=1 1x, https:\/\/i0.wp.com\/www.sportalsub.net\/blog\/wp-content\/uploads\/2023\/09\/nadosub-ascun-colombia-2023.jpg?resize=525%2C300&ssl=1 1.5x, https:\/\/i0.wp.com\/www.sportalsub.net\/blog\/wp-content\/uploads\/2023\/09\/nadosub-ascun-colombia-2023.jpg?resize=700%2C400&ssl=1 2x"},"classes":[]},{"id":21857,"url":"https:\/\/www.sportalsub.net\/blog\/distrital-bogota-2015","url_meta":{"origin":65113,"position":2},"title":"\ud83c\udde8\ud83c\uddf4 Campeonato Distrital de Nataci\u00f3n con Aletas &#8211; Festival de Verano LIDAS. Bogot\u00e1, Colombia &#8211; Resultados","author":"Sportalsub.net","date":"17 agosto 2015","format":false,"excerpt":"(Sportalsub.net \/ LIDAS \/ ColombiaAcuatica) -\u00a0Foto: Team Pronat La\u00a0Liga de Actividades Subacu\u00e1ticas de Bogot\u00e1, organiz\u00f3 el\u00a0I FESTIVAL DE VERANO LIDAS \u2013 CAMPEONATO DISTRITAL INVITACIONAL INTERCLUBES DE NATACION CON ALETAS realizado\u00a0en Bogot\u00e1 del 14 al 16 de agosto de 2015. El evento se realiz\u00f3 en categor\u00edas Infantil, Juvenil, Mayores y Master\u2026","rel":"","context":"En \u00abColombia\u00bb","block_context":{"text":"Colombia","link":"https:\/\/www.sportalsub.net\/blog\/category\/paises\/america\/colombia\/"},"img":{"alt_text":"","src":"https:\/\/i0.wp.com\/www.sportalsub.net\/blog\/wp-content\/uploads\/2015\/08\/pronatbajoelagua.jpg?resize=350%2C200&ssl=1","width":350,"height":200,"srcset":"https:\/\/i0.wp.com\/www.sportalsub.net\/blog\/wp-content\/uploads\/2015\/08\/pronatbajoelagua.jpg?resize=350%2C200&ssl=1 1x, https:\/\/i0.wp.com\/www.sportalsub.net\/blog\/wp-content\/uploads\/2015\/08\/pronatbajoelagua.jpg?resize=525%2C300&ssl=1 1.5x, https:\/\/i0.wp.com\/www.sportalsub.net\/blog\/wp-content\/uploads\/2015\/08\/pronatbajoelagua.jpg?resize=700%2C400&ssl=1 2x"},"classes":[]},{"id":31496,"url":"https:\/\/www.sportalsub.net\/blog\/natacion-con-aletas-aguas-abiertas-en-festival-de-verano-caldas-colombia-2019\/","url_meta":{"origin":65113,"position":3},"title":"\ud83c\udde8\ud83c\uddf4 Resultados &#8211; Nataci\u00f3n con Aletas Aguas Abiertas en Festival de Verano Caldas, Colombia 2019","author":"Sportalsub.net","date":"10 septiembre 2019","format":false,"excerpt":"(Sportalsub.net \/ Festival de Verano Caldas 2019) Los d\u00edas 6, 7 y 8 de septiembre se llev\u00f3 a cabo el Festival de Verano Caldas 2019 en Chinchin\u00e1, Colombia, en el evento se realizaron competencias de Triatl\u00f3n Sprint, Nataci\u00f3n Aguas Abiertas y Nataci\u00f3n con Aletas, as\u00ed como una exhibici\u00f3n de Surf.\u2026","rel":"","context":"En \u00abColombia\u00bb","block_context":{"text":"Colombia","link":"https:\/\/www.sportalsub.net\/blog\/category\/paises\/america\/colombia\/"},"img":{"alt_text":"","src":"https:\/\/i0.wp.com\/www.sportalsub.net\/blog\/wp-content\/uploads\/2019\/09\/resultadosfestivaldeverano.jpg?resize=350%2C200&ssl=1","width":350,"height":200,"srcset":"https:\/\/i0.wp.com\/www.sportalsub.net\/blog\/wp-content\/uploads\/2019\/09\/resultadosfestivaldeverano.jpg?resize=350%2C200&ssl=1 1x, https:\/\/i0.wp.com\/www.sportalsub.net\/blog\/wp-content\/uploads\/2019\/09\/resultadosfestivaldeverano.jpg?resize=525%2C300&ssl=1 1.5x, https:\/\/i0.wp.com\/www.sportalsub.net\/blog\/wp-content\/uploads\/2019\/09\/resultadosfestivaldeverano.jpg?resize=700%2C400&ssl=1 2x"},"classes":[]},{"id":28785,"url":"https:\/\/www.sportalsub.net\/blog\/2006\/06\/14\/festival-infantil-campeonato-distrital-nadosub-bogota-colombia-2006","url_meta":{"origin":65113,"position":4},"title":"\ud83c\udde8\ud83c\uddf4 Resultados IX Festival Nacional Infantil Interligas y II Campeonato Distrital de Nataci\u00f3n con aletas 2006 con Invitaci\u00f3n Nacional &#8211; Bogot\u00e1, Colombia","author":"Sportalsub.net","date":"14 junio 2006","format":false,"excerpt":"(Sportalsub.net \/ LIDAS) Entre el 9 y 11 de Junio en las piscinas del Complejo Acu\u00e1tico Sim\u00f3n Bol\u00edvar se efectu\u00f3 el IX Festival Nacional Infantil Interligas de Nataci\u00f3n con Aletas y el II Campeonato Distrital de Nataci\u00f3n con aletas 2006 con Invitaci\u00f3n Nacional, eventos que contaron con la participaci\u00f3n de\u2026","rel":"","context":"En \u00abColombia\u00bb","block_context":{"text":"Colombia","link":"https:\/\/www.sportalsub.net\/blog\/category\/paises\/america\/colombia\/"},"img":{"alt_text":"","src":"https:\/\/i0.wp.com\/www.sportalsub.net\/blog\/wp-content\/uploads\/2016\/06\/nadandomono.jpg?resize=350%2C200&ssl=1","width":350,"height":200,"srcset":"https:\/\/i0.wp.com\/www.sportalsub.net\/blog\/wp-content\/uploads\/2016\/06\/nadandomono.jpg?resize=350%2C200&ssl=1 1x, https:\/\/i0.wp.com\/www.sportalsub.net\/blog\/wp-content\/uploads\/2016\/06\/nadandomono.jpg?resize=525%2C300&ssl=1 1.5x"},"classes":[]},{"id":9376,"url":"https:\/\/www.sportalsub.net\/blog\/resultados-del-festival-nacional-infantil-interligas-de-natacion-con-aletas-colombia-2011\/","url_meta":{"origin":65113,"position":5},"title":"\ud83c\udde8\ud83c\uddf4 Resultados del Festival Nacional Infantil Interligas de Nataci\u00f3n con Aletas Colombia 2011","author":"Sportalsub.net","date":"30 mayo 2011","format":false,"excerpt":"(Especial Sportalsub.net \/ ColombiaFinswimming.com) Con la participaci\u00f3n de 101 ni\u00f1os de los diferentes Departamentos de Colombia: Valle (27), Bogot\u00e1 (40), Cundinamarca (11), Huila (9), Antioquia (13) y Caldas (1) se realiz\u00f3 el pasado fin de semana 27 al 29 de mayo el Festival Nacional Interligas de Nataci\u00f3n con Aletas de\u2026","rel":"","context":"En \u00abColombia\u00bb","block_context":{"text":"Colombia","link":"https:\/\/www.sportalsub.net\/blog\/category\/paises\/america\/colombia\/"},"img":{"alt_text":"","src":"https:\/\/i0.wp.com\/www.sportalsub.net\/blog\/wp-content\/uploads\/2011\/05\/festivalinfantilcolombia.jpg?resize=350%2C200&ssl=1","width":350,"height":200,"srcset":"https:\/\/i0.wp.com\/www.sportalsub.net\/blog\/wp-content\/uploads\/2011\/05\/festivalinfantilcolombia.jpg?resize=350%2C200&ssl=1 1x, https:\/\/i0.wp.com\/www.sportalsub.net\/blog\/wp-content\/uploads\/2011\/05\/festivalinfantilcolombia.jpg?resize=525%2C300&ssl=1 1.5x"},"classes":[]}],"_links":{"self":[{"href":"https:\/\/www.sportalsub.net\/blog\/wp-json\/wp\/v2\/posts\/65113","targetHints":{"allow":["GET"]}}],"collection":[{"href":"https:\/\/www.sportalsub.net\/blog\/wp-json\/wp\/v2\/posts"}],"about":[{"href":"https:\/\/www.sportalsub.net\/blog\/wp-json\/wp\/v2\/types\/post"}],"author":[{"embeddable":true,"href":"https:\/\/www.sportalsub.net\/blog\/wp-json\/wp\/v2\/users\/1"}],"replies":[{"embeddable":true,"href":"https:\/\/www.sportalsub.net\/blog\/wp-json\/wp\/v2\/comments?post=65113"}],"version-history":[{"count":2,"href":"https:\/\/www.sportalsub.net\/blog\/wp-json\/wp\/v2\/posts\/65113\/revisions"}],"predecessor-version":[{"id":65116,"href":"https:\/\/www.sportalsub.net\/blog\/wp-json\/wp\/v2\/posts\/65113\/revisions\/65116"}],"wp:featuredmedia":[{"embeddable":true,"href":"https:\/\/www.sportalsub.net\/blog\/wp-json\/wp\/v2\/media\/65114"}],"wp:attachment":[{"href":"https:\/\/www.sportalsub.net\/blog\/wp-json\/wp\/v2\/media?parent=65113"}],"wp:term":[{"taxonomy":"category","embeddable":true,"href":"https:\/\/www.sportalsub.net\/blog\/wp-json\/wp\/v2\/categories?post=65113"},{"taxonomy":"post_tag","embeddable":true,"href":"https:\/\/www.sportalsub.net\/blog\/wp-json\/wp\/v2\/tags?post=65113"}],"curies":[{"name":"wp","href":"https:\/\/api.w.org\/{rel}","templated":true}]}}