{"id":66968,"date":"2024-03-04T20:26:56","date_gmt":"2024-03-05T00:26:56","guid":{"rendered":"https:\/\/www.sportalsub.net\/blog\/?p=66968"},"modified":"2024-03-05T13:05:30","modified_gmt":"2024-03-05T17:05:30","slug":"%f0%9f%87%ba%f0%9f%87%be-2do-abierto-internacional-cmas-de-tiro-subacuatico-punta-del-este-uruguay-2024","status":"publish","type":"post","link":"https:\/\/www.sportalsub.net\/blog\/open-tirosub-uruguay-2024","title":{"rendered":"\ud83c\uddfa\ud83c\uddfe Resultados &#8211; 2do Abierto Internacional CMAS de Tiro Subacu\u00e1tico &#8211; Punta del Este, Uruguay 2024"},"content":{"rendered":"<p><img loading=\"lazy\" decoding=\"async\" class=\"alignnone size-full wp-image-70341\" src=\"https:\/\/www.sportalsub.net\/blog\/wp-content\/uploads\/2024\/03\/jonathantirosub.jpg\" alt=\"\" width=\"900\" height=\"600\" srcset=\"https:\/\/www.sportalsub.net\/blog\/wp-content\/uploads\/2024\/03\/jonathantirosub.jpg 900w, https:\/\/www.sportalsub.net\/blog\/wp-content\/uploads\/2024\/03\/jonathantirosub-300x200.jpg 300w, https:\/\/www.sportalsub.net\/blog\/wp-content\/uploads\/2024\/03\/jonathantirosub-768x512.jpg 768w, https:\/\/www.sportalsub.net\/blog\/wp-content\/uploads\/2024\/03\/jonathantirosub-450x300.jpg 450w\" sizes=\"auto, (max-width: 900px) 100vw, 900px\" \/><\/p>\n<p>(Sportalsub.net \/ CMAS \/ FUAS) &#8211; <a href=\"https:\/\/www.sportalsub.net\/en\/open-tirosub-uruguay-2024\">Read in English<\/a><\/p>\n<p>Delegaciones de Argentina, Venezuela, B\u00e9lgica, Francia y Uruguay estuvieron en Punta del Este, Maldonado para competir entre el 2 y el 3 de marzo en la piscina Profesor Wilfredo Raymondo del Campus, y ser parte de este evento que se realiz\u00f3 por primera vez en Sudam\u00e9rica. El p\u00fablico cont\u00f3 con acceso libre y transmisi\u00f3n con c\u00e1maras subacu\u00e1ticas.<\/p>\n<blockquote class=\"instagram-media\" style=\"background: #FFF; border: 0; border-radius: 3px; box-shadow: 0 0 1px 0 rgba(0,0,0,0.5),0 1px 10px 0 rgba(0,0,0,0.15); margin: 1px; max-width: 540px; min-width: 326px; padding: 0; width: calc(100% - 2px);\" data-instgrm-captioned=\"\" data-instgrm-permalink=\"https:\/\/www.instagram.com\/reel\/C4CHBr0Mc5B\/?utm_source=ig_embed&amp;utm_campaign=loading\" data-instgrm-version=\"14\">\n<div style=\"padding: 16px;\">\n<p>&nbsp;<\/p>\n<div style=\"display: flex; flex-direction: row; align-items: center;\">\n<div style=\"background-color: #f4f4f4; border-radius: 50%; flex-grow: 0; height: 40px; margin-right: 14px; width: 40px;\"><\/div>\n<div style=\"display: flex; flex-direction: column; flex-grow: 1; justify-content: center;\">\n<div style=\"background-color: #f4f4f4; border-radius: 4px; flex-grow: 0; height: 14px; margin-bottom: 6px; width: 100px;\"><\/div>\n<div style=\"background-color: #f4f4f4; border-radius: 4px; flex-grow: 0; height: 14px; width: 60px;\"><\/div>\n<\/div>\n<\/div>\n<div style=\"padding: 19% 0;\"><\/div>\n<div style=\"display: block; height: 50px; margin: 0 auto 12px; width: 50px;\"><\/div>\n<div style=\"padding-top: 8px;\">\n<div style=\"color: #3897f0; font-family: Arial,sans-serif; font-size: 14px; font-style: normal; font-weight: 550; line-height: 18px;\">Ver esta publicaci\u00f3n en Instagram<\/div>\n<\/div>\n<div style=\"padding: 12.5% 0;\"><\/div>\n<div style=\"display: flex; flex-direction: row; margin-bottom: 14px; align-items: center;\">\n<div>\n<div style=\"background-color: #f4f4f4; border-radius: 50%; height: 12.5px; width: 12.5px; transform: translateX(0px) translateY(7px);\"><\/div>\n<div style=\"background-color: #f4f4f4; height: 12.5px; transform: rotate(-45deg) translateX(3px) translateY(1px); width: 12.5px; flex-grow: 0; margin-right: 14px; margin-left: 2px;\"><\/div>\n<div style=\"background-color: #f4f4f4; border-radius: 50%; height: 12.5px; width: 12.5px; transform: translateX(9px) translateY(-18px);\"><\/div>\n<\/div>\n<div style=\"margin-left: 8px;\">\n<div style=\"background-color: #f4f4f4; border-radius: 50%; flex-grow: 0; height: 20px; width: 20px;\"><\/div>\n<div style=\"width: 0; height: 0; border-top: 2px solid transparent; border-left: 6px solid #f4f4f4; border-bottom: 2px solid transparent; transform: translateX(16px) translateY(-4px) rotate(30deg);\"><\/div>\n<\/div>\n<div style=\"margin-left: auto;\">\n<div style=\"width: 0px; border-top: 8px solid #F4F4F4; border-right: 8px solid transparent; transform: translateY(16px);\"><\/div>\n<div style=\"background-color: #f4f4f4; flex-grow: 0; height: 12px; width: 16px; transform: translateY(-4px);\"><\/div>\n<div style=\"width: 0; height: 0; border-top: 8px solid #F4F4F4; border-left: 8px solid transparent; transform: translateY(-4px) translateX(8px);\"><\/div>\n<\/div>\n<\/div>\n<div style=\"display: flex; flex-direction: column; flex-grow: 1; justify-content: center; margin-bottom: 24px;\">\n<div style=\"background-color: #f4f4f4; border-radius: 4px; flex-grow: 0; height: 14px; margin-bottom: 6px; width: 224px;\"><\/div>\n<div style=\"background-color: #f4f4f4; border-radius: 4px; flex-grow: 0; height: 14px; width: 144px;\"><\/div>\n<\/div>\n<p>&nbsp;<\/p>\n<p style=\"color: #c9c8cd; font-family: Arial,sans-serif; font-size: 14px; line-height: 17px; margin-bottom: 0; margin-top: 8px; overflow: hidden; padding: 8px 0 7px; text-align: center; text-overflow: ellipsis; white-space: nowrap;\"><a href=\"https:\/\/www.instagram.com\/reel\/C4CHBr0Mc5B\/?utm_source=ig_embed&amp;utm_campaign=loading\"style=\"color: #c9c8cd; font-family: Arial,sans-serif; font-size: 14px; font-style: normal; font-weight: normal; line-height: 17px; text-decoration: none;\"  target=\"_blank\" rel=\"noopener\" target=\"_blank\">Una publicaci\u00f3n compartida por Sportsub &amp; Sportalsub (@sportalsub)<\/a><\/p>\n<\/div>\n<\/blockquote>\n<p><script async src=\"\/\/www.instagram.com\/embed.js\"><\/script><\/p>\n<p>El tiro al blanco subacu\u00e1tico es un deporte que se practica bajo el agua con un equipamiento que puede constar de aletas, m\u00e1scara, tubo respirador, traje de protecci\u00f3n, lastre libre, guantes, ventosa, fusil de reserva y objetos para se\u00f1alar la posici\u00f3n.<\/p>\n<p>Es importante resaltar que la autonom\u00eda bajo el nivel del agua depende exclusivamente de la capacidad de apnea de la persona.<\/p>\n<p>En tanto, en esta jornada internacional el reglamento estuvo delimitado por la Confederaci\u00f3n Mundial de Actividades Subacu\u00e1ticas (CMAS) de tiro al blanco a 3 metros; y podr\u00e1n participar tambi\u00e9n atletas de federaciones nacionales no afiliadas.<\/p>\n<p>Las especialidades fueron:<br \/>\n\u2981 Tiro de precisi\u00f3n, 3mts. Categor\u00edas master, senior y junior masculina o femenina.<br \/>\n\u2981 Biatl\u00f3n, 3 mts. Categor\u00edas master, senior y junior masculina o femenina.<br \/>\n\u2981 S\u00faper biatl\u00f3n, 3 mts. Categor\u00edas master, senior y junior masculina o femenina.<br \/>\n\u2981 Relevo, 3 mts. Categor\u00eda libre de hombres, mujeres o mixtas, todas las edades.<\/p>\n<p>El torneo fue declarado de inter\u00e9s ministerial por el Ministerio de Turismo, e inter\u00e9s deportivo por la Secretar\u00eda Nacional de Deportes &#8211; SENADE.<\/p>\n<p>Constituye una oportunidad destacada para dar a conocer la disciplina y el trabajo que se viene realizando a nivel nacional en su pr\u00e1ctica a nivel profesional.<\/p>\n<p>Organiz\u00f3 la Federaci\u00f3n Uruguaya de Actividades Subacu\u00e1ticas con el apoyo de la Intendencia de Maldonado.<\/p>\n<h3><a href=\"https:\/\/www.sportalsub.net\/en\/wp-content\/uploads\/2024\/03\/RESULTADOS-TIROSUB-URUGUAY-2024.pdf\" target=\"_blank\" rel=\"noopener\">RESULTADOS<\/a> (pdf)<\/h3>\n<p><img loading=\"lazy\" decoding=\"async\" class=\"alignnone size-full wp-image-70342\" src=\"https:\/\/www.sportalsub.net\/blog\/wp-content\/uploads\/2024\/03\/medalla.jpg\" alt=\"\" width=\"843\" height=\"915\" srcset=\"https:\/\/www.sportalsub.net\/blog\/wp-content\/uploads\/2024\/03\/medalla.jpg 843w, https:\/\/www.sportalsub.net\/blog\/wp-content\/uploads\/2024\/03\/medalla-276x300.jpg 276w, https:\/\/www.sportalsub.net\/blog\/wp-content\/uploads\/2024\/03\/medalla-768x834.jpg 768w\" sizes=\"auto, (max-width: 843px) 100vw, 843px\" \/><\/p>\n<p><a href=\"https:\/\/www.maldonado.gub.uy\/sites\/default\/files\/2024-02\/HORARIOS%20%281%29.pdf\" target=\"_blank\"><strong>HORARIOS<\/strong><\/a><\/p>\n<p>Fuente: <a href=\"https:\/\/www.maldonado.gub.uy\/noticias\/segundo-abierto-internacional-tiro-subacuatico\" target=\"_blank\">Intendencia de Maldonado<\/a><\/p>\n<p>Naciones participantes: Argentina, B\u00e9lgica, Francia, Uruguay y Venezuela<\/p>\n<p><img loading=\"lazy\" decoding=\"async\" class=\"alignnone size-full wp-image-69994\" src=\"https:\/\/www.sportalsub.net\/blog\/wp-content\/uploads\/2024\/02\/paises-tirosub.png\" alt=\"\" width=\"645\" height=\"284\" srcset=\"https:\/\/www.sportalsub.net\/blog\/wp-content\/uploads\/2024\/02\/paises-tirosub.png 645w, https:\/\/www.sportalsub.net\/blog\/wp-content\/uploads\/2024\/02\/paises-tirosub-300x132.png 300w\" sizes=\"auto, (max-width: 645px) 100vw, 645px\" \/><\/p>\n<p><img loading=\"lazy\" decoding=\"async\" class=\"alignnone size-full wp-image-70343\" src=\"https:\/\/www.sportalsub.net\/blog\/wp-content\/uploads\/2024\/03\/participantes.jpg\" alt=\"\" width=\"960\" height=\"720\" srcset=\"https:\/\/www.sportalsub.net\/blog\/wp-content\/uploads\/2024\/03\/participantes.jpg 960w, https:\/\/www.sportalsub.net\/blog\/wp-content\/uploads\/2024\/03\/participantes-300x225.jpg 300w, https:\/\/www.sportalsub.net\/blog\/wp-content\/uploads\/2024\/03\/participantes-768x576.jpg 768w\" sizes=\"auto, (max-width: 960px) 100vw, 960px\" \/><\/p>\n<p><strong><a href=\"https:\/\/www.sportalsub.net\/blog\/wp-content\/uploads\/2023\/11\/2024-invitacion-final-en-espanol-1.pdf\" target=\"_blank\" rel=\"noopener\">INVITACION OFICIAL ESPA\u00d1OL (PDF)<\/a><br \/>\n<a href=\"https:\/\/www.sportalsub.net\/blog\/wp-content\/uploads\/2023\/11\/2024_-SpecificRules-_TS_Open-finale.pdf\" target=\"_blank\" rel=\"noopener\">SPECIFIC RULES ENGLISH (PDF)<\/a><\/strong><\/p>\n<p>+info:<br \/>\n<strong><a href=\"https:\/\/fuas.uy\/\" target=\"_blank\">FUAS<\/a> &#8211; <a href=\"https:\/\/www.cmas.org\/target-shooting-events\/2nd-target-shooting-open-international.html\" target=\"_blank\">CMAS<\/a> &#8211; <a href=\"https:\/\/www.sportdata.org\/cmas\/set-online\/veranstaltung_info_main.php?active_menu=calendar&amp;vernr=151#a_eventhead\" target=\"_blank\">SPORTDATA<\/a><\/strong><\/p>\n<p><img loading=\"lazy\" decoding=\"async\" class=\"alignnone size-full wp-image-74475\" src=\"https:\/\/www.sportalsub.net\/en\/wp-content\/uploads\/2024\/02\/poster-tiorsub-uruguay.jpg\" alt=\"\" width=\"680\" height=\"960\" \/><\/p>\n<p><img loading=\"lazy\" decoding=\"async\" class=\"alignnone size-full wp-image-66969\" src=\"https:\/\/www.sportalsub.net\/blog\/wp-content\/uploads\/2023\/11\/tirosuburuguay2023.jpg\" alt=\"\" width=\"900\" height=\"600\" srcset=\"https:\/\/www.sportalsub.net\/blog\/wp-content\/uploads\/2023\/11\/tirosuburuguay2023.jpg 900w, https:\/\/www.sportalsub.net\/blog\/wp-content\/uploads\/2023\/11\/tirosuburuguay2023-300x200.jpg 300w, https:\/\/www.sportalsub.net\/blog\/wp-content\/uploads\/2023\/11\/tirosuburuguay2023-768x512.jpg 768w, https:\/\/www.sportalsub.net\/blog\/wp-content\/uploads\/2023\/11\/tirosuburuguay2023-450x300.jpg 450w\" sizes=\"auto, (max-width: 900px) 100vw, 900px\" \/><\/p>\n","protected":false},"excerpt":{"rendered":"<p>(Sportalsub.net \/ CMAS \/ FUAS) &#8211; Read in English Delegaciones de Argentina, Venezuela, B\u00e9lgica, Francia y Uruguay estuvieron en Punta del Este, Maldonado para competir entre el 2 y el 3 de marzo en la piscina Profesor Wilfredo Raymondo del Campus, y ser parte de este evento que se realiz\u00f3 por primera vez en Sudam\u00e9rica. El p\u00fablico cont\u00f3 con acceso [&#8230;]<\/p>\n","protected":false},"author":1,"featured_media":70341,"comment_status":"open","ping_status":"closed","sticky":false,"template":"","format":"standard","meta":{"_lmt_disableupdate":"no","_lmt_disable":"no","jetpack_post_was_ever_published":false,"_jetpack_newsletter_access":"","_jetpack_dont_email_post_to_subs":false,"_jetpack_newsletter_tier_id":0,"_jetpack_memberships_contains_paywalled_content":false,"_jetpack_memberships_contains_paid_content":false,"footnotes":"","jetpack_publicize_message":"2do Abierto Internacional CMAS de Tiro Subacu\u00e1tico - Punta del Este, Uruguay 2024","jetpack_publicize_feature_enabled":true,"jetpack_social_post_already_shared":true,"jetpack_social_options":{"image_generator_settings":{"template":"highway","default_image_id":0,"font":"","enabled":false},"version":2}},"categories":[120,115,204],"tags":[450],"class_list":["post-66968","post","type-post","status-publish","format-standard","has-post-thumbnail","hentry","category-resultados","category-tiro-al-blanco-subacuatico","category-uruguay","tag-destacados"],"modified_by":"Sportalsub.net","views":2771,"jetpack_publicize_connections":[],"jetpack_featured_media_url":"https:\/\/www.sportalsub.net\/blog\/wp-content\/uploads\/2024\/03\/jonathantirosub.jpg","jetpack_sharing_enabled":true,"jetpack_shortlink":"https:\/\/wp.me\/pf9lN-hq8","jetpack_likes_enabled":false,"jetpack-related-posts":[{"id":69986,"url":"https:\/\/www.sportalsub.net\/blog\/jonathan-venezuela-tirosub-uruguay","url_meta":{"origin":66968,"position":0},"title":"\ud83c\uddfb\ud83c\uddea Jonathan Luna de Venezuela realiza Cobertura Especial para Sportalsub en Internacional de Tiro Subacu\u00e1tico Uruguay 2024 \ud83c\uddfa\ud83c\uddfe","author":"Sportalsub.net","date":"1 marzo 2024","format":false,"excerpt":"(Especial Sportalsub.net) El atleta venezolano Jonathan Luna de 39 a\u00f1os de edad, participa por segundo a\u00f1o consecutivo en un evento internacional de tiro subacu\u00e1tico y comparte sus experiencias en esta competencia, como corresponsal de nuestro sitio web Sportalsub.net Para este evento abierto internacional de clubes de tiro subacu\u00e1tico que se\u2026","rel":"","context":"En \u00abTiro al Blanco Subacu\u00e1tico\u00bb","block_context":{"text":"Tiro al Blanco Subacu\u00e1tico","link":"https:\/\/www.sportalsub.net\/blog\/category\/modalidades\/tiro-al-blanco-subacuatico\/"},"img":{"alt_text":"","src":"https:\/\/i0.wp.com\/www.sportalsub.net\/blog\/wp-content\/uploads\/2024\/02\/jonathantirosubsportalsub.jpg?resize=350%2C200&ssl=1","width":350,"height":200,"srcset":"https:\/\/i0.wp.com\/www.sportalsub.net\/blog\/wp-content\/uploads\/2024\/02\/jonathantirosubsportalsub.jpg?resize=350%2C200&ssl=1 1x, https:\/\/i0.wp.com\/www.sportalsub.net\/blog\/wp-content\/uploads\/2024\/02\/jonathantirosubsportalsub.jpg?resize=525%2C300&ssl=1 1.5x, https:\/\/i0.wp.com\/www.sportalsub.net\/blog\/wp-content\/uploads\/2024\/02\/jonathantirosubsportalsub.jpg?resize=700%2C400&ssl=1 2x"},"classes":[]},{"id":25853,"url":"https:\/\/www.sportalsub.net\/blog\/uruguay-regresa-nuevamente-a-las-actividades-subacuaticas-en-cmas\/","url_meta":{"origin":66968,"position":1},"title":"\ud83c\uddfa\ud83c\uddfe Uruguay regresa nuevamente a la Confederaci\u00f3n Mundial de Actividades Subacu\u00e1ticas","author":"Sportalsub.net","date":"24 febrero 2017","format":false,"excerpt":"(Sportalsub.net \/ FUAS \/ CMAS) Luego de varios a\u00f1os desafialiada, la\u00a0Federaci\u00f3n Uruguaya de Actividades Subacuaticas \u00a0(FUAS) regresa nuevamente a la Confederaci\u00f3n Mundial de Actividades Subacu\u00e1ticas (CMAS). \"Nuestra Federaci\u00f3n nunca dej\u00f3 de funcionar, pero no recib\u00edamos aportes para el pago a CMAS. Esperemos que las nuevas generaciones sigan adelante\"\u00a0indic\u00f3 Horacio Rodriguez,\u2026","rel":"","context":"En \u00abPesca Submarina\u00bb","block_context":{"text":"Pesca Submarina","link":"https:\/\/www.sportalsub.net\/blog\/category\/modalidades\/pesca-submarina\/"},"img":{"alt_text":"","src":"https:\/\/i0.wp.com\/www.sportalsub.net\/blog\/wp-content\/uploads\/2017\/02\/uruguaypescasub.jpg?resize=350%2C200&ssl=1","width":350,"height":200,"srcset":"https:\/\/i0.wp.com\/www.sportalsub.net\/blog\/wp-content\/uploads\/2017\/02\/uruguaypescasub.jpg?resize=350%2C200&ssl=1 1x, https:\/\/i0.wp.com\/www.sportalsub.net\/blog\/wp-content\/uploads\/2017\/02\/uruguaypescasub.jpg?resize=525%2C300&ssl=1 1.5x, https:\/\/i0.wp.com\/www.sportalsub.net\/blog\/wp-content\/uploads\/2017\/02\/uruguaypescasub.jpg?resize=700%2C400&ssl=1 2x, https:\/\/i0.wp.com\/www.sportalsub.net\/blog\/wp-content\/uploads\/2017\/02\/uruguaypescasub.jpg?resize=1050%2C600&ssl=1 3x"},"classes":[]},{"id":73229,"url":"https:\/\/www.sportalsub.net\/blog\/2da-tirosub-uruguay-2024","url_meta":{"origin":66968,"position":2},"title":"\ud83c\uddfa\ud83c\uddfe Resultados &#8211; 2da Jornada de Tiro Subacu\u00e1tico FUAS 2024 en Montevideo, Uruguay","author":"Sportalsub.net","date":"14 abril 2024","format":false,"excerpt":"(Sportalsub.net \/ FUAS) El pasado 13 de abril se realiz\u00f3 en la ACJ Portones de la ciudad de Montevideo, la 2da Jornada 2024 de Tiro Subacu\u00e1tico\u00a0 de la Federaci\u00f3n Uruguaya de Actividades Subacu\u00e1ticas (FUAS) RESULTADOS\u00a0 BIATL\u00d3N MUJERES In\u00e9s Cheda 136 Marianela Pereyra -740 BIATL\u00d3N HOMBRES Fernando Maccio 568 Franco Recalde\u2026","rel":"","context":"En \u00abResultados\u00bb","block_context":{"text":"Resultados","link":"https:\/\/www.sportalsub.net\/blog\/category\/resultados\/"},"img":{"alt_text":"","src":"https:\/\/i0.wp.com\/www.sportalsub.net\/blog\/wp-content\/uploads\/2024\/05\/2datirosuburuguay2024.jpg?resize=350%2C200&ssl=1","width":350,"height":200,"srcset":"https:\/\/i0.wp.com\/www.sportalsub.net\/blog\/wp-content\/uploads\/2024\/05\/2datirosuburuguay2024.jpg?resize=350%2C200&ssl=1 1x, https:\/\/i0.wp.com\/www.sportalsub.net\/blog\/wp-content\/uploads\/2024\/05\/2datirosuburuguay2024.jpg?resize=525%2C300&ssl=1 1.5x, https:\/\/i0.wp.com\/www.sportalsub.net\/blog\/wp-content\/uploads\/2024\/05\/2datirosuburuguay2024.jpg?resize=700%2C400&ssl=1 2x"},"classes":[]},{"id":54547,"url":"https:\/\/www.sportalsub.net\/blog\/1ra-jornada-tirosub-uruguay-2022","url_meta":{"origin":66968,"position":3},"title":"\ud83c\uddfa\ud83c\uddfe Realizada con \u00e9xito 1\u00aa Jornada de Tiro Subacu\u00e1tico 2022 en Pan de Az\u00facar (Maldonado) &#8211; Uruguay","author":"Sportalsub.net","date":"4 mayo 2022","format":false,"excerpt":"(Sportalsub.net \/ FUAS) El pasado s\u00e1bado 30 de abril tuvo lugar en las instalaciones de la piscina municipal de la ciudad de Pan de Az\u00facar (departamento de Maldonado), ubicada en la Avda. Aparicio Saravia al 20300, la 1\u00aa Jornada de Tiro Subacu\u00e1tico organizada por la FUAS - Federaci\u00f3n Uruguaya de\u2026","rel":"","context":"En \u00abResultados\u00bb","block_context":{"text":"Resultados","link":"https:\/\/www.sportalsub.net\/blog\/category\/resultados\/"},"img":{"alt_text":"","src":"https:\/\/i0.wp.com\/www.sportalsub.net\/blog\/wp-content\/uploads\/2022\/05\/1rajornadatirosuburuguay2022.jpg?resize=350%2C200&ssl=1","width":350,"height":200,"srcset":"https:\/\/i0.wp.com\/www.sportalsub.net\/blog\/wp-content\/uploads\/2022\/05\/1rajornadatirosuburuguay2022.jpg?resize=350%2C200&ssl=1 1x, https:\/\/i0.wp.com\/www.sportalsub.net\/blog\/wp-content\/uploads\/2022\/05\/1rajornadatirosuburuguay2022.jpg?resize=525%2C300&ssl=1 1.5x, https:\/\/i0.wp.com\/www.sportalsub.net\/blog\/wp-content\/uploads\/2022\/05\/1rajornadatirosuburuguay2022.jpg?resize=700%2C400&ssl=1 2x"},"classes":[]},{"id":80790,"url":"https:\/\/www.sportalsub.net\/blog\/nadosub-master-uruguay-2025","url_meta":{"origin":66968,"position":4},"title":"\ud83c\uddfa\ud83c\uddfe Resultados &#8211; 1er Torneo Master de Nataci\u00f3n con Aletas FUAS 2025 &#8211; Montevideo, Uruguay","author":"Sportalsub.net","date":"3 septiembre 2025","format":false,"excerpt":"(Sportalsub.net\/ FUAS) El pasado s\u00e1bado 30 de agosto, en las instalaciones de la Asociaci\u00f3n Cristiana de J\u00f3venes -Portones de Carrasco- se llev\u00f3 a cabo el 1er Torneo de Nataci\u00f3n Master con Aletas, organizado por la Federaci\u00f3n Uruguaya de Actividades Subacu\u00e1ticas (FUAS). M\u00e1s de 70 competidores de varias categor\u00edas se dieron\u2026","rel":"","context":"En \u00abNataci\u00f3n con Aletas\u00bb","block_context":{"text":"Nataci\u00f3n con Aletas","link":"https:\/\/www.sportalsub.net\/blog\/category\/modalidades\/natacion-con-aletas\/"},"img":{"alt_text":"","src":"https:\/\/i0.wp.com\/www.sportalsub.net\/blog\/wp-content\/uploads\/2025\/08\/master-aletas-uruguay-2025.jpg?resize=350%2C200&ssl=1","width":350,"height":200,"srcset":"https:\/\/i0.wp.com\/www.sportalsub.net\/blog\/wp-content\/uploads\/2025\/08\/master-aletas-uruguay-2025.jpg?resize=350%2C200&ssl=1 1x, https:\/\/i0.wp.com\/www.sportalsub.net\/blog\/wp-content\/uploads\/2025\/08\/master-aletas-uruguay-2025.jpg?resize=525%2C300&ssl=1 1.5x, https:\/\/i0.wp.com\/www.sportalsub.net\/blog\/wp-content\/uploads\/2025\/08\/master-aletas-uruguay-2025.jpg?resize=700%2C400&ssl=1 2x"},"classes":[]},{"id":65187,"url":"https:\/\/www.sportalsub.net\/blog\/1ra-jornada-internacional-de-buceo-adaptado-cordoba-argentina-2023\/","url_meta":{"origin":66968,"position":5},"title":"\ud83c\udde6\ud83c\uddf7 Realizada con \u00e9xito 1ra Jornada Internacional  2023 de Buceo Adaptado en C\u00f3rdoba, Argentina organizada por UIFAS y FUAS \ud83c\uddfa\ud83c\uddfe","author":"Sportalsub.net","date":"7 noviembre 2023","format":false,"excerpt":"(Sportalsub.net \/ UIFAS) Entre los d\u00edas 26 al 28 de octubre se llev\u00f3 a cabo la primera jornada internacional de Buceo Adaptado para personas con discapacidad, en la ciudad de C\u00f3rdoba, Argentinda. Una actividad organizada por la UIFAS (Uni\u00f3n Iberoamericana de Federaciones de Actividades Subacu\u00e1ticas) junto a varias federaciones miembros\u2026","rel":"","context":"En \u00abArgentina\u00bb","block_context":{"text":"Argentina","link":"https:\/\/www.sportalsub.net\/blog\/category\/paises\/america\/argentina\/"},"img":{"alt_text":"","src":"https:\/\/i0.wp.com\/www.sportalsub.net\/blog\/wp-content\/uploads\/2023\/10\/realizado-buceo-adaptado.jpg?resize=350%2C200&ssl=1","width":350,"height":200,"srcset":"https:\/\/i0.wp.com\/www.sportalsub.net\/blog\/wp-content\/uploads\/2023\/10\/realizado-buceo-adaptado.jpg?resize=350%2C200&ssl=1 1x, https:\/\/i0.wp.com\/www.sportalsub.net\/blog\/wp-content\/uploads\/2023\/10\/realizado-buceo-adaptado.jpg?resize=525%2C300&ssl=1 1.5x, https:\/\/i0.wp.com\/www.sportalsub.net\/blog\/wp-content\/uploads\/2023\/10\/realizado-buceo-adaptado.jpg?resize=700%2C400&ssl=1 2x"},"classes":[]}],"_links":{"self":[{"href":"https:\/\/www.sportalsub.net\/blog\/wp-json\/wp\/v2\/posts\/66968","targetHints":{"allow":["GET"]}}],"collection":[{"href":"https:\/\/www.sportalsub.net\/blog\/wp-json\/wp\/v2\/posts"}],"about":[{"href":"https:\/\/www.sportalsub.net\/blog\/wp-json\/wp\/v2\/types\/post"}],"author":[{"embeddable":true,"href":"https:\/\/www.sportalsub.net\/blog\/wp-json\/wp\/v2\/users\/1"}],"replies":[{"embeddable":true,"href":"https:\/\/www.sportalsub.net\/blog\/wp-json\/wp\/v2\/comments?post=66968"}],"version-history":[{"count":13,"href":"https:\/\/www.sportalsub.net\/blog\/wp-json\/wp\/v2\/posts\/66968\/revisions"}],"predecessor-version":[{"id":70344,"href":"https:\/\/www.sportalsub.net\/blog\/wp-json\/wp\/v2\/posts\/66968\/revisions\/70344"}],"wp:featuredmedia":[{"embeddable":true,"href":"https:\/\/www.sportalsub.net\/blog\/wp-json\/wp\/v2\/media\/70341"}],"wp:attachment":[{"href":"https:\/\/www.sportalsub.net\/blog\/wp-json\/wp\/v2\/media?parent=66968"}],"wp:term":[{"taxonomy":"category","embeddable":true,"href":"https:\/\/www.sportalsub.net\/blog\/wp-json\/wp\/v2\/categories?post=66968"},{"taxonomy":"post_tag","embeddable":true,"href":"https:\/\/www.sportalsub.net\/blog\/wp-json\/wp\/v2\/tags?post=66968"}],"curies":[{"name":"wp","href":"https:\/\/api.w.org\/{rel}","templated":true}]}}