{"id":69902,"date":"2024-02-22T19:16:29","date_gmt":"2024-02-22T23:16:29","guid":{"rendered":"https:\/\/www.sportalsub.net\/blog\/?p=69902"},"modified":"2024-02-22T19:39:11","modified_gmt":"2024-02-22T23:39:11","slug":"%f0%9f%87%af%f0%9f%87%b5-nuevo-record-mundial-de-apnea-dinamica-con-monoaleta-bajo-hielo-para-ozeki-yasuko-de-japon","status":"publish","type":"post","link":"https:\/\/www.sportalsub.net\/blog\/world-record-apnea-under-ice-yasuko-ozeki-japan","title":{"rendered":"\ud83c\uddef\ud83c\uddf5 Nuevo R\u00e9cord Mundial de Apnea Din\u00e1mica con Monoaleta bajo hielo para Ozeki Yasuko de Jap\u00f3n"},"content":{"rendered":"<p><img loading=\"lazy\" decoding=\"async\" class=\"alignnone size-full wp-image-69904\" src=\"https:\/\/www.sportalsub.net\/blog\/wp-content\/uploads\/2024\/02\/record-ozeki-yasuko.jpg\" alt=\"\" width=\"900\" height=\"600\" srcset=\"https:\/\/www.sportalsub.net\/blog\/wp-content\/uploads\/2024\/02\/record-ozeki-yasuko.jpg 900w, https:\/\/www.sportalsub.net\/blog\/wp-content\/uploads\/2024\/02\/record-ozeki-yasuko-300x200.jpg 300w, https:\/\/www.sportalsub.net\/blog\/wp-content\/uploads\/2024\/02\/record-ozeki-yasuko-768x512.jpg 768w, https:\/\/www.sportalsub.net\/blog\/wp-content\/uploads\/2024\/02\/record-ozeki-yasuko-450x300.jpg 450w\" sizes=\"auto, (max-width: 900px) 100vw, 900px\" \/><\/p>\n<p>(Sportalsub.net \/ Yasuko Ozeki \/ CMAS) &#8211; <a href=\"https:\/\/www.sportalsub.net\/en\/world-record-apnea-under-ice-yasuko-ozeki-japan\/\">Read in English<\/a><\/p>\n<p>El 22 de febrero, en Utoro, Jap\u00f3n, <strong>Yasuko Ozeki<\/strong> estableci\u00f3 con \u00e9xito un nuevo r\u00e9cord mundial en la disciplina de apnea din\u00e1mica con monoaleta (bajo hielo) con traje de neopreno realizando una distancia de 126 metros.<\/p>\n<p>Este r\u00e9cord marca dos r\u00e9cords mundiales, uno del Libro Guinness de los R\u00e9cords Mundiales y otro de la CMAS, la Confederaci\u00f3n Mundial de Actividades Subacu\u00e1ticas como organizaci\u00f3n deportiva.<\/p>\n<p>Felicitaciones a Yasuko! #sersubacuatico<\/p>\n<blockquote class=\"instagram-media\" style=\"background: #FFF; border: 0; border-radius: 3px; box-shadow: 0 0 1px 0 rgba(0,0,0,0.5),0 1px 10px 0 rgba(0,0,0,0.15); margin: 1px; max-width: 540px; min-width: 326px; padding: 0; width: calc(100% - 2px);\" data-instgrm-captioned=\"\" data-instgrm-permalink=\"https:\/\/www.instagram.com\/p\/C3qoxlyBZ9k\/?utm_source=ig_embed&amp;utm_campaign=loading\" data-instgrm-version=\"14\">\n<div style=\"padding: 16px;\">\n<p>&nbsp;<\/p>\n<div style=\"display: flex; flex-direction: row; align-items: center;\">\n<div style=\"background-color: #f4f4f4; border-radius: 50%; flex-grow: 0; height: 40px; margin-right: 14px; width: 40px;\"><\/div>\n<div style=\"display: flex; flex-direction: column; flex-grow: 1; justify-content: center;\">\n<div style=\"background-color: #f4f4f4; border-radius: 4px; flex-grow: 0; height: 14px; margin-bottom: 6px; width: 100px;\"><\/div>\n<div style=\"background-color: #f4f4f4; border-radius: 4px; flex-grow: 0; height: 14px; width: 60px;\"><\/div>\n<\/div>\n<\/div>\n<div style=\"padding: 19% 0;\"><\/div>\n<div style=\"display: block; height: 50px; margin: 0 auto 12px; width: 50px;\"><\/div>\n<div style=\"padding-top: 8px;\">\n<div style=\"color: #3897f0; font-family: Arial,sans-serif; font-size: 14px; font-style: normal; font-weight: 550; line-height: 18px;\">Ver esta publicaci\u00f3n en Instagram<\/div>\n<\/div>\n<div style=\"padding: 12.5% 0;\"><\/div>\n<div style=\"display: flex; flex-direction: row; margin-bottom: 14px; align-items: center;\">\n<div>\n<div style=\"background-color: #f4f4f4; border-radius: 50%; height: 12.5px; width: 12.5px; transform: translateX(0px) translateY(7px);\"><\/div>\n<div style=\"background-color: #f4f4f4; height: 12.5px; transform: rotate(-45deg) translateX(3px) translateY(1px); width: 12.5px; flex-grow: 0; margin-right: 14px; margin-left: 2px;\"><\/div>\n<div style=\"background-color: #f4f4f4; border-radius: 50%; height: 12.5px; width: 12.5px; transform: translateX(9px) translateY(-18px);\"><\/div>\n<\/div>\n<div style=\"margin-left: 8px;\">\n<div style=\"background-color: #f4f4f4; border-radius: 50%; flex-grow: 0; height: 20px; width: 20px;\"><\/div>\n<div style=\"width: 0; height: 0; border-top: 2px solid transparent; border-left: 6px solid #f4f4f4; border-bottom: 2px solid transparent; transform: translateX(16px) translateY(-4px) rotate(30deg);\"><\/div>\n<\/div>\n<div style=\"margin-left: auto;\">\n<div style=\"width: 0px; border-top: 8px solid #F4F4F4; border-right: 8px solid transparent; transform: translateY(16px);\"><\/div>\n<div style=\"background-color: #f4f4f4; flex-grow: 0; height: 12px; width: 16px; transform: translateY(-4px);\"><\/div>\n<div style=\"width: 0; height: 0; border-top: 8px solid #F4F4F4; border-left: 8px solid transparent; transform: translateY(-4px) translateX(8px);\"><\/div>\n<\/div>\n<\/div>\n<div style=\"display: flex; flex-direction: column; flex-grow: 1; justify-content: center; margin-bottom: 24px;\">\n<div style=\"background-color: #f4f4f4; border-radius: 4px; flex-grow: 0; height: 14px; margin-bottom: 6px; width: 224px;\"><\/div>\n<div style=\"background-color: #f4f4f4; border-radius: 4px; flex-grow: 0; height: 14px; width: 144px;\"><\/div>\n<\/div>\n<p>&nbsp;<\/p>\n<p style=\"color: #c9c8cd; font-family: Arial,sans-serif; font-size: 14px; line-height: 17px; margin-bottom: 0; margin-top: 8px; overflow: hidden; padding: 8px 0 7px; text-align: center; text-overflow: ellipsis; white-space: nowrap;\"><a href=\"https:\/\/www.instagram.com\/p\/C3qoxlyBZ9k\/?utm_source=ig_embed&amp;utm_campaign=loading\"style=\"color: #c9c8cd; font-family: Arial,sans-serif; font-size: 14px; font-style: normal; font-weight: normal; line-height: 17px; text-decoration: none;\"  target=\"_blank\" rel=\"noopener\" target=\"_blank\">Una publicaci\u00f3n compartida por Yasuko Ozeki \u5c3e\u95a2\u9756\u5b50 (@yasuko.o318)<\/a><\/p>\n<\/div>\n<\/blockquote>\n<p><script async src=\"\/\/www.instagram.com\/embed.js\"><\/script><\/p>\n<blockquote class=\"instagram-media\" style=\"background: #FFF; border: 0; border-radius: 3px; box-shadow: 0 0 1px 0 rgba(0,0,0,0.5),0 1px 10px 0 rgba(0,0,0,0.15); margin: 1px; max-width: 540px; min-width: 326px; padding: 0; width: calc(100% - 2px);\" data-instgrm-captioned=\"\" data-instgrm-permalink=\"https:\/\/www.instagram.com\/p\/C3qTwxHNoFF\/?utm_source=ig_embed&amp;utm_campaign=loading\" data-instgrm-version=\"14\">\n<div style=\"padding: 16px;\">\n<p>&nbsp;<\/p>\n<div style=\"display: flex; flex-direction: row; align-items: center;\">\n<div style=\"background-color: #f4f4f4; border-radius: 50%; flex-grow: 0; height: 40px; margin-right: 14px; width: 40px;\"><\/div>\n<div style=\"display: flex; flex-direction: column; flex-grow: 1; justify-content: center;\">\n<div style=\"background-color: #f4f4f4; border-radius: 4px; flex-grow: 0; height: 14px; margin-bottom: 6px; width: 100px;\"><\/div>\n<div style=\"background-color: #f4f4f4; border-radius: 4px; flex-grow: 0; height: 14px; width: 60px;\"><\/div>\n<\/div>\n<\/div>\n<div style=\"padding: 19% 0;\"><\/div>\n<div style=\"display: block; height: 50px; margin: 0 auto 12px; width: 50px;\"><\/div>\n<div style=\"padding-top: 8px;\">\n<div style=\"color: #3897f0; font-family: Arial,sans-serif; font-size: 14px; font-style: normal; font-weight: 550; line-height: 18px;\">Ver esta publicaci\u00f3n en Instagram<\/div>\n<\/div>\n<div style=\"padding: 12.5% 0;\"><\/div>\n<div style=\"display: flex; flex-direction: row; margin-bottom: 14px; align-items: center;\">\n<div>\n<div style=\"background-color: #f4f4f4; border-radius: 50%; height: 12.5px; width: 12.5px; transform: translateX(0px) translateY(7px);\"><\/div>\n<div style=\"background-color: #f4f4f4; height: 12.5px; transform: rotate(-45deg) translateX(3px) translateY(1px); width: 12.5px; flex-grow: 0; margin-right: 14px; margin-left: 2px;\"><\/div>\n<div style=\"background-color: #f4f4f4; border-radius: 50%; height: 12.5px; width: 12.5px; transform: translateX(9px) translateY(-18px);\"><\/div>\n<\/div>\n<div style=\"margin-left: 8px;\">\n<div style=\"background-color: #f4f4f4; border-radius: 50%; flex-grow: 0; height: 20px; width: 20px;\"><\/div>\n<div style=\"width: 0; height: 0; border-top: 2px solid transparent; border-left: 6px solid #f4f4f4; border-bottom: 2px solid transparent; transform: translateX(16px) translateY(-4px) rotate(30deg);\"><\/div>\n<\/div>\n<div style=\"margin-left: auto;\">\n<div style=\"width: 0px; border-top: 8px solid #F4F4F4; border-right: 8px solid transparent; transform: translateY(16px);\"><\/div>\n<div style=\"background-color: #f4f4f4; flex-grow: 0; height: 12px; width: 16px; transform: translateY(-4px);\"><\/div>\n<div style=\"width: 0; height: 0; border-top: 8px solid #F4F4F4; border-left: 8px solid transparent; transform: translateY(-4px) translateX(8px);\"><\/div>\n<\/div>\n<\/div>\n<div style=\"display: flex; flex-direction: column; flex-grow: 1; justify-content: center; margin-bottom: 24px;\">\n<div style=\"background-color: #f4f4f4; border-radius: 4px; flex-grow: 0; height: 14px; margin-bottom: 6px; width: 224px;\"><\/div>\n<div style=\"background-color: #f4f4f4; border-radius: 4px; flex-grow: 0; height: 14px; width: 144px;\"><\/div>\n<\/div>\n<p>&nbsp;<\/p>\n<p style=\"color: #c9c8cd; font-family: Arial,sans-serif; font-size: 14px; line-height: 17px; margin-bottom: 0; margin-top: 8px; overflow: hidden; padding: 8px 0 7px; text-align: center; text-overflow: ellipsis; white-space: nowrap;\"><a href=\"https:\/\/www.instagram.com\/p\/C3qTwxHNoFF\/?utm_source=ig_embed&amp;utm_campaign=loading\"style=\"color: #c9c8cd; font-family: Arial,sans-serif; font-size: 14px; font-style: normal; font-weight: normal; line-height: 17px; text-decoration: none;\"  target=\"_blank\" rel=\"noopener\" target=\"_blank\">Una publicaci\u00f3n compartida por CMAS (@cmasorg)<\/a><\/p>\n<\/div>\n<\/blockquote>\n<p><script async src=\"\/\/www.instagram.com\/embed.js\"><\/script><br \/>\nEl r\u00e9cord mundial anterior lo ten\u00eda Valentina Cafolla de Croacia con 125mts en Italia en 2017.<\/p>\n<p><a href=\"https:\/\/www.cmas.org\/media\/pdf\/CMAS%20OUTDOOR%20WR%20ICE%20DIVING_01JAN2024.pdf\" target=\"_blank\"><strong>RECORDS MUNDIALES DE APNEA BAJO HIELO CMAS (actualizados hasta enero 2024)<\/strong><\/a><\/p>\n","protected":false},"excerpt":{"rendered":"<p>(Sportalsub.net \/ Yasuko Ozeki \/ CMAS) &#8211; Read in English El 22 de febrero, en Utoro, Jap\u00f3n, Yasuko Ozeki estableci\u00f3 con \u00e9xito un nuevo r\u00e9cord mundial en la disciplina de apnea din\u00e1mica con monoaleta (bajo hielo) con traje de neopreno realizando una distancia de 126 metros. Este r\u00e9cord marca dos r\u00e9cords mundiales, uno del Libro Guinness de los R\u00e9cords Mundiales [&#8230;]<\/p>\n","protected":false},"author":1,"featured_media":69904,"comment_status":"open","ping_status":"closed","sticky":false,"template":"","format":"standard","meta":{"_lmt_disableupdate":"no","_lmt_disable":"no","jetpack_post_was_ever_published":false,"_jetpack_newsletter_access":"","_jetpack_dont_email_post_to_subs":false,"_jetpack_newsletter_tier_id":0,"_jetpack_memberships_contains_paywalled_content":false,"_jetpack_memberships_contains_paid_content":false,"footnotes":"","jetpack_publicize_message":"Nuevo R\u00e9cord Mundial de Apnea Din\u00e1mica con Monoaleta bajo hielo para Ozeki Yasuko de Jap\u00f3n","jetpack_publicize_feature_enabled":true,"jetpack_social_post_already_shared":true,"jetpack_social_options":{"image_generator_settings":{"template":"highway","default_image_id":0,"font":"","enabled":false},"version":2}},"categories":[9,244,120],"tags":[450],"class_list":["post-69902","post","type-post","status-publish","format-standard","has-post-thumbnail","hentry","category-apnea","category-japon","category-resultados","tag-destacados"],"modified_by":"Sportalsub.net","views":2479,"jetpack_publicize_connections":[],"jetpack_featured_media_url":"https:\/\/www.sportalsub.net\/blog\/wp-content\/uploads\/2024\/02\/record-ozeki-yasuko.jpg","jetpack_sharing_enabled":true,"jetpack_shortlink":"https:\/\/wp.me\/pf9lN-ibs","jetpack_likes_enabled":false,"jetpack-related-posts":[{"id":69941,"url":"https:\/\/www.sportalsub.net\/blog\/world-records-apnea-under-ice-valentina-cafolla-croatia","url_meta":{"origin":69902,"position":0},"title":"\ud83c\udded\ud83c\uddf7 Dos R\u00e9cords Mundiales de Apnea Din\u00e1mica bajo hielo CMAS para Valentina Cafolla de Croacia en Italia \ud83c\uddee\ud83c\uddf9","author":"Sportalsub.net","date":"27 febrero 2024","format":false,"excerpt":"(Sportalsub.net \/ Valentina Cafolla \/ CMAS) Read in English Los d\u00edas viernes 23 y s\u00e1bado 24 de febrero de 2024 la apneista croata Valentina Cafolla implant\u00f3 dos nuevos r\u00e9cords mundiales de apnea din\u00e1mica bajo hielo de la Confederaci\u00f3n Mundial de Actividades Subacu\u00e1ticas (CMAS) en el lago de Anterselva en Italia.\u2026","rel":"","context":"En \u00abApnea\u00bb","block_context":{"text":"Apnea","link":"https:\/\/www.sportalsub.net\/blog\/category\/modalidades\/apnea\/"},"img":{"alt_text":"","src":"https:\/\/i0.wp.com\/www.sportalsub.net\/blog\/wp-content\/uploads\/2024\/02\/2recordshielovalentina.jpg?resize=350%2C200&ssl=1","width":350,"height":200,"srcset":"https:\/\/i0.wp.com\/www.sportalsub.net\/blog\/wp-content\/uploads\/2024\/02\/2recordshielovalentina.jpg?resize=350%2C200&ssl=1 1x, https:\/\/i0.wp.com\/www.sportalsub.net\/blog\/wp-content\/uploads\/2024\/02\/2recordshielovalentina.jpg?resize=525%2C300&ssl=1 1.5x, https:\/\/i0.wp.com\/www.sportalsub.net\/blog\/wp-content\/uploads\/2024\/02\/2recordshielovalentina.jpg?resize=700%2C400&ssl=1 2x"},"classes":[]},{"id":67308,"url":"https:\/\/www.sportalsub.net\/blog\/aida-kaunas-2024","url_meta":{"origin":69902,"position":1},"title":"\ud83c\uddf1\ud83c\uddf9 Resultados &#8211; Campeonato Mundial de Apnea en piscina AIDA. Kaunas, Lituania 2024","author":"Sportalsub.net","date":"28 junio 2024","format":false,"excerpt":"(Sportalsub.net \/ AIDA Internacional) Read in English AIDA Internacional organiza del 21 al 29 de Junio de 2024 el 32\u00b0 Campeonato Mundial de apnea en Kaunas, Lituania. CALENDARIO Y RESULTADOS Fuente: AIDA International Lunes 24 de junio Din\u00e1mica con Bialetas VIDEO RESULTADOS HOMBRES 1. Rolando Salgado CUB 255 m *CR\u2026","rel":"","context":"En \u00abApnea\u00bb","block_context":{"text":"Apnea","link":"https:\/\/www.sportalsub.net\/blog\/category\/modalidades\/apnea\/"},"img":{"alt_text":"","src":"https:\/\/i0.wp.com\/www.sportalsub.net\/blog\/wp-content\/uploads\/2024\/06\/aidakaunas2024results.jpg?resize=350%2C200&ssl=1","width":350,"height":200,"srcset":"https:\/\/i0.wp.com\/www.sportalsub.net\/blog\/wp-content\/uploads\/2024\/06\/aidakaunas2024results.jpg?resize=350%2C200&ssl=1 1x, https:\/\/i0.wp.com\/www.sportalsub.net\/blog\/wp-content\/uploads\/2024\/06\/aidakaunas2024results.jpg?resize=525%2C300&ssl=1 1.5x, https:\/\/i0.wp.com\/www.sportalsub.net\/blog\/wp-content\/uploads\/2024\/06\/aidakaunas2024results.jpg?resize=700%2C400&ssl=1 2x"},"classes":[]},{"id":35699,"url":"https:\/\/www.sportalsub.net\/blog\/aida-burgas-2022","url_meta":{"origin":69902,"position":2},"title":"\ud83c\udde7\ud83c\uddec Resultados &#8211; Campeonato Mundial Individual de Apnea en piscina AIDA 2022 \u2013 Burgas, Bulgaria","author":"Sportalsub.net","date":"25 junio 2022","format":false,"excerpt":"(Sportalsub.net \/ AIDA International) \u2013 Read in English Despu\u00e9s de la cancelaci\u00f3n en 2020 por el covid-19, AIDA Internacional anuncia la realizaci\u00f3n del 28\u00b0 Campeonato Mundial AIDA de Apnea en Burgas, Bulgaria, a efectuarse en piscina en las modalidades de Din\u00e1mica DYN, Din\u00e1mica con Bialetas DYNB, Din\u00e1mica sin Aletas DNF\u2026","rel":"","context":"En \u00abApnea\u00bb","block_context":{"text":"Apnea","link":"https:\/\/www.sportalsub.net\/blog\/category\/modalidades\/apnea\/"},"img":{"alt_text":"","src":"https:\/\/i0.wp.com\/www.sportalsub.net\/blog\/wp-content\/uploads\/2020\/02\/aidaburgas2022.jpg?resize=350%2C200&ssl=1","width":350,"height":200,"srcset":"https:\/\/i0.wp.com\/www.sportalsub.net\/blog\/wp-content\/uploads\/2020\/02\/aidaburgas2022.jpg?resize=350%2C200&ssl=1 1x, https:\/\/i0.wp.com\/www.sportalsub.net\/blog\/wp-content\/uploads\/2020\/02\/aidaburgas2022.jpg?resize=525%2C300&ssl=1 1.5x, https:\/\/i0.wp.com\/www.sportalsub.net\/blog\/wp-content\/uploads\/2020\/02\/aidaburgas2022.jpg?resize=700%2C400&ssl=1 2x"},"classes":[]},{"id":45831,"url":"https:\/\/www.sportalsub.net\/blog\/magdalena-solich-talanda-de-polonia-nuevo-record-mundial-cmas-apnea-dinamica-con-monoaleta\/","url_meta":{"origin":69902,"position":3},"title":"\ud83c\uddf5\ud83c\uddf1 Magdalena Solich-Talanda de Polonia Nuevo R\u00e9cord Mundial CMAS Apnea Din\u00e1mica con Monoaleta","author":"Sportalsub.net","date":"27 junio 2021","format":false,"excerpt":"(Sportalsub.net) \u2013\u00a0Read in English Magdalena Solich-Talanda\u00a0(Polonia) Nuevo R\u00e9cord Mundial en Din\u00e1mica con Monoaleta con registro de 265,70 metros en el \u00a011\u00b0 Campeonato Mundial de Apnea Indoor CMAS 2021 \u2013 Belgrado, Serbia El\u00a0R\u00e9cord Mundial previo era de 261,40 metros realizado por Cristina Francone de Italia en mayo de 2021\u00a0en Cagliari, Italia\u2026","rel":"","context":"En \u00abApnea\u00bb","block_context":{"text":"Apnea","link":"https:\/\/www.sportalsub.net\/blog\/category\/modalidades\/apnea\/"},"img":{"alt_text":"","src":"https:\/\/i0.wp.com\/www.sportalsub.net\/blog\/wp-content\/uploads\/2021\/06\/magdalenawr.jpg?resize=350%2C200&ssl=1","width":350,"height":200,"srcset":"https:\/\/i0.wp.com\/www.sportalsub.net\/blog\/wp-content\/uploads\/2021\/06\/magdalenawr.jpg?resize=350%2C200&ssl=1 1x, https:\/\/i0.wp.com\/www.sportalsub.net\/blog\/wp-content\/uploads\/2021\/06\/magdalenawr.jpg?resize=525%2C300&ssl=1 1.5x, https:\/\/i0.wp.com\/www.sportalsub.net\/blog\/wp-content\/uploads\/2021\/06\/magdalenawr.jpg?resize=700%2C400&ssl=1 2x"},"classes":[]},{"id":16303,"url":"https:\/\/www.sportalsub.net\/blog\/stig-severinsen-y-sus-records-mundiales-bajo-hielo-el-hombre-que-no-respira-videos\/","url_meta":{"origin":69902,"position":4},"title":"\ud83c\udde9\ud83c\uddf0 Stig Severinsen y sus R\u00e9cords Mundiales Bajo Hielo: El hombre que no respira + Videos","author":"Sportalsub.net","date":"8 noviembre 2013","format":false,"excerpt":"(Especial Sportalsub.net \/ Breatheology \/Discovery) Un viejo y buen amigo de Sportsub & Sportalsub.net, el apneista Dan\u00e9s Stig Avall Severinsen\u00a0ha logrado recientemente, durante los meses de septiembre y octubre 2013, 2 r\u00e9cords mundiales y r\u00e9cords guiness de apnea bajo hielo, al recorrer una distancia de 500 pies (152,4 metros) de\u2026","rel":"","context":"En \u00abApnea\u00bb","block_context":{"text":"Apnea","link":"https:\/\/www.sportalsub.net\/blog\/category\/modalidades\/apnea\/"},"img":{"alt_text":"","src":"https:\/\/i0.wp.com\/www.sportalsub.net\/blog\/wp-content\/uploads\/2013\/11\/sitg-hielo.jpg?resize=350%2C200&ssl=1","width":350,"height":200,"srcset":"https:\/\/i0.wp.com\/www.sportalsub.net\/blog\/wp-content\/uploads\/2013\/11\/sitg-hielo.jpg?resize=350%2C200&ssl=1 1x, https:\/\/i0.wp.com\/www.sportalsub.net\/blog\/wp-content\/uploads\/2013\/11\/sitg-hielo.jpg?resize=525%2C300&ssl=1 1.5x"},"classes":[]},{"id":45426,"url":"https:\/\/www.sportalsub.net\/blog\/cristina-francone-de-italia-implanta-dos-nuevos-records-mundiales-de-apnea-dinamica-cmas\/","url_meta":{"origin":69902,"position":5},"title":"\ud83c\uddee\ud83c\uddf9 Cristina Francone de Italia implanta dos nuevos r\u00e9cords mundiales de apnea din\u00e1mica CMAS","author":"Sportalsub.net","date":"3 mayo 2021","format":false,"excerpt":"(Sportalsub.net \/ FIPSAS) - Read in English La apneista italiana Cristina Francone ha implantado dos nuevos r\u00e9cords mundiales de apnea de la Confederaci\u00f3n Mundial de Actividades Subacu\u00e1ticas (CMAS), durante el fin de semana 1 y 2 de mayo, en la competencia avalada por la Federaci\u00f3n Italiana de Pesca Deportiva y\u2026","rel":"","context":"En \u00abApnea\u00bb","block_context":{"text":"Apnea","link":"https:\/\/www.sportalsub.net\/blog\/category\/modalidades\/apnea\/"},"img":{"alt_text":"","src":"https:\/\/i0.wp.com\/www.sportalsub.net\/blog\/wp-content\/uploads\/2021\/05\/cristinafrancone.jpg?resize=350%2C200&ssl=1","width":350,"height":200,"srcset":"https:\/\/i0.wp.com\/www.sportalsub.net\/blog\/wp-content\/uploads\/2021\/05\/cristinafrancone.jpg?resize=350%2C200&ssl=1 1x, https:\/\/i0.wp.com\/www.sportalsub.net\/blog\/wp-content\/uploads\/2021\/05\/cristinafrancone.jpg?resize=525%2C300&ssl=1 1.5x, https:\/\/i0.wp.com\/www.sportalsub.net\/blog\/wp-content\/uploads\/2021\/05\/cristinafrancone.jpg?resize=700%2C400&ssl=1 2x"},"classes":[]}],"_links":{"self":[{"href":"https:\/\/www.sportalsub.net\/blog\/wp-json\/wp\/v2\/posts\/69902","targetHints":{"allow":["GET"]}}],"collection":[{"href":"https:\/\/www.sportalsub.net\/blog\/wp-json\/wp\/v2\/posts"}],"about":[{"href":"https:\/\/www.sportalsub.net\/blog\/wp-json\/wp\/v2\/types\/post"}],"author":[{"embeddable":true,"href":"https:\/\/www.sportalsub.net\/blog\/wp-json\/wp\/v2\/users\/1"}],"replies":[{"embeddable":true,"href":"https:\/\/www.sportalsub.net\/blog\/wp-json\/wp\/v2\/comments?post=69902"}],"version-history":[{"count":4,"href":"https:\/\/www.sportalsub.net\/blog\/wp-json\/wp\/v2\/posts\/69902\/revisions"}],"predecessor-version":[{"id":69909,"href":"https:\/\/www.sportalsub.net\/blog\/wp-json\/wp\/v2\/posts\/69902\/revisions\/69909"}],"wp:featuredmedia":[{"embeddable":true,"href":"https:\/\/www.sportalsub.net\/blog\/wp-json\/wp\/v2\/media\/69904"}],"wp:attachment":[{"href":"https:\/\/www.sportalsub.net\/blog\/wp-json\/wp\/v2\/media?parent=69902"}],"wp:term":[{"taxonomy":"category","embeddable":true,"href":"https:\/\/www.sportalsub.net\/blog\/wp-json\/wp\/v2\/categories?post=69902"},{"taxonomy":"post_tag","embeddable":true,"href":"https:\/\/www.sportalsub.net\/blog\/wp-json\/wp\/v2\/tags?post=69902"}],"curies":[{"name":"wp","href":"https:\/\/api.w.org\/{rel}","templated":true}]}}