{"id":69941,"date":"2024-02-27T11:01:55","date_gmt":"2024-02-27T15:01:55","guid":{"rendered":"https:\/\/www.sportalsub.net\/blog\/?p=69941"},"modified":"2024-02-27T11:01:55","modified_gmt":"2024-02-27T15:01:55","slug":"%f0%9f%87%ad%f0%9f%87%b7-dos-records-mundiales-de-apnea-dinamica-bajo-hielo-cmas-para-valentina-cafolla-de-croacia-en-italia-%f0%9f%87%ae%f0%9f%87%b9","status":"publish","type":"post","link":"https:\/\/www.sportalsub.net\/blog\/world-records-apnea-under-ice-valentina-cafolla-croatia","title":{"rendered":"\ud83c\udded\ud83c\uddf7 Dos R\u00e9cords Mundiales de Apnea Din\u00e1mica bajo hielo CMAS para Valentina Cafolla de Croacia en Italia \ud83c\uddee\ud83c\uddf9"},"content":{"rendered":"<p><img loading=\"lazy\" decoding=\"async\" class=\"alignnone size-full wp-image-69943\" src=\"https:\/\/www.sportalsub.net\/blog\/wp-content\/uploads\/2024\/02\/2recordshielovalentina.jpg\" alt=\"\" width=\"900\" height=\"600\" srcset=\"https:\/\/www.sportalsub.net\/blog\/wp-content\/uploads\/2024\/02\/2recordshielovalentina.jpg 900w, https:\/\/www.sportalsub.net\/blog\/wp-content\/uploads\/2024\/02\/2recordshielovalentina-300x200.jpg 300w, https:\/\/www.sportalsub.net\/blog\/wp-content\/uploads\/2024\/02\/2recordshielovalentina-768x512.jpg 768w, https:\/\/www.sportalsub.net\/blog\/wp-content\/uploads\/2024\/02\/2recordshielovalentina-450x300.jpg 450w\" sizes=\"auto, (max-width: 900px) 100vw, 900px\" \/><\/p>\n<p>(Sportalsub.net \/ Valentina Cafolla \/ CMAS)<br \/>\n<a href=\"https:\/\/www.sportalsub.net\/en\/world-records-apnea-under-ice-valentina-cafolla-croatia\">Read in English<\/a><\/p>\n<p>Los d\u00edas viernes 23 y s\u00e1bado 24 de febrero de 2024 la apneista croata <a href=\"https:\/\/www.instagram.com\/c.valentina\/\" target=\"_blank\"><strong>Valentina Cafolla<\/strong><\/a> implant\u00f3 dos nuevos r\u00e9cords mundiales de apnea din\u00e1mica bajo hielo de la Confederaci\u00f3n Mundial de Actividades Subacu\u00e1ticas (CMAS) en el lago de Anterselva en Italia.<\/p>\n<p>El viernes 23 lo hizo en la modalidad de apnea din\u00e1mica con monoaleta con una distancia de 140 metros, superando el <a href=\"https:\/\/www.sportalsub.net\/blog\/world-record-apnea-under-ice-yasuko-ozeki-japan\" target=\"_blank\" rel=\"noopener\">r\u00e9cord establecido un d\u00eda antes por la japonesa Yasuko Ozeki (126 metros)<\/a>; mientras que el s\u00e1bado 24 realiz\u00f3 el r\u00e9cord en la modalidad de din\u00e1mica con bialetas recorriendo 80 metros implantando el primer registro mundial para la CMAS en esta modalidad extrema bajo hielo.<\/p>\n<p>Felicitaciones a Valentina! #sersubacuatico<\/p>\n<blockquote class=\"instagram-media\" style=\"background: #FFF; border: 0; border-radius: 3px; box-shadow: 0 0 1px 0 rgba(0,0,0,0.5),0 1px 10px 0 rgba(0,0,0,0.15); margin: 1px; max-width: 540px; min-width: 326px; padding: 0; width: calc(100% - 2px);\" data-instgrm-captioned=\"\" data-instgrm-permalink=\"https:\/\/www.instagram.com\/p\/C3u4ShKMA1a\/?utm_source=ig_embed&amp;utm_campaign=loading\" data-instgrm-version=\"14\">\n<div style=\"padding: 16px;\">\n<p>&nbsp;<\/p>\n<div style=\"display: flex; flex-direction: row; align-items: center;\">\n<div style=\"background-color: #f4f4f4; border-radius: 50%; flex-grow: 0; height: 40px; margin-right: 14px; width: 40px;\"><\/div>\n<div style=\"display: flex; flex-direction: column; flex-grow: 1; justify-content: center;\">\n<div style=\"background-color: #f4f4f4; border-radius: 4px; flex-grow: 0; height: 14px; margin-bottom: 6px; width: 100px;\"><\/div>\n<div style=\"background-color: #f4f4f4; border-radius: 4px; flex-grow: 0; height: 14px; width: 60px;\"><\/div>\n<\/div>\n<\/div>\n<div style=\"padding: 19% 0;\"><\/div>\n<div style=\"display: block; height: 50px; margin: 0 auto 12px; width: 50px;\"><\/div>\n<div style=\"padding-top: 8px;\">\n<div style=\"color: #3897f0; font-family: Arial,sans-serif; font-size: 14px; font-style: normal; font-weight: 550; line-height: 18px;\">Ver esta publicaci\u00f3n en Instagram<\/div>\n<\/div>\n<div style=\"padding: 12.5% 0;\"><\/div>\n<div style=\"display: flex; flex-direction: row; margin-bottom: 14px; align-items: center;\">\n<div>\n<div style=\"background-color: #f4f4f4; border-radius: 50%; height: 12.5px; width: 12.5px; transform: translateX(0px) translateY(7px);\"><\/div>\n<div style=\"background-color: #f4f4f4; height: 12.5px; transform: rotate(-45deg) translateX(3px) translateY(1px); width: 12.5px; flex-grow: 0; margin-right: 14px; margin-left: 2px;\"><\/div>\n<div style=\"background-color: #f4f4f4; border-radius: 50%; height: 12.5px; width: 12.5px; transform: translateX(9px) translateY(-18px);\"><\/div>\n<\/div>\n<div style=\"margin-left: 8px;\">\n<div style=\"background-color: #f4f4f4; border-radius: 50%; flex-grow: 0; height: 20px; width: 20px;\"><\/div>\n<div style=\"width: 0; height: 0; border-top: 2px solid transparent; border-left: 6px solid #f4f4f4; border-bottom: 2px solid transparent; transform: translateX(16px) translateY(-4px) rotate(30deg);\"><\/div>\n<\/div>\n<div style=\"margin-left: auto;\">\n<div style=\"width: 0px; border-top: 8px solid #F4F4F4; border-right: 8px solid transparent; transform: translateY(16px);\"><\/div>\n<div style=\"background-color: #f4f4f4; flex-grow: 0; height: 12px; width: 16px; transform: translateY(-4px);\"><\/div>\n<div style=\"width: 0; height: 0; border-top: 8px solid #F4F4F4; border-left: 8px solid transparent; transform: translateY(-4px) translateX(8px);\"><\/div>\n<\/div>\n<\/div>\n<div style=\"display: flex; flex-direction: column; flex-grow: 1; justify-content: center; margin-bottom: 24px;\">\n<div style=\"background-color: #f4f4f4; border-radius: 4px; flex-grow: 0; height: 14px; margin-bottom: 6px; width: 224px;\"><\/div>\n<div style=\"background-color: #f4f4f4; border-radius: 4px; flex-grow: 0; height: 14px; width: 144px;\"><\/div>\n<\/div>\n<p>&nbsp;<\/p>\n<p style=\"color: #c9c8cd; font-family: Arial,sans-serif; font-size: 14px; line-height: 17px; margin-bottom: 0; margin-top: 8px; overflow: hidden; padding: 8px 0 7px; text-align: center; text-overflow: ellipsis; white-space: nowrap;\"><a href=\"https:\/\/www.instagram.com\/p\/C3u4ShKMA1a\/?utm_source=ig_embed&amp;utm_campaign=loading\"style=\"color: #c9c8cd; font-family: Arial,sans-serif; font-size: 14px; font-style: normal; font-weight: normal; line-height: 17px; text-decoration: none;\"  target=\"_blank\" rel=\"noopener\" target=\"_blank\">Una publicaci\u00f3n compartida por Pescasub&amp;Apnea-Rivista (@pescasub_e_apnea)<\/a><\/p>\n<\/div>\n<\/blockquote>\n<p><script async src=\"\/\/www.instagram.com\/embed.js\"><\/script><\/p>\n<blockquote class=\"instagram-media\" style=\"background: #FFF; border: 0; border-radius: 3px; box-shadow: 0 0 1px 0 rgba(0,0,0,0.5),0 1px 10px 0 rgba(0,0,0,0.15); margin: 1px; max-width: 540px; min-width: 326px; padding: 0; width: calc(100% - 2px);\" data-instgrm-captioned=\"\" data-instgrm-permalink=\"https:\/\/www.instagram.com\/p\/C3sc-vJMnSA\/?utm_source=ig_embed&amp;utm_campaign=loading\" data-instgrm-version=\"14\">\n<div style=\"padding: 16px;\">\n<p>&nbsp;<\/p>\n<div style=\"display: flex; flex-direction: row; align-items: center;\">\n<div style=\"background-color: #f4f4f4; border-radius: 50%; flex-grow: 0; height: 40px; margin-right: 14px; width: 40px;\"><\/div>\n<div style=\"display: flex; flex-direction: column; flex-grow: 1; justify-content: center;\">\n<div style=\"background-color: #f4f4f4; border-radius: 4px; flex-grow: 0; height: 14px; margin-bottom: 6px; width: 100px;\"><\/div>\n<div style=\"background-color: #f4f4f4; border-radius: 4px; flex-grow: 0; height: 14px; width: 60px;\"><\/div>\n<\/div>\n<\/div>\n<div style=\"padding: 19% 0;\"><\/div>\n<div style=\"display: block; height: 50px; margin: 0 auto 12px; width: 50px;\"><\/div>\n<div style=\"padding-top: 8px;\">\n<div style=\"color: #3897f0; font-family: Arial,sans-serif; font-size: 14px; font-style: normal; font-weight: 550; line-height: 18px;\">Ver esta publicaci\u00f3n en Instagram<\/div>\n<\/div>\n<div style=\"padding: 12.5% 0;\"><\/div>\n<div style=\"display: flex; flex-direction: row; margin-bottom: 14px; align-items: center;\">\n<div>\n<div style=\"background-color: #f4f4f4; border-radius: 50%; height: 12.5px; width: 12.5px; transform: translateX(0px) translateY(7px);\"><\/div>\n<div style=\"background-color: #f4f4f4; height: 12.5px; transform: rotate(-45deg) translateX(3px) translateY(1px); width: 12.5px; flex-grow: 0; margin-right: 14px; margin-left: 2px;\"><\/div>\n<div style=\"background-color: #f4f4f4; border-radius: 50%; height: 12.5px; width: 12.5px; transform: translateX(9px) translateY(-18px);\"><\/div>\n<\/div>\n<div style=\"margin-left: 8px;\">\n<div style=\"background-color: #f4f4f4; border-radius: 50%; flex-grow: 0; height: 20px; width: 20px;\"><\/div>\n<div style=\"width: 0; height: 0; border-top: 2px solid transparent; border-left: 6px solid #f4f4f4; border-bottom: 2px solid transparent; transform: translateX(16px) translateY(-4px) rotate(30deg);\"><\/div>\n<\/div>\n<div style=\"margin-left: auto;\">\n<div style=\"width: 0px; border-top: 8px solid #F4F4F4; border-right: 8px solid transparent; transform: translateY(16px);\"><\/div>\n<div style=\"background-color: #f4f4f4; flex-grow: 0; height: 12px; width: 16px; transform: translateY(-4px);\"><\/div>\n<div style=\"width: 0; height: 0; border-top: 8px solid #F4F4F4; border-left: 8px solid transparent; transform: translateY(-4px) translateX(8px);\"><\/div>\n<\/div>\n<\/div>\n<div style=\"display: flex; flex-direction: column; flex-grow: 1; justify-content: center; margin-bottom: 24px;\">\n<div style=\"background-color: #f4f4f4; border-radius: 4px; flex-grow: 0; height: 14px; margin-bottom: 6px; width: 224px;\"><\/div>\n<div style=\"background-color: #f4f4f4; border-radius: 4px; flex-grow: 0; height: 14px; width: 144px;\"><\/div>\n<\/div>\n<p>&nbsp;<\/p>\n<p style=\"color: #c9c8cd; font-family: Arial,sans-serif; font-size: 14px; line-height: 17px; margin-bottom: 0; margin-top: 8px; overflow: hidden; padding: 8px 0 7px; text-align: center; text-overflow: ellipsis; white-space: nowrap;\"><a href=\"https:\/\/www.instagram.com\/p\/C3sc-vJMnSA\/?utm_source=ig_embed&amp;utm_campaign=loading\"style=\"color: #c9c8cd; font-family: Arial,sans-serif; font-size: 14px; font-style: normal; font-weight: normal; line-height: 17px; text-decoration: none;\"  target=\"_blank\" rel=\"noopener\" target=\"_blank\">Una publicaci\u00f3n compartida por Apneapassion Freediving (@apneapassion_freediving)<\/a><\/p>\n<\/div>\n<\/blockquote>\n<p><script async src=\"\/\/www.instagram.com\/embed.js\"><\/script><\/p>\n<blockquote class=\"instagram-media\" style=\"background: #FFF; border: 0; border-radius: 3px; box-shadow: 0 0 1px 0 rgba(0,0,0,0.5),0 1px 10px 0 rgba(0,0,0,0.15); margin: 1px; max-width: 540px; min-width: 326px; padding: 0; width: calc(100% - 2px);\" data-instgrm-captioned=\"\" data-instgrm-permalink=\"https:\/\/www.instagram.com\/p\/C3xG-LSN8vW\/?utm_source=ig_embed&amp;utm_campaign=loading\" data-instgrm-version=\"14\">\n<div style=\"padding: 16px;\">\n<p>&nbsp;<\/p>\n<div style=\"display: flex; flex-direction: row; align-items: center;\">\n<div style=\"background-color: #f4f4f4; border-radius: 50%; flex-grow: 0; height: 40px; margin-right: 14px; width: 40px;\"><\/div>\n<div style=\"display: flex; flex-direction: column; flex-grow: 1; justify-content: center;\">\n<div style=\"background-color: #f4f4f4; border-radius: 4px; flex-grow: 0; height: 14px; margin-bottom: 6px; width: 100px;\"><\/div>\n<div style=\"background-color: #f4f4f4; border-radius: 4px; flex-grow: 0; height: 14px; width: 60px;\"><\/div>\n<\/div>\n<\/div>\n<div style=\"padding: 19% 0;\"><\/div>\n<div style=\"display: block; height: 50px; margin: 0 auto 12px; width: 50px;\"><\/div>\n<div style=\"padding-top: 8px;\">\n<div style=\"color: #3897f0; font-family: Arial,sans-serif; font-size: 14px; font-style: normal; font-weight: 550; line-height: 18px;\">Ver esta publicaci\u00f3n en Instagram<\/div>\n<\/div>\n<div style=\"padding: 12.5% 0;\"><\/div>\n<div style=\"display: flex; flex-direction: row; margin-bottom: 14px; align-items: center;\">\n<div>\n<div style=\"background-color: #f4f4f4; border-radius: 50%; height: 12.5px; width: 12.5px; transform: translateX(0px) translateY(7px);\"><\/div>\n<div style=\"background-color: #f4f4f4; height: 12.5px; transform: rotate(-45deg) translateX(3px) translateY(1px); width: 12.5px; flex-grow: 0; margin-right: 14px; margin-left: 2px;\"><\/div>\n<div style=\"background-color: #f4f4f4; border-radius: 50%; height: 12.5px; width: 12.5px; transform: translateX(9px) translateY(-18px);\"><\/div>\n<\/div>\n<div style=\"margin-left: 8px;\">\n<div style=\"background-color: #f4f4f4; border-radius: 50%; flex-grow: 0; height: 20px; width: 20px;\"><\/div>\n<div style=\"width: 0; height: 0; border-top: 2px solid transparent; border-left: 6px solid #f4f4f4; border-bottom: 2px solid transparent; transform: translateX(16px) translateY(-4px) rotate(30deg);\"><\/div>\n<\/div>\n<div style=\"margin-left: auto;\">\n<div style=\"width: 0px; border-top: 8px solid #F4F4F4; border-right: 8px solid transparent; transform: translateY(16px);\"><\/div>\n<div style=\"background-color: #f4f4f4; flex-grow: 0; height: 12px; width: 16px; transform: translateY(-4px);\"><\/div>\n<div style=\"width: 0; height: 0; border-top: 8px solid #F4F4F4; border-left: 8px solid transparent; transform: translateY(-4px) translateX(8px);\"><\/div>\n<\/div>\n<\/div>\n<div style=\"display: flex; flex-direction: column; flex-grow: 1; justify-content: center; margin-bottom: 24px;\">\n<div style=\"background-color: #f4f4f4; border-radius: 4px; flex-grow: 0; height: 14px; margin-bottom: 6px; width: 224px;\"><\/div>\n<div style=\"background-color: #f4f4f4; border-radius: 4px; flex-grow: 0; height: 14px; width: 144px;\"><\/div>\n<\/div>\n<p>&nbsp;<\/p>\n<p style=\"color: #c9c8cd; font-family: Arial,sans-serif; font-size: 14px; line-height: 17px; margin-bottom: 0; margin-top: 8px; overflow: hidden; padding: 8px 0 7px; text-align: center; text-overflow: ellipsis; white-space: nowrap;\"><a href=\"https:\/\/www.instagram.com\/p\/C3xG-LSN8vW\/?utm_source=ig_embed&amp;utm_campaign=loading\"style=\"color: #c9c8cd; font-family: Arial,sans-serif; font-size: 14px; font-style: normal; font-weight: normal; line-height: 17px; text-decoration: none;\"  target=\"_blank\" rel=\"noopener\" target=\"_blank\">Una publicaci\u00f3n compartida por CMAS (@cmasorg)<\/a><\/p>\n<\/div>\n<\/blockquote>\n<p><script async src=\"\/\/www.instagram.com\/embed.js\"><\/script><\/p>\n<p><a href=\"https:\/\/www.cmas.org\/media\/pdf\/CMAS%20OUTDOOR%20WR%20ICE%20DIVING_01JAN2024.pdf\" target=\"_blank\"><strong>RECORDS MUNDIALES DE APNEA BAJO HIELO CMAS (actualizados hasta enero 2024)<\/strong><\/a><\/p>\n","protected":false},"excerpt":{"rendered":"<p>(Sportalsub.net \/ Valentina Cafolla \/ CMAS) Read in English Los d\u00edas viernes 23 y s\u00e1bado 24 de febrero de 2024 la apneista croata Valentina Cafolla implant\u00f3 dos nuevos r\u00e9cords mundiales de apnea din\u00e1mica bajo hielo de la Confederaci\u00f3n Mundial de Actividades Subacu\u00e1ticas (CMAS) en el lago de Anterselva en Italia. El viernes 23 lo hizo en la modalidad de apnea [&#8230;]<\/p>\n","protected":false},"author":1,"featured_media":69943,"comment_status":"open","ping_status":"closed","sticky":false,"template":"","format":"standard","meta":{"_lmt_disableupdate":"no","_lmt_disable":"no","jetpack_post_was_ever_published":false,"_jetpack_newsletter_access":"","_jetpack_dont_email_post_to_subs":false,"_jetpack_newsletter_tier_id":0,"_jetpack_memberships_contains_paywalled_content":false,"_jetpack_memberships_contains_paid_content":false,"footnotes":"","jetpack_publicize_message":"Dos R\u00e9cords Mundiales de Apnea Din\u00e1mica bajo hielo CMAS para Valentina Cafolla de Croacia en Italia","jetpack_publicize_feature_enabled":true,"jetpack_social_post_already_shared":true,"jetpack_social_options":{"image_generator_settings":{"template":"highway","default_image_id":0,"font":"","enabled":false},"version":2}},"categories":[9,140,118,120],"tags":[450],"class_list":["post-69941","post","type-post","status-publish","format-standard","has-post-thumbnail","hentry","category-apnea","category-croacia","category-italia","category-resultados","tag-destacados"],"modified_by":"Sportalsub.net","views":1182,"jetpack_publicize_connections":[],"jetpack_featured_media_url":"https:\/\/www.sportalsub.net\/blog\/wp-content\/uploads\/2024\/02\/2recordshielovalentina.jpg","jetpack_sharing_enabled":true,"jetpack_shortlink":"https:\/\/wp.me\/pf9lN-ic5","jetpack_likes_enabled":false,"jetpack-related-posts":[{"id":69902,"url":"https:\/\/www.sportalsub.net\/blog\/world-record-apnea-under-ice-yasuko-ozeki-japan","url_meta":{"origin":69941,"position":0},"title":"\ud83c\uddef\ud83c\uddf5 Nuevo R\u00e9cord Mundial de Apnea Din\u00e1mica con Monoaleta bajo hielo para Ozeki Yasuko de Jap\u00f3n","author":"Sportalsub.net","date":"22 febrero 2024","format":false,"excerpt":"(Sportalsub.net \/ Yasuko Ozeki \/ CMAS) - Read in English El 22 de febrero, en Utoro, Jap\u00f3n, Yasuko Ozeki estableci\u00f3 con \u00e9xito un nuevo r\u00e9cord mundial en la disciplina de apnea din\u00e1mica con monoaleta (bajo hielo) con traje de neopreno realizando una distancia de 126 metros. Este r\u00e9cord marca dos\u2026","rel":"","context":"En \u00abApnea\u00bb","block_context":{"text":"Apnea","link":"https:\/\/www.sportalsub.net\/blog\/category\/modalidades\/apnea\/"},"img":{"alt_text":"","src":"https:\/\/i0.wp.com\/www.sportalsub.net\/blog\/wp-content\/uploads\/2024\/02\/record-ozeki-yasuko.jpg?resize=350%2C200&ssl=1","width":350,"height":200,"srcset":"https:\/\/i0.wp.com\/www.sportalsub.net\/blog\/wp-content\/uploads\/2024\/02\/record-ozeki-yasuko.jpg?resize=350%2C200&ssl=1 1x, https:\/\/i0.wp.com\/www.sportalsub.net\/blog\/wp-content\/uploads\/2024\/02\/record-ozeki-yasuko.jpg?resize=525%2C300&ssl=1 1.5x, https:\/\/i0.wp.com\/www.sportalsub.net\/blog\/wp-content\/uploads\/2024\/02\/record-ozeki-yasuko.jpg?resize=700%2C400&ssl=1 2x"},"classes":[]},{"id":18757,"url":"https:\/\/www.sportalsub.net\/blog\/iv-campeonato-europeo-de-apnea-cmas-en-tenerife-espana\/","url_meta":{"origin":69941,"position":1},"title":"\ud83c\uddea\ud83c\uddf8 IV Campeonato Europeo de Apnea CMAS en Tenerife, Espa\u00f1a + Resultados","author":"Sportalsub.net","date":"20 octubre 2014","format":false,"excerpt":"(Sportalsub.net \/ CMAS \/ FEDAS \/ FEDECAS) Italia Campe\u00f3n Europeo de Apnea CMAS Italia se titula Campe\u00f3n del IV Campeonato Europeo de Apnea CMAS con 3 medallas de oro, 1 de plata y 2 de bronce, seguido de Croacia con 1 de oro y 2 de bronce, mientras que Serbia\u2026","rel":"","context":"En \u00abApnea\u00bb","block_context":{"text":"Apnea","link":"https:\/\/www.sportalsub.net\/blog\/category\/modalidades\/apnea\/"},"img":{"alt_text":"","src":"https:\/\/i0.wp.com\/www.sportalsub.net\/blog\/wp-content\/uploads\/2014\/10\/europeocmas.jpg?resize=350%2C200&ssl=1","width":350,"height":200,"srcset":"https:\/\/i0.wp.com\/www.sportalsub.net\/blog\/wp-content\/uploads\/2014\/10\/europeocmas.jpg?resize=350%2C200&ssl=1 1x, https:\/\/i0.wp.com\/www.sportalsub.net\/blog\/wp-content\/uploads\/2014\/10\/europeocmas.jpg?resize=525%2C300&ssl=1 1.5x"},"classes":[]},{"id":11155,"url":"https:\/\/www.sportalsub.net\/blog\/goran-colak-de-croacia-implanta-nuevo-record-mundial-de-apnea-dinamica-con-273-metros\/","url_meta":{"origin":69941,"position":2},"title":"\ud83c\udded\ud83c\uddf7 Goran Colak de Croacia implanta nuevo R\u00e9cord Mundial de Apnea Din\u00e1mica con 273 metros","author":"Sportalsub.net","date":"15 octubre 2011","format":false,"excerpt":"(Especial Sportalsub.net) El apneista de Croacia, Goran Colak implant\u00f3 este s\u00e1bado 15 de octubre un nuevo r\u00e9cord mundial en la modalidad de apnea din\u00e1mica, con marca de 273 metros, en la final del Campeonato Mundial AIDA 2011 que se realiza en Lignano Sabbiadoro, Italia. Con este registro Colak super\u00f3 el\u2026","rel":"","context":"En \u00abApnea\u00bb","block_context":{"text":"Apnea","link":"https:\/\/www.sportalsub.net\/blog\/category\/modalidades\/apnea\/"},"img":{"alt_text":"","src":"https:\/\/i0.wp.com\/www.sportalsub.net\/blog\/wp-content\/uploads\/2011\/10\/goran-colak.jpg?resize=350%2C200&ssl=1","width":350,"height":200,"srcset":"https:\/\/i0.wp.com\/www.sportalsub.net\/blog\/wp-content\/uploads\/2011\/10\/goran-colak.jpg?resize=350%2C200&ssl=1 1x, https:\/\/i0.wp.com\/www.sportalsub.net\/blog\/wp-content\/uploads\/2011\/10\/goran-colak.jpg?resize=525%2C300&ssl=1 1.5x"},"classes":[]},{"id":43563,"url":"https:\/\/www.sportalsub.net\/blog\/mirela-vanja-records-cmas-dnf-25-2020","url_meta":{"origin":69941,"position":3},"title":"\ud83c\udded\ud83c\uddf7 Mirela Kardasevic y Vanja Peles de Croacia: Nuevos R\u00e9cords Mundiales Apnea Din\u00e1mica sin Aletas CMAS","author":"Sportalsub.net","date":"19 noviembre 2020","format":false,"excerpt":"(Sportalsub.net \/ Mirela Kardasevic) - Read in English El pasado fin de semana 14 y 15 de Noviembre 2020 se llevaron a cabo en Zagreb, Croacia los Campeonatos Nacionales de Apnea Est\u00e1tica y Din\u00e1mica sin Aletas (piscina de 25 metros) en donde los apneistas croatas Mirela Kardasevic y Vanja Pele\u0161\u2026","rel":"","context":"En \u00abApnea\u00bb","block_context":{"text":"Apnea","link":"https:\/\/www.sportalsub.net\/blog\/category\/modalidades\/apnea\/"},"img":{"alt_text":"","src":"https:\/\/i0.wp.com\/www.sportalsub.net\/blog\/wp-content\/uploads\/2020\/11\/mirela-vanja.jpg?resize=350%2C200&ssl=1","width":350,"height":200,"srcset":"https:\/\/i0.wp.com\/www.sportalsub.net\/blog\/wp-content\/uploads\/2020\/11\/mirela-vanja.jpg?resize=350%2C200&ssl=1 1x, https:\/\/i0.wp.com\/www.sportalsub.net\/blog\/wp-content\/uploads\/2020\/11\/mirela-vanja.jpg?resize=525%2C300&ssl=1 1.5x, https:\/\/i0.wp.com\/www.sportalsub.net\/blog\/wp-content\/uploads\/2020\/11\/mirela-vanja.jpg?resize=700%2C400&ssl=1 2x"},"classes":[]},{"id":2637,"url":"https:\/\/www.sportalsub.net\/blog\/resultados-del-mundial-de-apnea-dinamica-cmas-2009\/","url_meta":{"origin":69941,"position":4},"title":"\ud83c\udde9\ud83c\uddf0 Resultados del Mundial de Apnea Din\u00e1mica CMAS 2009","author":"Sportalsub.net","date":"23 agosto 2009","format":false,"excerpt":"Croacia, con 2 medallas de Oro, se llev\u00f3 el t\u00edtulo en las ramas masculina y femenina en el 5to Campeonato Mundial de Apnea CMAS, en la modalidad de apnea din\u00e1mica, realizado en Dinamarca del 19 al 22 de Agosto de 2009. En femenino el t\u00edtulo fue para la croata Lidija\u2026","rel":"","context":"En \u00abApnea\u00bb","block_context":{"text":"Apnea","link":"https:\/\/www.sportalsub.net\/blog\/category\/modalidades\/apnea\/"},"img":{"alt_text":"","src":"https:\/\/i0.wp.com\/www.sportalsub.net\/blog\/wp-content\/uploads\/2013\/11\/bari_apneadinamic00042.jpg?resize=350%2C200&ssl=1","width":350,"height":200,"srcset":"https:\/\/i0.wp.com\/www.sportalsub.net\/blog\/wp-content\/uploads\/2013\/11\/bari_apneadinamic00042.jpg?resize=350%2C200&ssl=1 1x, https:\/\/i0.wp.com\/www.sportalsub.net\/blog\/wp-content\/uploads\/2013\/11\/bari_apneadinamic00042.jpg?resize=525%2C300&ssl=1 1.5x, https:\/\/i0.wp.com\/www.sportalsub.net\/blog\/wp-content\/uploads\/2013\/11\/bari_apneadinamic00042.jpg?resize=700%2C400&ssl=1 2x"},"classes":[]},{"id":6360,"url":"https:\/\/www.sportalsub.net\/blog\/resultados-finales-apnea-jump-blue-en-el-2do-campeonato-europeo-cmas\/","url_meta":{"origin":69941,"position":5},"title":"\ud83c\uddea\ud83c\uddf8 Resultados finales Apnea Jump Blue en el 2do Campeonato Europeo CMAS","author":"Sportalsub.net","date":"10 octubre 2010","format":false,"excerpt":"(Especial Sportalsub.net) M\u00f3nica Barbero de Italia con 144 metros de recorrido y Alfredo Roen de Espa\u00f1a con una marca de 171,5 metros, se proclaman campeones de Europa, ambos con R\u00e9cords Mundiales en la modalidad de apnea Jump Blue en la jornada final de esta modalidad en el 2do Campeonato Europeo\u2026","rel":"","context":"En \u00abApnea\u00bb","block_context":{"text":"Apnea","link":"https:\/\/www.sportalsub.net\/blog\/category\/modalidades\/apnea\/"},"img":{"alt_text":"","src":"https:\/\/i0.wp.com\/www.sportalsub.net\/blog\/wp-content\/uploads\/2010\/10\/tenerife2010.jpg?resize=350%2C200&ssl=1","width":350,"height":200,"srcset":"https:\/\/i0.wp.com\/www.sportalsub.net\/blog\/wp-content\/uploads\/2010\/10\/tenerife2010.jpg?resize=350%2C200&ssl=1 1x, https:\/\/i0.wp.com\/www.sportalsub.net\/blog\/wp-content\/uploads\/2010\/10\/tenerife2010.jpg?resize=525%2C300&ssl=1 1.5x"},"classes":[]}],"_links":{"self":[{"href":"https:\/\/www.sportalsub.net\/blog\/wp-json\/wp\/v2\/posts\/69941","targetHints":{"allow":["GET"]}}],"collection":[{"href":"https:\/\/www.sportalsub.net\/blog\/wp-json\/wp\/v2\/posts"}],"about":[{"href":"https:\/\/www.sportalsub.net\/blog\/wp-json\/wp\/v2\/types\/post"}],"author":[{"embeddable":true,"href":"https:\/\/www.sportalsub.net\/blog\/wp-json\/wp\/v2\/users\/1"}],"replies":[{"embeddable":true,"href":"https:\/\/www.sportalsub.net\/blog\/wp-json\/wp\/v2\/comments?post=69941"}],"version-history":[{"count":4,"href":"https:\/\/www.sportalsub.net\/blog\/wp-json\/wp\/v2\/posts\/69941\/revisions"}],"predecessor-version":[{"id":69947,"href":"https:\/\/www.sportalsub.net\/blog\/wp-json\/wp\/v2\/posts\/69941\/revisions\/69947"}],"wp:featuredmedia":[{"embeddable":true,"href":"https:\/\/www.sportalsub.net\/blog\/wp-json\/wp\/v2\/media\/69943"}],"wp:attachment":[{"href":"https:\/\/www.sportalsub.net\/blog\/wp-json\/wp\/v2\/media?parent=69941"}],"wp:term":[{"taxonomy":"category","embeddable":true,"href":"https:\/\/www.sportalsub.net\/blog\/wp-json\/wp\/v2\/categories?post=69941"},{"taxonomy":"post_tag","embeddable":true,"href":"https:\/\/www.sportalsub.net\/blog\/wp-json\/wp\/v2\/tags?post=69941"}],"curies":[{"name":"wp","href":"https:\/\/api.w.org\/{rel}","templated":true}]}}