{"id":72551,"date":"2024-04-14T09:31:23","date_gmt":"2024-04-14T13:31:23","guid":{"rendered":"https:\/\/www.sportalsub.net\/blog\/?p=72551"},"modified":"2024-04-16T07:20:46","modified_gmt":"2024-04-16T11:20:46","slug":"%f0%9f%87%aa%f0%9f%87%b8-campeonato-de-canarias-open-de-apnea-indoor-tenerife-espana","status":"publish","type":"post","link":"https:\/\/www.sportalsub.net\/blog\/campeonato-de-canarias-open-de-apnea-indoor-tenerife-espana\/","title":{"rendered":"\ud83c\uddea\ud83c\uddf8 Resultados &#8211; Campeonato de Canarias Open de Apnea Indoor &#8211; Tenerife, Espa\u00f1a"},"content":{"rendered":"<p><img loading=\"lazy\" decoding=\"async\" class=\"alignnone size-full wp-image-72725\" src=\"https:\/\/www.sportalsub.net\/blog\/wp-content\/uploads\/2024\/04\/apnea-fedecas-espana.jpg\" alt=\"\" width=\"900\" height=\"600\" srcset=\"https:\/\/www.sportalsub.net\/blog\/wp-content\/uploads\/2024\/04\/apnea-fedecas-espana.jpg 900w, https:\/\/www.sportalsub.net\/blog\/wp-content\/uploads\/2024\/04\/apnea-fedecas-espana-300x200.jpg 300w, https:\/\/www.sportalsub.net\/blog\/wp-content\/uploads\/2024\/04\/apnea-fedecas-espana-768x512.jpg 768w, https:\/\/www.sportalsub.net\/blog\/wp-content\/uploads\/2024\/04\/apnea-fedecas-espana-450x300.jpg 450w\" sizes=\"auto, (max-width: 900px) 100vw, 900px\" \/><\/p>\n<p>(Sportalsub.net \/ FEDECAS Espa\u00f1a)<\/p>\n<p>La Federaci\u00f3n Canaria de Actividades Subacu\u00e1ticas (FEDECAS) perteneciente a la Federaci\u00f3n Espa\u00f1ola de Actividades Subacu\u00e1ticas (FEDAS) organiz\u00f3 en el Real Club Na\u00fatico de Santa Cruz de Tenerife el Campeonato de Canarias Open de Apnea Indoor, los d\u00edas 13 y 14 de abril de 2024.<\/p>\n<p><a href=\"https:\/\/www.sportalsub.net\/blog\/wp-content\/uploads\/2024\/04\/CCAI2024-Resultados-y-Clasificacion.pdf\" target=\"_blank\" rel=\"noopener\"><strong>RESULTADOS\u00a0<\/strong><\/a><\/p>\n<p><strong>+info: <a href=\"https:\/\/sites.google.com\/fedecas.es\/ccai2024\/\" target=\"_blank\">Sitio Web Oficial del Evento<\/a> &#8211; <a href=\"mailto:apnea@fedecas.es\">apnea@fedecas.es<\/a><\/strong><\/p>\n<p><iframe loading=\"lazy\" style=\"border: none; overflow: hidden;\" src=\"https:\/\/www.facebook.com\/plugins\/post.php?href=https%3A%2F%2Fwww.facebook.com%2Ffedecas.es%2Fposts%2Fpfbid02iQm7o51V5CjXLMDou2A93DQNDNdXwBUAPjgipB49io8CQxa5LvY9DAwwsK9N3Zvnl&amp;show_text=true&amp;width=500\" width=\"500\" height=\"761\" frameborder=\"0\" scrolling=\"no\" allowfullscreen=\"allowfullscreen\"><\/iframe><\/p>\n<p><img loading=\"lazy\" decoding=\"async\" class=\"alignnone size-large wp-image-72553\" src=\"https:\/\/www.sportalsub.net\/blog\/wp-content\/uploads\/2024\/04\/canariasapneaindoorposter-718x1024.jpg\" alt=\"\" width=\"718\" height=\"1024\" srcset=\"https:\/\/www.sportalsub.net\/blog\/wp-content\/uploads\/2024\/04\/canariasapneaindoorposter-718x1024.jpg 718w, https:\/\/www.sportalsub.net\/blog\/wp-content\/uploads\/2024\/04\/canariasapneaindoorposter-210x300.jpg 210w, https:\/\/www.sportalsub.net\/blog\/wp-content\/uploads\/2024\/04\/canariasapneaindoorposter-768x1096.jpg 768w, https:\/\/www.sportalsub.net\/blog\/wp-content\/uploads\/2024\/04\/canariasapneaindoorposter.jpg 900w\" sizes=\"auto, (max-width: 718px) 100vw, 718px\" \/><\/p>\n","protected":false},"excerpt":{"rendered":"<p>(Sportalsub.net \/ FEDECAS Espa\u00f1a) La Federaci\u00f3n Canaria de Actividades Subacu\u00e1ticas (FEDECAS) perteneciente a la Federaci\u00f3n Espa\u00f1ola de Actividades Subacu\u00e1ticas (FEDAS) organiz\u00f3 en el Real Club Na\u00fatico de Santa Cruz de Tenerife el Campeonato de Canarias Open de Apnea Indoor, los d\u00edas 13 y 14 de abril de 2024. RESULTADOS\u00a0 +info: Sitio Web Oficial del Evento &#8211; apnea@fedecas.es<\/p>\n","protected":false},"author":1,"featured_media":72725,"comment_status":"open","ping_status":"closed","sticky":false,"template":"","format":"standard","meta":{"_lmt_disableupdate":"no","_lmt_disable":"no","jetpack_post_was_ever_published":false,"_jetpack_newsletter_access":"","_jetpack_dont_email_post_to_subs":false,"_jetpack_newsletter_tier_id":0,"_jetpack_memberships_contains_paywalled_content":false,"_jetpack_memberships_contains_paid_content":false,"footnotes":"","jetpack_publicize_message":"\ud83c\uddea\ud83c\uddf8 Campeonato de Canarias Open de Apnea Indoor - Tenerife, Espa\u00f1a","jetpack_publicize_feature_enabled":true,"jetpack_social_post_already_shared":true,"jetpack_social_options":{"image_generator_settings":{"template":"highway","default_image_id":0,"font":"","enabled":false},"version":2}},"categories":[9,10,120],"tags":[450],"class_list":["post-72551","post","type-post","status-publish","format-standard","has-post-thumbnail","hentry","category-apnea","category-espana","category-resultados","tag-destacados"],"modified_by":"Sportalsub.net","views":1635,"jetpack_publicize_connections":[],"jetpack_featured_media_url":"https:\/\/www.sportalsub.net\/blog\/wp-content\/uploads\/2024\/04\/apnea-fedecas-espana.jpg","jetpack_sharing_enabled":true,"jetpack_shortlink":"https:\/\/wp.me\/pf9lN-iSb","jetpack_likes_enabled":false,"jetpack-related-posts":[{"id":50449,"url":"https:\/\/www.sportalsub.net\/blog\/pescasub-tenerife-2021","url_meta":{"origin":72551,"position":0},"title":"\ud83c\uddea\ud83c\uddf8 Resultados &#8211; Campeonatos de Espa\u00f1a de Clubes Senior, Veteranos y VII Open Internacional de Pesca Submarina &#8211; Tenerife 2021","author":"Sportalsub.net","date":"28 noviembre 2021","format":false,"excerpt":"(Sportalsub.net \/ FEDAS) La \u00e9lite de la pesca submarina espa\u00f1ola, europea y canaria \u201cse sumerge\u201d en Gu\u00eda de Isora. El municipio sure\u00f1o acogi\u00f3 este fin de semana tres campeonatos: el s\u00e1bado 27 de noviembre el Campeonato de Espa\u00f1a por Clubs Senior; y el domingo 28 el VII Open Internacional Isla\u2026","rel":"","context":"En \u00abEspa\u00f1a\u00bb","block_context":{"text":"Espa\u00f1a","link":"https:\/\/www.sportalsub.net\/blog\/category\/paises\/europa\/espana\/"},"img":{"alt_text":"","src":"https:\/\/i0.wp.com\/www.sportalsub.net\/blog\/wp-content\/uploads\/2021\/11\/esp-pescasub-nov-2021.jpg?resize=350%2C200&ssl=1","width":350,"height":200,"srcset":"https:\/\/i0.wp.com\/www.sportalsub.net\/blog\/wp-content\/uploads\/2021\/11\/esp-pescasub-nov-2021.jpg?resize=350%2C200&ssl=1 1x, https:\/\/i0.wp.com\/www.sportalsub.net\/blog\/wp-content\/uploads\/2021\/11\/esp-pescasub-nov-2021.jpg?resize=525%2C300&ssl=1 1.5x, https:\/\/i0.wp.com\/www.sportalsub.net\/blog\/wp-content\/uploads\/2021\/11\/esp-pescasub-nov-2021.jpg?resize=700%2C400&ssl=1 2x"},"classes":[]},{"id":4128,"url":"https:\/\/www.sportalsub.net\/blog\/canarias-espana-acogera-el-campeonato-de-europa-de-apnea-cmas-2010\/","url_meta":{"origin":72551,"position":1},"title":"\ud83c\uddea\ud83c\uddf8 Canarias (Espa\u00f1a) acoger\u00e1 el campeonato de Europa de Apnea CMAS 2010","author":"Sportalsub.net","date":"3 marzo 2010","format":false,"excerpt":"La comisi\u00f3n de apnea de la CMAS, reunida en Roma el pasado s\u00e1bado, aprob\u00f3 la candidatura de Canarias para la celebraci\u00f3n del segundo Campeonato de Europa de apnea CMAS. El campeonato se celebrar\u00e1 entre Santa Cruz de Tenerife y El Rosario entre los d\u00edas 7 y 12 de octubre. El\u2026","rel":"","context":"En \u00abApnea\u00bb","block_context":{"text":"Apnea","link":"https:\/\/www.sportalsub.net\/blog\/category\/modalidades\/apnea\/"},"img":{"alt_text":"","src":"https:\/\/i0.wp.com\/www.sportalsub.net\/blog\/wp-content\/uploads\/2010\/03\/europeoapnea.jpg?resize=350%2C200&ssl=1","width":350,"height":200,"srcset":"https:\/\/i0.wp.com\/www.sportalsub.net\/blog\/wp-content\/uploads\/2010\/03\/europeoapnea.jpg?resize=350%2C200&ssl=1 1x, https:\/\/i0.wp.com\/www.sportalsub.net\/blog\/wp-content\/uploads\/2010\/03\/europeoapnea.jpg?resize=525%2C300&ssl=1 1.5x"},"classes":[]},{"id":198,"url":"https:\/\/www.sportalsub.net\/blog\/campeonato-de-apnea-de-espana-2008\/","url_meta":{"origin":72551,"position":2},"title":"\ud83c\uddea\ud83c\uddf8 Campeonato de Apnea de Espa\u00f1a 2008","author":"Sportalsub.net","date":"1 agosto 2008","format":false,"excerpt":"Del 25 al 27 de Julio se realiz\u00f3 en Tenerife, Espa\u00f1a, el Campeonato de Apnea 2008, avalado por la Federaci\u00f3n Espa\u00f1ola de Actividades Subacu\u00e1ticas (FEDAS). \u00a0 \u00a0 \u00a0 Resultados Finales Completos (formato .zip) JORNADA, S\/C de Tenerife Canarias se alz\u00f3 con el Campeonato de Espa\u00f1a de apnea, que finaliz\u00f3 en\u2026","rel":"","context":"En \u00abApnea\u00bb","block_context":{"text":"Apnea","link":"https:\/\/www.sportalsub.net\/blog\/category\/modalidades\/apnea\/"},"img":{"alt_text":"","src":"https:\/\/i0.wp.com\/www.sportalsub.net\/blog\/wp-content\/uploads\/2013\/11\/deana0051.jpg?resize=350%2C200&ssl=1","width":350,"height":200},"classes":[]},{"id":16054,"url":"https:\/\/www.sportalsub.net\/blog\/xiii-campeonato-de-espana-de-apnea-y-x-open-isurus-de-peso-constante\/","url_meta":{"origin":72551,"position":3},"title":"\ud83c\uddea\ud83c\uddf8 Resultados XIII Campeonato de Espa\u00f1a de Apnea y X Open Isurus de Peso Constante","author":"Sportalsub.net","date":"30 septiembre 2013","format":false,"excerpt":"(Especial Sportalsub.net \/ FEDAS \/ FBDAS \/ ApneaBalear) Los pasados d\u00edas 13 al 15 de septiembre de 2013, se celebr\u00f3 en Mallorca el XIII Campeonato de Espa\u00f1a de Apnea, donde resultaron vencedores absolutos el catal\u00e1n Aleix Segura en categor\u00eda masculina, seguido de Alfredo Roen, de Canarias y de Luis Mart\u00ednez\u2026","rel":"","context":"En \u00abApnea\u00bb","block_context":{"text":"Apnea","link":"https:\/\/www.sportalsub.net\/blog\/category\/modalidades\/apnea\/"},"img":{"alt_text":"","src":"https:\/\/i0.wp.com\/www.sportalsub.net\/blog\/wp-content\/uploads\/2013\/09\/poster-apnea-mallorca-2013.jpg?resize=350%2C200&ssl=1","width":350,"height":200,"srcset":"https:\/\/i0.wp.com\/www.sportalsub.net\/blog\/wp-content\/uploads\/2013\/09\/poster-apnea-mallorca-2013.jpg?resize=350%2C200&ssl=1 1x, https:\/\/i0.wp.com\/www.sportalsub.net\/blog\/wp-content\/uploads\/2013\/09\/poster-apnea-mallorca-2013.jpg?resize=525%2C300&ssl=1 1.5x, https:\/\/i0.wp.com\/www.sportalsub.net\/blog\/wp-content\/uploads\/2013\/09\/poster-apnea-mallorca-2013.jpg?resize=700%2C400&ssl=1 2x, https:\/\/i0.wp.com\/www.sportalsub.net\/blog\/wp-content\/uploads\/2013\/09\/poster-apnea-mallorca-2013.jpg?resize=1050%2C600&ssl=1 3x"},"classes":[]},{"id":64816,"url":"https:\/\/www.sportalsub.net\/blog\/apnea-medellin-2023","url_meta":{"origin":72551,"position":4},"title":"\ud83c\udde8\ud83c\uddf4 Resultados &#8211; Campeonato Nacional Open Internacional FEDECAS CMAS Am\u00e9rica Apnea en piscina. Medell\u00edn Colombia 2023","author":"Sportalsub.net","date":"30 julio 2023","format":false,"excerpt":"(Sportalsub.net \/ CMAS Zona Am\u00e9rica \/ FEDECAS) La Federaci\u00f3n Colombiana de Actividades Subacu\u00e1ticas \u2013 (FEDECAS), convoca a los Clubes del pa\u00eds a participar en el \u201cCampeonato Nacional Interclubes de Apnea Indoor Categor\u00edas Novatos, Junior, Senior y Master 2023\u201d y \u201cOpen Internacional de Apnea Indoor Categor\u00edas Junior, Senior y Master para\u2026","rel":"","context":"En \u00abApnea\u00bb","block_context":{"text":"Apnea","link":"https:\/\/www.sportalsub.net\/blog\/category\/modalidades\/apnea\/"},"img":{"alt_text":"","src":"https:\/\/i0.wp.com\/www.sportalsub.net\/blog\/wp-content\/uploads\/2023\/07\/apneamedellin2023.jpg?resize=350%2C200&ssl=1","width":350,"height":200,"srcset":"https:\/\/i0.wp.com\/www.sportalsub.net\/blog\/wp-content\/uploads\/2023\/07\/apneamedellin2023.jpg?resize=350%2C200&ssl=1 1x, https:\/\/i0.wp.com\/www.sportalsub.net\/blog\/wp-content\/uploads\/2023\/07\/apneamedellin2023.jpg?resize=525%2C300&ssl=1 1.5x, https:\/\/i0.wp.com\/www.sportalsub.net\/blog\/wp-content\/uploads\/2023\/07\/apneamedellin2023.jpg?resize=700%2C400&ssl=1 2x"},"classes":[]},{"id":29720,"url":"https:\/\/www.sportalsub.net\/blog\/photo-video-sub-tenerife-2019","url_meta":{"origin":72551,"position":5},"title":"\ud83c\uddea\ud83c\uddf8 Resultados &#8211; Campeonato Mundial CMAS de Fotograf\u00eda y Video Submarino. Tenerife, Espa\u00f1a &#8211; Septiembre 2019","author":"Sportalsub.net","date":"30 septiembre 2019","format":false,"excerpt":"(Sportalsub.net \/ CMAS \/ FEDAS) - Read in English Del 17 al 22 de septiembre 2019 se llev\u00f3 a cabo en Tenerife, Espa\u00f1a el XVII Campeonato del Mundo de Fotograf\u00eda Submarina y el III Campeonato del Mundo de Video Submarino de la Confederaci\u00f3n Mundial de Actividades Subacu\u00e1ticas (CMAS), organizado por\u2026","rel":"","context":"En \u00abDestacados\u00bb","block_context":{"text":"Destacados","link":"https:\/\/www.sportalsub.net\/blog\/category\/mas\/destacados\/"},"img":{"alt_text":"","src":"https:\/\/i0.wp.com\/www.sportalsub.net\/blog\/wp-content\/uploads\/2019\/09\/photovideosub2019.png?resize=350%2C200&ssl=1","width":350,"height":200,"srcset":"https:\/\/i0.wp.com\/www.sportalsub.net\/blog\/wp-content\/uploads\/2019\/09\/photovideosub2019.png?resize=350%2C200&ssl=1 1x, https:\/\/i0.wp.com\/www.sportalsub.net\/blog\/wp-content\/uploads\/2019\/09\/photovideosub2019.png?resize=525%2C300&ssl=1 1.5x, https:\/\/i0.wp.com\/www.sportalsub.net\/blog\/wp-content\/uploads\/2019\/09\/photovideosub2019.png?resize=700%2C400&ssl=1 2x"},"classes":[]}],"_links":{"self":[{"href":"https:\/\/www.sportalsub.net\/blog\/wp-json\/wp\/v2\/posts\/72551","targetHints":{"allow":["GET"]}}],"collection":[{"href":"https:\/\/www.sportalsub.net\/blog\/wp-json\/wp\/v2\/posts"}],"about":[{"href":"https:\/\/www.sportalsub.net\/blog\/wp-json\/wp\/v2\/types\/post"}],"author":[{"embeddable":true,"href":"https:\/\/www.sportalsub.net\/blog\/wp-json\/wp\/v2\/users\/1"}],"replies":[{"embeddable":true,"href":"https:\/\/www.sportalsub.net\/blog\/wp-json\/wp\/v2\/comments?post=72551"}],"version-history":[{"count":3,"href":"https:\/\/www.sportalsub.net\/blog\/wp-json\/wp\/v2\/posts\/72551\/revisions"}],"predecessor-version":[{"id":72726,"href":"https:\/\/www.sportalsub.net\/blog\/wp-json\/wp\/v2\/posts\/72551\/revisions\/72726"}],"wp:featuredmedia":[{"embeddable":true,"href":"https:\/\/www.sportalsub.net\/blog\/wp-json\/wp\/v2\/media\/72725"}],"wp:attachment":[{"href":"https:\/\/www.sportalsub.net\/blog\/wp-json\/wp\/v2\/media?parent=72551"}],"wp:term":[{"taxonomy":"category","embeddable":true,"href":"https:\/\/www.sportalsub.net\/blog\/wp-json\/wp\/v2\/categories?post=72551"},{"taxonomy":"post_tag","embeddable":true,"href":"https:\/\/www.sportalsub.net\/blog\/wp-json\/wp\/v2\/tags?post=72551"}],"curies":[{"name":"wp","href":"https:\/\/api.w.org\/{rel}","templated":true}]}}