{"id":73390,"date":"2024-05-25T11:49:44","date_gmt":"2024-05-25T15:49:44","guid":{"rendered":"https:\/\/www.sportalsub.net\/blog\/?p=73390"},"modified":"2024-06-03T05:52:09","modified_gmt":"2024-06-03T09:52:09","slug":"%f0%9f%93%ba-sersubacuatico-ep11-adriana-rosales-y-samanta-diaz","status":"publish","type":"post","link":"https:\/\/www.sportalsub.net\/blog\/sersubacuatico-ep11-adriana-rosales-y-samanta-diaz\/","title":{"rendered":"\ud83d\udcfa SerSubacuatico \u2013 Ep11 \u2013 Adriana Rosales y Samanta Diaz"},"content":{"rendered":"<p><img loading=\"lazy\" decoding=\"async\" class=\"alignnone size-full wp-image-73391\" src=\"https:\/\/www.sportalsub.net\/blog\/wp-content\/uploads\/2024\/05\/samanta-adriana-promo.jpg\" alt=\"\" width=\"900\" height=\"600\" srcset=\"https:\/\/www.sportalsub.net\/blog\/wp-content\/uploads\/2024\/05\/samanta-adriana-promo.jpg 900w, https:\/\/www.sportalsub.net\/blog\/wp-content\/uploads\/2024\/05\/samanta-adriana-promo-300x200.jpg 300w, https:\/\/www.sportalsub.net\/blog\/wp-content\/uploads\/2024\/05\/samanta-adriana-promo-768x512.jpg 768w, https:\/\/www.sportalsub.net\/blog\/wp-content\/uploads\/2024\/05\/samanta-adriana-promo-450x300.jpg 450w\" sizes=\"auto, (max-width: 900px) 100vw, 900px\" \/><\/p>\n<p>(Sportalsub.net \/ SerSubacuatico.com)<\/p>\n<p>Adriana Rosales y Samanta Diaz son dos j\u00f3venes atletas subacu\u00e1ticas venezolanas, integrantes de la Selecci\u00f3n Nacional de Nataci\u00f3n con aletas, con importantes resultados internacionales en los \u00faltimos a\u00f1os. Han sido medallistas en los V Juegos Suramericanos de Playa Santa Marta 2023, Campeonas Panamericanas en Barranquilla 2023 y Medallistas en el Campeonato Mundial Universitario FISU Pereira 2024. Ellas son las invitadas en el episodio 11 que da inicio a nuestra segunda temporada (2024) de Sersubacuatico de Sportalsub<\/p>\n<p><span class=\"embed-youtube\" style=\"text-align:center; display: block;\"><iframe loading=\"lazy\" class=\"youtube-player\" width=\"860\" height=\"484\" src=\"https:\/\/www.youtube.com\/embed\/fb5CIMSC5s0?version=3&#038;rel=1&#038;showsearch=0&#038;showinfo=1&#038;iv_load_policy=1&#038;fs=1&#038;hl=es-ES&#038;autohide=2&#038;wmode=transparent\" allowfullscreen=\"true\" style=\"border:0;\" sandbox=\"allow-scripts allow-same-origin allow-popups allow-presentation allow-popups-to-escape-sandbox\"><\/iframe><\/span><\/p>\n<p>Estreno: S\u00e1bado 25 de mayo 2024<br \/>\n9:00pm Hora de Venezuela<br \/>\nCanal de Youtube de Sportalsub<\/p>\n<p>Link al Video: <a href=\"https:\/\/www.youtube.com\/watch?v=fb5CIMSC5s0\" target=\"_blank\">https:\/\/www.youtube.com\/watch?v=fb5CIMSC5s0<\/a><\/p>\n","protected":false},"excerpt":{"rendered":"<p>(Sportalsub.net \/ SerSubacuatico.com) Adriana Rosales y Samanta Diaz son dos j\u00f3venes atletas subacu\u00e1ticas venezolanas, integrantes de la Selecci\u00f3n Nacional de Nataci\u00f3n con aletas, con importantes resultados internacionales en los \u00faltimos a\u00f1os. Han sido medallistas en los V Juegos Suramericanos de Playa Santa Marta 2023, Campeonas Panamericanas en Barranquilla 2023 y Medallistas en el Campeonato Mundial Universitario FISU Pereira 2024. Ellas [&#8230;]<\/p>\n","protected":false},"author":1,"featured_media":73391,"comment_status":"open","ping_status":"closed","sticky":false,"template":"","format":"standard","meta":{"_lmt_disableupdate":"no","_lmt_disable":"no","jetpack_post_was_ever_published":false,"_jetpack_newsletter_access":"","_jetpack_dont_email_post_to_subs":false,"_jetpack_newsletter_tier_id":0,"_jetpack_memberships_contains_paywalled_content":false,"_jetpack_memberships_contains_paid_content":false,"footnotes":"","jetpack_publicize_message":"SerSubacuatico \u2013 Ep11 \u2013 Adriana Rosales y Samanta Diaz","jetpack_publicize_feature_enabled":true,"jetpack_social_post_already_shared":true,"jetpack_social_options":{"image_generator_settings":{"template":"highway","default_image_id":0,"font":"","enabled":false},"version":2}},"categories":[257,153,12,449,8],"tags":[450],"class_list":["post-73390","post","type-post","status-publish","format-standard","has-post-thumbnail","hentry","category-editoriales-miguel-cedeno","category-entrevistas","category-natacion-con-aletas","category-sersubacuatico-podcast","category-venezuela","tag-destacados"],"modified_by":"Sportalsub.net","views":1074,"jetpack_publicize_connections":[],"jetpack_featured_media_url":"https:\/\/www.sportalsub.net\/blog\/wp-content\/uploads\/2024\/05\/samanta-adriana-promo.jpg","jetpack_sharing_enabled":true,"jetpack_shortlink":"https:\/\/wp.me\/pf9lN-j5I","jetpack_likes_enabled":false,"jetpack-related-posts":[{"id":73455,"url":"https:\/\/www.sportalsub.net\/blog\/sersubacuatico-ep12-sabine-manz-y-nikol-ortega","url_meta":{"origin":73390,"position":0},"title":"\ud83d\udcfa SerSubacuatico \u2013 Ep12 \u2013 Sabine M\u00e4nz y Nikol Ortega","author":"Sportalsub.net","date":"1 junio 2024","format":false,"excerpt":"(Sportalsub.net \/ SerSubacuatico.com) Sabine M\u00e4nz y Nikol Ortega son dos j\u00f3venes atletas subacu\u00e1ticas que en el a\u00f1o 2023 se titularon Campeonas Mundiales Juveniles. Sabine de Ecuador lo hizo en la modalidad de apnea en Kuwait, mientras que Nikol de Colombia lo hizo en nataci\u00f3n con aletas en Egipto. Ambas se\u2026","rel":"","context":"En \u00abApnea\u00bb","block_context":{"text":"Apnea","link":"https:\/\/www.sportalsub.net\/blog\/category\/modalidades\/apnea\/"},"img":{"alt_text":"","src":"https:\/\/i0.wp.com\/www.sportalsub.net\/blog\/wp-content\/uploads\/2024\/06\/sabine-nikol-promo.jpg?resize=350%2C200&ssl=1","width":350,"height":200,"srcset":"https:\/\/i0.wp.com\/www.sportalsub.net\/blog\/wp-content\/uploads\/2024\/06\/sabine-nikol-promo.jpg?resize=350%2C200&ssl=1 1x, https:\/\/i0.wp.com\/www.sportalsub.net\/blog\/wp-content\/uploads\/2024\/06\/sabine-nikol-promo.jpg?resize=525%2C300&ssl=1 1.5x, https:\/\/i0.wp.com\/www.sportalsub.net\/blog\/wp-content\/uploads\/2024\/06\/sabine-nikol-promo.jpg?resize=700%2C400&ssl=1 2x"},"classes":[]},{"id":73582,"url":"https:\/\/www.sportalsub.net\/blog\/sersubacuatico-ep14-diego-saavedra-y-rodrigo-pichun\/","url_meta":{"origin":73390,"position":1},"title":"\ud83d\udcfa SerSubacuatico \u2013 Ep14 \u2013 Diego Saavedra y Rodrigo Pichun","author":"Sportalsub.net","date":"15 junio 2024","format":false,"excerpt":"(Sersubacuatico.com \/ Sportalsub.net) Diego Saavedra y Rodrigo Pichun son dos atletas e instructores subacu\u00e1ticos chilenos con una amplia trayectoria y logros deportivos nacionales e internacioanles, siendo importantes exponentes de las actividades subacu\u00e1ticas de su pa\u00eds. Ellos son los invitados en el episodio 14 de nuestra segunda temporada (2024) de Sersubacuatico\u2026","rel":"","context":"En \u00abApnea\u00bb","block_context":{"text":"Apnea","link":"https:\/\/www.sportalsub.net\/blog\/category\/modalidades\/apnea\/"},"img":{"alt_text":"","src":"https:\/\/i0.wp.com\/www.sportalsub.net\/blog\/wp-content\/uploads\/2024\/06\/diego-rodrigo-promo.jpg?resize=350%2C200&ssl=1","width":350,"height":200,"srcset":"https:\/\/i0.wp.com\/www.sportalsub.net\/blog\/wp-content\/uploads\/2024\/06\/diego-rodrigo-promo.jpg?resize=350%2C200&ssl=1 1x, https:\/\/i0.wp.com\/www.sportalsub.net\/blog\/wp-content\/uploads\/2024\/06\/diego-rodrigo-promo.jpg?resize=525%2C300&ssl=1 1.5x, https:\/\/i0.wp.com\/www.sportalsub.net\/blog\/wp-content\/uploads\/2024\/06\/diego-rodrigo-promo.jpg?resize=700%2C400&ssl=1 2x"},"classes":[]},{"id":82831,"url":"https:\/\/www.sportalsub.net\/blog\/sersubacuatico-ep20-alejandro-ruiz-diaz\/","url_meta":{"origin":73390,"position":2},"title":"\ud83d\udcfa SerSubacuatico \u2013 Ep21 \u2013 Alejandro Ruiz D\u00edaz","author":"Sportalsub.net","date":"13 agosto 2025","format":false,"excerpt":"(Sersubacuatico.com \/ Sportalsub.net) Alejandro Ruiz Diaz es uno de los principales referentes de la Nataci\u00f3n con Aletas en Argentina. Durante las d\u00e9cadas de los 80, 90 y 2000 particip\u00f3 como entrenador en 7 Campeonatos Mundiales, adem\u00e1s es Juez Internacional CMAS y ha desarrollado un importante trabajo en el \u00e1mbito acad\u00e9mico\u2026","rel":"","context":"En \u00abArgentina\u00bb","block_context":{"text":"Argentina","link":"https:\/\/www.sportalsub.net\/blog\/category\/paises\/america\/argentina\/"},"img":{"alt_text":"","src":"https:\/\/i0.wp.com\/www.sportalsub.net\/blog\/wp-content\/uploads\/2025\/08\/alejandro-web.jpg?resize=350%2C200&ssl=1","width":350,"height":200,"srcset":"https:\/\/i0.wp.com\/www.sportalsub.net\/blog\/wp-content\/uploads\/2025\/08\/alejandro-web.jpg?resize=350%2C200&ssl=1 1x, https:\/\/i0.wp.com\/www.sportalsub.net\/blog\/wp-content\/uploads\/2025\/08\/alejandro-web.jpg?resize=525%2C300&ssl=1 1.5x, https:\/\/i0.wp.com\/www.sportalsub.net\/blog\/wp-content\/uploads\/2025\/08\/alejandro-web.jpg?resize=700%2C400&ssl=1 2x"},"classes":[]},{"id":62616,"url":"https:\/\/www.sportalsub.net\/blog\/entrevista-a-rafael-esteban-ramirez-cayetano-garcia-yebra-y-juan-carlos-ramirez-en-sersubacuatico","url_meta":{"origin":73390,"position":3},"title":"\ud83d\udcfa Entrevista a Rafael Esteban Ramirez, Cayetano Garc\u00eda Yebra  y Juan Carlos Ramirez en SerSubacuatico.com","author":"Sportalsub.net","date":"2 marzo 2023","format":false,"excerpt":"(Sportalsub.net \/ SerSubacuatico.com) Rafael Esteban Ramirez (nacido en Colombia con residencia en Bolivia), Cayetano Garc\u00eda Yebra (nacido en Cuba con residencia en USA) y Juan Carlos Ramirez (nacido en Venezuela con residencia en Chile) son 3 nadadores con aletas con gran trayectoria y logros en este deporte, quienes participaron con\u2026","rel":"","context":"En \u00abBolivia\u00bb","block_context":{"text":"Bolivia","link":"https:\/\/www.sportalsub.net\/blog\/category\/paises\/america\/bolivia\/"},"img":{"alt_text":"","src":"https:\/\/i0.wp.com\/www.sportalsub.net\/blog\/wp-content\/uploads\/2023\/02\/juan-rafael-cayetano-web.jpg?resize=350%2C200&ssl=1","width":350,"height":200,"srcset":"https:\/\/i0.wp.com\/www.sportalsub.net\/blog\/wp-content\/uploads\/2023\/02\/juan-rafael-cayetano-web.jpg?resize=350%2C200&ssl=1 1x, https:\/\/i0.wp.com\/www.sportalsub.net\/blog\/wp-content\/uploads\/2023\/02\/juan-rafael-cayetano-web.jpg?resize=525%2C300&ssl=1 1.5x, https:\/\/i0.wp.com\/www.sportalsub.net\/blog\/wp-content\/uploads\/2023\/02\/juan-rafael-cayetano-web.jpg?resize=700%2C400&ssl=1 2x"},"classes":[]},{"id":77372,"url":"https:\/\/www.sportalsub.net\/blog\/sersubacuatico-ep19-garikoitz-iruretagoiena\/","url_meta":{"origin":73390,"position":4},"title":"\ud83d\udcfa SerSubacuatico \u2013 Ep19 \u2013 Garikoitz Iruretagoiena","author":"Sportalsub.net","date":"26 diciembre 2024","format":false,"excerpt":"(Sersubacuatico.com \/ Sportalsub.net) Garikoitz Iruretagoiena es uno de los apneistas m\u00e1s destacados de Espa\u00f1a, 4 veces Campe\u00f3n Nacional en Est\u00e1tica y Medallista de Bronce en el Campeonato Mundial de 2024, nos acompa\u00f1a en el episodio 19 de la segunda temporada (2024) de Sersubacuatico para hablar de su trayectoria, principales logros\u2026","rel":"","context":"En \u00abApnea\u00bb","block_context":{"text":"Apnea","link":"https:\/\/www.sportalsub.net\/blog\/category\/modalidades\/apnea\/"},"img":{"alt_text":"","src":"https:\/\/i0.wp.com\/www.sportalsub.net\/blog\/wp-content\/uploads\/2024\/12\/gari-web.jpg?resize=350%2C200&ssl=1","width":350,"height":200,"srcset":"https:\/\/i0.wp.com\/www.sportalsub.net\/blog\/wp-content\/uploads\/2024\/12\/gari-web.jpg?resize=350%2C200&ssl=1 1x, https:\/\/i0.wp.com\/www.sportalsub.net\/blog\/wp-content\/uploads\/2024\/12\/gari-web.jpg?resize=525%2C300&ssl=1 1.5x, https:\/\/i0.wp.com\/www.sportalsub.net\/blog\/wp-content\/uploads\/2024\/12\/gari-web.jpg?resize=700%2C400&ssl=1 2x"},"classes":[]},{"id":45404,"url":"https:\/\/www.sportalsub.net\/blog\/oscar-cuartas-en-sersubacuatico","url_meta":{"origin":73390,"position":5},"title":"\ud83c\udde8\ud83c\uddf4 Oscar Cuartas en SerSubacuatico.com","author":"Sportalsub.net","date":"29 abril 2021","format":false,"excerpt":"(Sportalsub.net \/ SerSubacuatico.com) Este Jueves 29 de Abril de 2021: 08:00pm Colombia\u00a0\ud83c\udde8\ud83c\uddf4 09:00pm Venezuela\u00a0\ud83c\uddfb\ud83c\uddea Estrenamos nuestra nueva secci\u00f3n: Jueves de #TBT y SerSubacuatico con\u00a0@miguelsportsub Invitado Especial:\u00a0Oscar Cuartas Oscar ha sido un destacado Deportista Internacional de Nataci\u00f3n con Aletas desde el a\u00f1o 1992, siendo el primer medallista mundial de Colombia y\u2026","rel":"","context":"En \u00abColombia\u00bb","block_context":{"text":"Colombia","link":"https:\/\/www.sportalsub.net\/blog\/category\/paises\/america\/colombia\/"},"img":{"alt_text":"","src":"https:\/\/i0.wp.com\/www.sportalsub.net\/blog\/wp-content\/uploads\/2021\/04\/oscarcuartasweb.jpg?resize=350%2C200&ssl=1","width":350,"height":200,"srcset":"https:\/\/i0.wp.com\/www.sportalsub.net\/blog\/wp-content\/uploads\/2021\/04\/oscarcuartasweb.jpg?resize=350%2C200&ssl=1 1x, https:\/\/i0.wp.com\/www.sportalsub.net\/blog\/wp-content\/uploads\/2021\/04\/oscarcuartasweb.jpg?resize=525%2C300&ssl=1 1.5x, https:\/\/i0.wp.com\/www.sportalsub.net\/blog\/wp-content\/uploads\/2021\/04\/oscarcuartasweb.jpg?resize=700%2C400&ssl=1 2x"},"classes":[]}],"_links":{"self":[{"href":"https:\/\/www.sportalsub.net\/blog\/wp-json\/wp\/v2\/posts\/73390","targetHints":{"allow":["GET"]}}],"collection":[{"href":"https:\/\/www.sportalsub.net\/blog\/wp-json\/wp\/v2\/posts"}],"about":[{"href":"https:\/\/www.sportalsub.net\/blog\/wp-json\/wp\/v2\/types\/post"}],"author":[{"embeddable":true,"href":"https:\/\/www.sportalsub.net\/blog\/wp-json\/wp\/v2\/users\/1"}],"replies":[{"embeddable":true,"href":"https:\/\/www.sportalsub.net\/blog\/wp-json\/wp\/v2\/comments?post=73390"}],"version-history":[{"count":1,"href":"https:\/\/www.sportalsub.net\/blog\/wp-json\/wp\/v2\/posts\/73390\/revisions"}],"predecessor-version":[{"id":73392,"href":"https:\/\/www.sportalsub.net\/blog\/wp-json\/wp\/v2\/posts\/73390\/revisions\/73392"}],"wp:featuredmedia":[{"embeddable":true,"href":"https:\/\/www.sportalsub.net\/blog\/wp-json\/wp\/v2\/media\/73391"}],"wp:attachment":[{"href":"https:\/\/www.sportalsub.net\/blog\/wp-json\/wp\/v2\/media?parent=73390"}],"wp:term":[{"taxonomy":"category","embeddable":true,"href":"https:\/\/www.sportalsub.net\/blog\/wp-json\/wp\/v2\/categories?post=73390"},{"taxonomy":"post_tag","embeddable":true,"href":"https:\/\/www.sportalsub.net\/blog\/wp-json\/wp\/v2\/tags?post=73390"}],"curies":[{"name":"wp","href":"https:\/\/api.w.org\/{rel}","templated":true}]}}