{"id":74714,"date":"2024-09-09T10:50:47","date_gmt":"2024-09-09T14:50:47","guid":{"rendered":"https:\/\/www.sportalsub.net\/blog\/?p=74714"},"modified":"2024-09-10T08:13:13","modified_gmt":"2024-09-10T12:13:13","slug":"%f0%9f%87%a8%f0%9f%87%b4-i-campeonato-panamericano-junior-interclubes-de-natacion-con-aletas-ibague-colombia-2024","status":"publish","type":"post","link":"https:\/\/www.sportalsub.net\/blog\/panamericano-junior-colombia-2024","title":{"rendered":"\ud83c\udde8\ud83c\uddf4 Resultados &#8211; I Campeonato Panamericano Junior Interclubes de Nataci\u00f3n con Aletas \u2013 Ibagu\u00e9, Colombia 2024"},"content":{"rendered":"<p><img loading=\"lazy\" decoding=\"async\" class=\"alignnone size-full wp-image-74715\" src=\"https:\/\/www.sportalsub.net\/blog\/wp-content\/uploads\/2024\/08\/ibague2024.jpg\" alt=\"\" width=\"900\" height=\"600\" srcset=\"https:\/\/www.sportalsub.net\/blog\/wp-content\/uploads\/2024\/08\/ibague2024.jpg 900w, https:\/\/www.sportalsub.net\/blog\/wp-content\/uploads\/2024\/08\/ibague2024-300x200.jpg 300w, https:\/\/www.sportalsub.net\/blog\/wp-content\/uploads\/2024\/08\/ibague2024-768x512.jpg 768w, https:\/\/www.sportalsub.net\/blog\/wp-content\/uploads\/2024\/08\/ibague2024-450x300.jpg 450w\" sizes=\"auto, (max-width: 900px) 100vw, 900px\" \/><\/p>\n<p>(Sportalsub.net \/ CMAS Am\u00e9rica \/ FEDECAS \/ LASTOL)<\/p>\n<p>La Confederaci\u00f3n Mundial de Actividades Subacu\u00e1ticas Zona Am\u00e9rica \u2013 (CMAS Am\u00e9rica) y la Federaci\u00f3n Colombiana de Actividades Subacu\u00e1ticas \u2013 (FEDECAS), realizaron el\u00a0<strong>\u201cI Campeonato Panamericano Junior Interclubes de Nataci\u00f3n con Aletas, Categor\u00edas Juveniles, Mayores y Master con invitaci\u00f3n a la categor\u00eda Infantil D12,\u201d<\/strong>\u00a0en la ciudad de\u00a0<strong>Ibagu\u00e9, Colombia<\/strong>\u00a0del\u00a0<strong>5 al 8 de septiembre de 2024<\/strong>.<\/p>\n<h3><a href=\"https:\/\/www.cmasamerica.org\/wp-content\/uploads\/2024\/08\/Resultados-Panamericano-Junior-Interclubes-Ibague-2024.pdf\" target=\"_blank\" rel=\"noopener\" target=\"_blank\"><strong>RESULTADOS OFICIALES (PDF)<\/strong><\/a><\/h3>\n<hr \/>\n<p><a href=\"https:\/\/www.youtube.com\/@federacioncolombianadeacti5394\/streams\"style=\"font-size: 0.95em;\"  target=\"_blank\"><strong>VIDEO EN VIVO (YOUTUBE FEDECAS)<\/strong><\/a><\/p>\n<p><a href=\"https:\/\/www.colombiaacuatica.com\/c\/273563\" target=\"_blank\"><strong>RESULTADOS EN VIVO (COLOMBIA ACUATICA)<\/strong><\/a><\/p>\n<p><a href=\"https:\/\/www.colombiaacuatica.com\/backtun\/torneos\/2024\/20240905\/programa03908.pdf\" target=\"_blank\"><strong>PROGRAMACI\u00d3N (START LIST)<\/strong><\/a><\/p>\n<p><strong>VIDEOS<\/strong><\/p>\n<p><strong>JORNADA 1 &#8211; JUEVES 5 DE SEPTIEMBRE (TARDE)<br \/>\n<a href=\"https:\/\/www.youtube.com\/watch?v=P6ScopNhKrM\" target=\"_blank\">VIDEO<\/a><\/strong><\/p>\n<p><strong>JORNADA 2 &#8211; VIERNES 6 DE SEPTIEMBRE (MA\u00d1ANA)<\/strong><br \/>\n<strong><a href=\"https:\/\/www.youtube.com\/watch?v=0O-mRjw9ThI\" target=\"_blank\">VIDEO<\/a><\/strong><\/p>\n<p><strong>JORNADA 3 &#8211; VIERNES 6 DE SEPTIEMBRE (TARDE)<\/strong><br \/>\n<strong><a href=\"https:\/\/www.youtube.com\/watch?v=SqXP9IkMQfI\" target=\"_blank\">VIDEO<\/a><\/strong><\/p>\n<p><strong>JORNADA 4 &#8211; S\u00c1BADO 7 DE SEPTIEMBRE (MA\u00d1ANA)<\/strong><br \/>\n<strong><a href=\"https:\/\/www.youtube.com\/watch?v=QnwOQJOK9Vs\" target=\"_blank\">VIDEO<\/a><\/strong><\/p>\n<p><strong>JORNADA 5 &#8211; S\u00c1BADO 7 DE SEPTIEMBRE (TARDE)<\/strong><br \/>\n<a href=\"https:\/\/www.youtube.com\/watch?v=blFcrCs5wBo\" target=\"_blank\"><strong>VIDEO<\/strong><\/a><\/p>\n<p><strong>JORNADA 6 &#8211; DOMINGO 8 DE SEPTIEMBRE (MA\u00d1ANA)<br \/>\n<a href=\"https:\/\/www.youtube.com\/watch?v=2K3rf8BeBx4\" target=\"_blank\">VIDEO<\/a><\/strong><\/p>\n<p><a href=\"https:\/\/www.fedecas.org\/_files\/ugd\/a75488_aba927f27d004691b681bf21f4d55fb4.pdf\" target=\"_blank\" rel=\"noopener\" target=\"_blank\"><strong>INVITACION OFICIAL (PDF)<\/strong><\/a><\/p>\n<p>Fuente: <a href=\"https:\/\/www.cmasamerica.org\/i-campeonato-panamericano-junior-interclubes-de-natacion-con-aletas-ibague-colombia-2024\/\" target=\"_blank\">CMAS Am\u00e9rica<\/a><\/p>\n","protected":false},"excerpt":{"rendered":"<p>(Sportalsub.net \/ CMAS Am\u00e9rica \/ FEDECAS \/ LASTOL) La Confederaci\u00f3n Mundial de Actividades Subacu\u00e1ticas Zona Am\u00e9rica \u2013 (CMAS Am\u00e9rica) y la Federaci\u00f3n Colombiana de Actividades Subacu\u00e1ticas \u2013 (FEDECAS), realizaron el\u00a0\u201cI Campeonato Panamericano Junior Interclubes de Nataci\u00f3n con Aletas, Categor\u00edas Juveniles, Mayores y Master con invitaci\u00f3n a la categor\u00eda Infantil D12,\u201d\u00a0en la ciudad de\u00a0Ibagu\u00e9, Colombia\u00a0del\u00a05 al 8 de septiembre de 2024. [&#8230;]<\/p>\n","protected":false},"author":1,"featured_media":74715,"comment_status":"open","ping_status":"closed","sticky":false,"template":"","format":"standard","meta":{"_lmt_disableupdate":"no","_lmt_disable":"no","jetpack_post_was_ever_published":false,"_jetpack_newsletter_access":"","_jetpack_dont_email_post_to_subs":false,"_jetpack_newsletter_tier_id":0,"_jetpack_memberships_contains_paywalled_content":false,"_jetpack_memberships_contains_paid_content":false,"footnotes":"","jetpack_publicize_message":"I Campeonato Panamericano Junior Interclubes de Nataci\u00f3n con Aletas \u2013 Ibagu\u00e9, Colombia 2024","jetpack_publicize_feature_enabled":true,"jetpack_social_post_already_shared":true,"jetpack_social_options":{"image_generator_settings":{"template":"highway","default_image_id":0,"font":"","enabled":false},"version":2}},"categories":[3,12,120],"tags":[450],"class_list":["post-74714","post","type-post","status-publish","format-standard","has-post-thumbnail","hentry","category-colombia","category-natacion-con-aletas","category-resultados","tag-destacados"],"modified_by":"Sportalsub.net","views":3692,"jetpack_publicize_connections":[],"jetpack_featured_media_url":"https:\/\/www.sportalsub.net\/blog\/wp-content\/uploads\/2024\/08\/ibague2024.jpg","jetpack_sharing_enabled":true,"jetpack_shortlink":"https:\/\/wp.me\/pf9lN-jr4","jetpack_likes_enabled":false,"jetpack-related-posts":[{"id":76947,"url":"https:\/\/www.sportalsub.net\/blog\/panamericanos-subacuaticos-cmas-america-2025","url_meta":{"origin":74714,"position":0},"title":"\ud83c\udde8\ud83c\uddf4 Cancelado &#8211; Campeonatos Panamericanos CMAS 2025: Apnea, Nataci\u00f3n con Aletas, Hockey Subacu\u00e1tico, Rugby Subacu\u00e1tico \u2013 Ibagu\u00e9, Colombia","author":"Sportalsub.net","date":"16 junio 2025","format":false,"excerpt":"(Sportalsub.net \/ CMAS Zona Am\u00e9rica) - Read in English La Confederaci\u00f3n Mundial de Actividades Subacu\u00e1ticas Zona Am\u00e9rica ha confirmado la cancelaci\u00f3n de los Campeonatos Panamericanos CMAS de Actividades Subacu\u00e1ticas en Piscina 2025 en las modalidades de: Apnea Hockey Subacu\u00e1tico Nataci\u00f3n con Aletas Rugby Subacu\u00e1tico Evento previsto a llevarse a cabo\u2026","rel":"","context":"En \u00abApnea\u00bb","block_context":{"text":"Apnea","link":"https:\/\/www.sportalsub.net\/blog\/category\/modalidades\/apnea\/"},"img":{"alt_text":"","src":"https:\/\/i0.wp.com\/www.sportalsub.net\/blog\/wp-content\/uploads\/2025\/04\/panamericano-colombia-cancelado.jpg?resize=350%2C200&ssl=1","width":350,"height":200,"srcset":"https:\/\/i0.wp.com\/www.sportalsub.net\/blog\/wp-content\/uploads\/2025\/04\/panamericano-colombia-cancelado.jpg?resize=350%2C200&ssl=1 1x, https:\/\/i0.wp.com\/www.sportalsub.net\/blog\/wp-content\/uploads\/2025\/04\/panamericano-colombia-cancelado.jpg?resize=525%2C300&ssl=1 1.5x, https:\/\/i0.wp.com\/www.sportalsub.net\/blog\/wp-content\/uploads\/2025\/04\/panamericano-colombia-cancelado.jpg?resize=700%2C400&ssl=1 2x"},"classes":[]},{"id":18319,"url":"https:\/\/www.sportalsub.net\/blog\/velocidad-interclubes-universitario-aletas-ibague","url_meta":{"origin":74714,"position":1},"title":"\ud83c\udde8\ud83c\uddf4 Resultados Campeonato Nacional de Velocidad Interclubes y Campeonato Universitario de Nataci\u00f3n con Aletas en Ibagu\u00e9, Colombia","author":"Sportalsub.net","date":"29 septiembre 2014","format":false,"excerpt":"(Especial Sportalsub.net \/ FEDECAS) d el 26 al 28 de septiembre de 2014 se llev\u00f3 a cabo el\u00a0CAMPEONATO NACIONAL DE VELOCIDAD INTERCLUBES DE\u00a0NATACI\u00d3N CON ALETAS, CATEGORIAS A, B, C, D, M\u00c1STER y CAMPEONATO NACIONAL ABIERTO UNIVERSITARIO de la Federaci\u00f3n Colombiana de Actividades Subacu\u00e1ticas FEDECAS, realizado en la ciudad de Ibagu\u00e9\u2026","rel":"","context":"En \u00abColombia\u00bb","block_context":{"text":"Colombia","link":"https:\/\/www.sportalsub.net\/blog\/category\/paises\/america\/colombia\/"},"img":{"alt_text":"nadosubcolint2007","src":"https:\/\/i0.wp.com\/www.sportalsub.net\/blog\/wp-content\/uploads\/2014\/08\/nadosubcolint2007.jpg?resize=350%2C200","width":350,"height":200},"classes":[]},{"id":64983,"url":"https:\/\/www.sportalsub.net\/blog\/finswimmming-cmas-america-colombia-2023","url_meta":{"origin":74714,"position":2},"title":"\ud83c\udde8\ud83c\uddf4 Resultados &#8211; VIII Campeonato Panamericano CMAS Nataci\u00f3n con Aletas en piscina \u2013 Barranquilla, Colombia 2023","author":"Sportalsub.net","date":"3 septiembre 2023","format":false,"excerpt":"(Sportalsub.net \/ CMAS \/ CMAS Am\u00e9rica \/ FEDECAS) Read in English La Confederaci\u00f3n Mundial de Actividades Subacu\u00e1ticas Zona Am\u00e9rica y la Federaci\u00f3n Colombiana de Actividades Subacu\u00e1ticas \u2013 (FEDECAS), organizaron el \u201cVIII Campeonato Panamericano Categor\u00eda Abierta de Nataci\u00f3n con Aletas en Piscina CMAS Zona Am\u00e9rica\u201d y en la \u201cI Copa Am\u00e9rica\u2026","rel":"","context":"En \u00abColombia\u00bb","block_context":{"text":"Colombia","link":"https:\/\/www.sportalsub.net\/blog\/category\/paises\/america\/colombia\/"},"img":{"alt_text":"","src":"https:\/\/i0.wp.com\/www.sportalsub.net\/blog\/wp-content\/uploads\/2023\/09\/panamericanofinal.jpg?resize=350%2C200&ssl=1","width":350,"height":200,"srcset":"https:\/\/i0.wp.com\/www.sportalsub.net\/blog\/wp-content\/uploads\/2023\/09\/panamericanofinal.jpg?resize=350%2C200&ssl=1 1x, https:\/\/i0.wp.com\/www.sportalsub.net\/blog\/wp-content\/uploads\/2023\/09\/panamericanofinal.jpg?resize=525%2C300&ssl=1 1.5x, https:\/\/i0.wp.com\/www.sportalsub.net\/blog\/wp-content\/uploads\/2023\/09\/panamericanofinal.jpg?resize=700%2C400&ssl=1 2x"},"classes":[]},{"id":25520,"url":"https:\/\/www.sportalsub.net\/blog\/panamericano-nadosub-colombia-2017","url_meta":{"origin":74714,"position":3},"title":"\ud83c\udde8\ud83c\uddf4 Resultados Finales Campeonato Panamericano de Nataci\u00f3n con Aletas en piscina y aguas abiertas Palmira 2017, Colombia","author":"Sportalsub.net","date":"11 abril 2017","format":false,"excerpt":"(Sportalsub.net \/ CMAS \/ CMAS Zona Am\u00e9rica \/ FEDECAS) - Read in English La Confederaci\u00f3n Mundial de Actividades Subacu\u00e1ticas, CMAS Zona Am\u00e9rica y la Federaci\u00f3n Colombiana de Actividades Subacu\u00e1ticas han realizado el\u00a0VI Campeonato Panamericano de Nataci\u00f3n con aletas CMAS categor\u00eda abierta en\u00a0piscina y aguas abiertas, en\u00a0Palmira, Colombia del 7 al\u2026","rel":"","context":"En \u00abChile\u00bb","block_context":{"text":"Chile","link":"https:\/\/www.sportalsub.net\/blog\/category\/paises\/america\/chile\/"},"img":{"alt_text":"","src":"https:\/\/i0.wp.com\/www.sportalsub.net\/blog\/wp-content\/uploads\/2017\/04\/palmirafeat.jpg?resize=350%2C200&ssl=1","width":350,"height":200,"srcset":"https:\/\/i0.wp.com\/www.sportalsub.net\/blog\/wp-content\/uploads\/2017\/04\/palmirafeat.jpg?resize=350%2C200&ssl=1 1x, https:\/\/i0.wp.com\/www.sportalsub.net\/blog\/wp-content\/uploads\/2017\/04\/palmirafeat.jpg?resize=525%2C300&ssl=1 1.5x, https:\/\/i0.wp.com\/www.sportalsub.net\/blog\/wp-content\/uploads\/2017\/04\/palmirafeat.jpg?resize=700%2C400&ssl=1 2x"},"classes":[]},{"id":31279,"url":"https:\/\/www.sportalsub.net\/blog\/1-copa-del-mar-nadosub-colombia-2019","url_meta":{"origin":74714,"position":4},"title":"\ud83c\udde8\ud83c\uddf4 Resultados &#8211; I Copa del Mar Interclubes de Nataci\u00f3n con Aletas por Categor\u00edas y Campeonato Nacional Universitario. Santa Marta &#8211; Colombia 2019","author":"Sportalsub.net","date":"19 agosto 2019","format":false,"excerpt":"(Sportalsub.net \/ FEDECAS) La Federaci\u00f3n Colombiana de Actividades Subacu\u00e1ticas FEDECAS, organiz\u00f3 y llev\u00f3 a cabo con todo \u00e9xito la \u201cI Copa del Mar Interclubes de Nataci\u00f3n con Aletas por Categor\u00edas Juvenil B-C-D13, M\u00e1ster V0, V1, V2, V3, V4 y Campeonato Nacional Universitario Abierto\u201d , realizado en la ciudad de Santa\u2026","rel":"","context":"En \u00abColombia\u00bb","block_context":{"text":"Colombia","link":"https:\/\/www.sportalsub.net\/blog\/category\/paises\/america\/colombia\/"},"img":{"alt_text":"","src":"https:\/\/i0.wp.com\/www.sportalsub.net\/blog\/wp-content\/uploads\/2019\/07\/1racopadelmart.jpg?resize=350%2C200&ssl=1","width":350,"height":200,"srcset":"https:\/\/i0.wp.com\/www.sportalsub.net\/blog\/wp-content\/uploads\/2019\/07\/1racopadelmart.jpg?resize=350%2C200&ssl=1 1x, https:\/\/i0.wp.com\/www.sportalsub.net\/blog\/wp-content\/uploads\/2019\/07\/1racopadelmart.jpg?resize=525%2C300&ssl=1 1.5x, https:\/\/i0.wp.com\/www.sportalsub.net\/blog\/wp-content\/uploads\/2019\/07\/1racopadelmart.jpg?resize=700%2C400&ssl=1 2x"},"classes":[]},{"id":73128,"url":"https:\/\/www.sportalsub.net\/blog\/cmas-america-finswimming-barranquilla-2024","url_meta":{"origin":74714,"position":5},"title":"\ud83c\udde8\ud83c\uddf4 Cancelado &#8211; I Copa CMAS Am\u00e9rica de Clubes de Nataci\u00f3n con Aletas 2024. Barranquilla, Colombia","author":"Sportalsub.net","date":"17 junio 2024","format":false,"excerpt":"(Sportalsub.net \/ CMAS Am\u00e9rica \/ FEDECAS) - Read in English EVENTO CANCELADO Se realizar\u00e1n solamente las Copas del Mundo de Apnea y Copa del Mundo de Nataci\u00f3n con Aletas La Confederaci\u00f3n Mundial de Actividades Subacu\u00e1ticas Zona Am\u00e9rica \u2013 (CMAS Am\u00e9rica) y la Federaci\u00f3n Colombiana de Actividades Subacu\u00e1ticas \u2013 (FEDECAS), convocan\u2026","rel":"","context":"En \u00abColombia\u00bb","block_context":{"text":"Colombia","link":"https:\/\/www.sportalsub.net\/blog\/category\/paises\/america\/colombia\/"},"img":{"alt_text":"","src":"https:\/\/i0.wp.com\/www.sportalsub.net\/blog\/wp-content\/uploads\/2024\/05\/1racopaaletas-logo.jpg?resize=350%2C200&ssl=1","width":350,"height":200,"srcset":"https:\/\/i0.wp.com\/www.sportalsub.net\/blog\/wp-content\/uploads\/2024\/05\/1racopaaletas-logo.jpg?resize=350%2C200&ssl=1 1x, https:\/\/i0.wp.com\/www.sportalsub.net\/blog\/wp-content\/uploads\/2024\/05\/1racopaaletas-logo.jpg?resize=525%2C300&ssl=1 1.5x, https:\/\/i0.wp.com\/www.sportalsub.net\/blog\/wp-content\/uploads\/2024\/05\/1racopaaletas-logo.jpg?resize=700%2C400&ssl=1 2x"},"classes":[]}],"_links":{"self":[{"href":"https:\/\/www.sportalsub.net\/blog\/wp-json\/wp\/v2\/posts\/74714","targetHints":{"allow":["GET"]}}],"collection":[{"href":"https:\/\/www.sportalsub.net\/blog\/wp-json\/wp\/v2\/posts"}],"about":[{"href":"https:\/\/www.sportalsub.net\/blog\/wp-json\/wp\/v2\/types\/post"}],"author":[{"embeddable":true,"href":"https:\/\/www.sportalsub.net\/blog\/wp-json\/wp\/v2\/users\/1"}],"replies":[{"embeddable":true,"href":"https:\/\/www.sportalsub.net\/blog\/wp-json\/wp\/v2\/comments?post=74714"}],"version-history":[{"count":8,"href":"https:\/\/www.sportalsub.net\/blog\/wp-json\/wp\/v2\/posts\/74714\/revisions"}],"predecessor-version":[{"id":75338,"href":"https:\/\/www.sportalsub.net\/blog\/wp-json\/wp\/v2\/posts\/74714\/revisions\/75338"}],"wp:featuredmedia":[{"embeddable":true,"href":"https:\/\/www.sportalsub.net\/blog\/wp-json\/wp\/v2\/media\/74715"}],"wp:attachment":[{"href":"https:\/\/www.sportalsub.net\/blog\/wp-json\/wp\/v2\/media?parent=74714"}],"wp:term":[{"taxonomy":"category","embeddable":true,"href":"https:\/\/www.sportalsub.net\/blog\/wp-json\/wp\/v2\/categories?post=74714"},{"taxonomy":"post_tag","embeddable":true,"href":"https:\/\/www.sportalsub.net\/blog\/wp-json\/wp\/v2\/tags?post=74714"}],"curies":[{"name":"wp","href":"https:\/\/api.w.org\/{rel}","templated":true}]}}