{"id":7670,"date":"2011-01-18T11:30:06","date_gmt":"2011-01-18T16:00:06","guid":{"rendered":"http:\/\/www.sportalsub.net\/blog\/?p=7670"},"modified":"2019-09-01T11:28:43","modified_gmt":"2019-09-01T15:28:43","slug":"coldeportes-estudia-obras-de-los-juegos-mundiales-de-actividades-subacuaticas-de-la-cmas","status":"publish","type":"post","link":"https:\/\/www.sportalsub.net\/blog\/coldeportes-estudia-obras-de-los-juegos-mundiales-de-actividades-subacuaticas-de-la-cmas\/","title":{"rendered":"\ud83c\udde8\ud83c\uddf4 Coldeportes estudia obras de los Juegos Mundiales de Actividades Subacu\u00e1ticas de la CMAS"},"content":{"rendered":"<p><img decoding=\"async\" class=\"alignnone size-full wp-image-7671\" src=\"http:\/\/www.sportalsub.net\/blog\/wp-content\/uploads\/2011\/01\/visitacoldeportes1.jpg\" alt=\"\" width=\"600\" srcset=\"https:\/\/www.sportalsub.net\/blog\/wp-content\/uploads\/2011\/01\/visitacoldeportes1.jpg 640w, https:\/\/www.sportalsub.net\/blog\/wp-content\/uploads\/2011\/01\/visitacoldeportes1-300x216.jpg 300w, https:\/\/www.sportalsub.net\/blog\/wp-content\/uploads\/2011\/01\/visitacoldeportes1-326x235.jpg 326w\" sizes=\"(max-width: 640px) 100vw, 640px\" \/><\/p>\n<p>Una visita a los escenarios deportivos de la Villa Ol\u00edmpica en Neiva (Colombia) realiz\u00f3 ayer el subdirector de Planeaci\u00f3n de Coldeportes, Steve Albert Adames Bernal, con miras a los Juegos Mundiales de Actividades Subacu\u00e1ticas de la CMAS que se cumplir\u00e1 este a\u00f1o en la capital huilense.<\/p>\n<p>El alto funcionario en compa\u00f1\u00eda del director del Inderhuila, Edwin Rodrigo Cante, estudiaron los planos y el proyecto en general que se ejecutar\u00e1n en la unidad deportiva donde se construir\u00e1 una nueva piscina para las pruebas de Rugby y Hockey subacu\u00e1tico, adem\u00e1s de los alojamientos pensando para este evento internacional.<\/p>\n<p>\u201cLa semana pasada el director de Coldeportes tuvo un acercamiento con el Gobernador y el Director del Instituto para hacer un acompa\u00f1amiento al proceso de actualizaci\u00f3n de la infraestructura que se encuentra en la Villa Deportiva y que consiste en la colocaci\u00f3n de una piscina adicional que cumpla con todos los est\u00e1ndares t\u00e9cnicos internacionales reclamados por las diferentes disciplinas para poder traer campeonatos de talla mundial y segundo brindar un espacio de permanencia de deportistas de alto nivel y de aquellas personas que lo requieran como las ligas, clubes o federaciones que puedan concentrarse en estas zonas debido a las condiciones clim\u00e1ticas y t\u00e9cnicas que les permita disfrutar de la pr\u00e1ctica deportiva y los alojamientos\u201d, indic\u00f3.<\/p>\n<p><strong>Proyecto interesante<\/strong><\/p>\n<p>Agreg\u00f3 que para Coldeportes resulta muy interesante esta serie de proyectos en donde se busca crear sitios de concentraci\u00f3n de deportistas que tengan gimnasios, restaurantes, alojamientos y los escenarios de entrenamientos en un mismo complejo.<\/p>\n<p>\u201cEstos proyectos son de mucho inter\u00e9s para Coldeportes. Implican un desarrollo muy importante porque permite que el Departamento y el Municipio se conviertan en una puerta deportiva hacia el sur del pa\u00eds. Es un complejo que permite tanto la pr\u00e1ctica como el asentamiento de los deportistas. Alojamientos que le permitir\u00e1n a los deportistas concentrarse con las condiciones de seguridad, relajaci\u00f3n, sin salir de su espacio teniendo todas las condiciones t\u00e9cnicas\u201d, manifest\u00f3.<\/p>\n<p><strong>Buenas condiciones<\/strong><\/p>\n<p>El subdirector de Planeaci\u00f3n de Coldeportes resalt\u00f3 lo que a su concepto le parecen que est\u00e1n en muy buenas condiciones los distintos escenarios deportivos de la capital huilense ubicados en la unidad deportiva de la Villa Ol\u00edmpica.<\/p>\n<p>\u201cLos escenarios se notan que han tenido una pol\u00edtica de mantenimiento de conservaci\u00f3n. No es f\u00e1cil encontrar en el pa\u00eds unos escenarios en tan buenas condiciones, tres piscinas de car\u00e1cter ol\u00edmpico con unas gradas \u00a0y unas buenas condiciones de mobiliario. Incursionar en la pr\u00e1ctica de disciplinas subacu\u00e1ticas le dar\u00eda al Huila la posibilidad de ser el pionero en el desarrollo de Colombia en estas modalidades deportivas\u201d, afirm\u00f3.<\/p>\n<p>Agreg\u00f3 que Coldeportes acompa\u00f1ar\u00e1 al Departamento en toda la ejecuci\u00f3n de las obras teniendo en cuenta la inversi\u00f3n econ\u00f3mica que requerir\u00e1 este proyecto.<\/p>\n<p>\u201cColdeportes desde el principio viene acompa\u00f1ando a las entidades territoriales: en el proceso de dise\u00f1o, revisi\u00f3n de los planes arquitect\u00f3nicos estructurales y el aval t\u00e9cnico que se requiere de este escenario deportivo y la cofinanciaci\u00f3n. Estamos trabajando sobre la estrategia de desarrollo del proyecto, la idea es profundizar sobre los dise\u00f1os estructurales, acompa\u00f1arlos en el aval de los mismos y empezar la fase de estructuraci\u00f3n financiera y posteriormente la de construcci\u00f3n total del escenario deportivo que esperamos desarrollar en el transcurso de este semestre\u201d, puntualiz\u00f3.<\/p>\n<p><strong>Fuente: <a href=\"http:\/\/www.lanacion.com.co\/2011\/01\/18\/coldeportes-estudia-obras-de-los-juegos-mundiales-de-la-cmas\/\" target=\"_blank\" rel=\"noopener noreferrer\" target=\"_blank\">La Naci\u00f3n, Neiva<\/a><\/strong><\/p>\n","protected":false},"excerpt":{"rendered":"<p>Una visita a los escenarios deportivos de la Villa Ol\u00edmpica en Neiva (Colombia) realiz\u00f3 ayer el subdirector de Planeaci\u00f3n de Coldeportes, Steve Albert Adames Bernal, con miras a los Juegos Mundiales de Actividades Subacu\u00e1ticas de la CMAS que se cumplir\u00e1 este a\u00f1o en la capital huilense. El alto funcionario en compa\u00f1\u00eda del director del Inderhuila, Edwin Rodrigo Cante, estudiaron los [&#8230;]<\/p>\n","protected":false},"author":1,"featured_media":7671,"comment_status":"open","ping_status":"closed","sticky":false,"template":"","format":"standard","meta":{"_lmt_disableupdate":"","_lmt_disable":"","jetpack_post_was_ever_published":false,"_jetpack_newsletter_access":"","_jetpack_dont_email_post_to_subs":false,"_jetpack_newsletter_tier_id":0,"_jetpack_memberships_contains_paywalled_content":false,"_jetpack_memberships_contains_paid_content":false,"footnotes":"","jetpack_publicize_message":"","jetpack_publicize_feature_enabled":true,"jetpack_social_post_already_shared":false,"jetpack_social_options":{"image_generator_settings":{"template":"highway","default_image_id":0,"font":"","enabled":false},"version":2}},"categories":[9,148,137,3,2,12,104,7],"tags":[],"class_list":["post-7670","post","type-post","status-publish","format-standard","has-post-thumbnail","hentry","category-apnea","category-cmas-organizaciones","category-cmas-games-2011","category-colombia","category-hockey-subacuatico","category-natacion-con-aletas","category-orientacion-subacuatica","category-rugby-subacuatico"],"modified_by":"Sportalsub.net","views":3363,"jetpack_publicize_connections":[],"jetpack_featured_media_url":"https:\/\/www.sportalsub.net\/blog\/wp-content\/uploads\/2011\/01\/visitacoldeportes1.jpg","jetpack_sharing_enabled":true,"jetpack_shortlink":"https:\/\/wp.me\/pf9lN-1ZI","jetpack_likes_enabled":false,"jetpack-related-posts":[{"id":2459,"url":"https:\/\/www.sportalsub.net\/blog\/juegos-mundiales-de-actividades-subacuaticas-cmas-2011-seran-en-neiva-y-san-andres-colombia\/","url_meta":{"origin":7670,"position":0},"title":"\ud83c\udde8\ud83c\uddf4 Juegos Mundiales de Actividades Subacu\u00e1ticas CMAS 2011 ser\u00e1n en Neiva y San Andr\u00e9s, Colombia","author":"Sportalsub.net","date":"7 julio 2009","format":false,"excerpt":"La votaci\u00f3n de los representantes de 21 pa\u00edses le dieron a Colombia la sede de los II Juegos Mundiales CMAS de Actividades Subacu\u00e1ticas que se disputar\u00e1n entre julio y agosto del a\u00f1o 2011. 32 naciones confirmaron su presencia en el certamen, en el que Neiva albergar\u00e1 las competencias de apnea,\u2026","rel":"","context":"En \u00abApnea\u00bb","block_context":{"text":"Apnea","link":"https:\/\/www.sportalsub.net\/blog\/category\/modalidades\/apnea\/"},"img":{"alt_text":"","src":"https:\/\/i0.wp.com\/www.sportalsub.net\/blog\/wp-content\/uploads\/2009\/07\/juegoscmas2011.jpg?resize=350%2C200&ssl=1","width":350,"height":200},"classes":[]},{"id":2800,"url":"https:\/\/www.sportalsub.net\/blog\/neiva-perdio-la-sede-mundialista-juegos-cmas-2011-seran-en-medellin-y-san-andres-colombia\/","url_meta":{"origin":7670,"position":1},"title":"\ud83c\udde8\ud83c\uddf4 Neiva perdi\u00f3 la sede mundialista, Juegos CMAS 2011 ser\u00e1n en Medell\u00edn y San Andr\u00e9s, Colombia","author":"Sportalsub.net","date":"21 septiembre 2009","format":false,"excerpt":"La Federaci\u00f3n Colombiana de Actividades Subacu\u00e1ticas FEDECAS,\u00a0design\u00f3 el pasado 18 de Septiembre por unanimidad como sedes de los II Juegos Mundiales CMAS 2011 a Medell\u00edn y San Andr\u00e9s. La ciudad de Neiva, Capital del Huila perdi\u00f3\u00a0la sede de los II Juegos Mundiales de la Confederaci\u00f3n Mundial de Actividades Subacu\u00e1ticas (CMAS)\u2026","rel":"","context":"En \u00abApnea\u00bb","block_context":{"text":"Apnea","link":"https:\/\/www.sportalsub.net\/blog\/category\/modalidades\/apnea\/"},"img":{"alt_text":"","src":"","width":0,"height":0},"classes":[]},{"id":2883,"url":"https:\/\/www.sportalsub.net\/blog\/confirmadas-neiva-huila-y-san-andres-en-colombia-como-sedes-de-los-juegos-cmas-2011\/","url_meta":{"origin":7670,"position":2},"title":"\ud83c\udde8\ud83c\uddf4 Confirmadas Neiva (Huila) y San Andr\u00e9s en Colombia como sedes de los Juegos CMAS 2011","author":"Sportalsub.net","date":"5 octubre 2009","format":false,"excerpt":"El Comit\u00e9 Ol\u00edmpico Colombiano sell\u00f3 definitivamente, el pasado 30 de septiembre, la pol\u00e9mica generada en torno a la sede de los II Juegos Mundiales de las Actividades Subacu\u00e1ticas para Neiva y San Andr\u00e9s, al declarar en cabeza de su presidente Baltazar Medina, que la Confederaci\u00f3n Mundial de Actividades Subacu\u00e1ticas, CMAS;\u2026","rel":"","context":"En \u00abApnea\u00bb","block_context":{"text":"Apnea","link":"https:\/\/www.sportalsub.net\/blog\/category\/modalidades\/apnea\/"},"img":{"alt_text":"","src":"https:\/\/i0.wp.com\/www.sportalsub.net\/blog\/wp-content\/uploads\/2009\/10\/neiva.jpg?resize=350%2C200&ssl=1","width":350,"height":200},"classes":[]},{"id":23267,"url":"https:\/\/www.sportalsub.net\/blog\/congresos-fedecas-colombia-2016","url_meta":{"origin":7670,"position":3},"title":"\ud83c\udde8\ud83c\uddf4 Congresos Formativos FEDECAS Colombia 2016","author":"Sportalsub.net","date":"25 enero 2016","format":false,"excerpt":"(Sportalsub.net \/ FEDECAS) Como iniciativa del nuevo \u00f3rgano de administraci\u00f3n de la Federaci\u00f3n Colombiana de Actividades Subacu\u00e1ticas FEDECAS, es realizar una serie de capacitaciones que permitan un gran engranaje desde la parte deportiva, administrativa y de juzgamiento para mantener y mejorar nuestro nivel t\u00e9cnico a nivel nacional e internacional, el\u2026","rel":"","context":"En \u00abColombia\u00bb","block_context":{"text":"Colombia","link":"https:\/\/www.sportalsub.net\/blog\/category\/paises\/america\/colombia\/"},"img":{"alt_text":"","src":"https:\/\/i0.wp.com\/www.sportalsub.net\/blog\/wp-content\/uploads\/2016\/01\/congresos-fedecas-2016.jpg?resize=350%2C200&ssl=1","width":350,"height":200,"srcset":"https:\/\/i0.wp.com\/www.sportalsub.net\/blog\/wp-content\/uploads\/2016\/01\/congresos-fedecas-2016.jpg?resize=350%2C200&ssl=1 1x, https:\/\/i0.wp.com\/www.sportalsub.net\/blog\/wp-content\/uploads\/2016\/01\/congresos-fedecas-2016.jpg?resize=525%2C300&ssl=1 1.5x, https:\/\/i0.wp.com\/www.sportalsub.net\/blog\/wp-content\/uploads\/2016\/01\/congresos-fedecas-2016.jpg?resize=700%2C400&ssl=1 2x"},"classes":[]},{"id":15865,"url":"https:\/\/www.sportalsub.net\/blog\/actividades-subacuaticas-presentes-en-i-juegos-del-mar-y-playa-san-andres-colombia-2013\/","url_meta":{"origin":7670,"position":4},"title":"\ud83c\udde8\ud83c\uddf4 Actividades Subacu\u00e1ticas presentes en I Juegos Deportivos Nacionales de Mar y Playa San Andr\u00e9s, Colombia 2013","author":"Sportalsub.net","date":"21 agosto 2013","format":false,"excerpt":"(Especial Sportalsub.net \/ COLDEPORTES) Del 23 al 30 de agosto, Coldeportes realizar\u00e1 los primeros Juegos Deportivos Nacionales de Mar y Playa. Ser\u00e1n 843 los deportistas de los diferentes departamentos del pa\u00eds, incluido el Distrito Capital y la fuerzas Armadas, quienes abrir\u00e1n el certamen en el comienzo del ciclo en esta\u2026","rel":"","context":"En \u00abColombia\u00bb","block_context":{"text":"Colombia","link":"https:\/\/www.sportalsub.net\/blog\/category\/paises\/america\/colombia\/"},"img":{"alt_text":"","src":"https:\/\/i0.wp.com\/www.sportalsub.net\/blog\/wp-content\/uploads\/2013\/08\/maryplayacolombia2013.jpg?resize=350%2C200&ssl=1","width":350,"height":200,"srcset":"https:\/\/i0.wp.com\/www.sportalsub.net\/blog\/wp-content\/uploads\/2013\/08\/maryplayacolombia2013.jpg?resize=350%2C200&ssl=1 1x, https:\/\/i0.wp.com\/www.sportalsub.net\/blog\/wp-content\/uploads\/2013\/08\/maryplayacolombia2013.jpg?resize=525%2C300&ssl=1 1.5x"},"classes":[]},{"id":5957,"url":"https:\/\/www.sportalsub.net\/blog\/juegos-cmas-2011-tendran-como-sede-el-departamento-de-antioquia-colombia\/","url_meta":{"origin":7670,"position":5},"title":"\ud83c\udde8\ud83c\uddf4 Juegos CMAS 2011 tendr\u00e1n como sede el Departamento de Antioquia, Colombia","author":"Sportalsub.net","date":"20 agosto 2010","format":false,"excerpt":"(Especial Sportalsub.net) En un reconocido diario de la ciudad de Medell\u00edn, se di\u00f3 a conocer\u00a0 este viernes 20 de agosto la informaci\u00f3n de que la CMAS, Confederaci\u00f3n Mundial de Actividades Subacu\u00e1ticas, le concedi\u00f3 a Medell\u00edn y Antioquia los Juegos Mundiales, en siete modalidades deportivas bajo el agua. Seg\u00fan Nelson Zapata,\u2026","rel":"","context":"En \u00abApnea\u00bb","block_context":{"text":"Apnea","link":"https:\/\/www.sportalsub.net\/blog\/category\/modalidades\/apnea\/"},"img":{"alt_text":"","src":"https:\/\/i0.wp.com\/www.sportalsub.net\/blog\/wp-content\/uploads\/2010\/08\/Antioquia_B_Vs._Antioquia_A_UWHockey.jpg?resize=350%2C200&ssl=1","width":350,"height":200},"classes":[]}],"_links":{"self":[{"href":"https:\/\/www.sportalsub.net\/blog\/wp-json\/wp\/v2\/posts\/7670","targetHints":{"allow":["GET"]}}],"collection":[{"href":"https:\/\/www.sportalsub.net\/blog\/wp-json\/wp\/v2\/posts"}],"about":[{"href":"https:\/\/www.sportalsub.net\/blog\/wp-json\/wp\/v2\/types\/post"}],"author":[{"embeddable":true,"href":"https:\/\/www.sportalsub.net\/blog\/wp-json\/wp\/v2\/users\/1"}],"replies":[{"embeddable":true,"href":"https:\/\/www.sportalsub.net\/blog\/wp-json\/wp\/v2\/comments?post=7670"}],"version-history":[{"count":0,"href":"https:\/\/www.sportalsub.net\/blog\/wp-json\/wp\/v2\/posts\/7670\/revisions"}],"wp:featuredmedia":[{"embeddable":true,"href":"https:\/\/www.sportalsub.net\/blog\/wp-json\/wp\/v2\/media\/7671"}],"wp:attachment":[{"href":"https:\/\/www.sportalsub.net\/blog\/wp-json\/wp\/v2\/media?parent=7670"}],"wp:term":[{"taxonomy":"category","embeddable":true,"href":"https:\/\/www.sportalsub.net\/blog\/wp-json\/wp\/v2\/categories?post=7670"},{"taxonomy":"post_tag","embeddable":true,"href":"https:\/\/www.sportalsub.net\/blog\/wp-json\/wp\/v2\/tags?post=7670"}],"curies":[{"name":"wp","href":"https:\/\/api.w.org\/{rel}","templated":true}]}}