{"id":77372,"date":"2024-12-26T15:35:34","date_gmt":"2024-12-26T19:35:34","guid":{"rendered":"https:\/\/www.sportalsub.net\/blog\/?p=77372"},"modified":"2025-01-09T05:12:24","modified_gmt":"2025-01-09T09:12:24","slug":"%f0%9f%93%ba-sersubacuatico-ep19-garikoitz-iruretagoiena","status":"publish","type":"post","link":"https:\/\/www.sportalsub.net\/blog\/sersubacuatico-ep19-garikoitz-iruretagoiena\/","title":{"rendered":"\ud83d\udcfa SerSubacuatico \u2013 Ep19 \u2013 Garikoitz Iruretagoiena"},"content":{"rendered":"<p><img loading=\"lazy\" decoding=\"async\" class=\"alignnone size-full wp-image-77373\" src=\"https:\/\/www.sportalsub.net\/blog\/wp-content\/uploads\/2024\/12\/gari-promo.jpg\" alt=\"\" width=\"900\" height=\"693\" srcset=\"https:\/\/www.sportalsub.net\/blog\/wp-content\/uploads\/2024\/12\/gari-promo.jpg 900w, https:\/\/www.sportalsub.net\/blog\/wp-content\/uploads\/2024\/12\/gari-promo-300x231.jpg 300w, https:\/\/www.sportalsub.net\/blog\/wp-content\/uploads\/2024\/12\/gari-promo-768x591.jpg 768w\" sizes=\"auto, (max-width: 900px) 100vw, 900px\" \/><\/p>\n<p>(Sersubacuatico.com \/ Sportalsub.net)<\/p>\n<p><a href=\"https:\/\/www.instagram.com\/gari_iruretagoiena\/\" target=\"_blank\"><strong>Garikoitz Iruretagoiena<\/strong><\/a> es uno de los apneistas m\u00e1s destacados de Espa\u00f1a, 4 veces Campe\u00f3n Nacional en Est\u00e1tica y Medallista de Bronce en el Campeonato Mundial de 2024, nos acompa\u00f1a en el episodio 19 de la segunda temporada (2024) de Sersubacuatico para hablar de su trayectoria, principales logros deportivos y futuros proyectos.<\/p>\n<p><span class=\"embed-youtube\" style=\"text-align:center; display: block;\"><iframe loading=\"lazy\" class=\"youtube-player\" width=\"860\" height=\"484\" src=\"https:\/\/www.youtube.com\/embed\/atCgDFsnNN8?version=3&#038;rel=1&#038;showsearch=0&#038;showinfo=1&#038;iv_load_policy=1&#038;fs=1&#038;hl=es-ES&#038;autohide=2&#038;wmode=transparent\" allowfullscreen=\"true\" style=\"border:0;\" sandbox=\"allow-scripts allow-same-origin allow-popups allow-presentation allow-popups-to-escape-sandbox\"><\/iframe><\/span><\/p>\n<p>Estreno:<br \/>\n<strong>Viernes 27 de diciembre 2024<\/strong><br \/>\n3:00pm Hora de Venezuela<br \/>\n8:00pm Hora de Espa\u00f1a<\/p>\n<p>Canal de Youtube de Sportalsub<br \/>\nLink al video en youtube: <a href=\"https:\/\/youtu.be\/atCgDFsnNN8\" target=\"_blank\" rel=\"noopener\" target=\"_blank\">https:\/\/youtu.be\/atCgDFsnNN8<\/a><\/p>\n","protected":false},"excerpt":{"rendered":"<p>(Sersubacuatico.com \/ Sportalsub.net) Garikoitz Iruretagoiena es uno de los apneistas m\u00e1s destacados de Espa\u00f1a, 4 veces Campe\u00f3n Nacional en Est\u00e1tica y Medallista de Bronce en el Campeonato Mundial de 2024, nos acompa\u00f1a en el episodio 19 de la segunda temporada (2024) de Sersubacuatico para hablar de su trayectoria, principales logros deportivos y futuros proyectos. Estreno: Viernes 27 de diciembre 2024 [&#8230;]<\/p>\n","protected":false},"author":1,"featured_media":77374,"comment_status":"open","ping_status":"closed","sticky":false,"template":"","format":"standard","meta":{"_lmt_disableupdate":"no","_lmt_disable":"no","jetpack_post_was_ever_published":false,"_jetpack_newsletter_access":"","_jetpack_dont_email_post_to_subs":false,"_jetpack_newsletter_tier_id":0,"_jetpack_memberships_contains_paywalled_content":false,"_jetpack_memberships_contains_paid_content":false,"footnotes":"","jetpack_publicize_message":"SerSubacuatico \u2013 Ep19 \u2013 Garikoitz Iruretagoiena","jetpack_publicize_feature_enabled":true,"jetpack_social_post_already_shared":true,"jetpack_social_options":{"image_generator_settings":{"template":"highway","default_image_id":0,"font":"","enabled":false},"version":2}},"categories":[9,257,153,10,18,449],"tags":[450],"class_list":["post-77372","post","type-post","status-publish","format-standard","has-post-thumbnail","hentry","category-apnea","category-editoriales-miguel-cedeno","category-entrevistas","category-espana","category-pesca-submarina","category-sersubacuatico-podcast","tag-destacados"],"modified_by":"Sportalsub.net","views":955,"jetpack_publicize_connections":[],"jetpack_featured_media_url":"https:\/\/www.sportalsub.net\/blog\/wp-content\/uploads\/2024\/12\/gari-web.jpg","jetpack_sharing_enabled":true,"jetpack_shortlink":"https:\/\/wp.me\/pf9lN-k7W","jetpack_likes_enabled":false,"jetpack-related-posts":[{"id":77093,"url":"https:\/\/www.sportalsub.net\/blog\/sersubacuatico-ep18-gonzalo-cortes\/","url_meta":{"origin":77372,"position":0},"title":"\ud83d\udcfa SerSubacuatico \u2013 Ep18 \u2013 Gonzalo Cort\u00e9s","author":"Sportalsub.net","date":"5 diciembre 2024","format":false,"excerpt":"(Sersubacuatico.com \/ Sportalsub.net) Gonzalo Cort\u00e9s es uno de los apneistas m\u00e1s destacados de Per\u00fa y nos acompa\u00f1a en el episodio 18 de la segunda temporada (2024) de Sersubacuatico para hablar de su trayectoria, principales logros deportivos y futuros proyectos. Estreno: Domingo 8 de diciembre 2024 7:00pm Hora de Per\u00fa 8:00pm\u2026","rel":"","context":"En \u00abApnea\u00bb","block_context":{"text":"Apnea","link":"https:\/\/www.sportalsub.net\/blog\/category\/modalidades\/apnea\/"},"img":{"alt_text":"","src":"https:\/\/i0.wp.com\/www.sportalsub.net\/blog\/wp-content\/uploads\/2024\/12\/gonzalo-web.jpg?resize=350%2C200&ssl=1","width":350,"height":200,"srcset":"https:\/\/i0.wp.com\/www.sportalsub.net\/blog\/wp-content\/uploads\/2024\/12\/gonzalo-web.jpg?resize=350%2C200&ssl=1 1x, https:\/\/i0.wp.com\/www.sportalsub.net\/blog\/wp-content\/uploads\/2024\/12\/gonzalo-web.jpg?resize=525%2C300&ssl=1 1.5x, https:\/\/i0.wp.com\/www.sportalsub.net\/blog\/wp-content\/uploads\/2024\/12\/gonzalo-web.jpg?resize=700%2C400&ssl=1 2x"},"classes":[]},{"id":77391,"url":"https:\/\/www.sportalsub.net\/blog\/sersubacuatico-ep20-rolando-salgado\/","url_meta":{"origin":77372,"position":1},"title":"\ud83d\udcfa SerSubacuatico \u2013 Ep20 \u2013 Rolando Salgado","author":"Sportalsub.net","date":"30 diciembre 2024","format":false,"excerpt":"(Sersubacuatico.com \/ Sportalsub.net) Rolando Salgado es uno de los apneistas m\u00e1s destacados de Cuba, se titul\u00f3 Campe\u00f3n Mundial en Din\u00e1mica con bialetas en el Mundial AIDA 2024 en Lituania y es actualmente poseedor de los R\u00e9cords Panamericanos y Continentales en las modalidades de Apnea Din\u00e1mica CMAS y AIDA. Rolando nos\u2026","rel":"","context":"En \u00abApnea\u00bb","block_context":{"text":"Apnea","link":"https:\/\/www.sportalsub.net\/blog\/category\/modalidades\/apnea\/"},"img":{"alt_text":"","src":"https:\/\/i0.wp.com\/www.sportalsub.net\/blog\/wp-content\/uploads\/2024\/12\/rolando-web.jpg?resize=350%2C200&ssl=1","width":350,"height":200,"srcset":"https:\/\/i0.wp.com\/www.sportalsub.net\/blog\/wp-content\/uploads\/2024\/12\/rolando-web.jpg?resize=350%2C200&ssl=1 1x, https:\/\/i0.wp.com\/www.sportalsub.net\/blog\/wp-content\/uploads\/2024\/12\/rolando-web.jpg?resize=525%2C300&ssl=1 1.5x, https:\/\/i0.wp.com\/www.sportalsub.net\/blog\/wp-content\/uploads\/2024\/12\/rolando-web.jpg?resize=700%2C400&ssl=1 2x"},"classes":[]},{"id":76922,"url":"https:\/\/www.sportalsub.net\/blog\/sersubacuatico-ep17-isabel-sanchez-aran\/","url_meta":{"origin":77372,"position":2},"title":"\ud83d\udcfa SerSubacuatico \u2013 Ep17 \u2013 Isabel S\u00e1nchez-Ar\u00e1n","author":"Sportalsub.net","date":"23 noviembre 2024","format":false,"excerpt":"(Sersubacuatico.com \/ Sportalsub.net) Isabel S\u00e1nchez-Ar\u00e1n es una de las apneistas m\u00e1s destacadas de Espa\u00f1a y nos acompa\u00f1a en el episodio 17 de la segunda temporada (2024) de Sersubacuatico para hablar de su trayectoria, principales logros deportivos, futuros proyectos y la importancia de la educaci\u00f3n y la seguridad en la apnea\u2026","rel":"","context":"En \u00abApnea\u00bb","block_context":{"text":"Apnea","link":"https:\/\/www.sportalsub.net\/blog\/category\/modalidades\/apnea\/"},"img":{"alt_text":"","src":"https:\/\/i0.wp.com\/www.sportalsub.net\/blog\/wp-content\/uploads\/2024\/11\/isabel-web.jpg?resize=350%2C200&ssl=1","width":350,"height":200,"srcset":"https:\/\/i0.wp.com\/www.sportalsub.net\/blog\/wp-content\/uploads\/2024\/11\/isabel-web.jpg?resize=350%2C200&ssl=1 1x, https:\/\/i0.wp.com\/www.sportalsub.net\/blog\/wp-content\/uploads\/2024\/11\/isabel-web.jpg?resize=525%2C300&ssl=1 1.5x, https:\/\/i0.wp.com\/www.sportalsub.net\/blog\/wp-content\/uploads\/2024\/11\/isabel-web.jpg?resize=700%2C400&ssl=1 2x"},"classes":[]},{"id":73684,"url":"https:\/\/www.sportalsub.net\/blog\/sersubacuatico-ep15-carlos-coste\/","url_meta":{"origin":77372,"position":3},"title":"\ud83d\udcfa SerSubacuatico \u2013 Ep15 \u2013 Carlos Coste","author":"Sportalsub.net","date":"22 junio 2024","format":false,"excerpt":"(Sersubacuatico.com \/ Sportalsub.net) Carlos Coste es un reconocido atleta e instructor de apnea venezolano, 12 veces recordista mundial, R\u00e9cord Guiness y Campe\u00f3n Mundial, siendo hasta la fecha el principal exponente de este deporte de su pa\u00eds. Actualmente Carlos se encuentra radicado en Baja California, M\u00e9xico y regresa despu\u00e9s de haber\u2026","rel":"","context":"En \u00abApnea\u00bb","block_context":{"text":"Apnea","link":"https:\/\/www.sportalsub.net\/blog\/category\/modalidades\/apnea\/"},"img":{"alt_text":"","src":"https:\/\/i0.wp.com\/www.sportalsub.net\/blog\/wp-content\/uploads\/2024\/06\/carlos-coste-promo.jpg?resize=350%2C200&ssl=1","width":350,"height":200,"srcset":"https:\/\/i0.wp.com\/www.sportalsub.net\/blog\/wp-content\/uploads\/2024\/06\/carlos-coste-promo.jpg?resize=350%2C200&ssl=1 1x, https:\/\/i0.wp.com\/www.sportalsub.net\/blog\/wp-content\/uploads\/2024\/06\/carlos-coste-promo.jpg?resize=525%2C300&ssl=1 1.5x, https:\/\/i0.wp.com\/www.sportalsub.net\/blog\/wp-content\/uploads\/2024\/06\/carlos-coste-promo.jpg?resize=700%2C400&ssl=1 2x"},"classes":[]},{"id":40953,"url":"https:\/\/www.sportalsub.net\/blog\/sersubacuatico-con-tony-carrasco\/","url_meta":{"origin":77372,"position":4},"title":"\ud83c\uddfb\ud83c\uddea SerSubacuatico con Tony Carrasco","author":"Sportalsub.net","date":"31 mayo 2020","format":false,"excerpt":"(Sportalsub.net \/ Sersubacuatico.com) Tony Carrasco es un reconocido periodista deportivo venezolano.... que en sus programas de televisi\u00f3n y radio, le ha dado espacio a los protagonistas de los deportes subacu\u00e1ticos en Venezuela... hoy conoceremos su afici\u00f3n por el mundo del buceo y el submarinismo.... conversaremos con Tony Carrasco como #SerSubacuatico\u2026","rel":"","context":"En \u00abBuceo\u00bb","block_context":{"text":"Buceo","link":"https:\/\/www.sportalsub.net\/blog\/category\/modalidades\/buceo-2\/"},"img":{"alt_text":"","src":"https:\/\/i0.wp.com\/www.sportalsub.net\/blog\/wp-content\/uploads\/2020\/05\/tonycarrasco.jpg?resize=350%2C200&ssl=1","width":350,"height":200,"srcset":"https:\/\/i0.wp.com\/www.sportalsub.net\/blog\/wp-content\/uploads\/2020\/05\/tonycarrasco.jpg?resize=350%2C200&ssl=1 1x, https:\/\/i0.wp.com\/www.sportalsub.net\/blog\/wp-content\/uploads\/2020\/05\/tonycarrasco.jpg?resize=525%2C300&ssl=1 1.5x, https:\/\/i0.wp.com\/www.sportalsub.net\/blog\/wp-content\/uploads\/2020\/05\/tonycarrasco.jpg?resize=700%2C400&ssl=1 2x"},"classes":[]},{"id":73582,"url":"https:\/\/www.sportalsub.net\/blog\/sersubacuatico-ep14-diego-saavedra-y-rodrigo-pichun\/","url_meta":{"origin":77372,"position":5},"title":"\ud83d\udcfa SerSubacuatico \u2013 Ep14 \u2013 Diego Saavedra y Rodrigo Pichun","author":"Sportalsub.net","date":"15 junio 2024","format":false,"excerpt":"(Sersubacuatico.com \/ Sportalsub.net) Diego Saavedra y Rodrigo Pichun son dos atletas e instructores subacu\u00e1ticos chilenos con una amplia trayectoria y logros deportivos nacionales e internacioanles, siendo importantes exponentes de las actividades subacu\u00e1ticas de su pa\u00eds. Ellos son los invitados en el episodio 14 de nuestra segunda temporada (2024) de Sersubacuatico\u2026","rel":"","context":"En \u00abApnea\u00bb","block_context":{"text":"Apnea","link":"https:\/\/www.sportalsub.net\/blog\/category\/modalidades\/apnea\/"},"img":{"alt_text":"","src":"https:\/\/i0.wp.com\/www.sportalsub.net\/blog\/wp-content\/uploads\/2024\/06\/diego-rodrigo-promo.jpg?resize=350%2C200&ssl=1","width":350,"height":200,"srcset":"https:\/\/i0.wp.com\/www.sportalsub.net\/blog\/wp-content\/uploads\/2024\/06\/diego-rodrigo-promo.jpg?resize=350%2C200&ssl=1 1x, https:\/\/i0.wp.com\/www.sportalsub.net\/blog\/wp-content\/uploads\/2024\/06\/diego-rodrigo-promo.jpg?resize=525%2C300&ssl=1 1.5x, https:\/\/i0.wp.com\/www.sportalsub.net\/blog\/wp-content\/uploads\/2024\/06\/diego-rodrigo-promo.jpg?resize=700%2C400&ssl=1 2x"},"classes":[]}],"_links":{"self":[{"href":"https:\/\/www.sportalsub.net\/blog\/wp-json\/wp\/v2\/posts\/77372","targetHints":{"allow":["GET"]}}],"collection":[{"href":"https:\/\/www.sportalsub.net\/blog\/wp-json\/wp\/v2\/posts"}],"about":[{"href":"https:\/\/www.sportalsub.net\/blog\/wp-json\/wp\/v2\/types\/post"}],"author":[{"embeddable":true,"href":"https:\/\/www.sportalsub.net\/blog\/wp-json\/wp\/v2\/users\/1"}],"replies":[{"embeddable":true,"href":"https:\/\/www.sportalsub.net\/blog\/wp-json\/wp\/v2\/comments?post=77372"}],"version-history":[{"count":3,"href":"https:\/\/www.sportalsub.net\/blog\/wp-json\/wp\/v2\/posts\/77372\/revisions"}],"predecessor-version":[{"id":77395,"href":"https:\/\/www.sportalsub.net\/blog\/wp-json\/wp\/v2\/posts\/77372\/revisions\/77395"}],"wp:featuredmedia":[{"embeddable":true,"href":"https:\/\/www.sportalsub.net\/blog\/wp-json\/wp\/v2\/media\/77374"}],"wp:attachment":[{"href":"https:\/\/www.sportalsub.net\/blog\/wp-json\/wp\/v2\/media?parent=77372"}],"wp:term":[{"taxonomy":"category","embeddable":true,"href":"https:\/\/www.sportalsub.net\/blog\/wp-json\/wp\/v2\/categories?post=77372"},{"taxonomy":"post_tag","embeddable":true,"href":"https:\/\/www.sportalsub.net\/blog\/wp-json\/wp\/v2\/tags?post=77372"}],"curies":[{"name":"wp","href":"https:\/\/api.w.org\/{rel}","templated":true}]}}