{"id":79697,"date":"2025-05-19T09:09:14","date_gmt":"2025-05-19T13:09:14","guid":{"rendered":"https:\/\/www.sportalsub.net\/blog\/?p=79697"},"modified":"2025-05-20T10:37:02","modified_gmt":"2025-05-20T14:37:02","slug":"%f0%9f%87%a8%f0%9f%87%b1-campeonato-nacional-selectivo-de-apnea-y-natacion-con-aletas-fedesub-2025-santiago-de-chile","status":"publish","type":"post","link":"https:\/\/www.sportalsub.net\/blog\/apnea-nadosub-fedesub-chile-2025","title":{"rendered":"\ud83c\udde8\ud83c\uddf1 Resultados &#8211; Campeonato Nacional Selectivo de Apnea y Nataci\u00f3n con Aletas FEDESUB 2025 &#8211; Santiago de Chile"},"content":{"rendered":"<p><img loading=\"lazy\" decoding=\"async\" class=\"alignnone size-full wp-image-79698\" src=\"https:\/\/www.sportalsub.net\/blog\/wp-content\/uploads\/2025\/05\/campoenato-nacional-apnea-nadosub-chile-2025.jpg\" alt=\"\" width=\"900\" height=\"600\" srcset=\"https:\/\/www.sportalsub.net\/blog\/wp-content\/uploads\/2025\/05\/campoenato-nacional-apnea-nadosub-chile-2025.jpg 900w, https:\/\/www.sportalsub.net\/blog\/wp-content\/uploads\/2025\/05\/campoenato-nacional-apnea-nadosub-chile-2025-300x200.jpg 300w, https:\/\/www.sportalsub.net\/blog\/wp-content\/uploads\/2025\/05\/campoenato-nacional-apnea-nadosub-chile-2025-768x512.jpg 768w, https:\/\/www.sportalsub.net\/blog\/wp-content\/uploads\/2025\/05\/campoenato-nacional-apnea-nadosub-chile-2025-450x300.jpg 450w\" sizes=\"auto, (max-width: 900px) 100vw, 900px\" \/><\/p>\n<p>(Sportalsub.net \/ FEDESUB \/ CMAS Chile)<\/p>\n<p>La Federaci\u00f3n Deportiva Nacional de Actividades Subacu\u00e1ticas y Salvamento Acu\u00e1tico de Chile (FEDESUB \/ CMAS Chile) organiz\u00f3 el Campeonato Nacional Selectivo en las modalidades de Apnea y Nataci\u00f3n con Aletas, los d\u00edas 17 y 18 de Mayo en el Centro Acu\u00e1tico del Estadio Nacional de Santiago de Chile.<\/p>\n<p><a href=\"https:\/\/www.sportalsub.net\/blog\/wp-content\/uploads\/2025\/05\/RESULTADOS-APNEA-FEDESUB-MAYO-2025.pdf\" target=\"_blank\" rel=\"noopener\"><strong>RESULTADOS APNEA<\/strong><\/a><\/p>\n<p><a href=\"https:\/\/www.sportalsub.net\/blog\/wp-content\/uploads\/2025\/05\/RESULTADOS-NATACION-CON-ALETAS-FEDESUB-MAYO-2025.pdf\" target=\"_blank\" rel=\"noopener\"><strong>RESULTADOS NATACI\u00d3N CON ALETAS<\/strong><\/a><\/p>\n<p><img loading=\"lazy\" decoding=\"async\" class=\"alignnone size-full wp-image-79888\" src=\"https:\/\/www.sportalsub.net\/blog\/wp-content\/uploads\/2025\/05\/jose-cuervo-chile.jpg\" alt=\"\" width=\"900\" height=\"600\" srcset=\"https:\/\/www.sportalsub.net\/blog\/wp-content\/uploads\/2025\/05\/jose-cuervo-chile.jpg 900w, https:\/\/www.sportalsub.net\/blog\/wp-content\/uploads\/2025\/05\/jose-cuervo-chile-300x200.jpg 300w, https:\/\/www.sportalsub.net\/blog\/wp-content\/uploads\/2025\/05\/jose-cuervo-chile-768x512.jpg 768w, https:\/\/www.sportalsub.net\/blog\/wp-content\/uploads\/2025\/05\/jose-cuervo-chile-450x300.jpg 450w\" sizes=\"auto, (max-width: 900px) 100vw, 900px\" \/><\/p>\n<p><img loading=\"lazy\" decoding=\"async\" class=\"alignnone size-full wp-image-79887\" src=\"https:\/\/www.sportalsub.net\/blog\/wp-content\/uploads\/2025\/05\/resultados-fedesub2025.jpg\" alt=\"\" width=\"900\" height=\"600\" srcset=\"https:\/\/www.sportalsub.net\/blog\/wp-content\/uploads\/2025\/05\/resultados-fedesub2025.jpg 900w, https:\/\/www.sportalsub.net\/blog\/wp-content\/uploads\/2025\/05\/resultados-fedesub2025-300x200.jpg 300w, https:\/\/www.sportalsub.net\/blog\/wp-content\/uploads\/2025\/05\/resultados-fedesub2025-768x512.jpg 768w, https:\/\/www.sportalsub.net\/blog\/wp-content\/uploads\/2025\/05\/resultados-fedesub2025-450x300.jpg 450w\" sizes=\"auto, (max-width: 900px) 100vw, 900px\" \/><\/p>\n<hr \/>\n<p><strong>Fuente: <a href=\"https:\/\/www.instagram.com\/fedesubchile\/\" target=\"_blank\">Instagram FEDESUB Chile<\/a><\/strong><\/p>\n<blockquote class=\"instagram-media\" style=\"background: #FFF; border: 0; border-radius: 3px; box-shadow: 0 0 1px 0 rgba(0,0,0,0.5),0 1px 10px 0 rgba(0,0,0,0.15); margin: 1px; max-width: 540px; min-width: 326px; padding: 0; width: calc(100% - 2px);\" data-instgrm-captioned=\"\" data-instgrm-permalink=\"https:\/\/www.instagram.com\/p\/DHJWwCOxy9U\/?utm_source=ig_embed&amp;utm_campaign=loading\" data-instgrm-version=\"14\">\n<div style=\"padding: 16px;\">\n<p>&nbsp;<\/p>\n<div style=\"display: flex; flex-direction: row; align-items: center;\">\n<div style=\"background-color: #f4f4f4; border-radius: 50%; flex-grow: 0; height: 40px; margin-right: 14px; width: 40px;\"><\/div>\n<div style=\"display: flex; flex-direction: column; flex-grow: 1; justify-content: center;\">\n<div style=\"background-color: #f4f4f4; border-radius: 4px; flex-grow: 0; height: 14px; margin-bottom: 6px; width: 100px;\"><\/div>\n<div style=\"background-color: #f4f4f4; border-radius: 4px; flex-grow: 0; height: 14px; width: 60px;\"><\/div>\n<\/div>\n<\/div>\n<div style=\"padding: 19% 0;\"><\/div>\n<div style=\"display: block; height: 50px; margin: 0 auto 12px; width: 50px;\"><\/div>\n<div style=\"padding-top: 8px;\">\n<div style=\"color: #3897f0; font-family: Arial,sans-serif; font-size: 14px; font-style: normal; font-weight: 550; line-height: 18px;\">Ver esta publicaci\u00f3n en Instagram<\/div>\n<\/div>\n<div style=\"padding: 12.5% 0;\"><\/div>\n<div style=\"display: flex; flex-direction: row; margin-bottom: 14px; align-items: center;\">\n<div>\n<div style=\"background-color: #f4f4f4; border-radius: 50%; height: 12.5px; width: 12.5px; transform: translateX(0px) translateY(7px);\"><\/div>\n<div style=\"background-color: #f4f4f4; height: 12.5px; transform: rotate(-45deg) translateX(3px) translateY(1px); width: 12.5px; flex-grow: 0; margin-right: 14px; margin-left: 2px;\"><\/div>\n<div style=\"background-color: #f4f4f4; border-radius: 50%; height: 12.5px; width: 12.5px; transform: translateX(9px) translateY(-18px);\"><\/div>\n<\/div>\n<div style=\"margin-left: 8px;\">\n<div style=\"background-color: #f4f4f4; border-radius: 50%; flex-grow: 0; height: 20px; width: 20px;\"><\/div>\n<div style=\"width: 0; height: 0; border-top: 2px solid transparent; border-left: 6px solid #f4f4f4; border-bottom: 2px solid transparent; transform: translateX(16px) translateY(-4px) rotate(30deg);\"><\/div>\n<\/div>\n<div style=\"margin-left: auto;\">\n<div style=\"width: 0px; border-top: 8px solid #F4F4F4; border-right: 8px solid transparent; transform: translateY(16px);\"><\/div>\n<div style=\"background-color: #f4f4f4; flex-grow: 0; height: 12px; width: 16px; transform: translateY(-4px);\"><\/div>\n<div style=\"width: 0; height: 0; border-top: 8px solid #F4F4F4; border-left: 8px solid transparent; transform: translateY(-4px) translateX(8px);\"><\/div>\n<\/div>\n<\/div>\n<div style=\"display: flex; flex-direction: column; flex-grow: 1; justify-content: center; margin-bottom: 24px;\">\n<div style=\"background-color: #f4f4f4; border-radius: 4px; flex-grow: 0; height: 14px; margin-bottom: 6px; width: 224px;\"><\/div>\n<div style=\"background-color: #f4f4f4; border-radius: 4px; flex-grow: 0; height: 14px; width: 144px;\"><\/div>\n<\/div>\n<p>&nbsp;<\/p>\n<p style=\"color: #c9c8cd; font-family: Arial,sans-serif; font-size: 14px; line-height: 17px; margin-bottom: 0; margin-top: 8px; overflow: hidden; padding: 8px 0 7px; text-align: center; text-overflow: ellipsis; white-space: nowrap;\"><a href=\"https:\/\/www.instagram.com\/p\/DHJWwCOxy9U\/?utm_source=ig_embed&amp;utm_campaign=loading\"style=\"color: #c9c8cd; font-family: Arial,sans-serif; font-size: 14px; font-style: normal; font-weight: normal; line-height: 17px; text-decoration: none;\"  target=\"_blank\" rel=\"noopener\" target=\"_blank\">Una publicaci\u00f3n compartida de FEDESUB \/ CMAS CHILE\ud83c\udde8\ud83c\uddf1 (@fedesubchile)<\/a><\/p>\n<\/div>\n<\/blockquote>\n<p><script async src=\"\/\/www.instagram.com\/embed.js\"><\/script><\/p>\n<blockquote class=\"instagram-media\" style=\"background: #FFF; border: 0; border-radius: 3px; box-shadow: 0 0 1px 0 rgba(0,0,0,0.5),0 1px 10px 0 rgba(0,0,0,0.15); margin: 1px; max-width: 540px; min-width: 326px; padding: 0; width: calc(100% - 2px);\" data-instgrm-captioned=\"\" data-instgrm-permalink=\"https:\/\/www.instagram.com\/p\/DHJWWWQRVjE\/?utm_source=ig_embed&amp;utm_campaign=loading\" data-instgrm-version=\"14\">\n<div style=\"padding: 16px;\">\n<p>&nbsp;<\/p>\n<div style=\"display: flex; flex-direction: row; align-items: center;\">\n<div style=\"background-color: #f4f4f4; border-radius: 50%; flex-grow: 0; height: 40px; margin-right: 14px; width: 40px;\"><\/div>\n<div style=\"display: flex; flex-direction: column; flex-grow: 1; justify-content: center;\">\n<div style=\"background-color: #f4f4f4; border-radius: 4px; flex-grow: 0; height: 14px; margin-bottom: 6px; width: 100px;\"><\/div>\n<div style=\"background-color: #f4f4f4; border-radius: 4px; flex-grow: 0; height: 14px; width: 60px;\"><\/div>\n<\/div>\n<\/div>\n<div style=\"padding: 19% 0;\"><\/div>\n<div style=\"display: block; height: 50px; margin: 0 auto 12px; width: 50px;\"><\/div>\n<div style=\"padding-top: 8px;\">\n<div style=\"color: #3897f0; font-family: Arial,sans-serif; font-size: 14px; font-style: normal; font-weight: 550; line-height: 18px;\">Ver esta publicaci\u00f3n en Instagram<\/div>\n<\/div>\n<div style=\"padding: 12.5% 0;\"><\/div>\n<div style=\"display: flex; flex-direction: row; margin-bottom: 14px; align-items: center;\">\n<div>\n<div style=\"background-color: #f4f4f4; border-radius: 50%; height: 12.5px; width: 12.5px; transform: translateX(0px) translateY(7px);\"><\/div>\n<div style=\"background-color: #f4f4f4; height: 12.5px; transform: rotate(-45deg) translateX(3px) translateY(1px); width: 12.5px; flex-grow: 0; margin-right: 14px; margin-left: 2px;\"><\/div>\n<div style=\"background-color: #f4f4f4; border-radius: 50%; height: 12.5px; width: 12.5px; transform: translateX(9px) translateY(-18px);\"><\/div>\n<\/div>\n<div style=\"margin-left: 8px;\">\n<div style=\"background-color: #f4f4f4; border-radius: 50%; flex-grow: 0; height: 20px; width: 20px;\"><\/div>\n<div style=\"width: 0; height: 0; border-top: 2px solid transparent; border-left: 6px solid #f4f4f4; border-bottom: 2px solid transparent; transform: translateX(16px) translateY(-4px) rotate(30deg);\"><\/div>\n<\/div>\n<div style=\"margin-left: auto;\">\n<div style=\"width: 0px; border-top: 8px solid #F4F4F4; border-right: 8px solid transparent; transform: translateY(16px);\"><\/div>\n<div style=\"background-color: #f4f4f4; flex-grow: 0; height: 12px; width: 16px; transform: translateY(-4px);\"><\/div>\n<div style=\"width: 0; height: 0; border-top: 8px solid #F4F4F4; border-left: 8px solid transparent; transform: translateY(-4px) translateX(8px);\"><\/div>\n<\/div>\n<\/div>\n<div style=\"display: flex; flex-direction: column; flex-grow: 1; justify-content: center; margin-bottom: 24px;\">\n<div style=\"background-color: #f4f4f4; border-radius: 4px; flex-grow: 0; height: 14px; margin-bottom: 6px; width: 224px;\"><\/div>\n<div style=\"background-color: #f4f4f4; border-radius: 4px; flex-grow: 0; height: 14px; width: 144px;\"><\/div>\n<\/div>\n<p>&nbsp;<\/p>\n<p style=\"color: #c9c8cd; font-family: Arial,sans-serif; font-size: 14px; line-height: 17px; margin-bottom: 0; margin-top: 8px; overflow: hidden; padding: 8px 0 7px; text-align: center; text-overflow: ellipsis; white-space: nowrap;\"><a href=\"https:\/\/www.instagram.com\/p\/DHJWWWQRVjE\/?utm_source=ig_embed&amp;utm_campaign=loading\"style=\"color: #c9c8cd; font-family: Arial,sans-serif; font-size: 14px; font-style: normal; font-weight: normal; line-height: 17px; text-decoration: none;\"  target=\"_blank\" rel=\"noopener\" target=\"_blank\">Una publicaci\u00f3n compartida de FEDESUB \/ CMAS CHILE\ud83c\udde8\ud83c\uddf1 (@fedesubchile)<\/a><\/p>\n<\/div>\n<\/blockquote>\n<p><script async src=\"\/\/www.instagram.com\/embed.js\"><\/script><\/p>\n","protected":false},"excerpt":{"rendered":"<p>(Sportalsub.net \/ FEDESUB \/ CMAS Chile) La Federaci\u00f3n Deportiva Nacional de Actividades Subacu\u00e1ticas y Salvamento Acu\u00e1tico de Chile (FEDESUB \/ CMAS Chile) organiz\u00f3 el Campeonato Nacional Selectivo en las modalidades de Apnea y Nataci\u00f3n con Aletas, los d\u00edas 17 y 18 de Mayo en el Centro Acu\u00e1tico del Estadio Nacional de Santiago de Chile. RESULTADOS APNEA RESULTADOS NATACI\u00d3N CON ALETAS [&#8230;]<\/p>\n","protected":false},"author":1,"featured_media":79887,"comment_status":"open","ping_status":"closed","sticky":false,"template":"","format":"standard","meta":{"_lmt_disableupdate":"no","_lmt_disable":"no","jetpack_post_was_ever_published":false,"_jetpack_newsletter_access":"","_jetpack_dont_email_post_to_subs":false,"_jetpack_newsletter_tier_id":0,"_jetpack_memberships_contains_paywalled_content":false,"_jetpack_memberships_contains_paid_content":false,"footnotes":"","jetpack_publicize_message":"Resultados - Campeonato Nacional Selectivo de Apnea y Nataci\u00f3n con Aletas FEDESUB 2025 - Santiago de Chile","jetpack_publicize_feature_enabled":true,"jetpack_social_post_already_shared":true,"jetpack_social_options":{"image_generator_settings":{"template":"highway","default_image_id":0,"font":"","enabled":false},"version":2}},"categories":[9,83,12,120],"tags":[450],"class_list":["post-79697","post","type-post","status-publish","format-standard","has-post-thumbnail","hentry","category-apnea","category-chile","category-natacion-con-aletas","category-resultados","tag-destacados"],"modified_by":"Sportalsub.net","views":3202,"jetpack_publicize_connections":[],"jetpack_featured_media_url":"https:\/\/www.sportalsub.net\/blog\/wp-content\/uploads\/2025\/05\/resultados-fedesub2025.jpg","jetpack_sharing_enabled":true,"jetpack_shortlink":"https:\/\/wp.me\/pf9lN-kJr","jetpack_likes_enabled":false,"jetpack-related-posts":[{"id":83970,"url":"https:\/\/www.sportalsub.net\/blog\/indoor-fedesub-2025","url_meta":{"origin":79697,"position":0},"title":"\ud83c\udde8\ud83c\uddf1 Resultados &#8211; Campeonato Indoor Interclubes Apnea, Nataci\u00f3n con Aletas, Rugby Subacu\u00e1tico FEDESUB 2025 &#8211; Santiago de Chile","author":"Sportalsub.net","date":"14 diciembre 2025","format":false,"excerpt":"(Sportalsub.net \/ FEDESUB \/ CMAS Chile) La Federaci\u00f3n Deportiva Nacional de Actividades Subacu\u00e1ticas y Salvamento Acu\u00e1tico de Chile ( FEDESUB \/ CMAS Chile) organiz\u00f3 el Campeonato Indoor Interclubes de Actividades Subacu\u00e1ticas 2025, un encuentro nacional e internacional que reuni\u00f3 a deportistas de Rugby Subacu\u00e1tico, Nataci\u00f3n con Aletas y Apnea, y\u2026","rel":"","context":"En \u00abApnea\u00bb","block_context":{"text":"Apnea","link":"https:\/\/www.sportalsub.net\/blog\/category\/modalidades\/apnea\/"},"img":{"alt_text":"","src":"https:\/\/i0.wp.com\/www.sportalsub.net\/blog\/wp-content\/uploads\/2025\/11\/resultados-fedesub-diciembre-2025.jpg?resize=350%2C200&ssl=1","width":350,"height":200,"srcset":"https:\/\/i0.wp.com\/www.sportalsub.net\/blog\/wp-content\/uploads\/2025\/11\/resultados-fedesub-diciembre-2025.jpg?resize=350%2C200&ssl=1 1x, https:\/\/i0.wp.com\/www.sportalsub.net\/blog\/wp-content\/uploads\/2025\/11\/resultados-fedesub-diciembre-2025.jpg?resize=525%2C300&ssl=1 1.5x, https:\/\/i0.wp.com\/www.sportalsub.net\/blog\/wp-content\/uploads\/2025\/11\/resultados-fedesub-diciembre-2025.jpg?resize=700%2C400&ssl=1 2x"},"classes":[]},{"id":29159,"url":"https:\/\/www.sportalsub.net\/blog\/3er-indoor-fedesub-chile-2018","url_meta":{"origin":79697,"position":1},"title":"\ud83c\udde8\ud83c\uddf1 Resultados &#8211; 3er Campeonato Nacional Indoor de Apnea, Nataci\u00f3n con Aletas y Salvamento Deportivo &#8211; FEDESUB Chile 2018","author":"Sportalsub.net","date":"4 noviembre 2018","format":false,"excerpt":"(Sportalsub.net \/ FEDESUB Chile) La Federaci\u00f3n Deportiva Nacional de Actividades Subacu\u00e1ticas y Salvamento Acu\u00e1tico\u00a0(FEDESUB) llev\u00f3 a cabo el 3er Campeonato\u00a0Nacional Indoor de Actividades Subacu\u00e1ticas, el cual incluy\u00f3 las pruebas de Apnea, Nataci\u00f3n con Aletas y Salvamento Deportivo, el\u00a0cual se desarroll\u00f3 los d\u00edas 1,2 y 3 de Noviembre de 2018 en\u2026","rel":"","context":"En \u00abApnea\u00bb","block_context":{"text":"Apnea","link":"https:\/\/www.sportalsub.net\/blog\/category\/modalidades\/apnea\/"},"img":{"alt_text":"","src":"https:\/\/i0.wp.com\/www.sportalsub.net\/blog\/wp-content\/uploads\/2018\/10\/resultados3erindoorchile.jpg?resize=350%2C200&ssl=1","width":350,"height":200,"srcset":"https:\/\/i0.wp.com\/www.sportalsub.net\/blog\/wp-content\/uploads\/2018\/10\/resultados3erindoorchile.jpg?resize=350%2C200&ssl=1 1x, https:\/\/i0.wp.com\/www.sportalsub.net\/blog\/wp-content\/uploads\/2018\/10\/resultados3erindoorchile.jpg?resize=525%2C300&ssl=1 1.5x, https:\/\/i0.wp.com\/www.sportalsub.net\/blog\/wp-content\/uploads\/2018\/10\/resultados3erindoorchile.jpg?resize=700%2C400&ssl=1 2x"},"classes":[]},{"id":35301,"url":"https:\/\/www.sportalsub.net\/blog\/campeonato-nacional-indoor-fedesub-2019\/","url_meta":{"origin":79697,"position":2},"title":"\ud83c\udde8\ud83c\uddf1 Resultados &#8211; Campeonato Nacional Indoor de Apnea y Nataci\u00f3n con Aletas, FEDESUB, Chile-Santiago 2019","author":"Sportalsub.net","date":"10 diciembre 2019","format":false,"excerpt":"(Sportalsub.net \/ FEDESUB) El 7 y 8 de Diciembre del presente a\u00f1o se llev\u00f3 a cabo el Campeonato Nacional Indoor de Apnea y Nataci\u00f3n con Aletas. La Federaci\u00f3n Deportiva Nacional de Actividades Subacu\u00e1ticas y Salvamento Acu\u00e1tico (FEDESUB) organiz\u00f3 con todo este campeonato que agrup\u00f3 a deportistas de todo el pa\u00eds\u2026","rel":"","context":"En \u00abApnea\u00bb","block_context":{"text":"Apnea","link":"https:\/\/www.sportalsub.net\/blog\/category\/modalidades\/apnea\/"},"img":{"alt_text":"","src":"https:\/\/i0.wp.com\/www.sportalsub.net\/blog\/wp-content\/uploads\/2019\/12\/campeonatoindoor2019.png?resize=350%2C200&ssl=1","width":350,"height":200,"srcset":"https:\/\/i0.wp.com\/www.sportalsub.net\/blog\/wp-content\/uploads\/2019\/12\/campeonatoindoor2019.png?resize=350%2C200&ssl=1 1x, https:\/\/i0.wp.com\/www.sportalsub.net\/blog\/wp-content\/uploads\/2019\/12\/campeonatoindoor2019.png?resize=525%2C300&ssl=1 1.5x, https:\/\/i0.wp.com\/www.sportalsub.net\/blog\/wp-content\/uploads\/2019\/12\/campeonatoindoor2019.png?resize=700%2C400&ssl=1 2x"},"classes":[]},{"id":74313,"url":"https:\/\/www.sportalsub.net\/blog\/indoor-fedesub-chile-2024","url_meta":{"origin":79697,"position":3},"title":"\ud83c\udde8\ud83c\uddf1 Resultados &#8211; Campeonato Nacional Indoor Actividades Subacu\u00e1ticas y Salvamento Acu\u00e1tico FEDESUB 2024 &#8211; Chile","author":"Sportalsub.net","date":"5 diciembre 2024","format":false,"excerpt":"(Sportalsub.net \/ FEDESUB CMAS Chile) La Federaci\u00f3n Deportiva Nacional de Actividades Subacu\u00e1ticas y Salvamento Acu\u00e1tico de Chile (FEDESUB) organiz\u00f3 el Campeonato Nacional Indoor de Actividades Subacu\u00e1ticas y Salvamento Deportivo 2024 realizado los d\u00edas 30 de noviembre y 1 de diciembre en el Centro Acu\u00e1tico del Estadio Nacional de Santiago de\u2026","rel":"","context":"En \u00abApnea\u00bb","block_context":{"text":"Apnea","link":"https:\/\/www.sportalsub.net\/blog\/category\/modalidades\/apnea\/"},"img":{"alt_text":"","src":"https:\/\/i0.wp.com\/www.sportalsub.net\/blog\/wp-content\/uploads\/2024\/12\/resultadosindoorfedesubchile2024.jpg?resize=350%2C200&ssl=1","width":350,"height":200,"srcset":"https:\/\/i0.wp.com\/www.sportalsub.net\/blog\/wp-content\/uploads\/2024\/12\/resultadosindoorfedesubchile2024.jpg?resize=350%2C200&ssl=1 1x, https:\/\/i0.wp.com\/www.sportalsub.net\/blog\/wp-content\/uploads\/2024\/12\/resultadosindoorfedesubchile2024.jpg?resize=525%2C300&ssl=1 1.5x, https:\/\/i0.wp.com\/www.sportalsub.net\/blog\/wp-content\/uploads\/2024\/12\/resultadosindoorfedesubchile2024.jpg?resize=700%2C400&ssl=1 2x"},"classes":[]},{"id":69981,"url":"https:\/\/www.sportalsub.net\/blog\/nacional-selectivo-nadosub-chile-2024","url_meta":{"origin":79697,"position":4},"title":"\ud83c\udde8\ud83c\uddf1 Resultados &#8211; Campeonato Nacional Selectivo de Nataci\u00f3n con Aletas FEDESUB 2024 &#8211; Santiago de Chile","author":"Sportalsub.net","date":"17 marzo 2024","format":false,"excerpt":"(Sportalsub.net \/ FEDESUB) La Federaci\u00f3n Deportiva Nacional de Actividades Subacu\u00e1ticas y Salvamento Acu\u00e1tico de Chile (FEDESUB) llev\u00f3 a cabo el \u201cCAMPEONATO NACIONAL SELECTIVO DE NATACION CON ALETAS 2024\u201d, el cual se desarroll\u00f3 el s\u00e1bado 16 Y domingo 17 de marzo 2024, en la Piscina del CENTRO ACUATICO ESTADIO NACIONAL. Esta\u2026","rel":"","context":"En \u00abChile\u00bb","block_context":{"text":"Chile","link":"https:\/\/www.sportalsub.net\/blog\/category\/paises\/america\/chile\/"},"img":{"alt_text":"","src":"https:\/\/i0.wp.com\/www.sportalsub.net\/blog\/wp-content\/uploads\/2024\/03\/aletachile2.jpg?resize=350%2C200&ssl=1","width":350,"height":200,"srcset":"https:\/\/i0.wp.com\/www.sportalsub.net\/blog\/wp-content\/uploads\/2024\/03\/aletachile2.jpg?resize=350%2C200&ssl=1 1x, https:\/\/i0.wp.com\/www.sportalsub.net\/blog\/wp-content\/uploads\/2024\/03\/aletachile2.jpg?resize=525%2C300&ssl=1 1.5x, https:\/\/i0.wp.com\/www.sportalsub.net\/blog\/wp-content\/uploads\/2024\/03\/aletachile2.jpg?resize=700%2C400&ssl=1 2x"},"classes":[]},{"id":52889,"url":"https:\/\/www.sportalsub.net\/blog\/pre-selectivo-de-natacion-con-aletas-fedesub-2022-santiago-de-chile\/","url_meta":{"origin":79697,"position":5},"title":"\ud83c\udde8\ud83c\uddf1 Resultados &#8211; Pre-selectivo de Nataci\u00f3n con Aletas FEDESUB 2022, Santiago de Chile","author":"Sportalsub.net","date":"25 abril 2022","format":false,"excerpt":"(Sportalsub.net \/ FEDESUB) La Federaci\u00f3n Deportiva Nacional de Actividades Subacu\u00e1ticas y Salvamento Acu\u00e1tico de Chile (FEDESUB) convoc\u00f3 a los deportistas seleccionados por sus Asociaciones a participar del Pre-selectivo de Nataci\u00f3n con Aletas, el cual se desarroll\u00f3 el d\u00eda s\u00e1bado 23 de abril en el Centro Elige Vivir Sano Independencia en\u2026","rel":"","context":"En \u00abChile\u00bb","block_context":{"text":"Chile","link":"https:\/\/www.sportalsub.net\/blog\/category\/paises\/america\/chile\/"},"img":{"alt_text":"","src":"https:\/\/i0.wp.com\/www.sportalsub.net\/blog\/wp-content\/uploads\/2022\/03\/preselectivoaletaschile2022.jpg?resize=350%2C200&ssl=1","width":350,"height":200,"srcset":"https:\/\/i0.wp.com\/www.sportalsub.net\/blog\/wp-content\/uploads\/2022\/03\/preselectivoaletaschile2022.jpg?resize=350%2C200&ssl=1 1x, https:\/\/i0.wp.com\/www.sportalsub.net\/blog\/wp-content\/uploads\/2022\/03\/preselectivoaletaschile2022.jpg?resize=525%2C300&ssl=1 1.5x, https:\/\/i0.wp.com\/www.sportalsub.net\/blog\/wp-content\/uploads\/2022\/03\/preselectivoaletaschile2022.jpg?resize=700%2C400&ssl=1 2x"},"classes":[]}],"_links":{"self":[{"href":"https:\/\/www.sportalsub.net\/blog\/wp-json\/wp\/v2\/posts\/79697","targetHints":{"allow":["GET"]}}],"collection":[{"href":"https:\/\/www.sportalsub.net\/blog\/wp-json\/wp\/v2\/posts"}],"about":[{"href":"https:\/\/www.sportalsub.net\/blog\/wp-json\/wp\/v2\/types\/post"}],"author":[{"embeddable":true,"href":"https:\/\/www.sportalsub.net\/blog\/wp-json\/wp\/v2\/users\/1"}],"replies":[{"embeddable":true,"href":"https:\/\/www.sportalsub.net\/blog\/wp-json\/wp\/v2\/comments?post=79697"}],"version-history":[{"count":8,"href":"https:\/\/www.sportalsub.net\/blog\/wp-json\/wp\/v2\/posts\/79697\/revisions"}],"predecessor-version":[{"id":79890,"href":"https:\/\/www.sportalsub.net\/blog\/wp-json\/wp\/v2\/posts\/79697\/revisions\/79890"}],"wp:featuredmedia":[{"embeddable":true,"href":"https:\/\/www.sportalsub.net\/blog\/wp-json\/wp\/v2\/media\/79887"}],"wp:attachment":[{"href":"https:\/\/www.sportalsub.net\/blog\/wp-json\/wp\/v2\/media?parent=79697"}],"wp:term":[{"taxonomy":"category","embeddable":true,"href":"https:\/\/www.sportalsub.net\/blog\/wp-json\/wp\/v2\/categories?post=79697"},{"taxonomy":"post_tag","embeddable":true,"href":"https:\/\/www.sportalsub.net\/blog\/wp-json\/wp\/v2\/tags?post=79697"}],"curies":[{"name":"wp","href":"https:\/\/api.w.org\/{rel}","templated":true}]}}