{"id":8108,"date":"2011-02-02T00:29:16","date_gmt":"2011-02-02T04:59:16","guid":{"rendered":"http:\/\/www.sportalsub.net\/blog\/?p=8108"},"modified":"2019-09-01T13:02:09","modified_gmt":"2019-09-01T17:02:09","slug":"campeonatos-mundiales-de-apnea-aida-2011-ya-tienen-fecha-y-sede-definitiva","status":"publish","type":"post","link":"https:\/\/www.sportalsub.net\/blog\/campeonatos-mundiales-de-apnea-aida-2011-ya-tienen-fecha-y-sede-definitiva\/","title":{"rendered":"\ud83c\udf0e Campeonatos Mundiales de Apnea AIDA 2011 ya tienen fecha y sede definitiva"},"content":{"rendered":"<p style=\"text-align: center;\"><img loading=\"lazy\" decoding=\"async\" class=\"alignnone size-full wp-image-8109\" src=\"http:\/\/www.sportalsub.net\/blog\/wp-content\/uploads\/2011\/02\/mundialesAIDA2011.jpg\" alt=\"\" width=\"600\" height=\"268\" srcset=\"https:\/\/www.sportalsub.net\/blog\/wp-content\/uploads\/2011\/02\/mundialesAIDA2011.jpg 600w, https:\/\/www.sportalsub.net\/blog\/wp-content\/uploads\/2011\/02\/mundialesAIDA2011-300x134.jpg 300w, https:\/\/www.sportalsub.net\/blog\/wp-content\/uploads\/2011\/02\/mundialesAIDA2011-364x164.jpg 364w\" sizes=\"auto, (max-width: 600px) 100vw, 600px\" \/><\/p>\n<p>Los Campeonatos Mundiales Individuales de Apnea de la Asociaci\u00f3n Internacional para el Desarrollo de la Apnea (AIDA) de este 2011 ya tienen fecha y sede definitiva.<\/p>\n<p>El Campeonato Mundial Individual de Profundidad (Peso Constante con Aletas, Peso Constante sin Aletas e Inmersi\u00f3n Libre) se realizar\u00e1 del 15 al 25 de Septiembre en Kalamata, Grecia. Sitio Web Oficial: <a href=\"http:\/\/www.freediving-club.gr\/\" target=\"_blank\" rel=\"noopener noreferrer\" target=\"_blank\">http:\/\/www.freediving-club.gr\/<\/a><\/p>\n<p>El Campeonato Mundial Indoor o en piscina (Din\u00e1mica con Aletas, Din\u00e1mica sin Aletas y est\u00e1tica) tendr\u00e1 como sede la localidad de Lignando Sabbiadoro en Italia y se llevar\u00e1 a cabo del 7 al 16 de Octubre y ser\u00e1 organizado por la oganizaci\u00f3n Apnea Evolution. Sitio web: <a href=\"http:\/\/www.apneaevolution.it\/\" target=\"_blank\" rel=\"noopener noreferrer\" target=\"_blank\">http:\/\/www.apneaevolution.it\/<\/a><\/p>\n<p>Pr\u00f3ximamente ampliaremos la informaci\u00f3n.<\/p>\n<p>Sitio web oficial AIDA Internacional: <a href=\"http:\/\/www.aidainternational.org\/\" target=\"_blank\" rel=\"noopener noreferrer\" target=\"_blank\">http:\/\/www.aidainternational.org\/<\/a><\/p>\n","protected":false},"excerpt":{"rendered":"<p>Los Campeonatos Mundiales Individuales de Apnea de la Asociaci\u00f3n Internacional para el Desarrollo de la Apnea (AIDA) de este 2011 ya tienen fecha y sede definitiva. El Campeonato Mundial Individual de Profundidad (Peso Constante con Aletas, Peso Constante sin Aletas e Inmersi\u00f3n Libre) se realizar\u00e1 del 15 al 25 de Septiembre en Kalamata, Grecia. Sitio Web Oficial: http:\/\/www.freediving-club.gr\/ El Campeonato [&#8230;]<\/p>\n","protected":false},"author":1,"featured_media":8109,"comment_status":"open","ping_status":"closed","sticky":false,"template":"","format":"standard","meta":{"_lmt_disableupdate":"","_lmt_disable":"","jetpack_post_was_ever_published":false,"_jetpack_newsletter_access":"","_jetpack_dont_email_post_to_subs":false,"_jetpack_newsletter_tier_id":0,"_jetpack_memberships_contains_paywalled_content":false,"_jetpack_memberships_contains_paid_content":false,"footnotes":"","jetpack_publicize_message":"","jetpack_publicize_feature_enabled":true,"jetpack_social_post_already_shared":false,"jetpack_social_options":{"image_generator_settings":{"template":"highway","default_image_id":0,"font":"","enabled":false},"version":2}},"categories":[147,9,133,260,118,190,191],"tags":[],"class_list":["post-8108","post","type-post","status-publish","format-standard","has-post-thumbnail","hentry","category-aida","category-apnea","category-destacados-anteriores","category-grecia","category-italia","category-mundial-aida-indoor-2011","category-mundial-aida-profundidad-2011"],"modified_by":"Sportalsub.net","views":2669,"jetpack_publicize_connections":[],"jetpack_featured_media_url":"https:\/\/www.sportalsub.net\/blog\/wp-content\/uploads\/2011\/02\/mundialesAIDA2011.jpg","jetpack_sharing_enabled":true,"jetpack_shortlink":"https:\/\/wp.me\/pf9lN-26M","jetpack_likes_enabled":false,"jetpack-related-posts":[{"id":10977,"url":"https:\/\/www.sportalsub.net\/blog\/3-venezolanos-estaran-presentes-en-campeonato-mundial-de-piscina-aida-2011-en-italia\/","url_meta":{"origin":8108,"position":0},"title":"\ud83c\uddfb\ud83c\uddea 3 venezolanos estar\u00e1n compitiendo en Mundial de apnea en piscina AIDA 2011 en Italia","author":"Sportalsub.net","date":"30 septiembre 2011","format":false,"excerpt":"(Especial Sportalsub.net) Luego de una destacada actuaci\u00f3n en el Campeonato Mundial de Apnea de Profundidad AIDA 2011, realizado en d\u00edas recientes en Kalamata, Grecia; 3 apneistas de la Selecci\u00f3n de Apnea Venezuela, buscar\u00e1n repetir la buena actuaci\u00f3n en el Campeonato Mundial de piscina, que se llevar\u00e1 a cabo en Lignano-Sabbiadoro,\u2026","rel":"","context":"En \u00abApnea\u00bb","block_context":{"text":"Apnea","link":"https:\/\/www.sportalsub.net\/blog\/category\/modalidades\/apnea\/"},"img":{"alt_text":"","src":"https:\/\/i0.wp.com\/www.sportalsub.net\/blog\/wp-content\/uploads\/2011\/09\/apnea-piscina.jpg?resize=350%2C200&ssl=1","width":350,"height":200,"srcset":"https:\/\/i0.wp.com\/www.sportalsub.net\/blog\/wp-content\/uploads\/2011\/09\/apnea-piscina.jpg?resize=350%2C200&ssl=1 1x, https:\/\/i0.wp.com\/www.sportalsub.net\/blog\/wp-content\/uploads\/2011\/09\/apnea-piscina.jpg?resize=525%2C300&ssl=1 1.5x"},"classes":[]},{"id":14571,"url":"https:\/\/www.sportalsub.net\/blog\/campeonato-mundial-individual-de-apnea-de-profundidad-aida-2013-kalamata-grecia\/","url_meta":{"origin":8108,"position":1},"title":"\ud83c\uddec\ud83c\uddf7 Campeonato Mundial Individual de Apnea de profundidad AIDA 2013. Kalamata, Grecia","author":"Sportalsub.net","date":"29 enero 2013","format":false,"excerpt":"(Especial Sportalsub.net) Del 15 al 22 de septiembre de 2013, se realizar\u00e1 en Kalamata, Grecia el Campeonato Mundial Individual 2013 de la Asociaci\u00f3n Internacional para el Desarrollo de la Apnea AIDA. El evento se desarrollar\u00e1 en las modalidades de Peso Constante sin aletas, peso constante con aletas e inmersi\u00f3n libre.\u2026","rel":"","context":"En \u00abApnea\u00bb","block_context":{"text":"Apnea","link":"https:\/\/www.sportalsub.net\/blog\/category\/modalidades\/apnea\/"},"img":{"alt_text":"","src":"https:\/\/i0.wp.com\/www.sportalsub.net\/blog\/wp-content\/uploads\/2013\/01\/mundial-aida-profundidad-2013.jpg?resize=350%2C200&ssl=1","width":350,"height":200,"srcset":"https:\/\/i0.wp.com\/www.sportalsub.net\/blog\/wp-content\/uploads\/2013\/01\/mundial-aida-profundidad-2013.jpg?resize=350%2C200&ssl=1 1x, https:\/\/i0.wp.com\/www.sportalsub.net\/blog\/wp-content\/uploads\/2013\/01\/mundial-aida-profundidad-2013.jpg?resize=525%2C300&ssl=1 1.5x"},"classes":[]},{"id":11049,"url":"https:\/\/www.sportalsub.net\/blog\/resultados-1er-dia-clasificacion-dinamica-sin-equipo-mundial-apnea-en-piscina-aida-italia-2011\/","url_meta":{"origin":8108,"position":2},"title":"\ud83c\uddee\ud83c\uddf9 Resultados 1er d\u00eda clasificaci\u00f3n din\u00e1mica sin equipo Mundial apnea en piscina AIDA Italia 2011","author":"Sportalsub.net","date":"7 octubre 2011","format":false,"excerpt":"(Especial Sportalsub.net) Este jueves 6 se realiz\u00f3 la apertura y el viernes 7 de octubre fue la primera jornada de competencias del Campeonato Mundial de Apnea en piscina AIDA 2011\u00a0que se lleva a cabo en Lignano-Sabbiadoro, Italia, del 6 al 16 de octubre 2011. El evento comprende las 3 modalidades\u2026","rel":"","context":"En \u00abApnea\u00bb","block_context":{"text":"Apnea","link":"https:\/\/www.sportalsub.net\/blog\/category\/modalidades\/apnea\/"},"img":{"alt_text":"","src":"https:\/\/i0.wp.com\/www.sportalsub.net\/blog\/wp-content\/uploads\/2011\/10\/apertura.jpg?resize=350%2C200&ssl=1","width":350,"height":200,"srcset":"https:\/\/i0.wp.com\/www.sportalsub.net\/blog\/wp-content\/uploads\/2011\/10\/apertura.jpg?resize=350%2C200&ssl=1 1x, https:\/\/i0.wp.com\/www.sportalsub.net\/blog\/wp-content\/uploads\/2011\/10\/apertura.jpg?resize=525%2C300&ssl=1 1.5x, https:\/\/i0.wp.com\/www.sportalsub.net\/blog\/wp-content\/uploads\/2011\/10\/apertura.jpg?resize=700%2C400&ssl=1 2x"},"classes":[]},{"id":11118,"url":"https:\/\/www.sportalsub.net\/blog\/finales-de-apnea-dinamica-sin-aletas-mundial-de-apnea-en-piscina-aida-2011\/","url_meta":{"origin":8108,"position":3},"title":"\ud83c\uddee\ud83c\uddf9 Resultados Finales Din\u00e1mica sin Aletas Mundial de Apnea en Piscina AIDA Italia 2011","author":"Sportalsub.net","date":"14 octubre 2011","format":false,"excerpt":"(Especial Sportalsub.net) Este viernes 14 de octubre se realizaron las finales de la modalidad de apnea din\u00e1mica sin aletas \u00a0del Campeonato Mundial de Apnea en piscina y cuya transmisi\u00f3n pueden seguir a trav\u00e9s de la web:\u00a0http:\/\/www.evolutionchannel.tv\/\u00a0en directo desde el lugar de la competencia, Lignano Sabbiadoro. Frederic Sessa de Francia logr\u00f3\u2026","rel":"","context":"En \u00abApnea\u00bb","block_context":{"text":"Apnea","link":"https:\/\/www.sportalsub.net\/blog\/category\/modalidades\/apnea\/"},"img":{"alt_text":"","src":"https:\/\/i0.wp.com\/www.sportalsub.net\/blog\/wp-content\/uploads\/2013\/11\/finaldinamicasinaletas.jpg?resize=350%2C200&ssl=1","width":350,"height":200,"srcset":"https:\/\/i0.wp.com\/www.sportalsub.net\/blog\/wp-content\/uploads\/2013\/11\/finaldinamicasinaletas.jpg?resize=350%2C200&ssl=1 1x, https:\/\/i0.wp.com\/www.sportalsub.net\/blog\/wp-content\/uploads\/2013\/11\/finaldinamicasinaletas.jpg?resize=525%2C300&ssl=1 1.5x"},"classes":[]},{"id":11164,"url":"https:\/\/www.sportalsub.net\/blog\/resultados-finales-estatica-mundial-de-apnea-en-piscina-aida-italia-2011-colak-el-mas-destacado\/","url_meta":{"origin":8108,"position":4},"title":"\ud83c\udded\ud83c\uddf7 Resultados Finales Est\u00e1tica Mundial de Apnea en Piscina AIDA Italia 2011. Colak el m\u00e1s destacado","author":"Sportalsub.net","date":"16 octubre 2011","format":false,"excerpt":"(Especial Sportalsub.net) El apneista de Croacia Goran Colak se apunt\u00f3 su segunda medalla de oro, con un tiempo de 8 minutos y 10 segundos, esta vez en la final de la apnea est\u00e1tica del Campeonato Mundial de Apnea en Piscina AIDA 2011, realizado en Lignano Sabbiadoro, Italia y que concluy\u00f3\u2026","rel":"","context":"En \u00abApnea\u00bb","block_context":{"text":"Apnea","link":"https:\/\/www.sportalsub.net\/blog\/category\/modalidades\/apnea\/"},"img":{"alt_text":"","src":"https:\/\/i0.wp.com\/www.sportalsub.net\/blog\/wp-content\/uploads\/2011\/10\/estatica-aida2011.jpg?resize=350%2C200&ssl=1","width":350,"height":200,"srcset":"https:\/\/i0.wp.com\/www.sportalsub.net\/blog\/wp-content\/uploads\/2011\/10\/estatica-aida2011.jpg?resize=350%2C200&ssl=1 1x, https:\/\/i0.wp.com\/www.sportalsub.net\/blog\/wp-content\/uploads\/2011\/10\/estatica-aida2011.jpg?resize=525%2C300&ssl=1 1.5x"},"classes":[]},{"id":2604,"url":"https:\/\/www.sportalsub.net\/blog\/1er-dia-del-campeonato-mundial-de-apnea-en-piscina-aida-dinamarca-2009\/","url_meta":{"origin":8108,"position":5},"title":"\ud83c\udde9\ud83c\uddf0 1er d\u00eda del Campeonato Mundial de Apnea en piscina AIDA Dinamarca 2009","author":"Sportalsub.net","date":"19 agosto 2009","format":false,"excerpt":"Este mi\u00e9rcoles 19 de Agosto se realizaron las pruebas clasificatorias de la modalidad de apnea din\u00e1mica sin equipo en el V Campeonato Mundial Individual Indoor de apnea AIDA, que se realiza en Aarhus, Dinamarca. Dick Villamizar de Venezuela fue descalificado por BlackOut a los 130mts aprox. en Din\u00e1mica sin Aletas\u2026","rel":"","context":"En \u00abApnea\u00bb","block_context":{"text":"Apnea","link":"https:\/\/www.sportalsub.net\/blog\/category\/modalidades\/apnea\/"},"img":{"alt_text":"","src":"https:\/\/i0.wp.com\/www.sportalsub.net\/blog\/wp-content\/uploads\/2009\/08\/costedinamia.jpg?resize=350%2C200&ssl=1","width":350,"height":200,"srcset":"https:\/\/i0.wp.com\/www.sportalsub.net\/blog\/wp-content\/uploads\/2009\/08\/costedinamia.jpg?resize=350%2C200&ssl=1 1x, https:\/\/i0.wp.com\/www.sportalsub.net\/blog\/wp-content\/uploads\/2009\/08\/costedinamia.jpg?resize=525%2C300&ssl=1 1.5x"},"classes":[]}],"_links":{"self":[{"href":"https:\/\/www.sportalsub.net\/blog\/wp-json\/wp\/v2\/posts\/8108","targetHints":{"allow":["GET"]}}],"collection":[{"href":"https:\/\/www.sportalsub.net\/blog\/wp-json\/wp\/v2\/posts"}],"about":[{"href":"https:\/\/www.sportalsub.net\/blog\/wp-json\/wp\/v2\/types\/post"}],"author":[{"embeddable":true,"href":"https:\/\/www.sportalsub.net\/blog\/wp-json\/wp\/v2\/users\/1"}],"replies":[{"embeddable":true,"href":"https:\/\/www.sportalsub.net\/blog\/wp-json\/wp\/v2\/comments?post=8108"}],"version-history":[{"count":0,"href":"https:\/\/www.sportalsub.net\/blog\/wp-json\/wp\/v2\/posts\/8108\/revisions"}],"wp:featuredmedia":[{"embeddable":true,"href":"https:\/\/www.sportalsub.net\/blog\/wp-json\/wp\/v2\/media\/8109"}],"wp:attachment":[{"href":"https:\/\/www.sportalsub.net\/blog\/wp-json\/wp\/v2\/media?parent=8108"}],"wp:term":[{"taxonomy":"category","embeddable":true,"href":"https:\/\/www.sportalsub.net\/blog\/wp-json\/wp\/v2\/categories?post=8108"},{"taxonomy":"post_tag","embeddable":true,"href":"https:\/\/www.sportalsub.net\/blog\/wp-json\/wp\/v2\/tags?post=8108"}],"curies":[{"name":"wp","href":"https:\/\/api.w.org\/{rel}","templated":true}]}}