{"id":85844,"date":"2026-03-11T14:42:43","date_gmt":"2026-03-11T18:42:43","guid":{"rendered":"https:\/\/www.sportalsub.net\/blog\/?p=85844"},"modified":"2026-03-11T14:42:43","modified_gmt":"2026-03-11T18:42:43","slug":"como-elegir-un-yate-para-unas-vacaciones-en-mallorca-recomendaciones-practicas","status":"publish","type":"post","link":"https:\/\/www.sportalsub.net\/blog\/como-elegir-un-yate-para-unas-vacaciones-en-mallorca-recomendaciones-practicas\/","title":{"rendered":"C\u00f3mo elegir un yate para unas vacaciones en Mallorca recomendaciones pr\u00e1cticas"},"content":{"rendered":"<p><img loading=\"lazy\" decoding=\"async\" class=\"alignnone size-full wp-image-85846\" src=\"https:\/\/www.sportalsub.net\/blog\/wp-content\/uploads\/2026\/03\/yates-mallorca.jpg\" alt=\"\" width=\"899\" height=\"610\" srcset=\"https:\/\/www.sportalsub.net\/blog\/wp-content\/uploads\/2026\/03\/yates-mallorca.jpg 899w, https:\/\/www.sportalsub.net\/blog\/wp-content\/uploads\/2026\/03\/yates-mallorca-300x204.jpg 300w, https:\/\/www.sportalsub.net\/blog\/wp-content\/uploads\/2026\/03\/yates-mallorca-768x521.jpg 768w\" sizes=\"auto, (max-width: 899px) 100vw, 899px\" \/><\/p>\n<p style=\"font-weight: 400;\">Mallorca se ha consolidado desde hace tiempo como uno de los mejores destinos del Mediterr\u00e1neo para las excursiones mar\u00edtimas. Sus aguas cristalinas, sus decenas de calas rec\u00f3nditas y su desarrollada infraestructura portuaria atraen a quienes prefieren contemplar la isla desde el mar. Por eso, el\u00a0<a href=\"https:\/\/boatrentalmallorca.net\/es\/spain\/alquiler-yate-mallorca\/\" target=\"_blank\">alquiler de yates en Mallorca<\/a>\u00a0goza de una demanda constante, tanto entre los navegantes experimentados como entre los principiantes. En este art\u00edculo se recogen una serie de orientaciones concretas que le ayudar\u00e1n a decidir el tipo de embarcaci\u00f3n, la ruta y el formato del viaje.<\/p>\n<h2>\u00bfQu\u00e9 tipo de yate se adapta a sus necesidades?<\/h2>\n<p style=\"font-weight: 400;\">La elecci\u00f3n del barco depende de lo que esperes del viaje. Para algunos es importante la velocidad, para otros, la navegaci\u00f3n suave y silenciosa a vela. En Mallorca hay tres categor\u00edas principales de barcos:<\/p>\n<ul style=\"font-weight: 400;\">\n<li><strong>Yates de vela<\/strong>. Una opci\u00f3n para aquellos que aprecian la atm\u00f3sfera de un aut\u00e9ntico viaje por mar. Navegar a vela permite ahorrar combustible y el nivel de ruido es m\u00ednimo.<\/li>\n<li><strong>Yates a motor<\/strong>. Ofrecen alta velocidad y comodidad a bordo. Son adecuados si desea alquilar un yate en Mallorca durante todo el d\u00eda y visitar varios lugares, desde las playas de Formentor hasta los acantilados del sureste.<\/li>\n<li><strong>Catamaranes<\/strong>. Construcci\u00f3n estable con cubierta espaciosa. Una buena opci\u00f3n para familias con ni\u00f1os, donde es importante la estabilidad de la navegaci\u00f3n y una gran superficie para el descanso.<\/li>\n<\/ul>\n<p style=\"font-weight: 400;\">Antes de reservar, decida cu\u00e1les son sus prioridades: la ruta, el n\u00famero de pasajeros, la comodidad en las paradas. Esto reducir\u00e1 el n\u00famero de opciones y le ahorrar\u00e1 tiempo en la b\u00fasqueda.<\/p>\n<h2>Formato del alquiler: con capit\u00e1n o sin \u00e9l<\/h2>\n<p style=\"font-weight: 400;\">Una de las cuestiones clave es si navegar por cuenta propia o confiar en un profesional. Alquilar un yate en Mallorca con capit\u00e1n elimina las preocupaciones organizativas y da acceso a conocimientos locales que no se pueden obtener en las gu\u00edas tur\u00edsticas.<\/p>\n<p style=\"font-weight: 400;\">El capit\u00e1n a bordo no es solo el timonel. Un patr\u00f3n experimentado sabe qu\u00e9 bah\u00edas son mejores para atracar por la ma\u00f1ana, d\u00f3nde encontrar un fondeadero tranquilo lejos de las rutas tur\u00edsticas y c\u00f3mo organizar el d\u00eda teniendo en cuenta el viento y las corrientes.<\/p>\n<p>En las Baleares hay un dicho: \u00abEl mar que rodea Mallorca perdona los errores de navegaci\u00f3n, pero no perdona las prisas\u00bb. Aunque la ruta parezca corta en el mapa, el tiempo real de traves\u00eda depende del oleaje y la direcci\u00f3n del viento, y el capit\u00e1n lo tiene m\u00e1s en cuenta que cualquier navegador.<\/p>\n<p style=\"font-weight: 400;\">La navegaci\u00f3n aut\u00f3noma es posible si se dispone de una licencia internacional. La legislaci\u00f3n espa\u00f1ola exige una licencia para yates de determinada clase, y las empresas de alquiler comprueban los documentos antes de la salida.<\/p>\n<p style=\"font-weight: 400;\">Qu\u00e9 hay que tener en cuenta al elegir un yate:<\/p>\n<ul style=\"font-weight: 400;\">\n<li>la duraci\u00f3n del viaje y la ruta prevista;<\/li>\n<li>el n\u00famero de pasajeros y los requisitos para los camarotes;<\/li>\n<li>la disponibilidad de la licencia para manejar el barco;<\/li>\n<li>la temporada: en julio y agosto hay que reservar con antelaci\u00f3n;<\/li>\n<li>equipo adicional: snorkel, kayaks, tablas de SUP.<\/li>\n<\/ul>\n<p style=\"font-weight: 400;\">Estos par\u00e1metros influyen en el precio final y la disponibilidad de los barcos. Cuanto antes decida los detalles, m\u00e1s opciones tendr\u00e1 a su disposici\u00f3n.<\/p>\n<h2>Rutas y duraci\u00f3n de la traves\u00eda<\/h2>\n<p style=\"font-weight: 400;\">La costa occidental de Mallorca es una de las m\u00e1s pintorescas del Mediterr\u00e1neo. Las escarpadas costas de la Serra de Tramuntana, declaradas Patrimonio de la Humanidad por la\u00a0<a href=\"https:\/\/www.unesco.org\/es\" target=\"_blank\">UNESCO<\/a>, son impresionantes desde el mar. Al este hay decenas de calas de aguas turquesas a las que es dif\u00edcil llegar por tierra.<\/p>\n<p style=\"font-weight: 400;\">El alquiler privado de yates en Mallorca durante una semana permite trazar una ruta circular completa. En siete d\u00edas se puede recorrer toda la isla, haciendo paradas en los puntos clave:<\/p>\n<ul style=\"font-weight: 400;\">\n<li><strong>D\u00eda 1-2<\/strong>. Salida desde Palma por la costa oeste hasta S\u00f3ller. Paradas en las calas de Sa Calobra y Dei\u00e0, donde se pueden ver algunas de las mejores puestas de sol de la isla.<\/li>\n<li><strong>D\u00eda 3-4<\/strong>. Costa norte: cabo Formentor, entrada al puerto de Pollen\u00e7a. Un buen lugar para reponer provisiones y pasear por el casco antiguo.<\/li>\n<li><strong>D\u00edas 5-6<\/strong>. Costa este: calas de Cala Mondrag\u00f3 y Cala Figuera. Condiciones ideales para practicar snorkel en bah\u00edas protegidas del viento.<\/li>\n<li><strong>D\u00eda 7<\/strong>. Regreso a Palma por la costa sur con parada en Cabrera, un parque nacional al que se necesita permiso para acceder.<\/li>\n<\/ul>\n<p style=\"font-weight: 400;\">El formato semanal es bueno porque da tiempo para hacer paradas no planificadas. El tiempo en las Baleares es predecible de mayo a octubre, pero nunca est\u00e1 de m\u00e1s tener un poco de flexibilidad en la ruta.<\/p>\n<h2>Detalles pr\u00e1cticos que se olvidan<\/h2>\n<p style=\"font-weight: 400;\">Adem\u00e1s de elegir el yate y la ruta, hay aspectos t\u00e9cnicos que conviene tener en cuenta de antemano. A menudo, son los peque\u00f1os detalles los que determinan lo c\u00f3modo que ser\u00e1 el viaje.<\/p>\n<p style=\"font-weight: 400;\">Los puertos deportivos de Mallorca funcionan con un sistema de reserva previa, especialmente en temporada alta. Es mejor reservar con varias semanas de antelaci\u00f3n en los puertos m\u00e1s populares, como Puerto Portals, Marina de Palma y Port d&#8217;Andratx. Los yates grandes disponen de una cocina completa, pero los alimentos no suelen estar incluidos en el paquete de alquiler. Lo m\u00e1s c\u00f3modo es hacer la compra en el mercado de Mersat de l&#8217;Olivar, en Palma.<\/p>\n<p style=\"font-weight: 400;\">Lista de documentos y tr\u00e1mites previos al viaje:<\/p>\n<ul style=\"font-weight: 400;\">\n<li>Contrato de alquiler, con indicaci\u00f3n de la cobertura del seguro y el importe del dep\u00f3sito.<\/li>\n<li>Licencia internacional, si tiene previsto conducir el yate usted mismo.<\/li>\n<li>Permiso para visitar Cabrera, que debe solicitarse online con al menos una semana de antelaci\u00f3n.<\/li>\n<li>Lista de contactos de los servicios portuarios a lo largo de la ruta.<\/li>\n<\/ul>\n<p style=\"font-weight: 400;\">El dep\u00f3sito est\u00e1ndar oscila entre 1500 y 5000 euros, dependiendo de la clase del barco. El seguro adicional reduce el dep\u00f3sito y cubre los da\u00f1os menores; consulte las condiciones antes de firmar el contrato.<\/p>\n<h2>C\u00f3mo ahorrar sin perder calidad<\/h2>\n<p style=\"font-weight: 400;\">La diferencia de precio entre la temporada alta de verano y la temporada baja alcanza el 40-50 %. Mayo, junio y septiembre ofrecen las mejores condiciones: el agua est\u00e1 templada y hay muchos menos turistas. Hay varias formas probadas de reducir los gastos:<\/p>\n<ul style=\"font-weight: 400;\">\n<li>Reservas con 3-4 meses de antelaci\u00f3n: las reservas anticipadas suelen tener descuento.<\/li>\n<li>Elegir la temporada baja: clima suave y puertos deportivos disponibles.<\/li>\n<li>Repartir los gastos: un grupo de 6-8 personas puede alquilar un barco por una semana a un precio similar al de un hotel.<\/li>\n<li>Renunciar a las opciones de lujo: el equipamiento b\u00e1sico cubre las necesidades esenciales.<\/li>\n<\/ul>\n<p style=\"font-weight: 400;\">Una planificaci\u00f3n adecuada permite disfrutar de unas vacaciones completas en el mar con un presupuesto razonable. Lo principal es fijar las fechas y el barco con antelaci\u00f3n, mientras la oferta sea amplia.<\/p>\n<p style=\"font-weight: 400;\">Planifique su viaje con tiempo de sobra y sus vacaciones en el mar alrededor de Mallorca le dejar\u00e1n solo recuerdos inolvidables. Cada bah\u00eda merece una parada por s\u00ed sola, y la puesta de sol en mar abierto merece salir del puerto solo para verla.<\/p>\n","protected":false},"excerpt":{"rendered":"<p>Mallorca se ha consolidado desde hace tiempo como uno de los mejores destinos del Mediterr\u00e1neo para las excursiones mar\u00edtimas. Sus aguas cristalinas, sus decenas de calas rec\u00f3nditas y su desarrollada infraestructura portuaria atraen a quienes prefieren contemplar la isla desde el mar. Por eso, el\u00a0alquiler de yates en Mallorca\u00a0goza de una demanda constante, tanto entre los navegantes experimentados como entre [&#8230;]<\/p>\n","protected":false},"author":1,"featured_media":85846,"comment_status":"open","ping_status":"closed","sticky":false,"template":"","format":"standard","meta":{"_lmt_disableupdate":"no","_lmt_disable":"no","jetpack_post_was_ever_published":false,"_jetpack_newsletter_access":"","_jetpack_dont_email_post_to_subs":false,"_jetpack_newsletter_tier_id":0,"_jetpack_memberships_contains_paywalled_content":false,"_jetpack_memberships_contains_paid_content":false,"footnotes":"","jetpack_publicize_message":"","jetpack_publicize_feature_enabled":true,"jetpack_social_post_already_shared":true,"jetpack_social_options":{"image_generator_settings":{"template":"highway","default_image_id":0,"font":"","enabled":false},"version":2}},"categories":[10,21],"tags":[],"class_list":["post-85844","post","type-post","status-publish","format-standard","has-post-thumbnail","hentry","category-espana","category-sitios-de-buceo"],"modified_by":"Sportalsub.net","views":274,"jetpack_publicize_connections":[],"jetpack_featured_media_url":"https:\/\/www.sportalsub.net\/blog\/wp-content\/uploads\/2026\/03\/yates-mallorca.jpg","jetpack_sharing_enabled":true,"jetpack_shortlink":"https:\/\/wp.me\/pf9lN-mkA","jetpack_likes_enabled":false,"jetpack-related-posts":[{"id":27252,"url":"https:\/\/www.sportalsub.net\/blog\/copa-mundo-cmas-master-nadosub-espana-2018","url_meta":{"origin":85844,"position":0},"title":"\ud83c\uddea\ud83c\uddf8 Resultados &#8211; Copa Mundo CMAS Master de Nataci\u00f3n con Aletas Palma de Mallorca, Espa\u00f1a &#8211; Junio 2018","author":"Sportalsub.net","date":"13 junio 2018","format":false,"excerpt":"(Sportalsub.net \/ CMAS \/ FEDAS \/ FBDAS) - Read in English La Confederaci\u00f3n Mundial de Actividades Subacu\u00e1ticas llev\u00f3 a cabo la V edici\u00f3n de la Copa Mundo de Nataci\u00f3n con Aletas en piscina y larga distancia para categor\u00edas Master en Palma de Mallorca, Espa\u00f1a del 8 al 10 de junio\u2026","rel":"","context":"En \u00abEspa\u00f1a\u00bb","block_context":{"text":"Espa\u00f1a","link":"https:\/\/www.sportalsub.net\/blog\/category\/paises\/europa\/espana\/"},"img":{"alt_text":"","src":"https:\/\/i0.wp.com\/www.sportalsub.net\/blog\/wp-content\/uploads\/2018\/06\/masters.jpg?resize=350%2C200&ssl=1","width":350,"height":200,"srcset":"https:\/\/i0.wp.com\/www.sportalsub.net\/blog\/wp-content\/uploads\/2018\/06\/masters.jpg?resize=350%2C200&ssl=1 1x, https:\/\/i0.wp.com\/www.sportalsub.net\/blog\/wp-content\/uploads\/2018\/06\/masters.jpg?resize=525%2C300&ssl=1 1.5x, https:\/\/i0.wp.com\/www.sportalsub.net\/blog\/wp-content\/uploads\/2018\/06\/masters.jpg?resize=700%2C400&ssl=1 2x"},"classes":[]},{"id":28325,"url":"https:\/\/www.sportalsub.net\/blog\/ben-lecomte-cruza-nado-aletas-pacifico","url_meta":{"origin":85844,"position":1},"title":"\ud83c\uddeb\ud83c\uddf7 Ben Lecomte intenta cruzar el Oc\u00e9ano Pac\u00edfico en Nado con Aletas","author":"Sportalsub.net","date":"8 julio 2018","format":false,"excerpt":"(Sportalsub.net \/ Ben Lecomte \/ ABC) - Read in English El pasado 5 de junio de 2018, equipado con un par de bialetas, traje de neopreno, lentes de nataci\u00f3n y snorkel o tubo respirador, el franc\u00e9s de 50 a\u00f1os Ben Lecomte\u00a0intenta cruzar todo el oc\u00e9ano pac\u00edfico en un recorrido de\u2026","rel":"","context":"En \u00abDestacados\u00bb","block_context":{"text":"Destacados","link":"https:\/\/www.sportalsub.net\/blog\/category\/mas\/destacados\/"},"img":{"alt_text":"","src":"https:\/\/i0.wp.com\/www.sportalsub.net\/blog\/wp-content\/uploads\/2018\/07\/longestswim.jpg?resize=350%2C200&ssl=1","width":350,"height":200,"srcset":"https:\/\/i0.wp.com\/www.sportalsub.net\/blog\/wp-content\/uploads\/2018\/07\/longestswim.jpg?resize=350%2C200&ssl=1 1x, https:\/\/i0.wp.com\/www.sportalsub.net\/blog\/wp-content\/uploads\/2018\/07\/longestswim.jpg?resize=525%2C300&ssl=1 1.5x, https:\/\/i0.wp.com\/www.sportalsub.net\/blog\/wp-content\/uploads\/2018\/07\/longestswim.jpg?resize=700%2C400&ssl=1 2x"},"classes":[]},{"id":54,"url":"https:\/\/www.sportalsub.net\/blog\/club-cafam-de-colombia-destaca-en-copa-mundo-de-natacion-con-aletas-en-mallorca-espana\/","url_meta":{"origin":85844,"position":2},"title":"\ud83c\udde8\ud83c\uddf4 Club CAFAM de Colombia destaca en Copa Mundo de Nataci\u00f3n con Aletas en Mallorca, Espa\u00f1a","author":"Sportalsub.net","date":"23 mayo 2008","format":false,"excerpt":"Con el apoyo de la Caja de Compensaci\u00f3n Familiar Cafam, que promueve el aprendizaje y pr\u00e1ctica de disciplinas deportivas de alto rendimiento, la delegaci\u00f3n colombiana del club CAFAM\u00a0revalid\u00f3 en Espa\u00f1a la tambi\u00e9n destacada actuaci\u00f3n que tuvo en la 2da Ronda de la Copa Mundo de Nataci\u00f3n con Aletas la CMAS\u2026","rel":"","context":"En \u00abColombia\u00bb","block_context":{"text":"Colombia","link":"https:\/\/www.sportalsub.net\/blog\/category\/paises\/america\/colombia\/"},"img":{"alt_text":"","src":"https:\/\/i0.wp.com\/www.sportalsub.net\/blog\/wp-content\/uploads\/2013\/11\/publicidadnadosub.jpg?resize=350%2C200&ssl=1","width":350,"height":200},"classes":[]},{"id":16054,"url":"https:\/\/www.sportalsub.net\/blog\/xiii-campeonato-de-espana-de-apnea-y-x-open-isurus-de-peso-constante\/","url_meta":{"origin":85844,"position":3},"title":"\ud83c\uddea\ud83c\uddf8 Resultados XIII Campeonato de Espa\u00f1a de Apnea y X Open Isurus de Peso Constante","author":"Sportalsub.net","date":"30 septiembre 2013","format":false,"excerpt":"(Especial Sportalsub.net \/ FEDAS \/ FBDAS \/ ApneaBalear) Los pasados d\u00edas 13 al 15 de septiembre de 2013, se celebr\u00f3 en Mallorca el XIII Campeonato de Espa\u00f1a de Apnea, donde resultaron vencedores absolutos el catal\u00e1n Aleix Segura en categor\u00eda masculina, seguido de Alfredo Roen, de Canarias y de Luis Mart\u00ednez\u2026","rel":"","context":"En \u00abApnea\u00bb","block_context":{"text":"Apnea","link":"https:\/\/www.sportalsub.net\/blog\/category\/modalidades\/apnea\/"},"img":{"alt_text":"","src":"https:\/\/i0.wp.com\/www.sportalsub.net\/blog\/wp-content\/uploads\/2013\/09\/poster-apnea-mallorca-2013.jpg?resize=350%2C200&ssl=1","width":350,"height":200,"srcset":"https:\/\/i0.wp.com\/www.sportalsub.net\/blog\/wp-content\/uploads\/2013\/09\/poster-apnea-mallorca-2013.jpg?resize=350%2C200&ssl=1 1x, https:\/\/i0.wp.com\/www.sportalsub.net\/blog\/wp-content\/uploads\/2013\/09\/poster-apnea-mallorca-2013.jpg?resize=525%2C300&ssl=1 1.5x, https:\/\/i0.wp.com\/www.sportalsub.net\/blog\/wp-content\/uploads\/2013\/09\/poster-apnea-mallorca-2013.jpg?resize=700%2C400&ssl=1 2x, https:\/\/i0.wp.com\/www.sportalsub.net\/blog\/wp-content\/uploads\/2013\/09\/poster-apnea-mallorca-2013.jpg?resize=1050%2C600&ssl=1 3x"},"classes":[]},{"id":66467,"url":"https:\/\/www.sportalsub.net\/blog\/semana-master-pescasub-2024","url_meta":{"origin":85844,"position":4},"title":"\ud83c\uddea\ud83c\uddf8 Resultados &#8211; Semana Master Ciutat de Palma y Campeonato Mundial Master de Pesca Submarina CMAS 2024, Espa\u00f1a","author":"Sportalsub.net","date":"29 enero 2024","format":false,"excerpt":"(Sportalsub.net \/ CMAS \/ FEDAS \/ FBDAS) \u2013\u00a0Read in English La Federaci\u00f3n Balear de Actividades Subacu\u00e1ticas (FBDAS) organiz\u00f3 la\u201cSEMANA MASTER\u2019S PALMA 2024\u201d de Pesca Submarina, evento que en esta edici\u00f3n incluy\u00f3 por primera vez el \u201cI Campeonato Mundial CMAS Master (50 a\u00f1os o m\u00e1s)por equipos. Teniendo como sede las aguas\u2026","rel":"","context":"En \u00abEspa\u00f1a\u00bb","block_context":{"text":"Espa\u00f1a","link":"https:\/\/www.sportalsub.net\/blog\/category\/paises\/europa\/espana\/"},"img":{"alt_text":"","src":"https:\/\/i0.wp.com\/www.sportalsub.net\/blog\/wp-content\/uploads\/2023\/11\/semana-master-pescasub-2024.jpg?resize=350%2C200&ssl=1","width":350,"height":200,"srcset":"https:\/\/i0.wp.com\/www.sportalsub.net\/blog\/wp-content\/uploads\/2023\/11\/semana-master-pescasub-2024.jpg?resize=350%2C200&ssl=1 1x, https:\/\/i0.wp.com\/www.sportalsub.net\/blog\/wp-content\/uploads\/2023\/11\/semana-master-pescasub-2024.jpg?resize=525%2C300&ssl=1 1.5x, https:\/\/i0.wp.com\/www.sportalsub.net\/blog\/wp-content\/uploads\/2023\/11\/semana-master-pescasub-2024.jpg?resize=700%2C400&ssl=1 2x"},"classes":[]},{"id":17233,"url":"https:\/\/www.sportalsub.net\/blog\/pesca-submarina-abre-calendario-de-competencias-subacuaticas-2014-en-palma-de-mallorca-espana\/","url_meta":{"origin":85844,"position":5},"title":"\ud83c\uddea\ud83c\uddf8 Pesca Submarina abre calendario de Competencias Subacu\u00e1ticas 2014 en Palma de Mallorca, Espa\u00f1a","author":"Sportalsub.net","date":"17 enero 2014","format":false,"excerpt":"(Especial Sportalsub.net \/ CMAS \/ FEDAS \/ FBDAS Comopeces.com) Este fin de semana del 17 al 19 de Enero, se realizar\u00e1n en Palma de Mallorca, Espa\u00f1a 3 importantes Campeonatos de Pesca Submarina que dan inicio al calendario internacional de esta modalidad deportiva subacu\u00e1tica en este a\u00f1o 2014 XIII MASTERS CIUTAT\u2026","rel":"","context":"En \u00abEspa\u00f1a\u00bb","block_context":{"text":"Espa\u00f1a","link":"https:\/\/www.sportalsub.net\/blog\/category\/paises\/europa\/espana\/"},"img":{"alt_text":"","src":"https:\/\/i0.wp.com\/www.sportalsub.net\/blog\/wp-content\/uploads\/2014\/01\/posters-fbdas-ok-2014.jpg?resize=350%2C200&ssl=1","width":350,"height":200,"srcset":"https:\/\/i0.wp.com\/www.sportalsub.net\/blog\/wp-content\/uploads\/2014\/01\/posters-fbdas-ok-2014.jpg?resize=350%2C200&ssl=1 1x, https:\/\/i0.wp.com\/www.sportalsub.net\/blog\/wp-content\/uploads\/2014\/01\/posters-fbdas-ok-2014.jpg?resize=525%2C300&ssl=1 1.5x, https:\/\/i0.wp.com\/www.sportalsub.net\/blog\/wp-content\/uploads\/2014\/01\/posters-fbdas-ok-2014.jpg?resize=700%2C400&ssl=1 2x, https:\/\/i0.wp.com\/www.sportalsub.net\/blog\/wp-content\/uploads\/2014\/01\/posters-fbdas-ok-2014.jpg?resize=1050%2C600&ssl=1 3x"},"classes":[]}],"_links":{"self":[{"href":"https:\/\/www.sportalsub.net\/blog\/wp-json\/wp\/v2\/posts\/85844","targetHints":{"allow":["GET"]}}],"collection":[{"href":"https:\/\/www.sportalsub.net\/blog\/wp-json\/wp\/v2\/posts"}],"about":[{"href":"https:\/\/www.sportalsub.net\/blog\/wp-json\/wp\/v2\/types\/post"}],"author":[{"embeddable":true,"href":"https:\/\/www.sportalsub.net\/blog\/wp-json\/wp\/v2\/users\/1"}],"replies":[{"embeddable":true,"href":"https:\/\/www.sportalsub.net\/blog\/wp-json\/wp\/v2\/comments?post=85844"}],"version-history":[{"count":3,"href":"https:\/\/www.sportalsub.net\/blog\/wp-json\/wp\/v2\/posts\/85844\/revisions"}],"predecessor-version":[{"id":85848,"href":"https:\/\/www.sportalsub.net\/blog\/wp-json\/wp\/v2\/posts\/85844\/revisions\/85848"}],"wp:featuredmedia":[{"embeddable":true,"href":"https:\/\/www.sportalsub.net\/blog\/wp-json\/wp\/v2\/media\/85846"}],"wp:attachment":[{"href":"https:\/\/www.sportalsub.net\/blog\/wp-json\/wp\/v2\/media?parent=85844"}],"wp:term":[{"taxonomy":"category","embeddable":true,"href":"https:\/\/www.sportalsub.net\/blog\/wp-json\/wp\/v2\/categories?post=85844"},{"taxonomy":"post_tag","embeddable":true,"href":"https:\/\/www.sportalsub.net\/blog\/wp-json\/wp\/v2\/tags?post=85844"}],"curies":[{"name":"wp","href":"https:\/\/api.w.org\/{rel}","templated":true}]}}