{"id":8591,"date":"2011-02-13T23:25:42","date_gmt":"2011-02-14T03:55:42","guid":{"rendered":"http:\/\/www.sportalsub.net\/blog\/?p=8591"},"modified":"2019-08-29T20:55:20","modified_gmt":"2019-08-30T00:55:20","slug":"nuevo-record-mundial-apnea-16x50m-por-brice-lequette-de-francia","status":"publish","type":"post","link":"https:\/\/www.sportalsub.net\/blog\/nuevo-record-mundial-apnea-16x50m-por-brice-lequette-de-francia\/","title":{"rendered":"\ud83c\uddeb\ud83c\uddf7 Nuevo R\u00e9cord Mundial Apnea 16x50m por Brice Lequette de Francia"},"content":{"rendered":"<p><img loading=\"lazy\" decoding=\"async\" class=\"alignnone size-full wp-image-8592\" title=\"bricelequette\" src=\"http:\/\/www.sportalsub.net\/blog\/wp-content\/uploads\/2011\/02\/bricelequette.jpg\" alt=\"\" width=\"530\" height=\"397\" srcset=\"https:\/\/www.sportalsub.net\/blog\/wp-content\/uploads\/2011\/02\/bricelequette.jpg 530w, https:\/\/www.sportalsub.net\/blog\/wp-content\/uploads\/2011\/02\/bricelequette-300x225.jpg 300w, https:\/\/www.sportalsub.net\/blog\/wp-content\/uploads\/2011\/02\/bricelequette-320x240.jpg 320w\" sizes=\"auto, (max-width: 530px) 100vw, 530px\" \/><\/p>\n<p>Este s\u00e1bado 12 de Febrero 2011, durante una competencia realizada en Massy (cerca de Paris, Francia), el franc\u00e9s Brice Lequette rompi\u00f3 un r\u00e9cord mundial de m\u00e1s de cuatro a\u00f1os de anterioridad, que estaba en poder del sueco Mikael Asp en la disciplina 16 x 50m (speed apnea). El r\u00e9cord anterior de Mikael era de 11 minutos y 15 segundos. Brice realiz\u00f3 la prueba de los 16 recorridos de 50mts en apnea (800 en total) en s\u00f3lo 11 minutos y 10 segundos. Anteriormente en 2010 Lequette ya se hab\u00eda acercado a esta marca, cuando hab\u00eda realizado 11 minutos 20 segundos en los Campeonatos de Francia.<\/p>\n<p>El tiempo realizado en esta ocasi\u00f3n significa un promedio de velocidad de 41.95 segundos por cada 50 metros (incluyendo el tiempo y pausa para respirar entre cada piscina).<\/p>\n<p>La modalidad de 16&#215;50 metros apnea, se viene realizando desde algunos a\u00f1os, en Federaciones Nacionales como las de Francia e Italia, afiliadas a la Confederaci\u00f3n Mundial de Actividades Subacu\u00e1ticas (CMAS) y en algunas competencias AIDA como la German Night realizada en varias ediciones de a\u00f1os anteriores en Alemania.<\/p>\n<p>En 2010 CMAS incluy\u00f3 y reconoci\u00f3 la apnea speed entre sus modalidades oficiales internacionales de competici\u00f3n. \u00a0La modalidad 16&#215;50 apnea consiste en realizar 800mts en 16 tramos de 50mts de apnea din\u00e1mica con aletas, con recuperaci\u00f3n en superficie en el menor tiempo posible.<\/p>\n<p>Fuente: <a href=\"http:\/\/apnea.cz\" target=\"_blank\" rel=\"noopener noreferrer\" target=\"_blank\">http:\/\/apnea.cz<\/a><br \/>\nRanking Mundial 16&#215;50 apnea:\u00a0<a href=\"http:\/\/apnea.cz\/ranking.html?16x50\" target=\"_blank\" rel=\"noopener noreferrer\" target=\"_blank\">http:\/\/apnea.cz\/ranking.html?16&#215;50<\/a> (actualizado con el nuevo r\u00e9cord)<\/p>\n<p>M\u00e1s informaci\u00f3n comision de apnea FFESSM (Francia): <a href=\"http:\/\/apnee.ffessm.fr\/index.php\" target=\"_blank\" rel=\"noopener noreferrer\" target=\"_blank\">http:\/\/apnee.ffessm.fr\/<\/a><\/p>\n<p style=\"text-align: center;\"><strong>Video Reportaje<\/strong><\/p>\n<p style=\"text-align: center;\"><object width=\"480\" height=\"390\"><param name=\"movie\" value=\"http:\/\/www.youtube.com\/v\/eNdA1WGUCYo?fs=1&amp;hl=es_ES\" \/><param name=\"allowFullScreen\" value=\"true\" \/><param name=\"allowscriptaccess\" value=\"always\" \/><\/object><\/p>\n","protected":false},"excerpt":{"rendered":"<p>Este s\u00e1bado 12 de Febrero 2011, durante una competencia realizada en Massy (cerca de Paris, Francia), el franc\u00e9s Brice Lequette rompi\u00f3 un r\u00e9cord mundial de m\u00e1s de cuatro a\u00f1os de anterioridad, que estaba en poder del sueco Mikael Asp en la disciplina 16 x 50m (speed apnea). El r\u00e9cord anterior de Mikael era de 11 minutos y 15 segundos. Brice [&#8230;]<\/p>\n","protected":false},"author":1,"featured_media":8592,"comment_status":"open","ping_status":"closed","sticky":false,"template":"","format":"standard","meta":{"_lmt_disableupdate":"","_lmt_disable":"","jetpack_post_was_ever_published":false,"_jetpack_newsletter_access":"","_jetpack_dont_email_post_to_subs":false,"_jetpack_newsletter_tier_id":0,"_jetpack_memberships_contains_paywalled_content":false,"_jetpack_memberships_contains_paid_content":false,"footnotes":"","jetpack_publicize_message":"","jetpack_publicize_feature_enabled":true,"jetpack_social_post_already_shared":false,"jetpack_social_options":{"image_generator_settings":{"template":"highway","default_image_id":0,"font":"","enabled":false},"version":2}},"categories":[9,148,152,50],"tags":[],"class_list":["post-8591","post","type-post","status-publish","format-standard","has-post-thumbnail","hentry","category-apnea","category-cmas-organizaciones","category-francia","category-records"],"modified_by":"Sportalsub.net","views":4119,"jetpack_publicize_connections":[],"jetpack_featured_media_url":"https:\/\/www.sportalsub.net\/blog\/wp-content\/uploads\/2011\/02\/bricelequette.jpg","jetpack_sharing_enabled":true,"jetpack_shortlink":"https:\/\/wp.me\/pf9lN-2ez","jetpack_likes_enabled":false,"jetpack-related-posts":[{"id":8889,"url":"https:\/\/www.sportalsub.net\/blog\/nuevo-record-mundial-apnea-16x50-mts-por-samo-jeranko-de-eslovenia\/","url_meta":{"origin":8591,"position":0},"title":"\ud83c\uddf8\ud83c\uddee Nuevo R\u00e9cord Mundial Apnea 16&#215;50 mts por Samo Jeranko de Eslovenia","author":"Sportalsub.net","date":"14 marzo 2011","format":false,"excerpt":"Foto: H2OTeam \/ Mad Cup 2011 - Simona Gap (Especial Sportalsub.net) El apneista Esloveno Samo Jeranko, logr\u00f3 este pasado s\u00e1bado 12 de marzo un nuevo registro mundial en la modalidad de apnea 16x50 mts con un tiempo de 10 minutos 53 segundos, en la competencia Mad Cup 2011, realizada en\u2026","rel":"","context":"En \u00abApnea\u00bb","block_context":{"text":"Apnea","link":"https:\/\/www.sportalsub.net\/blog\/category\/modalidades\/apnea\/"},"img":{"alt_text":"","src":"https:\/\/i0.wp.com\/www.sportalsub.net\/blog\/wp-content\/uploads\/2011\/03\/madcup2011.jpg?resize=350%2C200&ssl=1","width":350,"height":200,"srcset":"https:\/\/i0.wp.com\/www.sportalsub.net\/blog\/wp-content\/uploads\/2011\/03\/madcup2011.jpg?resize=350%2C200&ssl=1 1x, https:\/\/i0.wp.com\/www.sportalsub.net\/blog\/wp-content\/uploads\/2011\/03\/madcup2011.jpg?resize=525%2C300&ssl=1 1.5x"},"classes":[]},{"id":2288,"url":"https:\/\/www.sportalsub.net\/blog\/frances-stephane-mifsud-rompe-el-record-mundial-de-apnea-estatica-con-mas-de-11-minutos\/","url_meta":{"origin":8591,"position":1},"title":"\ud83c\uddeb\ud83c\uddf7 Franc\u00e9s Stephane Mifsud rompe el r\u00e9cord mundial de apnea est\u00e1tica con m\u00e1s de 11 minutos","author":"Sportalsub.net","date":"9 junio 2009","format":false,"excerpt":"Este lunes 8 de junio, el apneista franc\u00e9s Stephane Mifsud, implant\u00f3 un nuevo r\u00e9cord mundial de apnea est\u00e1tica, con un impresionante registro de 11 minutos y 35 segundos, superando as\u00ed la marca anterior de 10 minutos y 12 segundos, realizada por el alem\u00e1n Tom Sietas el 6 de junio de\u2026","rel":"","context":"En \u00abApnea\u00bb","block_context":{"text":"Apnea","link":"https:\/\/www.sportalsub.net\/blog\/category\/modalidades\/apnea\/"},"img":{"alt_text":"MIFSUD_21","src":"https:\/\/i0.wp.com\/www.sportalsub.net\/blog\/wp-content\/uploads\/2009\/06\/MIFSUD_21.gif?resize=350%2C200","width":350,"height":200},"classes":[]},{"id":21737,"url":"https:\/\/www.sportalsub.net\/blog\/record-violeta-estatica","url_meta":{"origin":8591,"position":2},"title":"\ud83c\uddf2\ud83c\uddfd Violeta Nava de M\u00e9xico supera su propio R\u00e9cord Panamericano en Apnea Est\u00e1tica en Francia","author":"Sportalsub.net","date":"29 julio 2015","format":false,"excerpt":"(Sportalsub.net \/ Especial Mulhouse 2015 \/ Foto: psmcafe.com) La mexicana\u00a0Violeta Amapola Nava\u00a0implant\u00f3 el pasado martes 28 de julio, un nuevo R\u00e9cord Panamericano en\u00a0la modalidad de apnea est\u00e1tica, con tiempo\u00a0de 5 minutos 49 segundos 85 cent\u00e9simas (5:49,85),\u00a0realizado\u00a0en el\u00a08vo\u00a0Campeonato Mundial de Apnea CMAS en piscina, que se llev\u00f3 a cabo en Mulhouse,\u2026","rel":"","context":"En \u00abApnea\u00bb","block_context":{"text":"Apnea","link":"https:\/\/www.sportalsub.net\/blog\/category\/modalidades\/apnea\/"},"img":{"alt_text":"","src":"https:\/\/i0.wp.com\/www.sportalsub.net\/blog\/wp-content\/uploads\/2015\/08\/violetarecord.jpg?resize=350%2C200&ssl=1","width":350,"height":200,"srcset":"https:\/\/i0.wp.com\/www.sportalsub.net\/blog\/wp-content\/uploads\/2015\/08\/violetarecord.jpg?resize=350%2C200&ssl=1 1x, https:\/\/i0.wp.com\/www.sportalsub.net\/blog\/wp-content\/uploads\/2015\/08\/violetarecord.jpg?resize=525%2C300&ssl=1 1.5x"},"classes":[]},{"id":6374,"url":"https:\/\/www.sportalsub.net\/blog\/resultados-finales-apnea-dinamica-en-el-2do-campeonato-europeo-cmas\/","url_meta":{"origin":8591,"position":3},"title":"\ud83c\uddea\ud83c\uddf8 Resultados finales Apnea Din\u00e1mica en el 2do Campeonato Europeo CMAS","author":"Sportalsub.net","date":"12 octubre 2010","format":false,"excerpt":"(Especial Sportalsub.net) Goran Colak, de Croacia, con una marca de 230 metros y 51 cent\u00edmetros y Natalia Babich, de Rusia con 193,59 metros\u00a0; se proclamaron Campeones de Europa en la modalidad de Apnea Din\u00e1mica en el 2do Campeonato Europeo Open CMAS realizado del 7 al 12 de octubre en Tenerife,\u2026","rel":"","context":"En \u00abApnea\u00bb","block_context":{"text":"Apnea","link":"https:\/\/www.sportalsub.net\/blog\/category\/modalidades\/apnea\/"},"img":{"alt_text":"","src":"https:\/\/i0.wp.com\/www.sportalsub.net\/blog\/wp-content\/uploads\/2010\/10\/apneadinamicaeuropeocmas.jpg?resize=350%2C200&ssl=1","width":350,"height":200,"srcset":"https:\/\/i0.wp.com\/www.sportalsub.net\/blog\/wp-content\/uploads\/2010\/10\/apneadinamicaeuropeocmas.jpg?resize=350%2C200&ssl=1 1x, https:\/\/i0.wp.com\/www.sportalsub.net\/blog\/wp-content\/uploads\/2010\/10\/apneadinamicaeuropeocmas.jpg?resize=525%2C300&ssl=1 1.5x"},"classes":[]},{"id":3608,"url":"https:\/\/www.sportalsub.net\/blog\/record-de-apnea-de-umberto-pelizzari\/","url_meta":{"origin":8591,"position":4},"title":"\ud83c\uddee\ud83c\uddf9 R\u00e9cord de Apnea de Umberto Pelizzari","author":"Sportalsub.net","date":"15 noviembre 2001","format":false,"excerpt":"Una vez m\u00e1s, Umberto Pelizzari sorprende al mundo de la Apnea, al romper en la localidad Italiana de Capri, el R\u00e9cord Mundial de Apnea en la modalidad de Peso Variable. (Italia \/ Noviembre 2001) A menos de un mes de haber conquistado junto a sus compa\u00f1eros de la selecci\u00f3n Italiana\u2026","rel":"","context":"En \u00abApnea\u00bb","block_context":{"text":"Apnea","link":"https:\/\/www.sportalsub.net\/blog\/category\/modalidades\/apnea\/"},"img":{"alt_text":"","src":"https:\/\/i0.wp.com\/www.apneamagazine.com\/apnea\/pelo2\/umberto_pelizzari_2.jpg?resize=350%2C200","width":350,"height":200},"classes":[]},{"id":5349,"url":"https:\/\/www.sportalsub.net\/blog\/nuevo-record-mundial-apnea-peso-variable-para-la-rusa-natalia-molchanova\/","url_meta":{"origin":8591,"position":5},"title":"\ud83c\uddf7\ud83c\uddfa Nuevo R\u00e9cord Mundial Apnea Peso Variable para la Rusa Natalia Molchanova","author":"Sportalsub.net","date":"18 junio 2010","format":false,"excerpt":"(Especial Sportalsub.net) El pasado mi\u00e9rcoles 16 de Junio, en la tercera Copa del Mundo de Apnea Meditteranea,\u00a0 que se realiza en Grecia,\u00a0Natalia Molchanova de Rusia rompi\u00f3 el r\u00e9cord\u00a0mundial en la modalidad de apnea de peso variable vigente desde hace\u00a07 a\u00f1os.\u00a0Lo hizo\u00a0con una inmersi\u00f3n\u00a0a 125 metros de profundidad, a la cual\u2026","rel":"","context":"En \u00abAIDA\u00bb","block_context":{"text":"AIDA","link":"https:\/\/www.sportalsub.net\/blog\/category\/mas\/organizaciones\/aida\/"},"img":{"alt_text":"","src":"https:\/\/i0.wp.com\/www.sportalsub.net\/blog\/wp-content\/uploads\/2010\/06\/molchanovarecord.jpg?resize=350%2C200&ssl=1","width":350,"height":200,"srcset":"https:\/\/i0.wp.com\/www.sportalsub.net\/blog\/wp-content\/uploads\/2010\/06\/molchanovarecord.jpg?resize=350%2C200&ssl=1 1x, https:\/\/i0.wp.com\/www.sportalsub.net\/blog\/wp-content\/uploads\/2010\/06\/molchanovarecord.jpg?resize=525%2C300&ssl=1 1.5x"},"classes":[]}],"_links":{"self":[{"href":"https:\/\/www.sportalsub.net\/blog\/wp-json\/wp\/v2\/posts\/8591","targetHints":{"allow":["GET"]}}],"collection":[{"href":"https:\/\/www.sportalsub.net\/blog\/wp-json\/wp\/v2\/posts"}],"about":[{"href":"https:\/\/www.sportalsub.net\/blog\/wp-json\/wp\/v2\/types\/post"}],"author":[{"embeddable":true,"href":"https:\/\/www.sportalsub.net\/blog\/wp-json\/wp\/v2\/users\/1"}],"replies":[{"embeddable":true,"href":"https:\/\/www.sportalsub.net\/blog\/wp-json\/wp\/v2\/comments?post=8591"}],"version-history":[{"count":0,"href":"https:\/\/www.sportalsub.net\/blog\/wp-json\/wp\/v2\/posts\/8591\/revisions"}],"wp:featuredmedia":[{"embeddable":true,"href":"https:\/\/www.sportalsub.net\/blog\/wp-json\/wp\/v2\/media\/8592"}],"wp:attachment":[{"href":"https:\/\/www.sportalsub.net\/blog\/wp-json\/wp\/v2\/media?parent=8591"}],"wp:term":[{"taxonomy":"category","embeddable":true,"href":"https:\/\/www.sportalsub.net\/blog\/wp-json\/wp\/v2\/categories?post=8591"},{"taxonomy":"post_tag","embeddable":true,"href":"https:\/\/www.sportalsub.net\/blog\/wp-json\/wp\/v2\/tags?post=8591"}],"curies":[{"name":"wp","href":"https:\/\/api.w.org\/{rel}","templated":true}]}}