{"id":87107,"date":"2026-08-24T16:43:38","date_gmt":"2026-08-24T20:43:38","guid":{"rendered":"https:\/\/www.sportalsub.net\/blog\/?p=87107"},"modified":"2026-08-25T10:31:05","modified_gmt":"2026-08-25T14:31:05","slug":"%f0%9f%87%ba%f0%9f%87%be-2do-torneo-master-de-natacion-con-aletas-fuas-2026-maldonado-uruguay","status":"publish","type":"post","link":"https:\/\/www.sportalsub.net\/blog\/2do-nadosub-master-uruguay-2026","title":{"rendered":"\ud83c\uddfa\ud83c\uddfe Resultados &#8211; 2do Torneo Master de Nataci\u00f3n con Aletas FUAS 2026 \u2013 Maldonado, Uruguay"},"content":{"rendered":"<p><img loading=\"lazy\" decoding=\"async\" class=\"alignnone size-full wp-image-87316\" src=\"https:\/\/www.sportalsub.net\/blog\/wp-content\/uploads\/2026\/08\/master-uruguay.jpg\" alt=\"\" width=\"900\" height=\"600\" srcset=\"https:\/\/www.sportalsub.net\/blog\/wp-content\/uploads\/2026\/08\/master-uruguay.jpg 900w, https:\/\/www.sportalsub.net\/blog\/wp-content\/uploads\/2026\/08\/master-uruguay-300x200.jpg 300w, https:\/\/www.sportalsub.net\/blog\/wp-content\/uploads\/2026\/08\/master-uruguay-768x512.jpg 768w, https:\/\/www.sportalsub.net\/blog\/wp-content\/uploads\/2026\/08\/master-uruguay-450x300.jpg 450w\" sizes=\"auto, (max-width: 900px) 100vw, 900px\" \/><\/p>\n<p>(Sportalsub.net\/ FUAS)<\/p>\n<p>La Federaci\u00f3n Uruguaya de Actividades Subacu\u00e1ticas (<a href=\"https:\/\/fuas.uy\/\" target=\"_blank\">FUAS<\/a>), convoc\u00f3 a nadadores master, afiliados de la LNNM y de FUAS, y nadadores master nacionales y extranjeros, en las Categor\u00edas Master de los 25 a\u00f1os en adelante y categor\u00edas Junior\/Premaster (15 a 24 a\u00f1os) a participar en el 2do Torneo Master de Nataci\u00f3n con Aletas 2026<\/p>\n<p>FECHA: SABADO 22 de agosto \/2026<br \/>\nLUGAR: Campus de Maldonado<\/p>\n<p><strong><a href=\"https:\/\/www.sportalsub.net\/blog\/wp-content\/uploads\/2026\/08\/resultado-Torneo-ALETAS-MASTER-URUGUAY-2026.pdf\" target=\"_blank\" rel=\"noopener\">RESULTADOS<\/a>\u00a0<\/strong><\/p>\n<p><a href=\"https:\/\/actividadessubacuaticasuruguay.blogspot.com\/2026\/08\/el-pasado-sabado-22-de-agosto-se-llevo.html?m=0\" target=\"_blank\"><strong>RESE\u00d1A COMPLETA EN EL BLOG DE JEA (PRESIDENTA DE LA FUAS)<\/strong><\/a><\/p>\n<h3 class=\"post-title entry-title\"><a href=\"https:\/\/actividadessubacuaticasuruguay.blogspot.com\/2026\/08\/el-pasado-sabado-22-de-agosto-se-llevo.html?m=0\" target=\"_blank\">Nataci\u00f3n con aletas: inclusi\u00f3n y deporte en el Campus de Maldonado<\/a><\/h3>\n<div id=\"post-body-8340177376384529845\" class=\"post-body entry-content\">\n<div class=\"separator\">\n<div class=\"separator\"><a href=\"https:\/\/blogger.googleusercontent.com\/img\/b\/R29vZ2xl\/AVvXsEhf9T9SCH8Rp3i5dk7dk5Tn6h7ZG7vHtiDilRw_lzvSt_f1LtxAI10NLZ-PE768oav75dEK0JywzX04HPnuu4XL2zJbRlHILw2XM8xdju5w9bzMm16oFxvFoRMuhLtvG_LByUEdssUFQJdEZhaQv5IdHguY_OEhAYRVznjqy5b8E75qCizvshah0n8MMg\/s598\/jea%201.png\" target=\"_blank\"><img loading=\"lazy\" decoding=\"async\" src=\"https:\/\/blogger.googleusercontent.com\/img\/b\/R29vZ2xl\/AVvXsEhf9T9SCH8Rp3i5dk7dk5Tn6h7ZG7vHtiDilRw_lzvSt_f1LtxAI10NLZ-PE768oav75dEK0JywzX04HPnuu4XL2zJbRlHILw2XM8xdju5w9bzMm16oFxvFoRMuhLtvG_LByUEdssUFQJdEZhaQv5IdHguY_OEhAYRVznjqy5b8E75qCizvshah0n8MMg\/w246-h244\/jea%201.png\" width=\"246\" height=\"244\" border=\"0\" data-original-height=\"594\" data-original-width=\"598\" \/><\/a><\/div>\n<\/div>\n<div><i>El pasado s\u00e1bado 22 de agosto, se llev\u00f3 a cabo en la piscina del Campus de Maldonado, un Campeonato de Nataci\u00f3n con Aletas con el objetivo de recaudar fondos para que nuestros deportistas puedan representar a Uruguay en el Mundial de Nataci\u00f3n con discapacidad en Italia.\u00a0<\/i><\/div>\n<div><a href=\"https:\/\/actividadessubacuaticasuruguay.blogspot.com\/2026\/08\/el-pasado-sabado-22-de-agosto-se-llevo.html?m=0#more\"style=\"font-size: 0.95em;\" title=\"Nataci\u00f3n con aletas: inclusi\u00f3n y deporte en el Campus de Maldonado\"  target=\"_blank\">Leer m\u00e1s\u00bb<\/a><\/div>\n<\/div>\n<p>Este evento tambi\u00e9n tuvo como finalidad el reunir fondos para la participaci\u00f3n de la Delegaci\u00f3n de Uruguay en el pr\u00f3ximo Campeonato Mundial CMAS de Deportes Subacu\u00e1ticos Adaptados (Apnea y Nataci\u00f3n con Aletas) a realizarse en el mes de noviembre de 2026 en Lignano Sabbiadoro, Italia.<\/p>\n<p><a href=\"https:\/\/docs.google.com\/forms\/d\/e\/1FAIpQLSfOV99IvKVsGUQLW5AGqNdy99rGgzorRSXi24iAXe98qHYlZA\/viewform?pli=1\" target=\"_blank\"><strong>FORMULARIO DE INSCRIPCI\u00d3N<\/strong><\/a><\/p>\n<p><strong>Whatsapp<\/strong>: +598 99 175 311<\/p>\n<p><img loading=\"lazy\" decoding=\"async\" class=\"alignnone size-full wp-image-87109\" src=\"https:\/\/www.sportalsub.net\/blog\/wp-content\/uploads\/2026\/07\/master-uruguay-2026-web.jpg\" alt=\"\" width=\"900\" height=\"600\" srcset=\"https:\/\/www.sportalsub.net\/blog\/wp-content\/uploads\/2026\/07\/master-uruguay-2026-web.jpg 900w, https:\/\/www.sportalsub.net\/blog\/wp-content\/uploads\/2026\/07\/master-uruguay-2026-web-300x200.jpg 300w, https:\/\/www.sportalsub.net\/blog\/wp-content\/uploads\/2026\/07\/master-uruguay-2026-web-768x512.jpg 768w, https:\/\/www.sportalsub.net\/blog\/wp-content\/uploads\/2026\/07\/master-uruguay-2026-web-450x300.jpg 450w\" sizes=\"auto, (max-width: 900px) 100vw, 900px\" \/><\/p>\n","protected":false},"excerpt":{"rendered":"<p>(Sportalsub.net\/ FUAS) La Federaci\u00f3n Uruguaya de Actividades Subacu\u00e1ticas (FUAS), convoc\u00f3 a nadadores master, afiliados de la LNNM y de FUAS, y nadadores master nacionales y extranjeros, en las Categor\u00edas Master de los 25 a\u00f1os en adelante y categor\u00edas Junior\/Premaster (15 a 24 a\u00f1os) a participar en el 2do Torneo Master de Nataci\u00f3n con Aletas 2026 FECHA: SABADO 22 de agosto [&#8230;]<\/p>\n","protected":false},"author":1,"featured_media":87316,"comment_status":"open","ping_status":"closed","sticky":false,"template":"","format":"standard","meta":{"_lmt_disableupdate":"no","_lmt_disable":"no","_jetpack_newsletter_access":"","_jetpack_dont_email_post_to_subs":false,"_jetpack_newsletter_tier_id":0,"_jetpack_memberships_contains_paywalled_content":false,"_jetpack_feature_clip_id":0,"_jetpack_memberships_contains_paid_content":false,"footnotes":"","jetpack_publicize_message":"","jetpack_publicize_feature_enabled":true,"jetpack_social_post_already_shared":true,"jetpack_social_options":{"image_generator_settings":{"template":"highway","default_image_id":0,"font":"","enabled":false},"version":2},"jetpack_post_was_ever_published":false},"categories":[12,120,204],"tags":[450],"class_list":["post-87107","post","type-post","status-publish","format-standard","has-post-thumbnail","hentry","category-natacion-con-aletas","category-resultados","category-uruguay","tag-destacados"],"modified_by":"Sportalsub.net","views":894,"jetpack_publicize_connections":[],"jetpack_sharing_enabled":true,"jetpack_shortlink":"https:\/\/wp.me\/pf9lN-mEX","jetpack_likes_enabled":false,"jetpack-related-posts":[{"id":80790,"url":"https:\/\/www.sportalsub.net\/blog\/nadosub-master-uruguay-2025","url_meta":{"origin":87107,"position":0},"title":"\ud83c\uddfa\ud83c\uddfe Resultados &#8211; 1er Torneo Master de Nataci\u00f3n con Aletas FUAS 2025 &#8211; Montevideo, Uruguay","author":"Sportalsub.net","date":"3 septiembre 2025","format":false,"excerpt":"(Sportalsub.net\/ FUAS) El pasado s\u00e1bado 30 de agosto, en las instalaciones de la Asociaci\u00f3n Cristiana de J\u00f3venes -Portones de Carrasco- se llev\u00f3 a cabo el 1er Torneo de Nataci\u00f3n Master con Aletas, organizado por la Federaci\u00f3n Uruguaya de Actividades Subacu\u00e1ticas (FUAS). M\u00e1s de 70 competidores de varias categor\u00edas se dieron\u2026","rel":"","context":"En \u00abNataci\u00f3n con Aletas\u00bb","block_context":{"text":"Nataci\u00f3n con Aletas","link":"https:\/\/www.sportalsub.net\/blog\/category\/modalidades\/natacion-con-aletas\/"},"img":{"alt_text":"","src":"https:\/\/i0.wp.com\/www.sportalsub.net\/blog\/wp-content\/uploads\/2025\/08\/master-aletas-uruguay-2025.jpg?resize=350%2C200&ssl=1","width":350,"height":200,"srcset":"https:\/\/i0.wp.com\/www.sportalsub.net\/blog\/wp-content\/uploads\/2025\/08\/master-aletas-uruguay-2025.jpg?resize=350%2C200&ssl=1 1x, https:\/\/i0.wp.com\/www.sportalsub.net\/blog\/wp-content\/uploads\/2025\/08\/master-aletas-uruguay-2025.jpg?resize=525%2C300&ssl=1 1.5x, https:\/\/i0.wp.com\/www.sportalsub.net\/blog\/wp-content\/uploads\/2025\/08\/master-aletas-uruguay-2025.jpg?resize=700%2C400&ssl=1 2x"},"classes":[]},{"id":66968,"url":"https:\/\/www.sportalsub.net\/blog\/open-tirosub-uruguay-2024","url_meta":{"origin":87107,"position":1},"title":"\ud83c\uddfa\ud83c\uddfe Resultados &#8211; 2do Abierto Internacional CMAS de Tiro Subacu\u00e1tico &#8211; Punta del Este, Uruguay 2024","author":"Sportalsub.net","date":"4 marzo 2024","format":false,"excerpt":"(Sportalsub.net \/ CMAS \/ FUAS) - Read in English Delegaciones de Argentina, Venezuela, B\u00e9lgica, Francia y Uruguay estuvieron en Punta del Este, Maldonado para competir entre el 2 y el 3 de marzo en la piscina Profesor Wilfredo Raymondo del Campus, y ser parte de este evento que se realiz\u00f3\u2026","rel":"","context":"En \u00abResultados\u00bb","block_context":{"text":"Resultados","link":"https:\/\/www.sportalsub.net\/blog\/category\/resultados\/"},"img":{"alt_text":"","src":"https:\/\/i0.wp.com\/www.sportalsub.net\/blog\/wp-content\/uploads\/2024\/03\/jonathantirosub.jpg?resize=350%2C200&ssl=1","width":350,"height":200,"srcset":"https:\/\/i0.wp.com\/www.sportalsub.net\/blog\/wp-content\/uploads\/2024\/03\/jonathantirosub.jpg?resize=350%2C200&ssl=1 1x, https:\/\/i0.wp.com\/www.sportalsub.net\/blog\/wp-content\/uploads\/2024\/03\/jonathantirosub.jpg?resize=525%2C300&ssl=1 1.5x, https:\/\/i0.wp.com\/www.sportalsub.net\/blog\/wp-content\/uploads\/2024\/03\/jonathantirosub.jpg?resize=700%2C400&ssl=1 2x"},"classes":[]},{"id":87116,"url":"https:\/\/www.sportalsub.net\/blog\/el-42-bucea-entrevista-jeanette-ferraro-fuas-uruguay","url_meta":{"origin":87107,"position":2},"title":"\ud83c\uddfa\ud83c\uddfe El 42 Bucea, Experiencia de Buceo en Piscina y Entrevista con Jeannete Ferraro, Presidenta de FUAS en Montevideo, Uruguay","author":"Sportalsub.net","date":"25 julio 2026","format":false,"excerpt":"(Sportalsub.net \/ FUAS) El s\u00e1bado 25 de julio de 2026, se llev\u00f3 a cabo una experiencia in\u00e9dita de buceo recreativo en la educaci\u00f3n media uruguaya. En una jornada hist\u00f3rica para el deporte subacu\u00e1tico escolar, un grupo de estudiantes de educaci\u00f3n media de Uruguay tuvo su primera experiencia de bautismo de\u2026","rel":"","context":"En \u00abApnea Adaptada\u00bb","block_context":{"text":"Apnea Adaptada","link":"https:\/\/www.sportalsub.net\/blog\/category\/modalidades\/apnea-adaptada\/"},"img":{"alt_text":"","src":"https:\/\/i0.wp.com\/www.sportalsub.net\/blog\/wp-content\/uploads\/2026\/07\/El-42-bucea.jpg?resize=350%2C200&ssl=1","width":350,"height":200,"srcset":"https:\/\/i0.wp.com\/www.sportalsub.net\/blog\/wp-content\/uploads\/2026\/07\/El-42-bucea.jpg?resize=350%2C200&ssl=1 1x, https:\/\/i0.wp.com\/www.sportalsub.net\/blog\/wp-content\/uploads\/2026\/07\/El-42-bucea.jpg?resize=525%2C300&ssl=1 1.5x, https:\/\/i0.wp.com\/www.sportalsub.net\/blog\/wp-content\/uploads\/2026\/07\/El-42-bucea.jpg?resize=700%2C400&ssl=1 2x"},"classes":[]},{"id":66262,"url":"https:\/\/www.sportalsub.net\/blog\/relevos-nadosub-uruguay-2023","url_meta":{"origin":87107,"position":3},"title":"\ud83c\uddfa\ud83c\uddfe 1ra Competencia Nacional de Relevos de Nataci\u00f3n con Aletas Aguas Abiertas FUAS 2023 &#8211; Araminda, Uruguay","author":"Sportalsub.net","date":"9 noviembre 2023","format":false,"excerpt":"(Sportalsub.net \/ FUAS) La Federaci\u00f3n Uruguaya de Actividades Subacu\u00e1ticas organiza la 1ra Competencia Nacional de Relevos de Nataci\u00f3n con Aletas Aguas Abiertas 2023 en Araminda el domingo 12 de Noviembre. Fuente: Grupo Facebook FUAS","rel":"","context":"En \u00abNataci\u00f3n con Aletas\u00bb","block_context":{"text":"Nataci\u00f3n con Aletas","link":"https:\/\/www.sportalsub.net\/blog\/category\/modalidades\/natacion-con-aletas\/"},"img":{"alt_text":"","src":"https:\/\/i0.wp.com\/www.sportalsub.net\/blog\/wp-content\/uploads\/2023\/11\/relevos-aletas-uruguay-2023.jpg?resize=350%2C200&ssl=1","width":350,"height":200,"srcset":"https:\/\/i0.wp.com\/www.sportalsub.net\/blog\/wp-content\/uploads\/2023\/11\/relevos-aletas-uruguay-2023.jpg?resize=350%2C200&ssl=1 1x, https:\/\/i0.wp.com\/www.sportalsub.net\/blog\/wp-content\/uploads\/2023\/11\/relevos-aletas-uruguay-2023.jpg?resize=525%2C300&ssl=1 1.5x, https:\/\/i0.wp.com\/www.sportalsub.net\/blog\/wp-content\/uploads\/2023\/11\/relevos-aletas-uruguay-2023.jpg?resize=700%2C400&ssl=1 2x"},"classes":[]},{"id":54547,"url":"https:\/\/www.sportalsub.net\/blog\/1ra-jornada-tirosub-uruguay-2022","url_meta":{"origin":87107,"position":4},"title":"\ud83c\uddfa\ud83c\uddfe Realizada con \u00e9xito 1\u00aa Jornada de Tiro Subacu\u00e1tico 2022 en Pan de Az\u00facar (Maldonado) &#8211; Uruguay","author":"Sportalsub.net","date":"4 mayo 2022","format":false,"excerpt":"(Sportalsub.net \/ FUAS) El pasado s\u00e1bado 30 de abril tuvo lugar en las instalaciones de la piscina municipal de la ciudad de Pan de Az\u00facar (departamento de Maldonado), ubicada en la Avda. Aparicio Saravia al 20300, la 1\u00aa Jornada de Tiro Subacu\u00e1tico organizada por la FUAS - Federaci\u00f3n Uruguaya de\u2026","rel":"","context":"En \u00abResultados\u00bb","block_context":{"text":"Resultados","link":"https:\/\/www.sportalsub.net\/blog\/category\/resultados\/"},"img":{"alt_text":"","src":"https:\/\/i0.wp.com\/www.sportalsub.net\/blog\/wp-content\/uploads\/2022\/05\/1rajornadatirosuburuguay2022.jpg?resize=350%2C200&ssl=1","width":350,"height":200,"srcset":"https:\/\/i0.wp.com\/www.sportalsub.net\/blog\/wp-content\/uploads\/2022\/05\/1rajornadatirosuburuguay2022.jpg?resize=350%2C200&ssl=1 1x, https:\/\/i0.wp.com\/www.sportalsub.net\/blog\/wp-content\/uploads\/2022\/05\/1rajornadatirosuburuguay2022.jpg?resize=525%2C300&ssl=1 1.5x, https:\/\/i0.wp.com\/www.sportalsub.net\/blog\/wp-content\/uploads\/2022\/05\/1rajornadatirosuburuguay2022.jpg?resize=700%2C400&ssl=1 2x"},"classes":[]},{"id":25853,"url":"https:\/\/www.sportalsub.net\/blog\/uruguay-regresa-nuevamente-a-las-actividades-subacuaticas-en-cmas\/","url_meta":{"origin":87107,"position":5},"title":"\ud83c\uddfa\ud83c\uddfe Uruguay regresa nuevamente a la Confederaci\u00f3n Mundial de Actividades Subacu\u00e1ticas","author":"Sportalsub.net","date":"24 febrero 2017","format":false,"excerpt":"(Sportalsub.net \/ FUAS \/ CMAS) Luego de varios a\u00f1os desafialiada, la\u00a0Federaci\u00f3n Uruguaya de Actividades Subacuaticas \u00a0(FUAS) regresa nuevamente a la Confederaci\u00f3n Mundial de Actividades Subacu\u00e1ticas (CMAS). \"Nuestra Federaci\u00f3n nunca dej\u00f3 de funcionar, pero no recib\u00edamos aportes para el pago a CMAS. Esperemos que las nuevas generaciones sigan adelante\"\u00a0indic\u00f3 Horacio Rodriguez,\u2026","rel":"","context":"En \u00abPesca Submarina\u00bb","block_context":{"text":"Pesca Submarina","link":"https:\/\/www.sportalsub.net\/blog\/category\/modalidades\/pesca-submarina\/"},"img":{"alt_text":"","src":"https:\/\/i0.wp.com\/www.sportalsub.net\/blog\/wp-content\/uploads\/2017\/02\/uruguaypescasub.jpg?resize=350%2C200&ssl=1","width":350,"height":200,"srcset":"https:\/\/i0.wp.com\/www.sportalsub.net\/blog\/wp-content\/uploads\/2017\/02\/uruguaypescasub.jpg?resize=350%2C200&ssl=1 1x, https:\/\/i0.wp.com\/www.sportalsub.net\/blog\/wp-content\/uploads\/2017\/02\/uruguaypescasub.jpg?resize=525%2C300&ssl=1 1.5x, https:\/\/i0.wp.com\/www.sportalsub.net\/blog\/wp-content\/uploads\/2017\/02\/uruguaypescasub.jpg?resize=700%2C400&ssl=1 2x, https:\/\/i0.wp.com\/www.sportalsub.net\/blog\/wp-content\/uploads\/2017\/02\/uruguaypescasub.jpg?resize=1050%2C600&ssl=1 3x"},"classes":[]}],"jetpack_featured_media_url":"https:\/\/www.sportalsub.net\/blog\/wp-content\/uploads\/2026\/08\/master-uruguay.jpg","_links":{"self":[{"href":"https:\/\/www.sportalsub.net\/blog\/wp-json\/wp\/v2\/posts\/87107","targetHints":{"allow":["GET"]}}],"collection":[{"href":"https:\/\/www.sportalsub.net\/blog\/wp-json\/wp\/v2\/posts"}],"about":[{"href":"https:\/\/www.sportalsub.net\/blog\/wp-json\/wp\/v2\/types\/post"}],"author":[{"embeddable":true,"href":"https:\/\/www.sportalsub.net\/blog\/wp-json\/wp\/v2\/users\/1"}],"replies":[{"embeddable":true,"href":"https:\/\/www.sportalsub.net\/blog\/wp-json\/wp\/v2\/comments?post=87107"}],"version-history":[{"count":7,"href":"https:\/\/www.sportalsub.net\/blog\/wp-json\/wp\/v2\/posts\/87107\/revisions"}],"predecessor-version":[{"id":87317,"href":"https:\/\/www.sportalsub.net\/blog\/wp-json\/wp\/v2\/posts\/87107\/revisions\/87317"}],"wp:featuredmedia":[{"embeddable":true,"href":"https:\/\/www.sportalsub.net\/blog\/wp-json\/wp\/v2\/media\/87316"}],"wp:attachment":[{"href":"https:\/\/www.sportalsub.net\/blog\/wp-json\/wp\/v2\/media?parent=87107"}],"wp:term":[{"taxonomy":"category","embeddable":true,"href":"https:\/\/www.sportalsub.net\/blog\/wp-json\/wp\/v2\/categories?post=87107"},{"taxonomy":"post_tag","embeddable":true,"href":"https:\/\/www.sportalsub.net\/blog\/wp-json\/wp\/v2\/tags?post=87107"}],"curies":[{"name":"wp","href":"https:\/\/api.w.org\/{rel}","templated":true}]}}