{"id":87456,"date":"2026-09-03T06:50:43","date_gmt":"2026-09-03T10:50:43","guid":{"rendered":"https:\/\/www.sportalsub.net\/blog\/?p=87456"},"modified":"2026-09-03T06:50:43","modified_gmt":"2026-09-03T10:50:43","slug":"%f0%9f%87%aa%f0%9f%87%a6-campeonato-de-espana-de-apnea-outdoor-fedas-2026-tenerife","status":"publish","type":"post","link":"https:\/\/www.sportalsub.net\/blog\/apnea-outdoor-fedas-2026","title":{"rendered":"\ud83c\uddea\ud83c\udde6 Campeonato de Espa\u00f1a de Apnea Outdoor FEDAS 2026 &#8211; Tenerife"},"content":{"rendered":"<p><img loading=\"lazy\" decoding=\"async\" class=\"alignnone size-large wp-image-87457\" src=\"https:\/\/www.sportalsub.net\/blog\/wp-content\/uploads\/2026\/09\/2026-Apnea-Campeonato-de-Espana-Apnea-Outdoor-546x1024.jpeg\" alt=\"\" width=\"546\" height=\"1024\" srcset=\"https:\/\/www.sportalsub.net\/blog\/wp-content\/uploads\/2026\/09\/2026-Apnea-Campeonato-de-Espana-Apnea-Outdoor-546x1024.jpeg 546w, https:\/\/www.sportalsub.net\/blog\/wp-content\/uploads\/2026\/09\/2026-Apnea-Campeonato-de-Espana-Apnea-Outdoor-160x300.jpeg 160w, https:\/\/www.sportalsub.net\/blog\/wp-content\/uploads\/2026\/09\/2026-Apnea-Campeonato-de-Espana-Apnea-Outdoor.jpeg 682w\" sizes=\"auto, (max-width: 546px) 100vw, 546px\" \/><\/p>\n<p>(Sportalsub.net \/ FEDAS)<\/p>\n<p>El VIII Campeonato de Espa\u00f1a de Apnea Outdoor es organizado por la Federaci\u00f3n Espa\u00f1ola de Actividades Subacu\u00e1ticas (FEDAS) y la Federaci\u00f3n Canaria de Actividades Subacu\u00e1ticas (FEDECAS) desde el 3 hasta el 6 de septiembre de 2026 en la localidad de Radazul (Tenerife).<\/p>\n<p><span style=\"font-size: 0.95em;\">+Info:: <\/span><a href=\"https:\/\/fedas.es\/campeonato-de-espana-de-apnea-outdoor-fedas-2026\/\" target=\"_blank\"><strong>Website FEDAS<\/strong><\/a><\/p>\n","protected":false},"excerpt":{"rendered":"<p>(Sportalsub.net \/ FEDAS) El VIII Campeonato de Espa\u00f1a de Apnea Outdoor es organizado por la Federaci\u00f3n Espa\u00f1ola de Actividades Subacu\u00e1ticas (FEDAS) y la Federaci\u00f3n Canaria de Actividades Subacu\u00e1ticas (FEDECAS) desde el 3 hasta el 6 de septiembre de 2026 en la localidad de Radazul (Tenerife). +Info:: Website FEDAS<\/p>\n","protected":false},"author":1,"featured_media":87461,"comment_status":"open","ping_status":"closed","sticky":false,"template":"","format":"standard","meta":{"_lmt_disableupdate":"no","_lmt_disable":"no","_jetpack_newsletter_access":"","_jetpack_dont_email_post_to_subs":false,"_jetpack_newsletter_tier_id":0,"_jetpack_memberships_contains_paywalled_content":false,"_jetpack_feature_clip_id":0,"_jetpack_memberships_contains_paid_content":false,"footnotes":"","jetpack_publicize_message":"","jetpack_publicize_feature_enabled":true,"jetpack_social_post_already_shared":true,"jetpack_social_options":{"image_generator_settings":{"template":"highway","default_image_id":0,"font":"","enabled":false},"version":2},"jetpack_post_was_ever_published":false},"categories":[9,10,304],"tags":[450],"class_list":["post-87456","post","type-post","status-publish","format-standard","has-post-thumbnail","hentry","category-apnea","category-espana","category-proximos-eventos","tag-destacados"],"modified_by":"Sportalsub.net","views":77,"jetpack_publicize_connections":[],"jetpack_sharing_enabled":true,"jetpack_shortlink":"https:\/\/wp.me\/pf9lN-mKA","jetpack_likes_enabled":false,"jetpack-related-posts":[{"id":28694,"url":"https:\/\/www.sportalsub.net\/blog\/campeonato-de-espana-de-apnea-outdoor-fedas-2018\/","url_meta":{"origin":87456,"position":0},"title":"\ud83c\uddea\ud83c\uddf8 Resultados &#8211; Campeonato de Espa\u00f1a de Apnea Outdoor FEDAS 2018","author":"Sportalsub.net","date":"6 septiembre 2018","format":false,"excerpt":"(Sportalsub.net \/ Apnea FEDAS) - Foto portada: Linda Freediver Los d\u00edas 1 y 2 de septiembre de 2018 se llev\u00f3 a cabo en Puerto del Carmen, Lanzarote el Campeonato de Espa\u00f1a de Apnea de Profundidad (Outdoor) de la Federaci\u00f3n Espa\u00f1ola de Actividades Subacu\u00e1ticas (FEDAS), en las modalidades de Peso Constante\u2026","rel":"","context":"En \u00abApnea\u00bb","block_context":{"text":"Apnea","link":"https:\/\/www.sportalsub.net\/blog\/category\/modalidades\/apnea\/"},"img":{"alt_text":"","src":"https:\/\/i0.wp.com\/www.sportalsub.net\/blog\/wp-content\/uploads\/2018\/08\/apneaoutdoorfedas2018.jpg?resize=350%2C200&ssl=1","width":350,"height":200,"srcset":"https:\/\/i0.wp.com\/www.sportalsub.net\/blog\/wp-content\/uploads\/2018\/08\/apneaoutdoorfedas2018.jpg?resize=350%2C200&ssl=1 1x, https:\/\/i0.wp.com\/www.sportalsub.net\/blog\/wp-content\/uploads\/2018\/08\/apneaoutdoorfedas2018.jpg?resize=525%2C300&ssl=1 1.5x, https:\/\/i0.wp.com\/www.sportalsub.net\/blog\/wp-content\/uploads\/2018\/08\/apneaoutdoorfedas2018.jpg?resize=700%2C400&ssl=1 2x"},"classes":[]},{"id":35073,"url":"https:\/\/www.sportalsub.net\/blog\/campeonato-de-espana-de-apnea-outdoor-open-puerto-del-carmen-lanzarote\/","url_meta":{"origin":87456,"position":1},"title":"\ud83c\uddea\ud83c\uddf8 Resultados &#8211; III Campeonato de Espa\u00f1a de Apnea Outdoor Open 2019. Puerto del Carmen, Lanzarote","author":"Sportalsub.net","date":"21 octubre 2019","format":false,"excerpt":"(Sportalsub.net \/ FEDAS \/ Apnea Outdoor) El club de apnea Lanzarote reuni\u00f3 este a\u00f1o en Puerto del Carmen-Espa\u00f1a a los mejores apneistas del territorio espa\u00f1ol del 18 al 20 de Octubre para el III Campeonato de Apnea Outdoor de la Federaci\u00f3n Espa\u00f1ola de Actividades Subacu\u00e1ticas (FEDAS), el cual se llev\u00f3\u2026","rel":"","context":"En \u00abApnea\u00bb","block_context":{"text":"Apnea","link":"https:\/\/www.sportalsub.net\/blog\/category\/modalidades\/apnea\/"},"img":{"alt_text":"","src":"https:\/\/i0.wp.com\/www.sportalsub.net\/blog\/wp-content\/uploads\/2019\/10\/resultados-espana-outdoor-2019.jpg?resize=350%2C200&ssl=1","width":350,"height":200,"srcset":"https:\/\/i0.wp.com\/www.sportalsub.net\/blog\/wp-content\/uploads\/2019\/10\/resultados-espana-outdoor-2019.jpg?resize=350%2C200&ssl=1 1x, https:\/\/i0.wp.com\/www.sportalsub.net\/blog\/wp-content\/uploads\/2019\/10\/resultados-espana-outdoor-2019.jpg?resize=525%2C300&ssl=1 1.5x, https:\/\/i0.wp.com\/www.sportalsub.net\/blog\/wp-content\/uploads\/2019\/10\/resultados-espana-outdoor-2019.jpg?resize=700%2C400&ssl=1 2x"},"classes":[]},{"id":72551,"url":"https:\/\/www.sportalsub.net\/blog\/campeonato-de-canarias-open-de-apnea-indoor-tenerife-espana\/","url_meta":{"origin":87456,"position":2},"title":"\ud83c\uddea\ud83c\uddf8 Resultados &#8211; Campeonato de Canarias Open de Apnea Indoor &#8211; Tenerife, Espa\u00f1a","author":"Sportalsub.net","date":"14 abril 2024","format":false,"excerpt":"(Sportalsub.net \/ FEDECAS Espa\u00f1a) La Federaci\u00f3n Canaria de Actividades Subacu\u00e1ticas (FEDECAS) perteneciente a la Federaci\u00f3n Espa\u00f1ola de Actividades Subacu\u00e1ticas (FEDAS) organiz\u00f3 en el Real Club Na\u00fatico de Santa Cruz de Tenerife el Campeonato de Canarias Open de Apnea Indoor, los d\u00edas 13 y 14 de abril de 2024. RESULTADOS\u00a0 +info:\u2026","rel":"","context":"En \u00abApnea\u00bb","block_context":{"text":"Apnea","link":"https:\/\/www.sportalsub.net\/blog\/category\/modalidades\/apnea\/"},"img":{"alt_text":"","src":"https:\/\/i0.wp.com\/www.sportalsub.net\/blog\/wp-content\/uploads\/2024\/04\/apnea-fedecas-espana.jpg?resize=350%2C200&ssl=1","width":350,"height":200,"srcset":"https:\/\/i0.wp.com\/www.sportalsub.net\/blog\/wp-content\/uploads\/2024\/04\/apnea-fedecas-espana.jpg?resize=350%2C200&ssl=1 1x, https:\/\/i0.wp.com\/www.sportalsub.net\/blog\/wp-content\/uploads\/2024\/04\/apnea-fedecas-espana.jpg?resize=525%2C300&ssl=1 1.5x, https:\/\/i0.wp.com\/www.sportalsub.net\/blog\/wp-content\/uploads\/2024\/04\/apnea-fedecas-espana.jpg?resize=700%2C400&ssl=1 2x"},"classes":[]},{"id":10355,"url":"https:\/\/www.sportalsub.net\/blog\/6to-campeonato-mundial-de-apnea-cmas-tenerife-2011\/","url_meta":{"origin":87456,"position":3},"title":"\ud83c\uddea\ud83c\uddf8 6to Campeonato Mundial de Apnea CMAS &#8211; Tenerife 2011","author":"Sportalsub.net","date":"12 agosto 2011","format":false,"excerpt":"(Especial Sportalsub.net \/ FEDAS) Ya se ha dado a conocer el afiche y programa oficial del VI Campeonato Mundial de Apnea de la Confederaci\u00f3n Mundial de Actividades Subacu\u00e1ticas, a realizarse en aguas de Tenerife, Espa\u00f1a del 29 de agosto al 4 de septiembre de 2011. El evento organizado por la\u2026","rel":"","context":"En \u00abApnea\u00bb","block_context":{"text":"Apnea","link":"https:\/\/www.sportalsub.net\/blog\/category\/modalidades\/apnea\/"},"img":{"alt_text":"","src":"https:\/\/i0.wp.com\/www.sportalsub.net\/blog\/wp-content\/uploads\/2013\/11\/bannertenerife.jpg?resize=350%2C200&ssl=1","width":350,"height":200,"srcset":"https:\/\/i0.wp.com\/www.sportalsub.net\/blog\/wp-content\/uploads\/2013\/11\/bannertenerife.jpg?resize=350%2C200&ssl=1 1x, https:\/\/i0.wp.com\/www.sportalsub.net\/blog\/wp-content\/uploads\/2013\/11\/bannertenerife.jpg?resize=525%2C300&ssl=1 1.5x"},"classes":[]},{"id":23540,"url":"https:\/\/www.sportalsub.net\/blog\/campeonato-espana-apnea-indoor-fedas-2016","url_meta":{"origin":87456,"position":4},"title":"\ud83c\uddea\ud83c\uddf8 Resultados Campeonato de Espa\u00f1a de Apnea Indoor FEDAS 2016","author":"Sportalsub.net","date":"25 mayo 2016","format":false,"excerpt":"(Sportalsub.net \/ FEDAS \/ FECDAS) Foto: www.susiapnea.com Del 20 al 22 de mayo se realiz\u00f3 en Matar\u00f3, Espa\u00f1a el\u00a0Campeonato de Espa\u00f1a de Apnea Indoor de la Federaci\u00f3n Espa\u00f1ola de Actividades Subacu\u00e1ticas, bajo la organizaci\u00f3n de la Federaci\u00f3n Catalana de Actividades Subacu\u00e1ticas. El evento comprendi\u00f3\u00a0las modalidades de est\u00e1tica (STA), din\u00e1mica (DYN)\u2026","rel":"","context":"En \u00abApnea\u00bb","block_context":{"text":"Apnea","link":"https:\/\/www.sportalsub.net\/blog\/category\/modalidades\/apnea\/"},"img":{"alt_text":"","src":"https:\/\/i0.wp.com\/www.sportalsub.net\/blog\/wp-content\/uploads\/2016\/05\/resultados-apnea-esp.jpg?resize=350%2C200&ssl=1","width":350,"height":200,"srcset":"https:\/\/i0.wp.com\/www.sportalsub.net\/blog\/wp-content\/uploads\/2016\/05\/resultados-apnea-esp.jpg?resize=350%2C200&ssl=1 1x, https:\/\/i0.wp.com\/www.sportalsub.net\/blog\/wp-content\/uploads\/2016\/05\/resultados-apnea-esp.jpg?resize=525%2C300&ssl=1 1.5x, https:\/\/i0.wp.com\/www.sportalsub.net\/blog\/wp-content\/uploads\/2016\/05\/resultados-apnea-esp.jpg?resize=700%2C400&ssl=1 2x"},"classes":[]},{"id":29720,"url":"https:\/\/www.sportalsub.net\/blog\/photo-video-sub-tenerife-2019","url_meta":{"origin":87456,"position":5},"title":"\ud83c\uddea\ud83c\uddf8 Resultados &#8211; Campeonato Mundial CMAS de Fotograf\u00eda y Video Submarino. Tenerife, Espa\u00f1a &#8211; Septiembre 2019","author":"Sportalsub.net","date":"30 septiembre 2019","format":false,"excerpt":"(Sportalsub.net \/ CMAS \/ FEDAS) - Read in English Del 17 al 22 de septiembre 2019 se llev\u00f3 a cabo en Tenerife, Espa\u00f1a el XVII Campeonato del Mundo de Fotograf\u00eda Submarina y el III Campeonato del Mundo de Video Submarino de la Confederaci\u00f3n Mundial de Actividades Subacu\u00e1ticas (CMAS), organizado por\u2026","rel":"","context":"En \u00abDestacados\u00bb","block_context":{"text":"Destacados","link":"https:\/\/www.sportalsub.net\/blog\/category\/mas\/destacados\/"},"img":{"alt_text":"","src":"https:\/\/i0.wp.com\/www.sportalsub.net\/blog\/wp-content\/uploads\/2019\/09\/photovideosub2019.png?resize=350%2C200&ssl=1","width":350,"height":200,"srcset":"https:\/\/i0.wp.com\/www.sportalsub.net\/blog\/wp-content\/uploads\/2019\/09\/photovideosub2019.png?resize=350%2C200&ssl=1 1x, https:\/\/i0.wp.com\/www.sportalsub.net\/blog\/wp-content\/uploads\/2019\/09\/photovideosub2019.png?resize=525%2C300&ssl=1 1.5x, https:\/\/i0.wp.com\/www.sportalsub.net\/blog\/wp-content\/uploads\/2019\/09\/photovideosub2019.png?resize=700%2C400&ssl=1 2x"},"classes":[]}],"jetpack_featured_media_url":"https:\/\/www.sportalsub.net\/blog\/wp-content\/uploads\/2026\/09\/fedas-apnea-outdoor-2026.jpg","_links":{"self":[{"href":"https:\/\/www.sportalsub.net\/blog\/wp-json\/wp\/v2\/posts\/87456","targetHints":{"allow":["GET"]}}],"collection":[{"href":"https:\/\/www.sportalsub.net\/blog\/wp-json\/wp\/v2\/posts"}],"about":[{"href":"https:\/\/www.sportalsub.net\/blog\/wp-json\/wp\/v2\/types\/post"}],"author":[{"embeddable":true,"href":"https:\/\/www.sportalsub.net\/blog\/wp-json\/wp\/v2\/users\/1"}],"replies":[{"embeddable":true,"href":"https:\/\/www.sportalsub.net\/blog\/wp-json\/wp\/v2\/comments?post=87456"}],"version-history":[{"count":1,"href":"https:\/\/www.sportalsub.net\/blog\/wp-json\/wp\/v2\/posts\/87456\/revisions"}],"predecessor-version":[{"id":87459,"href":"https:\/\/www.sportalsub.net\/blog\/wp-json\/wp\/v2\/posts\/87456\/revisions\/87459"}],"wp:featuredmedia":[{"embeddable":true,"href":"https:\/\/www.sportalsub.net\/blog\/wp-json\/wp\/v2\/media\/87461"}],"wp:attachment":[{"href":"https:\/\/www.sportalsub.net\/blog\/wp-json\/wp\/v2\/media?parent=87456"}],"wp:term":[{"taxonomy":"category","embeddable":true,"href":"https:\/\/www.sportalsub.net\/blog\/wp-json\/wp\/v2\/categories?post=87456"},{"taxonomy":"post_tag","embeddable":true,"href":"https:\/\/www.sportalsub.net\/blog\/wp-json\/wp\/v2\/tags?post=87456"}],"curies":[{"name":"wp","href":"https:\/\/api.w.org\/{rel}","templated":true}]}}