{"id":87462,"date":"2026-09-03T12:34:34","date_gmt":"2026-09-03T16:34:34","guid":{"rendered":"https:\/\/www.sportalsub.net\/blog\/?p=87462"},"modified":"2026-09-03T12:34:34","modified_gmt":"2026-09-03T16:34:34","slug":"%f0%9f%87%b5%f0%9f%87%b9-copa-mundo-cmas-2026-de-pesca-submarina-sagres-portugal","status":"publish","type":"post","link":"https:\/\/www.sportalsub.net\/blog\/2026-cmas-world-cup-spearfishing-sagres-portugal","title":{"rendered":"\ud83c\uddf5\ud83c\uddf9 Copa Mundo CMAS 2026 de Pesca Submarina, Sagres &#8211; Portugal"},"content":{"rendered":"<p><img loading=\"lazy\" decoding=\"async\" class=\"alignnone size-full wp-image-87463\" src=\"https:\/\/www.sportalsub.net\/blog\/wp-content\/uploads\/2026\/09\/pescasubportugal2026-.jpg\" alt=\"\" width=\"900\" height=\"600\" srcset=\"https:\/\/www.sportalsub.net\/blog\/wp-content\/uploads\/2026\/09\/pescasubportugal2026-.jpg 900w, https:\/\/www.sportalsub.net\/blog\/wp-content\/uploads\/2026\/09\/pescasubportugal2026--300x200.jpg 300w, https:\/\/www.sportalsub.net\/blog\/wp-content\/uploads\/2026\/09\/pescasubportugal2026--768x512.jpg 768w, https:\/\/www.sportalsub.net\/blog\/wp-content\/uploads\/2026\/09\/pescasubportugal2026--450x300.jpg 450w\" sizes=\"auto, (max-width: 900px) 100vw, 900px\" \/><\/p>\n<p>(Sportalsub.net \/ CMAS \/ FPAS)<br \/>\n<a href=\"https:\/\/www.sportalsub.net\/en\/2026-cmas-world-cup-spearfishing-sagres-portugal\/\">Read in English<\/a><\/p>\n<p>La Federaci\u00f3n Portuguesa de Actividades Subacu\u00e1ticas (FPAS) y M.A.R. \u2013 Maresia Associa\u00e7\u00e3o Recreativa (MAR) es el comit\u00e9 organizador local de la COPA MUNDIAL DE PESCA SUBMARINA CMAS 2026, SAGRES &#8211; PORTUGAL, que se celebrar\u00e1 del 2 al 6 de septiembre 2026, en Sagres, Vila do Bispo, Portugal.<\/p>\n<p>+Info:\u00a0<a href=\"https:\/\/www.cmas.org\/spearfishing-events\/2026-cmas-world-cup-spearfishing,-sagres.html\" target=\"_blank\"><strong>CMAS.Website<\/strong><\/a><\/p>\n","protected":false},"excerpt":{"rendered":"<p>(Sportalsub.net \/ CMAS \/ FPAS) Read in English La Federaci\u00f3n Portuguesa de Actividades Subacu\u00e1ticas (FPAS) y M.A.R. \u2013 Maresia Associa\u00e7\u00e3o Recreativa (MAR) es el comit\u00e9 organizador local de la COPA MUNDIAL DE PESCA SUBMARINA CMAS 2026, SAGRES &#8211; PORTUGAL, que se celebrar\u00e1 del 2 al 6 de septiembre 2026, en Sagres, Vila do Bispo, Portugal. +Info:\u00a0CMAS.Website<\/p>\n","protected":false},"author":1,"featured_media":87463,"comment_status":"open","ping_status":"closed","sticky":false,"template":"","format":"standard","meta":{"_lmt_disableupdate":"no","_lmt_disable":"no","_jetpack_newsletter_access":"","_jetpack_dont_email_post_to_subs":false,"_jetpack_newsletter_tier_id":0,"_jetpack_memberships_contains_paywalled_content":false,"_jetpack_feature_clip_id":0,"_jetpack_memberships_contains_paid_content":false,"footnotes":"","jetpack_publicize_message":"","jetpack_publicize_feature_enabled":true,"jetpack_social_post_already_shared":true,"jetpack_social_options":{"image_generator_settings":{"template":"highway","default_image_id":0,"font":"","enabled":false},"version":2},"jetpack_post_was_ever_published":false},"categories":[18,163,304],"tags":[450],"class_list":["post-87462","post","type-post","status-publish","format-standard","has-post-thumbnail","hentry","category-pesca-submarina","category-portugal","category-proximos-eventos","tag-destacados"],"modified_by":"Sportalsub.net","views":35,"jetpack_publicize_connections":[],"jetpack_sharing_enabled":true,"jetpack_shortlink":"https:\/\/wp.me\/pf9lN-mKG","jetpack_likes_enabled":false,"jetpack-related-posts":[{"id":27201,"url":"https:\/\/www.sportalsub.net\/blog\/mundial-pescasub-sagres-2018","url_meta":{"origin":87462,"position":0},"title":"\ud83c\uddf5\ud83c\uddf9 Espa\u00f1a Campe\u00f3n por equipos y Jody Lot de Portugal Campe\u00f3n Individual del XXXI Mundial CMAS de Pesca Submarina &#8211; Sagres, Portugal 2018 + Resultados","author":"Sportalsub.net","date":"10 septiembre 2018","format":false,"excerpt":"(Sportalsub.net \/ CMAS \/ FPAS) - Read in English El\u00a0XXXI Campeonato Mundial de Pesca Submarina de la Confederaci\u00f3n Mundial de Actividades Subacu\u00e1ticas (CMAS) se llev\u00f3 a cabo en la localidad de Sagres, Portugal del 6 al 10 de septiembre 2018 bajo la organizaci\u00f3n de la Federaci\u00f3n Portuguesa de Actividades Subacu\u00e1ticas\u2026","rel":"","context":"En \u00abChile\u00bb","block_context":{"text":"Chile","link":"https:\/\/www.sportalsub.net\/blog\/category\/paises\/america\/chile\/"},"img":{"alt_text":"","src":"https:\/\/i0.wp.com\/www.sportalsub.net\/blog\/wp-content\/uploads\/2018\/09\/jodylot.jpg?resize=350%2C200&ssl=1","width":350,"height":200,"srcset":"https:\/\/i0.wp.com\/www.sportalsub.net\/blog\/wp-content\/uploads\/2018\/09\/jodylot.jpg?resize=350%2C200&ssl=1 1x, https:\/\/i0.wp.com\/www.sportalsub.net\/blog\/wp-content\/uploads\/2018\/09\/jodylot.jpg?resize=525%2C300&ssl=1 1.5x, https:\/\/i0.wp.com\/www.sportalsub.net\/blog\/wp-content\/uploads\/2018\/09\/jodylot.jpg?resize=700%2C400&ssl=1 2x"},"classes":[]},{"id":28663,"url":"https:\/\/www.sportalsub.net\/blog\/women-cmas-spearfishing-world-cup-2018","url_meta":{"origin":87462,"position":1},"title":"\ud83c\uddf5\ud83c\uddf9 Teresa Duarte de Portugal y equipo de Estados Unidos se titulan en 1ra Copa Mundo CMAS de Pesca Submarina Femenina &#8211; Sagres, Portugal 2018 + Resultados","author":"Sportalsub.net","date":"9 septiembre 2018","format":false,"excerpt":"(Sportalsub.net \/ CMAS \/ FPAS) - Read in English Estados Unidos se queda con la medalla de oro, Portugal con la plata y Espa\u00f1a con el bronce en la competici\u00f3n por equipos, mientras que Teresa Duarte de Portugal se titul\u00f3 campeona, Rosibel Perurena y Kelsey Albert de los Estados Unidos\u2026","rel":"","context":"En \u00abChile\u00bb","block_context":{"text":"Chile","link":"https:\/\/www.sportalsub.net\/blog\/category\/paises\/america\/chile\/"},"img":{"alt_text":"","src":"https:\/\/i0.wp.com\/www.sportalsub.net\/blog\/wp-content\/uploads\/2018\/09\/teresa-duarte-3.jpg?resize=350%2C200&ssl=1","width":350,"height":200,"srcset":"https:\/\/i0.wp.com\/www.sportalsub.net\/blog\/wp-content\/uploads\/2018\/09\/teresa-duarte-3.jpg?resize=350%2C200&ssl=1 1x, https:\/\/i0.wp.com\/www.sportalsub.net\/blog\/wp-content\/uploads\/2018\/09\/teresa-duarte-3.jpg?resize=525%2C300&ssl=1 1.5x, https:\/\/i0.wp.com\/www.sportalsub.net\/blog\/wp-content\/uploads\/2018\/09\/teresa-duarte-3.jpg?resize=700%2C400&ssl=1 2x"},"classes":[]},{"id":28762,"url":"https:\/\/www.sportalsub.net\/blog\/ecuador-estara-presente-en-campeonatos-mundiales-de-pesca-submarina-en-portugal\/","url_meta":{"origin":87462,"position":2},"title":"\ud83c\uddea\ud83c\udde8 Ecuador estar\u00e1 presente en Campeonatos Mundiales de Pesca Submarina 2018 en Portugal","author":"Sportalsub.net","date":"27 agosto 2018","format":false,"excerpt":"(Sportalsub.net \/ FEDASUB) La Federaci\u00f3n Ecuatoriana de Buceo y Actividades Subacuaticas (FEDASUB) ha dado a conocer en su cuenta oficial en facebook, los Seleccionados Nacionales de Pesca Submarina que participar\u00e1n en el mes de Septiembre en el\u00a0XXXI Campeonato Mundial CMAS De Pesca Submarina para la categor\u00eda masculina\u00a0y en la\u00a01ra Copa\u2026","rel":"","context":"En \u00abDestacados\u00bb","block_context":{"text":"Destacados","link":"https:\/\/www.sportalsub.net\/blog\/category\/mas\/destacados\/"},"img":{"alt_text":"","src":"https:\/\/i0.wp.com\/www.sportalsub.net\/blog\/wp-content\/uploads\/2018\/08\/ecuadorpescasub.jpg?resize=350%2C200&ssl=1","width":350,"height":200,"srcset":"https:\/\/i0.wp.com\/www.sportalsub.net\/blog\/wp-content\/uploads\/2018\/08\/ecuadorpescasub.jpg?resize=350%2C200&ssl=1 1x, https:\/\/i0.wp.com\/www.sportalsub.net\/blog\/wp-content\/uploads\/2018\/08\/ecuadorpescasub.jpg?resize=525%2C300&ssl=1 1.5x, https:\/\/i0.wp.com\/www.sportalsub.net\/blog\/wp-content\/uploads\/2018\/08\/ecuadorpescasub.jpg?resize=700%2C400&ssl=1 2x"},"classes":[]},{"id":28381,"url":"https:\/\/www.sportalsub.net\/blog\/deportistas-seleccionadas-por-espana-para-la-i-copa-mundo-cmas-femenina-de-pesca-submarina\/","url_meta":{"origin":87462,"position":3},"title":"\ud83c\uddea\ud83c\uddf8 Deportistas seleccionadas por Espa\u00f1a para la I Copa Mundo CMAS Femenina de Pesca Submarina","author":"Sportalsub.net","date":"18 julio 2018","format":false,"excerpt":"(Sportalsub.net \/ Pesca Submarina FEDAS) Finalizado el campeonato individual femenino de pesca submarina de 2018, el Comit\u00e9 Nacional de pesca submarina de la Federaci\u00f3n Espa\u00f1ola de Actividades Subacu\u00e1ticas, ha hecho p\u00fablica la lista de las deportistas que han sido seleccionadas para formar parte del equipo nacional que representar\u00e1 a Espa\u00f1a\u2026","rel":"","context":"En \u00abEspa\u00f1a\u00bb","block_context":{"text":"Espa\u00f1a","link":"https:\/\/www.sportalsub.net\/blog\/category\/paises\/europa\/espana\/"},"img":{"alt_text":"","src":"https:\/\/i0.wp.com\/www.sportalsub.net\/blog\/wp-content\/uploads\/2018\/07\/Seleccionadas_2018.jpg?resize=350%2C200&ssl=1","width":350,"height":200,"srcset":"https:\/\/i0.wp.com\/www.sportalsub.net\/blog\/wp-content\/uploads\/2018\/07\/Seleccionadas_2018.jpg?resize=350%2C200&ssl=1 1x, https:\/\/i0.wp.com\/www.sportalsub.net\/blog\/wp-content\/uploads\/2018\/07\/Seleccionadas_2018.jpg?resize=525%2C300&ssl=1 1.5x"},"classes":[]},{"id":45200,"url":"https:\/\/www.sportalsub.net\/blog\/cmas-fotovideosub-portugal-2021","url_meta":{"origin":87462,"position":4},"title":"\ud83c\uddf5\ud83c\uddf9 Resultados &#8211; Campeonatos Mundiales de Fotograf\u00eda y Video Submarino CMAS &#8211; Madeira, Portugal 2021","author":"Sportalsub.net","date":"12 octubre 2021","format":false,"excerpt":"(Sportalsub.net \/ CMAS \/ FPAS) - Read in English El 18\u00b0 Campeonato Mundial de Fotograf\u00eda Submarina y el 4\u00b0 Campeonato Mundial de Video Submarino de la Confederaci\u00f3n Mundial de Actividades Subacu\u00e1ticas (CMAS) se realizaron del 4 al 9 de octubre 2021 en Madeira, Porto Santo en Portugal. El evento fue\u2026","rel":"","context":"En \u00abChile\u00bb","block_context":{"text":"Chile","link":"https:\/\/www.sportalsub.net\/blog\/category\/paises\/america\/chile\/"},"img":{"alt_text":"","src":"https:\/\/i0.wp.com\/www.sportalsub.net\/blog\/wp-content\/uploads\/2021\/10\/resultadosimagensubportugal2021.jpg?resize=350%2C200&ssl=1","width":350,"height":200,"srcset":"https:\/\/i0.wp.com\/www.sportalsub.net\/blog\/wp-content\/uploads\/2021\/10\/resultadosimagensubportugal2021.jpg?resize=350%2C200&ssl=1 1x, https:\/\/i0.wp.com\/www.sportalsub.net\/blog\/wp-content\/uploads\/2021\/10\/resultadosimagensubportugal2021.jpg?resize=525%2C300&ssl=1 1.5x, https:\/\/i0.wp.com\/www.sportalsub.net\/blog\/wp-content\/uploads\/2021\/10\/resultadosimagensubportugal2021.jpg?resize=700%2C400&ssl=1 2x"},"classes":[]},{"id":28680,"url":"https:\/\/www.sportalsub.net\/blog\/fedesub-cmas-chile-anuncia-sus-seleccionados-nacionales-masculino-y-femenino-de-pesca-submarina-2018\/","url_meta":{"origin":87462,"position":5},"title":"\ud83c\udde8\ud83c\uddf1 FEDESUB &#8211; CMAS Chile anuncia sus Seleccionados Nacionales Femenino y Masculino de Pesca Submarina 2018","author":"Sportalsub.net","date":"16 agosto 2018","format":false,"excerpt":"(Sportalsub.net \/ FEDESUB - CMAS Chile) La Federaci\u00f3n Deportiva Nacional de Actividades Subacu\u00e1ticas y Salvamento Acu\u00e1tico (FEDESUB - CMAS Chile) ha dado a conocer en su sitio web oficial y redes sociales, los Seleccionados Nacionales de Pesca Submarina que participar\u00e1n en el mes de Septiembre en el\u00a0XXXI Campeonato Mundial CMAS\u2026","rel":"","context":"En \u00abChile\u00bb","block_context":{"text":"Chile","link":"https:\/\/www.sportalsub.net\/blog\/category\/paises\/america\/chile\/"},"img":{"alt_text":"","src":"https:\/\/i0.wp.com\/www.sportalsub.net\/blog\/wp-content\/uploads\/2018\/08\/masculina.jpg?resize=350%2C200&ssl=1","width":350,"height":200,"srcset":"https:\/\/i0.wp.com\/www.sportalsub.net\/blog\/wp-content\/uploads\/2018\/08\/masculina.jpg?resize=350%2C200&ssl=1 1x, https:\/\/i0.wp.com\/www.sportalsub.net\/blog\/wp-content\/uploads\/2018\/08\/masculina.jpg?resize=525%2C300&ssl=1 1.5x, https:\/\/i0.wp.com\/www.sportalsub.net\/blog\/wp-content\/uploads\/2018\/08\/masculina.jpg?resize=700%2C400&ssl=1 2x"},"classes":[]}],"jetpack_featured_media_url":"https:\/\/www.sportalsub.net\/blog\/wp-content\/uploads\/2026\/09\/pescasubportugal2026-.jpg","_links":{"self":[{"href":"https:\/\/www.sportalsub.net\/blog\/wp-json\/wp\/v2\/posts\/87462","targetHints":{"allow":["GET"]}}],"collection":[{"href":"https:\/\/www.sportalsub.net\/blog\/wp-json\/wp\/v2\/posts"}],"about":[{"href":"https:\/\/www.sportalsub.net\/blog\/wp-json\/wp\/v2\/types\/post"}],"author":[{"embeddable":true,"href":"https:\/\/www.sportalsub.net\/blog\/wp-json\/wp\/v2\/users\/1"}],"replies":[{"embeddable":true,"href":"https:\/\/www.sportalsub.net\/blog\/wp-json\/wp\/v2\/comments?post=87462"}],"version-history":[{"count":2,"href":"https:\/\/www.sportalsub.net\/blog\/wp-json\/wp\/v2\/posts\/87462\/revisions"}],"predecessor-version":[{"id":87465,"href":"https:\/\/www.sportalsub.net\/blog\/wp-json\/wp\/v2\/posts\/87462\/revisions\/87465"}],"wp:featuredmedia":[{"embeddable":true,"href":"https:\/\/www.sportalsub.net\/blog\/wp-json\/wp\/v2\/media\/87463"}],"wp:attachment":[{"href":"https:\/\/www.sportalsub.net\/blog\/wp-json\/wp\/v2\/media?parent=87462"}],"wp:term":[{"taxonomy":"category","embeddable":true,"href":"https:\/\/www.sportalsub.net\/blog\/wp-json\/wp\/v2\/categories?post=87462"},{"taxonomy":"post_tag","embeddable":true,"href":"https:\/\/www.sportalsub.net\/blog\/wp-json\/wp\/v2\/tags?post=87462"}],"curies":[{"name":"wp","href":"https:\/\/api.w.org\/{rel}","templated":true}]}}