{"id":87470,"date":"2026-09-04T22:54:51","date_gmt":"2026-09-05T02:54:51","guid":{"rendered":"https:\/\/www.sportalsub.net\/blog\/?p=87470"},"modified":"2026-09-04T23:28:55","modified_gmt":"2026-09-05T03:28:55","slug":"%f0%9f%87%aa%f0%9f%87%a6-espanola-isabel-sanchez-aran-vuelve-a-subir-al-podio-en-el-mundial-de-apnea-de-profundidad-cmas-2026-en-honduras","status":"publish","type":"post","link":"https:\/\/www.sportalsub.net\/blog\/isabel-sanchez-aran-profundidad-cmas-honduras-2026","title":{"rendered":"\ud83c\uddea\ud83c\udde6 Espa\u00f1ola Isabel S\u00e1nchez-Ar\u00e1n vuelve a subir al podio en el Mundial de Apnea de Profundidad CMAS 2026 en Honduras \ud83c\udded\ud83c\uddf3"},"content":{"rendered":"<p><img loading=\"lazy\" decoding=\"async\" class=\"alignnone size-large wp-image-87474\" src=\"https:\/\/www.sportalsub.net\/blog\/wp-content\/uploads\/2026\/09\/isabel1ig-819x1024.jpg\" alt=\"\" width=\"819\" height=\"1024\" srcset=\"https:\/\/www.sportalsub.net\/blog\/wp-content\/uploads\/2026\/09\/isabel1ig-819x1024.jpg 819w, https:\/\/www.sportalsub.net\/blog\/wp-content\/uploads\/2026\/09\/isabel1ig-240x300.jpg 240w, https:\/\/www.sportalsub.net\/blog\/wp-content\/uploads\/2026\/09\/isabel1ig-768x960.jpg 768w, https:\/\/www.sportalsub.net\/blog\/wp-content\/uploads\/2026\/09\/isabel1ig.jpg 1080w\" sizes=\"auto, (max-width: 819px) 100vw, 819px\" \/><\/p>\n<p>(Sportalsub.net \/ <span class=\"qu yKyxu\" tabindex=\"-1\" role=\"gridcell\" translate=\"no\" data-hovercard-id=\"clublacaretta@gmail.com\" data-hovercard-hover-trigger-disabled=\"true\" aria-haspopup=\"dialog\"><span class=\"gD\" data-hovercard-id=\"clublacaretta@gmail.com\" data-hovercard-owner-id=\"17\">Apnea la Caretta &#8211; Medes Freediver)<\/span><\/span><\/p>\n<p>La apne\u00edsta ilicitana afincada en la Costa Brava, <strong>Isabel S\u00e1nchez-Ar\u00e1n<\/strong>, ha cerrado su participaci\u00f3n en el <a href=\"https:\/\/www.sportalsub.net\/blog\/cmas-freediving-roatan-2026\"><strong>CMAS Apnea Outdoor World Championship 2026<\/strong><\/a>, celebrado en Roat\u00e1n (Honduras), con una nueva medalla de bronce mundial y una actuaci\u00f3n que confirma su consolidaci\u00f3n entre las especialistas de referencia internacional en la apnea de profundidad.<\/p>\n<p>Durante el campeonato se disputaron las cuatro modalidades cl\u00e1sicas de esta disciplina: Peso Constante con Aletas (CWT), Inmersi\u00f3n Libre (FIM), Peso Constante sin Aletas (CNF) y Peso Constante con Bialetas (CWTB). La deportista del Club La Caretta particip\u00f3 en las cuatro pruebas, protagonizando inmersiones muy s\u00f3lidas y manteniendo un elevado nivel de rendimiento durante toda la competici\u00f3n.<\/p>\n<p><strong>Estreno mundial con monoaleta<\/strong><br \/>\nLa primera jornada supuso adem\u00e1s un importante cambio respecto a sus anteriores participaciones internacionales. Tras once a\u00f1os de trayectoria utilizando habitualmente aletas largas, este ha sido su primer campeonato mundial compitiendo con monoaleta, una modalidad que ha incorporado recientemente a su preparaci\u00f3n.<\/p>\n<p>El estreno fue especialmente positivo: alcanz\u00f3 los 95 metros de profundidad, mejorando su marca en competici\u00f3n y finalizando en cuarta posici\u00f3n. Un resultado destacado para una primera experiencia internacional con esta configuraci\u00f3n.<\/p>\n<p><span class=\"embed-youtube\" style=\"text-align:center; display: block;\"><iframe loading=\"lazy\" class=\"youtube-player\" width=\"860\" height=\"484\" src=\"https:\/\/www.youtube.com\/embed\/6kVJp6j9Usg?version=3&#038;rel=1&#038;showsearch=0&#038;showinfo=1&#038;iv_load_policy=1&#038;fs=1&#038;hl=es-ES&#038;autohide=2&#038;wmode=transparent\" allowfullscreen=\"true\" style=\"border:0;\" sandbox=\"allow-scripts allow-same-origin allow-popups allow-presentation allow-popups-to-escape-sandbox\"><\/iframe><\/span><\/p>\n<p><strong>Bronce a 96 metros en Inmersi\u00f3n Libre<\/strong><br \/>\nEn la segunda jornada lleg\u00f3 el podio. En la prueba de Inmersi\u00f3n Libre (FIM) complet\u00f3 una inmersi\u00f3n a 96 metros de profundidad, con un tiempo de 4 minutos y 5 segundos, que le permiti\u00f3 conquistar la medalla de bronce mundial.<\/p>\n<p>Este resultado tiene adem\u00e1s un significado especial dentro de su trayectoria: supone el tercer a\u00f1o consecutivo en el que sube al podio de un Campeonato del Mundo de apnea de profundidad, consolidando su posici\u00f3n entre las principales especialistas internacionales de la disciplina.<\/p>\n<p><img loading=\"lazy\" decoding=\"async\" class=\"alignnone size-large wp-image-87475\" src=\"https:\/\/www.sportalsub.net\/blog\/wp-content\/uploads\/2026\/09\/isabel2ig-819x1024.jpg\" alt=\"\" width=\"819\" height=\"1024\" srcset=\"https:\/\/www.sportalsub.net\/blog\/wp-content\/uploads\/2026\/09\/isabel2ig-819x1024.jpg 819w, https:\/\/www.sportalsub.net\/blog\/wp-content\/uploads\/2026\/09\/isabel2ig-240x300.jpg 240w, https:\/\/www.sportalsub.net\/blog\/wp-content\/uploads\/2026\/09\/isabel2ig-768x960.jpg 768w, https:\/\/www.sportalsub.net\/blog\/wp-content\/uploads\/2026\/09\/isabel2ig.jpg 1080w\" sizes=\"auto, (max-width: 819px) 100vw, 819px\" \/><\/p>\n<p><span class=\"embed-youtube\" style=\"text-align:center; display: block;\"><iframe loading=\"lazy\" class=\"youtube-player\" width=\"860\" height=\"484\" src=\"https:\/\/www.youtube.com\/embed\/9s6tc5FR4vs?version=3&#038;rel=1&#038;showsearch=0&#038;showinfo=1&#038;iv_load_policy=1&#038;fs=1&#038;hl=es-ES&#038;autohide=2&#038;wmode=transparent\" allowfullscreen=\"true\" style=\"border:0;\" sandbox=\"allow-scripts allow-same-origin allow-popups allow-presentation allow-popups-to-escape-sandbox\"><\/iframe><\/span><\/p>\n<p><strong>A un metro del podio en Peso Constante sin Aletas<\/strong><br \/>\nLa tercera jornada estuvo dedicada al Peso Constante sin Aletas (CNF), una de las modalidades m\u00e1s exigentes t\u00e9cnicamente.<\/p>\n<p>La inmersi\u00f3n fue nuevamente muy s\u00f3lida, limpia y controlada, finalizando en cuarta posici\u00f3n, a tan solo un metro del podio. Un resultado que dej\u00f3 cierta sensaci\u00f3n agridulce por la m\u00ednima diferencia, especialmente despu\u00e9s de haber completado un buceo con excelentes sensaciones y una salida a superficie en muy buenas condiciones.<\/p>\n<p><span class=\"embed-youtube\" style=\"text-align:center; display: block;\"><iframe loading=\"lazy\" class=\"youtube-player\" width=\"860\" height=\"484\" src=\"https:\/\/www.youtube.com\/embed\/UVW0zDHCVnk?version=3&#038;rel=1&#038;showsearch=0&#038;showinfo=1&#038;iv_load_policy=1&#038;fs=1&#038;hl=es-ES&#038;autohide=2&#038;wmode=transparent\" allowfullscreen=\"true\" style=\"border:0;\" sandbox=\"allow-scripts allow-same-origin allow-popups allow-presentation allow-popups-to-escape-sandbox\"><\/iframe><\/span><\/p>\n<p><strong>Los 99 metros tendr\u00e1n que esperar<\/strong><br \/>\nPara la \u00faltima prueba estaba previsto uno de los grandes retos del campeonato: una inmersi\u00f3n a 99 metros en Peso Constante con Bialetas.<\/p>\n<p>Sin embargo, apenas iniciada la bajada, alrededor de los 10 metros de profundidad, apareci\u00f3 un problema de compensaci\u00f3n en uno de los o\u00eddos que hizo imposible continuar el descenso con seguridad. Ante el riesgo de provocar una lesi\u00f3n por presi\u00f3n, decidi\u00f3 abortar la inmersi\u00f3n y regresar a superficie.<\/p>\n<p>Una decisi\u00f3n dif\u00edcil, especialmente despu\u00e9s de la preparaci\u00f3n realizada y de las buenas sensaciones acumuladas durante los entrenamientos y las jornadas anteriores, pero imprescindible para priorizar la seguridad.<\/p>\n<p>\u201cFue un momento duro porque ven\u00eda buceando muy bien y estaba preparada para intentar los 99 metros. Pero cuando un o\u00eddo no compensa correctamente, no hay nada que pensar: hay que darse la vuelta. La seguridad siempre est\u00e1 por encima de cualquier resultado\u201d, explica la deportista.<\/p>\n<p><span class=\"embed-youtube\" style=\"text-align:center; display: block;\"><iframe loading=\"lazy\" class=\"youtube-player\" width=\"860\" height=\"484\" src=\"https:\/\/www.youtube.com\/embed\/ll_w-wLx86U?version=3&#038;rel=1&#038;showsearch=0&#038;showinfo=1&#038;iv_load_policy=1&#038;fs=1&#038;hl=es-ES&#038;autohide=2&#038;wmode=transparent\" allowfullscreen=\"true\" style=\"border:0;\" sandbox=\"allow-scripts allow-same-origin allow-popups allow-presentation allow-popups-to-escape-sandbox\"><\/iframe><\/span><\/p>\n<p><strong>Un campeonato marcado por la pol\u00e9mica arbitral<\/strong><br \/>\nEl balance deportivo de Roat\u00e1n tambi\u00e9n estuvo condicionado por algunas decisiones arbitrales controvertidas que afectaron a la clasificaci\u00f3n en determinadas pruebas.<\/p>\n<p>La situaci\u00f3n fue formalmente protestada por la federaci\u00f3n espa\u00f1ola, aunque finalmente los resultados se mantuvieron sin modificaciones y las explicaciones recibidas no resultaron satisfactorias.<\/p>\n<p>M\u00e1s all\u00e1 de estas circunstancias, desde el Club La Caretta se hace una valoraci\u00f3n global muy positiva de la participaci\u00f3n: cuatro modalidades disputadas, una medalla mundial, dos cuartos puestos y, sobre todo, una sucesi\u00f3n de inmersiones s\u00f3lidas que reflejan el buen momento deportivo que Isabel atraviesa.<\/p>\n<p><strong>Tres a\u00f1os consecutivos en el podio mundial<\/strong><br \/>\nEl bronce conseguido en Roat\u00e1n permite mantener una trayectoria de regularidad excepcional en la \u00e9lite internacional. Tres a\u00f1os consecutivos subiendo al podio mundial consolidan a la deportista ilicitana como una de las referentes espa\u00f1olas y una presencia habitual entre las mejores especialistas del mundo en apnea de profundidad.<\/p>\n<p>Adem\u00e1s, la incorporaci\u00f3n de la monoaleta abre una nueva v\u00eda de evoluci\u00f3n deportiva despu\u00e9s de m\u00e1s de una d\u00e9cada compitiendo principalmente con bialetas.<\/p>\n<p><img loading=\"lazy\" decoding=\"async\" class=\"alignnone size-large wp-image-87476\" src=\"https:\/\/www.sportalsub.net\/blog\/wp-content\/uploads\/2026\/09\/isabelig3-819x1024.jpg\" alt=\"\" width=\"819\" height=\"1024\" srcset=\"https:\/\/www.sportalsub.net\/blog\/wp-content\/uploads\/2026\/09\/isabelig3-819x1024.jpg 819w, https:\/\/www.sportalsub.net\/blog\/wp-content\/uploads\/2026\/09\/isabelig3-240x300.jpg 240w, https:\/\/www.sportalsub.net\/blog\/wp-content\/uploads\/2026\/09\/isabelig3-768x960.jpg 768w, https:\/\/www.sportalsub.net\/blog\/wp-content\/uploads\/2026\/09\/isabelig3.jpg 1080w\" sizes=\"auto, (max-width: 819px) 100vw, 819px\" \/><\/p>\n<p><strong>Pr\u00f3ximos retos: Tenerife y los 100 metros<\/strong><br \/>\nLa temporada contin\u00faa sin apenas descanso. La pr\u00f3xima cita es el <a href=\"https:\/\/www.sportalsub.net\/blog\/apnea-outdoor-fedas-2026\"><strong>Campeonato de Espa\u00f1a de Apnea Outdoor 2026<\/strong><\/a>, que se disputardel 4 al 6 de septiembre en Tenerife.<\/p>\n<p>A finales de septiembre llegar\u00e1 una nueva competici\u00f3n internacional de primer nivel: el <a href=\"https:\/\/www.sportalsub.net\/blog\/aida-2026-limassol\"><strong>World Apnea 2026 Depth Championships<\/strong><\/a>, que tendr\u00e1 lugar en Limassol (Chipre).<\/p>\n<p>Ser\u00e1 all\u00ed donde S\u00e1nchez-Ar\u00e1n afrontar\u00e1 uno de los grandes objetivos de su carrera deportiva: alcanzar por primera vez los 100 metros de profundidad en el mar a pulm\u00f3n.<\/p>\n<p>Despu\u00e9s de los 96 metros alcanzados en Roat\u00e1n, el reto de los 100 est\u00e1 cada vez m\u00e1s cerca.<\/p>\n<p><strong>Club Apnea La Caretta &#8211; Medas Freedivers<\/strong><br \/>\n<strong>L\u2019Estartit, Girona<\/strong><\/p>\n<p><img loading=\"lazy\" decoding=\"async\" class=\"CToWUd\" src=\"https:\/\/ci3.googleusercontent.com\/mail-sig\/AIorK4xdahTOxmdxYlhJDcZ_XnOv_Zz4YBmIRJw7asRHGi8GLGTFg036oZCHEXdSZIqklnygzymtnQ0MIZJP\" width=\"200\" height=\"63\" data-bit=\"iit\" \/><\/p>\n<p>RRSS de Isabel:<\/p>\n<p><a href=\"https:\/\/www.instagram.com\/isa_a_pulmon\" target=\"_blank\" rel=\"noopener\" data-saferedirecturl=\"https:\/\/www.google.com\/url?q=https:\/\/www.instagram.com\/isa_a_pulmon&amp;source=gmail&amp;ust=1756480893612000&amp;usg=AOvVaw1ENbCCu0cASUb22Dw4rewH\" target=\"_blank\">https:\/\/www.instagram.com\/isa_a_pulmon<\/a><br \/>\n<a href=\"https:\/\/www.facebook.com\/isaapulmon\/\" target=\"_blank\" rel=\"noopener\" data-saferedirecturl=\"https:\/\/www.google.com\/url?q=https:\/\/www.facebook.com\/isaapulmon\/&amp;source=gmail&amp;ust=1756480893612000&amp;usg=AOvVaw1Sf2qMBVm2I6VlNEHXvzAe\" target=\"_blank\">https:\/\/www.facebook.com\/isaapulmon\/<\/a><br \/>\n<a href=\"http:\/\/www.isabelsanchezaran.com\/\" target=\"_blank\" rel=\"noopener\" data-saferedirecturl=\"https:\/\/www.google.com\/url?q=http:\/\/www.isabelsanchezaran.com&amp;source=gmail&amp;ust=1756480893612000&amp;usg=AOvVaw0dMYclg3H-1cBqECF1lOJy\" target=\"_blank\">www.isabelsanchezaran.com<\/a><\/p>\n<p><strong class=\"gmail_sendername\" dir=\"auto\">Apnea la Caretta \u2013 Medes Freedivers<\/strong>\u00a0<span dir=\"auto\"><a href=\"mailto:clublacaretta@gmail.com\" target=\"_blank\" rel=\"noopener\">clublacaretta@gmail.com<\/a><br \/>\n<strong>Isabel S\u00e1nchez-Ar\u00e1n\u00a0<\/strong>\u00a0<a href=\"mailto:isabel.sanchez.aran@gmail.com\" target=\"_blank\" rel=\"noopener\">isabel.sanchez.aran@gmail.com<\/a><\/span><\/p>\n<hr \/>\n<p>&nbsp;<\/p>\n<h3 class=\"entry-title post-title\"><a href=\"https:\/\/www.sportalsub.net\/blog\/cmas-freediving-roatan-2026\">\ud83c\udded\ud83c\uddf3\u00a0Resultados \u2013 Campeonato Mundial de Apnea de Profundidad CMAS 2026 \u2013 Roat\u00e1n, Honduras<\/a><\/h3>\n<div class=\"entry clearfix\">\n<p><a href=\"https:\/\/www.sportalsub.net\/blog\/cmas-freediving-roatan-2026\"><img loading=\"lazy\" decoding=\"async\" class=\"alignnone size-full wp-image-86172\" src=\"https:\/\/www.sportalsub.net\/blog\/wp-content\/uploads\/2026\/05\/2026-cmas-roatan-seniors-masters.jpg\" sizes=\"auto, (max-width: 900px) 100vw, 900px\" srcset=\"https:\/\/www.sportalsub.net\/blog\/wp-content\/uploads\/2026\/05\/2026-cmas-roatan-seniors-masters.jpg 900w, https:\/\/www.sportalsub.net\/blog\/wp-content\/uploads\/2026\/05\/2026-cmas-roatan-seniors-masters-300x200.jpg 300w, https:\/\/www.sportalsub.net\/blog\/wp-content\/uploads\/2026\/05\/2026-cmas-roatan-seniors-masters-768x512.jpg 768w, https:\/\/www.sportalsub.net\/blog\/wp-content\/uploads\/2026\/05\/2026-cmas-roatan-seniors-masters-450x300.jpg 450w\" alt=\"\" width=\"900\" height=\"600\" \/><\/a><\/p>\n<\/div>\n","protected":false},"excerpt":{"rendered":"<p>(Sportalsub.net \/ Apnea la Caretta &#8211; Medes Freediver) La apne\u00edsta ilicitana afincada en la Costa Brava, Isabel S\u00e1nchez-Ar\u00e1n, ha cerrado su participaci\u00f3n en el CMAS Apnea Outdoor World Championship 2026, celebrado en Roat\u00e1n (Honduras), con una nueva medalla de bronce mundial y una actuaci\u00f3n que confirma su consolidaci\u00f3n entre las especialistas de referencia internacional en la apnea de profundidad. Durante [&#8230;]<\/p>\n","protected":false},"author":1,"featured_media":87477,"comment_status":"open","ping_status":"closed","sticky":false,"template":"","format":"standard","meta":{"_lmt_disableupdate":"no","_lmt_disable":"no","_jetpack_newsletter_access":"","_jetpack_dont_email_post_to_subs":false,"_jetpack_newsletter_tier_id":0,"_jetpack_memberships_contains_paywalled_content":false,"_jetpack_feature_clip_id":0,"_jetpack_memberships_contains_paid_content":false,"footnotes":"","jetpack_publicize_message":"","jetpack_publicize_feature_enabled":true,"jetpack_social_post_already_shared":true,"jetpack_social_options":{"image_generator_settings":{"template":"highway","default_image_id":0,"font":"","enabled":false},"version":2},"jetpack_post_was_ever_published":false},"categories":[9,10],"tags":[450],"class_list":["post-87470","post","type-post","status-publish","format-standard","has-post-thumbnail","hentry","category-apnea","category-espana","tag-destacados"],"modified_by":"Sportalsub.net","views":46,"jetpack_publicize_connections":[],"jetpack_sharing_enabled":true,"jetpack_shortlink":"https:\/\/wp.me\/pf9lN-mKO","jetpack_likes_enabled":false,"jetpack-related-posts":[{"id":83020,"url":"https:\/\/www.sportalsub.net\/blog\/isabel-sanchez-aran-profundidad-cmas-grecia-2025","url_meta":{"origin":87470,"position":0},"title":"\ud83c\uddea\ud83c\uddf8 Isabel S\u00e1nchez-Ar\u00e1n afronta reto de los 100 metros en Mundial de Apnea de profundidad CMAS 2025 en Grecia","author":"Sportalsub.net","date":"28 agosto 2025","format":false,"excerpt":"(Sportalsub.net \/\u00a0Apnea la Caretta - Medes Freedivers) La apne\u00edsta espa\u00f1ola Isabel S\u00e1nchez-Ar\u00e1n\u00a0se prepara para afrontar uno de los mayores desaf\u00edos de su carrera deportiva en el\u00a0Campeonato Mundial de Apnea CMAS, que se celebrar\u00e1 en la ciudad griega de Mytikas del\u00a05 al 18 de septiembre. La deportista, integrante de la\u00a0selecci\u00f3n espa\u00f1ola\u2026","rel":"","context":"En \u00abApnea\u00bb","block_context":{"text":"Apnea","link":"https:\/\/www.sportalsub.net\/blog\/category\/modalidades\/apnea\/"},"img":{"alt_text":"","src":"https:\/\/i0.wp.com\/www.sportalsub.net\/blog\/wp-content\/uploads\/2025\/08\/isabel-grecia-2025p.jpg?resize=350%2C200&ssl=1","width":350,"height":200,"srcset":"https:\/\/i0.wp.com\/www.sportalsub.net\/blog\/wp-content\/uploads\/2025\/08\/isabel-grecia-2025p.jpg?resize=350%2C200&ssl=1 1x, https:\/\/i0.wp.com\/www.sportalsub.net\/blog\/wp-content\/uploads\/2025\/08\/isabel-grecia-2025p.jpg?resize=525%2C300&ssl=1 1.5x, https:\/\/i0.wp.com\/www.sportalsub.net\/blog\/wp-content\/uploads\/2025\/08\/isabel-grecia-2025p.jpg?resize=700%2C400&ssl=1 2x"},"classes":[]},{"id":75518,"url":"https:\/\/www.sportalsub.net\/blog\/isabel-sanchez-grecia-2024","url_meta":{"origin":87470,"position":1},"title":"\ud83c\uddea\ud83c\uddf8 Apneista espa\u00f1ola Isabel S\u00e1nchez-Ar\u00e1n busca hacer historia en el Mundial de Profundidad CMAS de Kalamata, Grecia","author":"Sportalsub.net","date":"30 septiembre 2024","format":false,"excerpt":"(Sportalsub.net \/ Prensa Isabel S\u00e1nchez-Ar\u00e1n) La apneista ilicitana, referente del deporte en Espa\u00f1a, participar\u00e1 en el Campeonato Mundial de Apnea Outdoor 2024\u00a0 Isabel S\u00e1nchez-Ar\u00e1n, deportista de la selecci\u00f3n espa\u00f1ola de apnea y m\u00e1xima referente de este deporte en Espa\u00f1a, se prepara para participar en el 8\u00ba Campeonato Mundial de Apnea\u2026","rel":"","context":"En \u00abApnea\u00bb","block_context":{"text":"Apnea","link":"https:\/\/www.sportalsub.net\/blog\/category\/modalidades\/apnea\/"},"img":{"alt_text":"","src":"https:\/\/i0.wp.com\/www.sportalsub.net\/blog\/wp-content\/uploads\/2024\/09\/isa-grecia1.jpg?resize=350%2C200&ssl=1","width":350,"height":200,"srcset":"https:\/\/i0.wp.com\/www.sportalsub.net\/blog\/wp-content\/uploads\/2024\/09\/isa-grecia1.jpg?resize=350%2C200&ssl=1 1x, https:\/\/i0.wp.com\/www.sportalsub.net\/blog\/wp-content\/uploads\/2024\/09\/isa-grecia1.jpg?resize=525%2C300&ssl=1 1.5x, https:\/\/i0.wp.com\/www.sportalsub.net\/blog\/wp-content\/uploads\/2024\/09\/isa-grecia1.jpg?resize=700%2C400&ssl=1 2x"},"classes":[]},{"id":74224,"url":"https:\/\/www.sportalsub.net\/blog\/nuevo-record-nacional-para-isabel-sanchez-aran-de-espana-en-el-mundial-de-apnea-indoor-cmas-2024\/","url_meta":{"origin":87470,"position":2},"title":"\ud83c\uddea\ud83c\uddf8 Nuevo r\u00e9cord nacional para Isabel S\u00e1nchez-Ar\u00e1n de Espa\u00f1a en el Mundial de Apnea Indoor CMAS 2024","author":"Sportalsub.net","date":"20 julio 2024","format":false,"excerpt":"(Sportalsub.net \/ Apnea la Caretta - Medes Freedivers) La apne\u00edsta espa\u00f1ola Isabel S\u00e1nchez-Ar\u00e1n super\u00f3 los 230 metros de distancia bajo el agua con una sola bocanada de aire en los pulmones en la prueba de apn\u00e9a din\u00e1mica con bialetas, fijando un nuevo r\u00e9cord de Espa\u00f1a. Con esta nueva plusmarca, Isabela\u2026","rel":"","context":"En \u00abApnea\u00bb","block_context":{"text":"Apnea","link":"https:\/\/www.sportalsub.net\/blog\/category\/modalidades\/apnea\/"},"img":{"alt_text":"","src":"https:\/\/i0.wp.com\/www.sportalsub.net\/blog\/wp-content\/uploads\/2024\/07\/isabelsanchez.jpg?resize=350%2C200&ssl=1","width":350,"height":200,"srcset":"https:\/\/i0.wp.com\/www.sportalsub.net\/blog\/wp-content\/uploads\/2024\/07\/isabelsanchez.jpg?resize=350%2C200&ssl=1 1x, https:\/\/i0.wp.com\/www.sportalsub.net\/blog\/wp-content\/uploads\/2024\/07\/isabelsanchez.jpg?resize=525%2C300&ssl=1 1.5x, https:\/\/i0.wp.com\/www.sportalsub.net\/blog\/wp-content\/uploads\/2024\/07\/isabelsanchez.jpg?resize=700%2C400&ssl=1 2x"},"classes":[]},{"id":86054,"url":"https:\/\/www.sportalsub.net\/blog\/cmas-freediving-roatan-2026","url_meta":{"origin":87470,"position":3},"title":"\ud83c\udded\ud83c\uddf3 Resultados &#8211; Campeonato Mundial de Apnea de Profundidad CMAS 2026 &#8211; Roat\u00e1n, Honduras","author":"Sportalsub.net","date":"26 agosto 2026","format":false,"excerpt":"(Sportalsub.net \/ CMAS \/ Roatan Freediving) Read in English Campeonato Mundial de Apnea de Profundidad CMAS 2026 Roat\u00e1n, Honduras 14 al 27 de agosto Seniors - Masters VIDEO - CMAS TV CALENDARIO - RESULTADOS ONLINE RESULTADOS (PDF) PESO CONSTANTE HOMBRES PESO CONSTANTE MUJERES INMERSI\u00d3N LIBRE HOMBRES INMERSI\u00d3N LIBRE MUJERES PESO\u2026","rel":"","context":"En \u00abApnea\u00bb","block_context":{"text":"Apnea","link":"https:\/\/www.sportalsub.net\/blog\/category\/modalidades\/apnea\/"},"img":{"alt_text":"","src":"https:\/\/i0.wp.com\/www.sportalsub.net\/blog\/wp-content\/uploads\/2026\/05\/2026-cmas-roatan-seniors-masters.jpg?resize=350%2C200&ssl=1","width":350,"height":200,"srcset":"https:\/\/i0.wp.com\/www.sportalsub.net\/blog\/wp-content\/uploads\/2026\/05\/2026-cmas-roatan-seniors-masters.jpg?resize=350%2C200&ssl=1 1x, https:\/\/i0.wp.com\/www.sportalsub.net\/blog\/wp-content\/uploads\/2026\/05\/2026-cmas-roatan-seniors-masters.jpg?resize=525%2C300&ssl=1 1.5x, https:\/\/i0.wp.com\/www.sportalsub.net\/blog\/wp-content\/uploads\/2026\/05\/2026-cmas-roatan-seniors-masters.jpg?resize=700%2C400&ssl=1 2x"},"classes":[]},{"id":75942,"url":"https:\/\/www.sportalsub.net\/blog\/isabel-sanchez-brilla-mundial-grecia-2024","url_meta":{"origin":87470,"position":4},"title":"\ud83c\uddea\ud83c\uddf8 Apneista espa\u00f1ola Isabel S\u00e1nchez-Ar\u00e1n logra bronce y dos r\u00e9cord nacionales en Mundial de Profundidad CMAS en Kalamata, Grecia","author":"Sportalsub.net","date":"19 octubre 2024","format":false,"excerpt":"(Sportalsub.net \/\u00a0Prensa\u00a0Isabel S\u00e1nchez-Ar\u00e1n) La apneista ilicitana, referente del deporte en Espa\u00f1a, brilla en el Campeonato Mundial de Apnea Outdoor 2024\u00a0 Isabel S\u00e1nchez-Ar\u00e1n, deportista de la selecci\u00f3n espa\u00f1ola de apnea y m\u00e1xima referente de este deporte en Espa\u00f1a, ha culminado una destacada participaci\u00f3n en el 8\u00ba Campeonato Mundial de Apnea de\u2026","rel":"","context":"En \u00abApnea\u00bb","block_context":{"text":"Apnea","link":"https:\/\/www.sportalsub.net\/blog\/category\/modalidades\/apnea\/"},"img":{"alt_text":"","src":"https:\/\/i0.wp.com\/www.sportalsub.net\/blog\/wp-content\/uploads\/2024\/10\/isabel-cnf-2024.jpg?resize=350%2C200&ssl=1","width":350,"height":200,"srcset":"https:\/\/i0.wp.com\/www.sportalsub.net\/blog\/wp-content\/uploads\/2024\/10\/isabel-cnf-2024.jpg?resize=350%2C200&ssl=1 1x, https:\/\/i0.wp.com\/www.sportalsub.net\/blog\/wp-content\/uploads\/2024\/10\/isabel-cnf-2024.jpg?resize=525%2C300&ssl=1 1.5x, https:\/\/i0.wp.com\/www.sportalsub.net\/blog\/wp-content\/uploads\/2024\/10\/isabel-cnf-2024.jpg?resize=700%2C400&ssl=1 2x"},"classes":[]},{"id":87335,"url":"https:\/\/www.sportalsub.net\/blog\/mexico-apnea-profundidad-mundial-cmas-2026","url_meta":{"origin":87470,"position":5},"title":"\ud83c\uddf2\ud83c\uddfd Mexicanos destacan en Mundial de Apnea de Profundidad CMAS 2026 en Honduras \ud83c\udded\ud83c\uddf3","author":"Sportalsub.net","date":"27 agosto 2026","format":false,"excerpt":"(Sportalsub.net \/ FMAS) Los apneistas Yadira Sistos, Pedro Tapia y Guillermo Villarreal representaron con gran \u00e9xito a M\u00e9xico en el Campeonato Mundial de Apnea de la Confederaci\u00f3n Mundial de Actividades Subacu\u00e1ticas (CMAS) organizado por Roat\u00e1n Freediving y realizado en Roat\u00e1n-Honduras, del 17 al 27 de agosto de 2026, mientras que\u2026","rel":"","context":"En \u00abApnea\u00bb","block_context":{"text":"Apnea","link":"https:\/\/www.sportalsub.net\/blog\/category\/modalidades\/apnea\/"},"img":{"alt_text":"","src":"https:\/\/i0.wp.com\/www.sportalsub.net\/blog\/wp-content\/uploads\/2026\/08\/pedro-tapia-mexico.jpg?resize=350%2C200&ssl=1","width":350,"height":200,"srcset":"https:\/\/i0.wp.com\/www.sportalsub.net\/blog\/wp-content\/uploads\/2026\/08\/pedro-tapia-mexico.jpg?resize=350%2C200&ssl=1 1x, https:\/\/i0.wp.com\/www.sportalsub.net\/blog\/wp-content\/uploads\/2026\/08\/pedro-tapia-mexico.jpg?resize=525%2C300&ssl=1 1.5x, https:\/\/i0.wp.com\/www.sportalsub.net\/blog\/wp-content\/uploads\/2026\/08\/pedro-tapia-mexico.jpg?resize=700%2C400&ssl=1 2x"},"classes":[]}],"jetpack_featured_media_url":"https:\/\/www.sportalsub.net\/blog\/wp-content\/uploads\/2026\/09\/isabelportadaweb.jpg","_links":{"self":[{"href":"https:\/\/www.sportalsub.net\/blog\/wp-json\/wp\/v2\/posts\/87470","targetHints":{"allow":["GET"]}}],"collection":[{"href":"https:\/\/www.sportalsub.net\/blog\/wp-json\/wp\/v2\/posts"}],"about":[{"href":"https:\/\/www.sportalsub.net\/blog\/wp-json\/wp\/v2\/types\/post"}],"author":[{"embeddable":true,"href":"https:\/\/www.sportalsub.net\/blog\/wp-json\/wp\/v2\/users\/1"}],"replies":[{"embeddable":true,"href":"https:\/\/www.sportalsub.net\/blog\/wp-json\/wp\/v2\/comments?post=87470"}],"version-history":[{"count":8,"href":"https:\/\/www.sportalsub.net\/blog\/wp-json\/wp\/v2\/posts\/87470\/revisions"}],"predecessor-version":[{"id":87482,"href":"https:\/\/www.sportalsub.net\/blog\/wp-json\/wp\/v2\/posts\/87470\/revisions\/87482"}],"wp:featuredmedia":[{"embeddable":true,"href":"https:\/\/www.sportalsub.net\/blog\/wp-json\/wp\/v2\/media\/87477"}],"wp:attachment":[{"href":"https:\/\/www.sportalsub.net\/blog\/wp-json\/wp\/v2\/media?parent=87470"}],"wp:term":[{"taxonomy":"category","embeddable":true,"href":"https:\/\/www.sportalsub.net\/blog\/wp-json\/wp\/v2\/categories?post=87470"},{"taxonomy":"post_tag","embeddable":true,"href":"https:\/\/www.sportalsub.net\/blog\/wp-json\/wp\/v2\/tags?post=87470"}],"curies":[{"name":"wp","href":"https:\/\/api.w.org\/{rel}","templated":true}]}}