{"id":87484,"date":"2026-09-05T00:19:06","date_gmt":"2026-09-05T04:19:06","guid":{"rendered":"https:\/\/www.sportalsub.net\/blog\/?p=87484"},"modified":"2026-09-05T00:20:25","modified_gmt":"2026-09-05T04:20:25","slug":"resultados-i-torneo-nacional-de-fotografia-subacuatica-fedecas-2026-taganga-colombia","status":"publish","type":"post","link":"https:\/\/www.sportalsub.net\/blog\/fotosub-fedecas-colombia-2026","title":{"rendered":"\ud83c\udde8\ud83c\uddf4 Resultados &#8211; I Torneo Nacional de Fotograf\u00eda Subacu\u00e1tica FEDECAS 2026 &#8211; Taganga, Colombia"},"content":{"rendered":"<p><img loading=\"lazy\" decoding=\"async\" class=\"alignnone size-full wp-image-87488\" src=\"https:\/\/www.sportalsub.net\/blog\/wp-content\/uploads\/2026\/09\/fotosub-fedecas-2026.jpg\" alt=\"\" width=\"900\" height=\"600\" srcset=\"https:\/\/www.sportalsub.net\/blog\/wp-content\/uploads\/2026\/09\/fotosub-fedecas-2026.jpg 900w, https:\/\/www.sportalsub.net\/blog\/wp-content\/uploads\/2026\/09\/fotosub-fedecas-2026-300x200.jpg 300w, https:\/\/www.sportalsub.net\/blog\/wp-content\/uploads\/2026\/09\/fotosub-fedecas-2026-768x512.jpg 768w, https:\/\/www.sportalsub.net\/blog\/wp-content\/uploads\/2026\/09\/fotosub-fedecas-2026-450x300.jpg 450w\" sizes=\"auto, (max-width: 900px) 100vw, 900px\" \/><\/p>\n<p>(Sportalsub.net \/ FEDECAS)<\/p>\n<p class=\"font-bold mb-6 text-xl\">La Federaci\u00f3n Colombiana de Actividades Subacu\u00e1ticas (FEDECAS) celebr\u00f3 con \u00e9xito el I Torneo Nacional de Fotograf\u00eda Subacu\u00e1tica en Taganga, del 27 al 30 de agosto de 2026 marcando un precedente en seguridad, juzgamiento bio-\u00e9tico y conservaci\u00f3n ambiental en Colombia.<\/p>\n<p class=\"mb-5\">La Federaci\u00f3n Colombiana de Actividades Subacu\u00e1ticas FEDECAS celebr\u00f3 el I Torneo Nacional de Fotograf\u00eda Subacu\u00e1tica en la bah\u00eda de Taganga. Este certamen combin\u00f3 el alto rendimiento deportivo con una estricta conciencia ambiental bajo el protocolo \u00abGuardianes del Mar\u00bb.El evento destac\u00f3 por poner como prioridad absoluta la seguridad de los buceadores y el trabajo en pareja (buddy system). Asimismo, se aplic\u00f3 un juzgamiento enfocado en la flotabilidad neutra y el respeto total por los arrecifes y la fauna marina. Con el respaldo de juzgamiento de renombre institucional y marcas aliadas del sector subacu\u00e1tico como Los Buzos (Scubapro), TUSA, President Store, Dive Academy, Club Deportivo Cangrejos y Reef Shepherd, el torneo sent\u00f3 un legado metodol\u00f3gico de buceo responsable en Colombia y Am\u00e9rica Latina.<\/p>\n<p><strong>Estos fueron los resultados del Torneo:<\/strong><\/p>\n<div>\n<p>\ud83c\udfc6 CATEGOR\u00cdA PROFESIONAL<br \/>\n\ud83e\udd47 Fot\u00f3grafo: Juan Manuel Guzm\u00e1n | Buddy: Sara Alm\u00e1nzar<br \/>\n\ud83e\udd48 Fot\u00f3grafo: Sebasti\u00e1n Arango | Buddy: Andr\u00e9s Felipe Correa<\/p>\n<p>\ud83c\udfc6 CATEGOR\u00cdA INTERMEDIA<br \/>\n\ud83e\udd47 Fot\u00f3grafa: Mar\u00eda Cecilia | Buddy: Jorge Caballero<\/p>\n<\/div>\n<p><strong>Adem\u00e1s, FEDECAS recopil\u00f3 las mejores fotograf\u00edas y rese\u00f1a del evento en la Revista I Torneo Fotosub Edicion 01<\/strong><\/p>\n<p><strong><a href=\"https:\/\/drive.google.com\/file\/d\/18irGKvPTRZTCKvV_imo1_fsTaPmh-9Ra\/view?usp=drivesdk\"class=\"inline-flex items-center px-6 py-3 bg-primary text-white rounded-lg font-bold hover:bg-secondary hover:text-gray-900 transition-colors duration-300\"  target=\"_blank\" rel=\"noopener noreferrer\" target=\"_blank\">Ver Documento Adjunto<\/a><\/strong><\/p>\n<p><a href=\"https:\/\/drive.google.com\/file\/d\/18irGKvPTRZTCKvV_imo1_fsTaPmh-9Ra\/view?usp=drivesdk\" target=\"_blank\"><img decoding=\"async\" src=\"https:\/\/drive.google.com\/thumbnail?id=1Ke7g8cQ8zyOEzVy5B_XY1sTXolCdn3Pp&amp;sz=w1920\" alt=\"I Torneo Nacional FEDECAS de Fotograf\u00eda Subacu\u00e1tica en Taganga: Un Hito de Arte y Conservaci\u00f3n\" \/><\/a><\/p>\n<div>\n<p><strong style=\"font-size: 0.95em;\">Fuente: <a href=\"https:\/\/fedecas.org\/#\/noticias\/18\" target=\"_blank\">Sitio Web Oficial FEDECAS<\/a><\/strong><\/p>\n<\/div>\n<blockquote class=\"instagram-media\" style=\"background: #FFF; border: 0; border-radius: 3px; box-shadow: 0 0 1px 0 rgba(0,0,0,0.5),0 1px 10px 0 rgba(0,0,0,0.15); margin: 1px; max-width: 540px; min-width: 326px; padding: 0; width: calc(100% - 2px);\" data-instgrm-captioned=\"\" data-instgrm-permalink=\"https:\/\/www.instagram.com\/p\/Dcq4WbKlVky\/?utm_source=ig_embed&amp;utm_campaign=loading\" data-instgrm-version=\"14\">\n<div style=\"padding: 16px;\">\n<p>&nbsp;<\/p>\n<div style=\"display: flex; flex-direction: row; align-items: center;\">\n<div style=\"background-color: #f4f4f4; border-radius: 50%; flex-grow: 0; height: 40px; margin-right: 14px; width: 40px;\"><\/div>\n<div style=\"display: flex; flex-direction: column; flex-grow: 1; justify-content: center;\">\n<div style=\"background-color: #f4f4f4; border-radius: 4px; flex-grow: 0; height: 14px; margin-bottom: 6px; width: 100px;\"><\/div>\n<div style=\"background-color: #f4f4f4; border-radius: 4px; flex-grow: 0; height: 14px; width: 60px;\"><\/div>\n<\/div>\n<\/div>\n<div style=\"padding: 19% 0;\"><\/div>\n<div style=\"display: block; height: 50px; margin: 0 auto 12px; width: 50px;\"><\/div>\n<div style=\"padding-top: 8px;\">\n<div style=\"color: #3897f0; font-family: Arial,sans-serif; font-size: 14px; font-style: normal; font-weight: 550; line-height: 18px;\">Ver esta publicaci\u00f3n en Instagram<\/div>\n<\/div>\n<div style=\"padding: 12.5% 0;\"><\/div>\n<div style=\"display: flex; flex-direction: row; margin-bottom: 14px; align-items: center;\">\n<div>\n<div style=\"background-color: #f4f4f4; border-radius: 50%; height: 12.5px; width: 12.5px; transform: translateX(0px) translateY(7px);\"><\/div>\n<div style=\"background-color: #f4f4f4; height: 12.5px; transform: rotate(-45deg) translateX(3px) translateY(1px); width: 12.5px; flex-grow: 0; margin-right: 14px; margin-left: 2px;\"><\/div>\n<div style=\"background-color: #f4f4f4; border-radius: 50%; height: 12.5px; width: 12.5px; transform: translateX(9px) translateY(-18px);\"><\/div>\n<\/div>\n<div style=\"margin-left: 8px;\">\n<div style=\"background-color: #f4f4f4; border-radius: 50%; flex-grow: 0; height: 20px; width: 20px;\"><\/div>\n<div style=\"width: 0; height: 0; border-top: 2px solid transparent; border-left: 6px solid #f4f4f4; border-bottom: 2px solid transparent; transform: translateX(16px) translateY(-4px) rotate(30deg);\"><\/div>\n<\/div>\n<div style=\"margin-left: auto;\">\n<div style=\"width: 0px; border-top: 8px solid #F4F4F4; border-right: 8px solid transparent; transform: translateY(16px);\"><\/div>\n<div style=\"background-color: #f4f4f4; flex-grow: 0; height: 12px; width: 16px; transform: translateY(-4px);\"><\/div>\n<div style=\"width: 0; height: 0; border-top: 8px solid #F4F4F4; border-left: 8px solid transparent; transform: translateY(-4px) translateX(8px);\"><\/div>\n<\/div>\n<\/div>\n<div style=\"display: flex; flex-direction: column; flex-grow: 1; justify-content: center; margin-bottom: 24px;\">\n<div style=\"background-color: #f4f4f4; border-radius: 4px; flex-grow: 0; height: 14px; margin-bottom: 6px; width: 224px;\"><\/div>\n<div style=\"background-color: #f4f4f4; border-radius: 4px; flex-grow: 0; height: 14px; width: 144px;\"><\/div>\n<\/div>\n<p>&nbsp;<\/p>\n<p style=\"color: #c9c8cd; font-family: Arial,sans-serif; font-size: 14px; line-height: 17px; margin-bottom: 0; margin-top: 8px; overflow: hidden; padding: 8px 0 7px; text-align: center; text-overflow: ellipsis; white-space: nowrap;\"><a href=\"https:\/\/www.instagram.com\/p\/Dcq4WbKlVky\/?utm_source=ig_embed&amp;utm_campaign=loading\"style=\"color: #c9c8cd; font-family: Arial,sans-serif; font-size: 14px; font-style: normal; font-weight: normal; line-height: 17px; text-decoration: none;\"  target=\"_blank\" rel=\"noopener\" target=\"_blank\">Una publicaci\u00f3n compartida por FEDECAS COLOMBIA (@fedecascol)<\/a><\/p>\n<\/div>\n<\/blockquote>\n<p><script async src=\"\/\/www.instagram.com\/embed.js\"><\/script><\/p>\n<p>&nbsp;<\/p>\n<blockquote class=\"instagram-media\" style=\"background: #FFF; border: 0; border-radius: 3px; box-shadow: 0 0 1px 0 rgba(0,0,0,0.5),0 1px 10px 0 rgba(0,0,0,0.15); margin: 1px; max-width: 540px; min-width: 326px; padding: 0; width: calc(100% - 2px);\" data-instgrm-captioned=\"\" data-instgrm-permalink=\"https:\/\/www.instagram.com\/p\/DcqpGXzlYzS\/?utm_source=ig_embed&amp;utm_campaign=loading\" data-instgrm-version=\"14\">\n<div style=\"padding: 16px;\">\n<p>&nbsp;<\/p>\n<div style=\"display: flex; flex-direction: row; align-items: center;\">\n<div style=\"background-color: #f4f4f4; border-radius: 50%; flex-grow: 0; height: 40px; margin-right: 14px; width: 40px;\"><\/div>\n<div style=\"display: flex; flex-direction: column; flex-grow: 1; justify-content: center;\">\n<div style=\"background-color: #f4f4f4; border-radius: 4px; flex-grow: 0; height: 14px; margin-bottom: 6px; width: 100px;\"><\/div>\n<div style=\"background-color: #f4f4f4; border-radius: 4px; flex-grow: 0; height: 14px; width: 60px;\"><\/div>\n<\/div>\n<\/div>\n<div style=\"padding: 19% 0;\"><\/div>\n<div style=\"display: block; height: 50px; margin: 0 auto 12px; width: 50px;\"><\/div>\n<div style=\"padding-top: 8px;\">\n<div style=\"color: #3897f0; font-family: Arial,sans-serif; font-size: 14px; font-style: normal; font-weight: 550; line-height: 18px;\">Ver esta publicaci\u00f3n en Instagram<\/div>\n<\/div>\n<div style=\"padding: 12.5% 0;\"><\/div>\n<div style=\"display: flex; flex-direction: row; margin-bottom: 14px; align-items: center;\">\n<div>\n<div style=\"background-color: #f4f4f4; border-radius: 50%; height: 12.5px; width: 12.5px; transform: translateX(0px) translateY(7px);\"><\/div>\n<div style=\"background-color: #f4f4f4; height: 12.5px; transform: rotate(-45deg) translateX(3px) translateY(1px); width: 12.5px; flex-grow: 0; margin-right: 14px; margin-left: 2px;\"><\/div>\n<div style=\"background-color: #f4f4f4; border-radius: 50%; height: 12.5px; width: 12.5px; transform: translateX(9px) translateY(-18px);\"><\/div>\n<\/div>\n<div style=\"margin-left: 8px;\">\n<div style=\"background-color: #f4f4f4; border-radius: 50%; flex-grow: 0; height: 20px; width: 20px;\"><\/div>\n<div style=\"width: 0; height: 0; border-top: 2px solid transparent; border-left: 6px solid #f4f4f4; border-bottom: 2px solid transparent; transform: translateX(16px) translateY(-4px) rotate(30deg);\"><\/div>\n<\/div>\n<div style=\"margin-left: auto;\">\n<div style=\"width: 0px; border-top: 8px solid #F4F4F4; border-right: 8px solid transparent; transform: translateY(16px);\"><\/div>\n<div style=\"background-color: #f4f4f4; flex-grow: 0; height: 12px; width: 16px; transform: translateY(-4px);\"><\/div>\n<div style=\"width: 0; height: 0; border-top: 8px solid #F4F4F4; border-left: 8px solid transparent; transform: translateY(-4px) translateX(8px);\"><\/div>\n<\/div>\n<\/div>\n<div style=\"display: flex; flex-direction: column; flex-grow: 1; justify-content: center; margin-bottom: 24px;\">\n<div style=\"background-color: #f4f4f4; border-radius: 4px; flex-grow: 0; height: 14px; margin-bottom: 6px; width: 224px;\"><\/div>\n<div style=\"background-color: #f4f4f4; border-radius: 4px; flex-grow: 0; height: 14px; width: 144px;\"><\/div>\n<\/div>\n<p>&nbsp;<\/p>\n<p style=\"color: #c9c8cd; font-family: Arial,sans-serif; font-size: 14px; line-height: 17px; margin-bottom: 0; margin-top: 8px; overflow: hidden; padding: 8px 0 7px; text-align: center; text-overflow: ellipsis; white-space: nowrap;\"><a href=\"https:\/\/www.instagram.com\/p\/DcqpGXzlYzS\/?utm_source=ig_embed&amp;utm_campaign=loading\"style=\"color: #c9c8cd; font-family: Arial,sans-serif; font-size: 14px; font-style: normal; font-weight: normal; line-height: 17px; text-decoration: none;\"  target=\"_blank\" rel=\"noopener\" target=\"_blank\">Una publicaci\u00f3n compartida por FEDECAS COLOMBIA (@fedecascol)<\/a><\/p>\n<\/div>\n<\/blockquote>\n<p><script async src=\"\/\/www.instagram.com\/embed.js\"><\/script><\/p>\n","protected":false},"excerpt":{"rendered":"<p>(Sportalsub.net \/ FEDECAS) La Federaci\u00f3n Colombiana de Actividades Subacu\u00e1ticas (FEDECAS) celebr\u00f3 con \u00e9xito el I Torneo Nacional de Fotograf\u00eda Subacu\u00e1tica en Taganga, del 27 al 30 de agosto de 2026 marcando un precedente en seguridad, juzgamiento bio-\u00e9tico y conservaci\u00f3n ambiental en Colombia. La Federaci\u00f3n Colombiana de Actividades Subacu\u00e1ticas FEDECAS celebr\u00f3 el I Torneo Nacional de Fotograf\u00eda Subacu\u00e1tica en la bah\u00eda [&#8230;]<\/p>\n","protected":false},"author":1,"featured_media":87488,"comment_status":"open","ping_status":"closed","sticky":false,"template":"","format":"standard","meta":{"_lmt_disableupdate":"no","_lmt_disable":"no","_jetpack_newsletter_access":"","_jetpack_dont_email_post_to_subs":false,"_jetpack_newsletter_tier_id":0,"_jetpack_memberships_contains_paywalled_content":false,"_jetpack_feature_clip_id":0,"_jetpack_memberships_contains_paid_content":false,"footnotes":"","jetpack_publicize_message":"","jetpack_publicize_feature_enabled":true,"jetpack_social_post_already_shared":true,"jetpack_social_options":{"image_generator_settings":{"template":"highway","default_image_id":0,"font":"","enabled":false},"version":2},"jetpack_post_was_ever_published":false},"categories":[3,19,120],"tags":[450],"class_list":["post-87484","post","type-post","status-publish","format-standard","has-post-thumbnail","hentry","category-colombia","category-fotografia-submarina","category-resultados","tag-destacados"],"modified_by":"Sportalsub.net","views":118,"jetpack_publicize_connections":[],"jetpack_sharing_enabled":true,"jetpack_shortlink":"https:\/\/wp.me\/pf9lN-mL2","jetpack_likes_enabled":false,"jetpack-related-posts":[{"id":70068,"url":"https:\/\/www.sportalsub.net\/blog\/hockeysub-medellin-elite-2024","url_meta":{"origin":87484,"position":0},"title":"\ud83c\udde8\ud83c\uddf4 Resultados &#8211; I Campeonato Nacional Interclubes de Hockey Subacu\u00e1tico \u00c9lite FEDECAS 2024 \u2013 Medell\u00edn, Colombia","author":"Sportalsub.net","date":"17 marzo 2024","format":false,"excerpt":"(Sportalsub.net \/ FEDECAS \/ LASA) I Campeonato Nacional Interclubes de Hockey Subacu\u00e1tico Categor\u00eda \u00c9lite 2024 de la Federaci\u00f3n Colombiana de Actividades Subacu\u00e1ticas \u2013 (FEDECAS) Fecha: 15 al 17 de Marzo 2024. Lugar: Complejo Acu\u00e1tico de la Unidad Deportiva Atanasio Girardot, Medell\u00edn Organiza: Liga Antioque\u00f1a de Actividades Subacu\u00e1ticas \u2013 (LASA). FEMENINO\u2026","rel":"","context":"En \u00abColombia\u00bb","block_context":{"text":"Colombia","link":"https:\/\/www.sportalsub.net\/blog\/category\/paises\/america\/colombia\/"},"img":{"alt_text":"","src":"https:\/\/i0.wp.com\/www.sportalsub.net\/blog\/wp-content\/uploads\/2024\/03\/hockeysubelitemedellin2024.jpg?resize=350%2C200&ssl=1","width":350,"height":200,"srcset":"https:\/\/i0.wp.com\/www.sportalsub.net\/blog\/wp-content\/uploads\/2024\/03\/hockeysubelitemedellin2024.jpg?resize=350%2C200&ssl=1 1x, https:\/\/i0.wp.com\/www.sportalsub.net\/blog\/wp-content\/uploads\/2024\/03\/hockeysubelitemedellin2024.jpg?resize=525%2C300&ssl=1 1.5x, https:\/\/i0.wp.com\/www.sportalsub.net\/blog\/wp-content\/uploads\/2024\/03\/hockeysubelitemedellin2024.jpg?resize=700%2C400&ssl=1 2x"},"classes":[]},{"id":56085,"url":"https:\/\/www.sportalsub.net\/blog\/1ra-parada-villavicencio-rugbysub-2022","url_meta":{"origin":87484,"position":1},"title":"\ud83c\udde8\ud83c\uddf4 Resultados &#8211; I Parada Nacional Interclubes 2022-2023 de Rugby Subacu\u00e1tico FEDECAS Colombia Categor\u00eda \u00c9lite. Villavicencio","author":"Sportalsub.net","date":"15 agosto 2022","format":false,"excerpt":"(Sportalsub.net \/ Liga Subacu\u00e1ticas Meta) La I Parada Nacional Interclubes de Rugby Subacu\u00e1tico Categor\u00e1 \u00c9lite de la temporada 2022-2023 de la Federaci\u00f3n Colombiana de Actividades Subacu\u00e1ticas (FEDECAS) se realiz\u00f3 del 13 al 15 de agosto de 2022 en Villavicencio, Departamento del Meta. 243 jugadores de 10 equipos femeninos y 9\u2026","rel":"","context":"En \u00abColombia\u00bb","block_context":{"text":"Colombia","link":"https:\/\/www.sportalsub.net\/blog\/category\/paises\/america\/colombia\/"},"img":{"alt_text":"","src":"https:\/\/i0.wp.com\/www.sportalsub.net\/blog\/wp-content\/uploads\/2022\/08\/1paradarugbysubcolombia2022-2023.jpg?resize=350%2C200&ssl=1","width":350,"height":200,"srcset":"https:\/\/i0.wp.com\/www.sportalsub.net\/blog\/wp-content\/uploads\/2022\/08\/1paradarugbysubcolombia2022-2023.jpg?resize=350%2C200&ssl=1 1x, https:\/\/i0.wp.com\/www.sportalsub.net\/blog\/wp-content\/uploads\/2022\/08\/1paradarugbysubcolombia2022-2023.jpg?resize=525%2C300&ssl=1 1.5x, https:\/\/i0.wp.com\/www.sportalsub.net\/blog\/wp-content\/uploads\/2022\/08\/1paradarugbysubcolombia2022-2023.jpg?resize=700%2C400&ssl=1 2x"},"classes":[]},{"id":27630,"url":"https:\/\/www.sportalsub.net\/blog\/i-torneo-nacional-interclubes-de-hockey-subacuatico-categoria-elite-y-master-2018-medellin-colombia\/","url_meta":{"origin":87484,"position":2},"title":"\ud83c\udde8\ud83c\uddf4 Resultados &#8211; I Torneo Nacional Interclubes de Hockey Subacu\u00e1tico Categor\u00eda \u00c9lite y M\u00e1ster &#8211; 2018. Medell\u00edn, Colombia","author":"Sportalsub.net","date":"21 marzo 2018","format":false,"excerpt":"(Sportalsub.net \/ FEDECAS \/ LASA) La Federaci\u00f3n Colombiana de Actividades\u00a0Subacu\u00e1ticas FEDECAS, llev\u00f3 a cabo el I Torneo Nacional\u00a0Interclubes de Hockey Subacu\u00e1tico Categor\u00eda \u00c9lite y M\u00e1ster - 2018 , realizado en el Complejo Acu\u00e1tico\u00a0Unidad Deportiva de la ciudad de Medell\u00edn, del 17 al 19 de marzo de 2018.\u00a0La organizaci\u00f3n del Torneo\u2026","rel":"","context":"En \u00abColombia\u00bb","block_context":{"text":"Colombia","link":"https:\/\/www.sportalsub.net\/blog\/category\/paises\/america\/colombia\/"},"img":{"alt_text":"","src":"https:\/\/i0.wp.com\/www.sportalsub.net\/blog\/wp-content\/uploads\/2018\/03\/elitehockeycolombia.jpg?resize=350%2C200&ssl=1","width":350,"height":200,"srcset":"https:\/\/i0.wp.com\/www.sportalsub.net\/blog\/wp-content\/uploads\/2018\/03\/elitehockeycolombia.jpg?resize=350%2C200&ssl=1 1x, https:\/\/i0.wp.com\/www.sportalsub.net\/blog\/wp-content\/uploads\/2018\/03\/elitehockeycolombia.jpg?resize=525%2C300&ssl=1 1.5x, https:\/\/i0.wp.com\/www.sportalsub.net\/blog\/wp-content\/uploads\/2018\/03\/elitehockeycolombia.jpg?resize=700%2C400&ssl=1 2x"},"classes":[]},{"id":66268,"url":"https:\/\/www.sportalsub.net\/blog\/hockeysub-medellin-elite-2023","url_meta":{"origin":87484,"position":3},"title":"\ud83c\udde8\ud83c\uddf4 Resultados &#8211; III Campeonato Nacional Interclubes Hockey Subacu\u00e1tico \u00c9lite FEDECAS 2023 &#8211; Medell\u00edn, Colombia","author":"Sportalsub.net","date":"14 noviembre 2023","format":false,"excerpt":"(Sportalsub.net \/ FEDECAS \/ LASA) III Campeonato Nacional Interclubes de Hockey Subacu\u00e1tico Categor\u00eda \u00c9lite 2023 de la Federaci\u00f3n Colombiana de Actividades Subacu\u00e1ticas \u2013 (FEDECAS) Fecha: 10 al 13 de noviembre de 2023. Lugar: Complejo Acu\u00e1tico de la Unidad Deportiva Atanasio Girardot, Medell\u00edn Organiza: Liga Antioque\u00f1a de Actividades Subacu\u00e1ticas \u2013 (LASA).\u2026","rel":"","context":"En \u00abColombia\u00bb","block_context":{"text":"Colombia","link":"https:\/\/www.sportalsub.net\/blog\/category\/paises\/america\/colombia\/"},"img":{"alt_text":"","src":"https:\/\/i0.wp.com\/www.sportalsub.net\/blog\/wp-content\/uploads\/2023\/11\/hockeysubelitemedellin2023.jpg?resize=350%2C200&ssl=1","width":350,"height":200,"srcset":"https:\/\/i0.wp.com\/www.sportalsub.net\/blog\/wp-content\/uploads\/2023\/11\/hockeysubelitemedellin2023.jpg?resize=350%2C200&ssl=1 1x, https:\/\/i0.wp.com\/www.sportalsub.net\/blog\/wp-content\/uploads\/2023\/11\/hockeysubelitemedellin2023.jpg?resize=525%2C300&ssl=1 1.5x, https:\/\/i0.wp.com\/www.sportalsub.net\/blog\/wp-content\/uploads\/2023\/11\/hockeysubelitemedellin2023.jpg?resize=700%2C400&ssl=1 2x"},"classes":[]},{"id":66266,"url":"https:\/\/www.sportalsub.net\/blog\/rugbysub-cali-ascenso-2023","url_meta":{"origin":87484,"position":4},"title":"\ud83c\udde8\ud83c\uddf4 Resultados &#8211; II Parada Nacional Interclubes Rugby Subacu\u00e1tico Ascenso FEDECAS 2023-2024. Cali, Colombia","author":"Sportalsub.net","date":"14 noviembre 2023","format":false,"excerpt":"(Sportalsub.net \/ FEDECAS \/ LIVAS) II Parada Nacional Interclubes de Rugby Subacu\u00e1tico Categor\u00eda Ascenso temporada 2023-2024 de la Federaci\u00f3n Colombiana de Actividades Subacu\u00e1ticas \u2013 (FEDECAS) Fecha: 10 al 13 de noviembre de 2023. Lugar: Piscinas Alberto Galindo Herrera, Cali Organiza: Liga Vallecaucana de Actividades Subacu\u00e1ticas \u2013 (LIVAS). RESULTADOS Puedes consultar\u2026","rel":"","context":"En \u00abColombia\u00bb","block_context":{"text":"Colombia","link":"https:\/\/www.sportalsub.net\/blog\/category\/paises\/america\/colombia\/"},"img":{"alt_text":"","src":"https:\/\/i0.wp.com\/www.sportalsub.net\/blog\/wp-content\/uploads\/2023\/11\/rugbysubascensocali2023.jpg?resize=350%2C200&ssl=1","width":350,"height":200,"srcset":"https:\/\/i0.wp.com\/www.sportalsub.net\/blog\/wp-content\/uploads\/2023\/11\/rugbysubascensocali2023.jpg?resize=350%2C200&ssl=1 1x, https:\/\/i0.wp.com\/www.sportalsub.net\/blog\/wp-content\/uploads\/2023\/11\/rugbysubascensocali2023.jpg?resize=525%2C300&ssl=1 1.5x, https:\/\/i0.wp.com\/www.sportalsub.net\/blog\/wp-content\/uploads\/2023\/11\/rugbysubascensocali2023.jpg?resize=700%2C400&ssl=1 2x"},"classes":[]},{"id":66109,"url":"https:\/\/www.sportalsub.net\/blog\/rugbysub-medellin-elite-2023","url_meta":{"origin":87484,"position":5},"title":"\ud83c\udde8\ud83c\uddf4 Resultados &#8211; II Parada Nacional Interclubes Rugby Subacu\u00e1tico \u00c9lite FEDECAS 2023-2024. Medell\u00edn, Colombia","author":"Sportalsub.net","date":"7 noviembre 2023","format":false,"excerpt":"(Sportalsub.net \/ FEDECAS \/ LASA) La \u201cII Parada Nacional Interclubes de Rugby Subacu\u00e1tico Categor\u00eda \u00c9lite\u201d temporada 2023-2024 de la Federaci\u00f3n Colombiana de Actividades Subacu\u00e1ticas \u2013 (FEDECAS) se realiz\u00f3 en la ciudad de Medell\u00edn del 03 al 06 de noviembre de 2023. La organizaci\u00f3n estuvo a cargo de la Liga Antioque\u00f1a\u2026","rel":"","context":"En \u00abColombia\u00bb","block_context":{"text":"Colombia","link":"https:\/\/www.sportalsub.net\/blog\/category\/paises\/america\/colombia\/"},"img":{"alt_text":"","src":"https:\/\/i0.wp.com\/www.sportalsub.net\/blog\/wp-content\/uploads\/2023\/11\/rugbysubmedellinnoviembre2023.jpg?resize=350%2C200&ssl=1","width":350,"height":200,"srcset":"https:\/\/i0.wp.com\/www.sportalsub.net\/blog\/wp-content\/uploads\/2023\/11\/rugbysubmedellinnoviembre2023.jpg?resize=350%2C200&ssl=1 1x, https:\/\/i0.wp.com\/www.sportalsub.net\/blog\/wp-content\/uploads\/2023\/11\/rugbysubmedellinnoviembre2023.jpg?resize=525%2C300&ssl=1 1.5x, https:\/\/i0.wp.com\/www.sportalsub.net\/blog\/wp-content\/uploads\/2023\/11\/rugbysubmedellinnoviembre2023.jpg?resize=700%2C400&ssl=1 2x"},"classes":[]}],"jetpack_featured_media_url":"https:\/\/www.sportalsub.net\/blog\/wp-content\/uploads\/2026\/09\/fotosub-fedecas-2026.jpg","_links":{"self":[{"href":"https:\/\/www.sportalsub.net\/blog\/wp-json\/wp\/v2\/posts\/87484","targetHints":{"allow":["GET"]}}],"collection":[{"href":"https:\/\/www.sportalsub.net\/blog\/wp-json\/wp\/v2\/posts"}],"about":[{"href":"https:\/\/www.sportalsub.net\/blog\/wp-json\/wp\/v2\/types\/post"}],"author":[{"embeddable":true,"href":"https:\/\/www.sportalsub.net\/blog\/wp-json\/wp\/v2\/users\/1"}],"replies":[{"embeddable":true,"href":"https:\/\/www.sportalsub.net\/blog\/wp-json\/wp\/v2\/comments?post=87484"}],"version-history":[{"count":5,"href":"https:\/\/www.sportalsub.net\/blog\/wp-json\/wp\/v2\/posts\/87484\/revisions"}],"predecessor-version":[{"id":87491,"href":"https:\/\/www.sportalsub.net\/blog\/wp-json\/wp\/v2\/posts\/87484\/revisions\/87491"}],"wp:featuredmedia":[{"embeddable":true,"href":"https:\/\/www.sportalsub.net\/blog\/wp-json\/wp\/v2\/media\/87488"}],"wp:attachment":[{"href":"https:\/\/www.sportalsub.net\/blog\/wp-json\/wp\/v2\/media?parent=87484"}],"wp:term":[{"taxonomy":"category","embeddable":true,"href":"https:\/\/www.sportalsub.net\/blog\/wp-json\/wp\/v2\/categories?post=87484"},{"taxonomy":"post_tag","embeddable":true,"href":"https:\/\/www.sportalsub.net\/blog\/wp-json\/wp\/v2\/tags?post=87484"}],"curies":[{"name":"wp","href":"https:\/\/api.w.org\/{rel}","templated":true}]}}