{"id":87504,"date":"2026-09-06T10:48:34","date_gmt":"2026-09-06T14:48:34","guid":{"rendered":"https:\/\/www.sportalsub.net\/blog\/?p=87504"},"modified":"2026-09-06T11:16:22","modified_gmt":"2026-09-06T15:16:22","slug":"%f0%9f%87%a8%f0%9f%87%b4-campeonato-nacional-interclubes-natacion-con-aletas-y-para-natacion-con-aletas-fedecas-2026-bucaramanga-colombia","status":"publish","type":"post","link":"https:\/\/www.sportalsub.net\/blog\/nadosub-bucaramanga-2026","title":{"rendered":"\ud83c\udde8\ud83c\uddf4 Campeonato Nacional Interclubes Nataci\u00f3n con Aletas y Para-Nataci\u00f3n con Aletas FEDECAS 2026 \u2013 Bucaramanga, Colombia"},"content":{"rendered":"<p><img loading=\"lazy\" decoding=\"async\" class=\"alignnone size-full wp-image-87505\" src=\"https:\/\/www.sportalsub.net\/blog\/wp-content\/uploads\/2026\/09\/lisasaportada.jpg\" alt=\"\" width=\"900\" height=\"600\" srcset=\"https:\/\/www.sportalsub.net\/blog\/wp-content\/uploads\/2026\/09\/lisasaportada.jpg 900w, https:\/\/www.sportalsub.net\/blog\/wp-content\/uploads\/2026\/09\/lisasaportada-300x200.jpg 300w, https:\/\/www.sportalsub.net\/blog\/wp-content\/uploads\/2026\/09\/lisasaportada-768x512.jpg 768w, https:\/\/www.sportalsub.net\/blog\/wp-content\/uploads\/2026\/09\/lisasaportada-450x300.jpg 450w\" sizes=\"auto, (max-width: 900px) 100vw, 900px\" \/><\/p>\n<p>(Sportalsub.net \/ FEDECAS \/ LISASA)<\/p>\n<p>La Federaci\u00f3n Colombiana de Actividades Subacu\u00e1ticas \u2013 FEDECAS, convoca a las Ligas del pa\u00eds para que sus Clubes afiliados participen en el \u201c<strong>Campeonato Nacional Interclubes de Nataci\u00f3n con Aletas en las categor\u00edas Juvenil B-C-D, Mayores y M\u00e1ster Abierta en Piscina<\/strong>\u201d, en el <strong>Campeonato Nacional Interclubes de Para-Nataci\u00f3n con Aletas, Categor\u00eda Abierta, con invitaci\u00f3n internacional<\/strong>, as\u00ed como en la tercera capacitaci\u00f3n 2026 dirigida a clubes y ligas sobre reglamentaci\u00f3n y clasificaci\u00f3n funcional PAS, eventos que se llevar\u00e1n a cabo en la ciudad de Bucaramanga, del 24 al 27 de septiembre de 2026.<\/p>\n<p><strong>CONVOCATORIAS OFICIALES<\/strong><\/p>\n<p><a href=\"https:\/\/drive.google.com\/file\/d\/1qMbdrAXQcLSukYTBPt59zLqtsqutRK0f\/view\" target=\"_blank\"><strong>NATACI\u00d3N CON ALETAS<\/strong><\/a><\/p>\n<p><a href=\"https:\/\/drive.google.com\/file\/d\/1O3LemIgeZrWMyDZlC8AeW-Hi9mB44i9P\/view?pli=1\" target=\"_blank\"><strong>PARA-NATACI\u00d3N CON ALETAS<\/strong><\/a><\/p>\n<p><a href=\"https:\/\/fedecas-app.vercel.app\/eventos\/0377f640-0787-4609-bc86-ad8c1d38437e\" target=\"_blank\"><strong>SERIES Y RESULTADOS<\/strong><\/a><\/p>\n<p>Fuente: <a href=\"https:\/\/fedecas.org\/\" target=\"_blank\"><strong>Web FEDECAS<\/strong><\/a> \/ <a href=\"https:\/\/www.instagram.com\/lisasa0624\/\" target=\"_blank\"><strong>Instagram LISASA<\/strong><\/a><\/p>\n<blockquote class=\"instagram-media\" style=\"background: #FFF; border: 0; border-radius: 3px; box-shadow: 0 0 1px 0 rgba(0,0,0,0.5),0 1px 10px 0 rgba(0,0,0,0.15); margin: 1px; max-width: 540px; min-width: 326px; padding: 0; width: calc(100% - 2px);\" data-instgrm-captioned=\"\" data-instgrm-permalink=\"https:\/\/www.instagram.com\/p\/DcCoyW9jUsf\/?utm_source=ig_embed&amp;utm_campaign=loading\" data-instgrm-version=\"14\">\n<div style=\"padding: 16px;\">\n<p>&nbsp;<\/p>\n<div style=\"display: flex; flex-direction: row; align-items: center;\">\n<div style=\"background-color: #f4f4f4; border-radius: 50%; flex-grow: 0; height: 40px; margin-right: 14px; width: 40px;\"><\/div>\n<div style=\"display: flex; flex-direction: column; flex-grow: 1; justify-content: center;\">\n<div style=\"background-color: #f4f4f4; border-radius: 4px; flex-grow: 0; height: 14px; margin-bottom: 6px; width: 100px;\"><\/div>\n<div style=\"background-color: #f4f4f4; border-radius: 4px; flex-grow: 0; height: 14px; width: 60px;\"><\/div>\n<\/div>\n<\/div>\n<div style=\"padding: 19% 0;\"><\/div>\n<div style=\"display: block; height: 50px; margin: 0 auto 12px; width: 50px;\"><\/div>\n<div style=\"padding-top: 8px;\">\n<div style=\"color: #3897f0; font-family: Arial,sans-serif; font-size: 14px; font-style: normal; font-weight: 550; line-height: 18px;\">Ver esta publicaci\u00f3n en Instagram<\/div>\n<\/div>\n<div style=\"padding: 12.5% 0;\"><\/div>\n<div style=\"display: flex; flex-direction: row; margin-bottom: 14px; align-items: center;\">\n<div>\n<div style=\"background-color: #f4f4f4; border-radius: 50%; height: 12.5px; width: 12.5px; transform: translateX(0px) translateY(7px);\"><\/div>\n<div style=\"background-color: #f4f4f4; height: 12.5px; transform: rotate(-45deg) translateX(3px) translateY(1px); width: 12.5px; flex-grow: 0; margin-right: 14px; margin-left: 2px;\"><\/div>\n<div style=\"background-color: #f4f4f4; border-radius: 50%; height: 12.5px; width: 12.5px; transform: translateX(9px) translateY(-18px);\"><\/div>\n<\/div>\n<div style=\"margin-left: 8px;\">\n<div style=\"background-color: #f4f4f4; border-radius: 50%; flex-grow: 0; height: 20px; width: 20px;\"><\/div>\n<div style=\"width: 0; height: 0; border-top: 2px solid transparent; border-left: 6px solid #f4f4f4; border-bottom: 2px solid transparent; transform: translateX(16px) translateY(-4px) rotate(30deg);\"><\/div>\n<\/div>\n<div style=\"margin-left: auto;\">\n<div style=\"width: 0px; border-top: 8px solid #F4F4F4; border-right: 8px solid transparent; transform: translateY(16px);\"><\/div>\n<div style=\"background-color: #f4f4f4; flex-grow: 0; height: 12px; width: 16px; transform: translateY(-4px);\"><\/div>\n<div style=\"width: 0; height: 0; border-top: 8px solid #F4F4F4; border-left: 8px solid transparent; transform: translateY(-4px) translateX(8px);\"><\/div>\n<\/div>\n<\/div>\n<div style=\"display: flex; flex-direction: column; flex-grow: 1; justify-content: center; margin-bottom: 24px;\">\n<div style=\"background-color: #f4f4f4; border-radius: 4px; flex-grow: 0; height: 14px; margin-bottom: 6px; width: 224px;\"><\/div>\n<div style=\"background-color: #f4f4f4; border-radius: 4px; flex-grow: 0; height: 14px; width: 144px;\"><\/div>\n<\/div>\n<p>&nbsp;<\/p>\n<p style=\"color: #c9c8cd; font-family: Arial,sans-serif; font-size: 14px; line-height: 17px; margin-bottom: 0; margin-top: 8px; overflow: hidden; padding: 8px 0 7px; text-align: center; text-overflow: ellipsis; white-space: nowrap;\"><a href=\"https:\/\/www.instagram.com\/p\/DcCoyW9jUsf\/?utm_source=ig_embed&amp;utm_campaign=loading\"style=\"color: #c9c8cd; font-family: Arial,sans-serif; font-size: 14px; font-style: normal; font-weight: normal; line-height: 17px; text-decoration: none;\"  target=\"_blank\" rel=\"noopener\" target=\"_blank\">Una publicaci\u00f3n compartida de Lisasa\ud83e\udee7Liga Santandereana de Actividades Subacu\u00e1ticas (@lisasa0624)<\/a><\/p>\n<\/div>\n<\/blockquote>\n<p><script async src=\"\/\/www.instagram.com\/embed.js\"><\/script><\/p>\n<blockquote class=\"instagram-media\" style=\"background: #FFF; border: 0; border-radius: 3px; box-shadow: 0 0 1px 0 rgba(0,0,0,0.5),0 1px 10px 0 rgba(0,0,0,0.15); margin: 1px; max-width: 540px; min-width: 326px; padding: 0; width: calc(100% - 2px);\" data-instgrm-captioned=\"\" data-instgrm-permalink=\"https:\/\/www.instagram.com\/p\/DcCoUehDVa0\/?utm_source=ig_embed&amp;utm_campaign=loading\" data-instgrm-version=\"14\">\n<div style=\"padding: 16px;\">\n<p>&nbsp;<\/p>\n<div style=\"display: flex; flex-direction: row; align-items: center;\">\n<div style=\"background-color: #f4f4f4; border-radius: 50%; flex-grow: 0; height: 40px; margin-right: 14px; width: 40px;\"><\/div>\n<div style=\"display: flex; flex-direction: column; flex-grow: 1; justify-content: center;\">\n<div style=\"background-color: #f4f4f4; border-radius: 4px; flex-grow: 0; height: 14px; margin-bottom: 6px; width: 100px;\"><\/div>\n<div style=\"background-color: #f4f4f4; border-radius: 4px; flex-grow: 0; height: 14px; width: 60px;\"><\/div>\n<\/div>\n<\/div>\n<div style=\"padding: 19% 0;\"><\/div>\n<div style=\"display: block; height: 50px; margin: 0 auto 12px; width: 50px;\"><\/div>\n<div style=\"padding-top: 8px;\">\n<div style=\"color: #3897f0; font-family: Arial,sans-serif; font-size: 14px; font-style: normal; font-weight: 550; line-height: 18px;\">Ver esta publicaci\u00f3n en Instagram<\/div>\n<\/div>\n<div style=\"padding: 12.5% 0;\"><\/div>\n<div style=\"display: flex; flex-direction: row; margin-bottom: 14px; align-items: center;\">\n<div>\n<div style=\"background-color: #f4f4f4; border-radius: 50%; height: 12.5px; width: 12.5px; transform: translateX(0px) translateY(7px);\"><\/div>\n<div style=\"background-color: #f4f4f4; height: 12.5px; transform: rotate(-45deg) translateX(3px) translateY(1px); width: 12.5px; flex-grow: 0; margin-right: 14px; margin-left: 2px;\"><\/div>\n<div style=\"background-color: #f4f4f4; border-radius: 50%; height: 12.5px; width: 12.5px; transform: translateX(9px) translateY(-18px);\"><\/div>\n<\/div>\n<div style=\"margin-left: 8px;\">\n<div style=\"background-color: #f4f4f4; border-radius: 50%; flex-grow: 0; height: 20px; width: 20px;\"><\/div>\n<div style=\"width: 0; height: 0; border-top: 2px solid transparent; border-left: 6px solid #f4f4f4; border-bottom: 2px solid transparent; transform: translateX(16px) translateY(-4px) rotate(30deg);\"><\/div>\n<\/div>\n<div style=\"margin-left: auto;\">\n<div style=\"width: 0px; border-top: 8px solid #F4F4F4; border-right: 8px solid transparent; transform: translateY(16px);\"><\/div>\n<div style=\"background-color: #f4f4f4; flex-grow: 0; height: 12px; width: 16px; transform: translateY(-4px);\"><\/div>\n<div style=\"width: 0; height: 0; border-top: 8px solid #F4F4F4; border-left: 8px solid transparent; transform: translateY(-4px) translateX(8px);\"><\/div>\n<\/div>\n<\/div>\n<div style=\"display: flex; flex-direction: column; flex-grow: 1; justify-content: center; margin-bottom: 24px;\">\n<div style=\"background-color: #f4f4f4; border-radius: 4px; flex-grow: 0; height: 14px; margin-bottom: 6px; width: 224px;\"><\/div>\n<div style=\"background-color: #f4f4f4; border-radius: 4px; flex-grow: 0; height: 14px; width: 144px;\"><\/div>\n<\/div>\n<p>&nbsp;<\/p>\n<p style=\"color: #c9c8cd; font-family: Arial,sans-serif; font-size: 14px; line-height: 17px; margin-bottom: 0; margin-top: 8px; overflow: hidden; padding: 8px 0 7px; text-align: center; text-overflow: ellipsis; white-space: nowrap;\"><a href=\"https:\/\/www.instagram.com\/p\/DcCoUehDVa0\/?utm_source=ig_embed&amp;utm_campaign=loading\"style=\"color: #c9c8cd; font-family: Arial,sans-serif; font-size: 14px; font-style: normal; font-weight: normal; line-height: 17px; text-decoration: none;\"  target=\"_blank\" rel=\"noopener\" target=\"_blank\">Una publicaci\u00f3n compartida de Lisasa\ud83e\udee7Liga Santandereana de Actividades Subacu\u00e1ticas (@lisasa0624)<\/a><\/p>\n<\/div>\n<\/blockquote>\n<p><script async src=\"\/\/www.instagram.com\/embed.js\"><\/script><\/p>\n","protected":false},"excerpt":{"rendered":"<p>(Sportalsub.net \/ FEDECAS \/ LISASA) La Federaci\u00f3n Colombiana de Actividades Subacu\u00e1ticas \u2013 FEDECAS, convoca a las Ligas del pa\u00eds para que sus Clubes afiliados participen en el \u201cCampeonato Nacional Interclubes de Nataci\u00f3n con Aletas en las categor\u00edas Juvenil B-C-D, Mayores y M\u00e1ster Abierta en Piscina\u201d, en el Campeonato Nacional Interclubes de Para-Nataci\u00f3n con Aletas, Categor\u00eda Abierta, con invitaci\u00f3n internacional, as\u00ed [&#8230;]<\/p>\n","protected":false},"author":1,"featured_media":87505,"comment_status":"open","ping_status":"closed","sticky":false,"template":"","format":"standard","meta":{"_lmt_disableupdate":"no","_lmt_disable":"no","_jetpack_newsletter_access":"","_jetpack_dont_email_post_to_subs":false,"_jetpack_newsletter_tier_id":0,"_jetpack_memberships_contains_paywalled_content":false,"_jetpack_feature_clip_id":0,"_jetpack_memberships_contains_paid_content":false,"footnotes":"","jetpack_publicize_message":"","jetpack_publicize_feature_enabled":true,"jetpack_social_post_already_shared":true,"jetpack_social_options":{"image_generator_settings":{"template":"highway","default_image_id":0,"font":"","enabled":false},"version":2},"jetpack_post_was_ever_published":false},"categories":[3,12,491,304],"tags":[450],"class_list":["post-87504","post","type-post","status-publish","format-standard","has-post-thumbnail","hentry","category-colombia","category-natacion-con-aletas","category-natacion-con-aletas-adaptada","category-proximos-eventos","tag-destacados"],"modified_by":"Sportalsub.net","views":91,"jetpack_publicize_connections":[],"jetpack_sharing_enabled":true,"jetpack_shortlink":"https:\/\/wp.me\/pf9lN-mLm","jetpack_likes_enabled":false,"jetpack-related-posts":[{"id":85854,"url":"https:\/\/www.sportalsub.net\/blog\/fedecas-cali-marzo-2026","url_meta":{"origin":87504,"position":0},"title":"\ud83c\udde8\ud83c\uddf4 Resultados &#8211; Campeonato Nacional Interclubes Nataci\u00f3n con aletas y Para-Actividades Subacu\u00e1ticas FEDECAS 2026. Cali, Colombia","author":"Sportalsub.net","date":"16 marzo 2026","format":false,"excerpt":"(Sportalsub.net \/ FEDECAS) La Federaci\u00f3n Colombiana de Actividades Subacu\u00e1ticas \u2013 FEDECAS, convoc\u00f3 a las Ligas del pa\u00eds para que sus Clubes afiliados participaran en el \u201cCampeonato Nacional Interclubes Categor\u00edas Juvenil Abierta y Mayores de Nataci\u00f3n con Aletas, en Piscina\u201d, evento clasificatorio al Campeonato Mundial Mayores a realizarse en Corea del\u2026","rel":"","context":"En \u00abApnea\u00bb","block_context":{"text":"Apnea","link":"https:\/\/www.sportalsub.net\/blog\/category\/modalidades\/apnea\/"},"img":{"alt_text":"","src":"https:\/\/i0.wp.com\/www.sportalsub.net\/blog\/wp-content\/uploads\/2026\/03\/fedecas-cali-marzo-2026.jpg?resize=350%2C200&ssl=1","width":350,"height":200,"srcset":"https:\/\/i0.wp.com\/www.sportalsub.net\/blog\/wp-content\/uploads\/2026\/03\/fedecas-cali-marzo-2026.jpg?resize=350%2C200&ssl=1 1x, https:\/\/i0.wp.com\/www.sportalsub.net\/blog\/wp-content\/uploads\/2026\/03\/fedecas-cali-marzo-2026.jpg?resize=525%2C300&ssl=1 1.5x, https:\/\/i0.wp.com\/www.sportalsub.net\/blog\/wp-content\/uploads\/2026\/03\/fedecas-cali-marzo-2026.jpg?resize=700%2C400&ssl=1 2x"},"classes":[]},{"id":29567,"url":"https:\/\/www.sportalsub.net\/blog\/interligas-nadosub-bucaramanga-colombia-2018","url_meta":{"origin":87504,"position":1},"title":"\ud83c\udde8\ud83c\uddf4 Resultados &#8211; Campeonato Nacional Interligas de Nataci\u00f3n con Aletas Categor\u00eda Abierta en Piscina. Bucaramanga, Colombia 2018","author":"Sportalsub.net","date":"11 diciembre 2018","format":false,"excerpt":"(Sportalsub.net \/ FEDECAS \/ LISASA) El \u00d3rgano de Administraci\u00f3n de la Federaci\u00f3n Colombiana de\u00a0Actividades Subacu\u00e1ticas\u00a0FEDECAS, haciendo uso de las facultades\u00a0legales que le confiere el Estatuto, convoc\u00f3 a las Ligas del pa\u00eds al\u00a0Campeonato Nacional Interligas Categor\u00eda Abierta en Piscina, realizado en la ciudad de Bucaramanga, del 05 al 09 de diciembre\u2026","rel":"","context":"En \u00abColombia\u00bb","block_context":{"text":"Colombia","link":"https:\/\/www.sportalsub.net\/blog\/category\/paises\/america\/colombia\/"},"img":{"alt_text":"","src":"https:\/\/i0.wp.com\/www.sportalsub.net\/blog\/wp-content\/uploads\/2018\/12\/aletas-bucaramanga.jpg?resize=350%2C200&ssl=1","width":350,"height":200,"srcset":"https:\/\/i0.wp.com\/www.sportalsub.net\/blog\/wp-content\/uploads\/2018\/12\/aletas-bucaramanga.jpg?resize=350%2C200&ssl=1 1x, https:\/\/i0.wp.com\/www.sportalsub.net\/blog\/wp-content\/uploads\/2018\/12\/aletas-bucaramanga.jpg?resize=525%2C300&ssl=1 1.5x, https:\/\/i0.wp.com\/www.sportalsub.net\/blog\/wp-content\/uploads\/2018\/12\/aletas-bucaramanga.jpg?resize=700%2C400&ssl=1 2x"},"classes":[]},{"id":54530,"url":"https:\/\/www.sportalsub.net\/blog\/nacional-interclubes-nadosub-2022-cali-colombia\/","url_meta":{"origin":87504,"position":2},"title":"\ud83c\udde8\ud83c\uddf4 Resultados &#8211; Campeonato Nacional Interclubes de Nataci\u00f3n con Aletas Piscina, Categor\u00eda Abierta FEDECAS 2022. Cali, Colombia","author":"Sportalsub.net","date":"1 mayo 2022","format":false,"excerpt":"(Sportalsub.net \/ FEDECAS \/ LIVAS) La Federaci\u00f3n Colombiana de Actividades Subacu\u00e1ticas \u2013 (FEDECAS), convoc\u00f3 a las Ligas del pa\u00eds para que sus Clubes afiliados participaran en el \u201cCampeonato Nacional Interclubes de Nataci\u00f3n con Aletas Piscina, Categor\u00eda Abierta\u201d (Clasificatorio al Mundial Piscina Mayores Cali 2022), realizado en la ciudad de Cali\u2026","rel":"","context":"En \u00abColombia\u00bb","block_context":{"text":"Colombia","link":"https:\/\/www.sportalsub.net\/blog\/category\/paises\/america\/colombia\/"},"img":{"alt_text":"","src":"https:\/\/i0.wp.com\/www.sportalsub.net\/blog\/wp-content\/uploads\/2022\/04\/nacional-fedecas-livas-2022.jpg?resize=350%2C200&ssl=1","width":350,"height":200,"srcset":"https:\/\/i0.wp.com\/www.sportalsub.net\/blog\/wp-content\/uploads\/2022\/04\/nacional-fedecas-livas-2022.jpg?resize=350%2C200&ssl=1 1x, https:\/\/i0.wp.com\/www.sportalsub.net\/blog\/wp-content\/uploads\/2022\/04\/nacional-fedecas-livas-2022.jpg?resize=525%2C300&ssl=1 1.5x, https:\/\/i0.wp.com\/www.sportalsub.net\/blog\/wp-content\/uploads\/2022\/04\/nacional-fedecas-livas-2022.jpg?resize=700%2C400&ssl=1 2x"},"classes":[]},{"id":28781,"url":"https:\/\/www.sportalsub.net\/blog\/interclubes-nadosub-san-andres-colombia-2018","url_meta":{"origin":87504,"position":3},"title":"\ud83c\udde8\ud83c\uddf4 Resultados &#8211; Campeonato Nacional Interclubes de Nataci\u00f3n con Aletas por Categor\u00edas Aguas Abiertas 2018 &#8211; San Andr\u00e9s, Colombia","author":"Sportalsub.net","date":"3 septiembre 2018","format":false,"excerpt":"(Sportalsub.net \/ FEDECAS) La Federaci\u00f3n Colombiana de Actividades\u00a0Subacu\u00e1ticas FEDECAS, convoc\u00f3 a los Clubes del pa\u00eds, a participar en el\u00a0Campeonato Nacional Interclubes de Nataci\u00f3n con Aletas por Categor\u00edas\u00a0Infantil, Juvenil, Mayores y S\u00e9nior Aguas Abiertas, evento realizado en San\u00a0Andr\u00e9s Islas del 31 de agosto al 2 de septiembre de 2018, evento Clasificatorio\u00a0al\u2026","rel":"","context":"En \u00abColombia\u00bb","block_context":{"text":"Colombia","link":"https:\/\/www.sportalsub.net\/blog\/category\/paises\/america\/colombia\/"},"img":{"alt_text":"","src":"https:\/\/i0.wp.com\/www.sportalsub.net\/blog\/wp-content\/uploads\/2018\/09\/resultados-sanandres.jpg?resize=350%2C200&ssl=1","width":350,"height":200,"srcset":"https:\/\/i0.wp.com\/www.sportalsub.net\/blog\/wp-content\/uploads\/2018\/09\/resultados-sanandres.jpg?resize=350%2C200&ssl=1 1x, https:\/\/i0.wp.com\/www.sportalsub.net\/blog\/wp-content\/uploads\/2018\/09\/resultados-sanandres.jpg?resize=525%2C300&ssl=1 1.5x, https:\/\/i0.wp.com\/www.sportalsub.net\/blog\/wp-content\/uploads\/2018\/09\/resultados-sanandres.jpg?resize=700%2C400&ssl=1 2x"},"classes":[]},{"id":55749,"url":"https:\/\/www.sportalsub.net\/blog\/campeonato-nacional-interclubes-de-natacion-con-aletas-aguas-abiertas-fedecas-camedagua-colombia-2022\/","url_meta":{"origin":87504,"position":4},"title":"\ud83c\udde8\ud83c\uddf4 Resultados &#8211; Campeonato Nacional Interclubes Nataci\u00f3n con Aletas Aguas Abiertas FEDECAS. Camedagua, Colombia 2022","author":"Sportalsub.net","date":"12 junio 2022","format":false,"excerpt":"(Sportalsub.net \/ FEDECAS \/ LASCA) La Federaci\u00f3n Colombiana de Actividades Subacu\u00e1ticas \u2013 (FEDECAS), convoc\u00f3 a las Ligas del pa\u00eds para que sus Clubes afiliados participaran en el \u201cCampeonato Nacional Interclubes Aguas Abiertas Cameguadua - Juvenil - Mayores y Master\u201d (II Clasificatorio Mundial Larga Distancia - Italia 2022 \u2013 II Clasificatorio\u2026","rel":"","context":"En \u00abColombia\u00bb","block_context":{"text":"Colombia","link":"https:\/\/www.sportalsub.net\/blog\/category\/paises\/america\/colombia\/"},"img":{"alt_text":"","src":"https:\/\/i0.wp.com\/www.sportalsub.net\/blog\/wp-content\/uploads\/2022\/06\/3kbialetascolombia-1.jpg?resize=350%2C200&ssl=1","width":350,"height":200,"srcset":"https:\/\/i0.wp.com\/www.sportalsub.net\/blog\/wp-content\/uploads\/2022\/06\/3kbialetascolombia-1.jpg?resize=350%2C200&ssl=1 1x, https:\/\/i0.wp.com\/www.sportalsub.net\/blog\/wp-content\/uploads\/2022\/06\/3kbialetascolombia-1.jpg?resize=525%2C300&ssl=1 1.5x, https:\/\/i0.wp.com\/www.sportalsub.net\/blog\/wp-content\/uploads\/2022\/06\/3kbialetascolombia-1.jpg?resize=700%2C400&ssl=1 2x"},"classes":[]},{"id":12605,"url":"https:\/\/www.sportalsub.net\/blog\/campeonato-nacional-interclubes-de-natacion-con-aletas-iii-juegos-fedecas-colombia\/","url_meta":{"origin":87504,"position":5},"title":"\ud83c\udde8\ud83c\uddf4 Campeonato Nacional Interclubes de Nataci\u00f3n con Aletas &#8211; III Juegos FEDECAS. Colombia","author":"Sportalsub.net","date":"30 mayo 2012","format":false,"excerpt":"(Especial Sportalsub.net \/ FEDECAS) El \u00d3rgano de Administraci\u00f3n de la Federaci\u00f3n Colombiana de Actividades Subacu\u00e1ticas\u00a0FEDECAS, haciendo uso de las facultades legales que le confieren los estatutos, convoca a\u00a0participar en los III Juegos Nacionales FEDECAS Categor\u00eda Abierta de Nataci\u00f3n con Aletas\u00a0a realizarse en el Municipio de Girardot, Cundinamarca del 14 al\u2026","rel":"","context":"En \u00abColombia\u00bb","block_context":{"text":"Colombia","link":"https:\/\/www.sportalsub.net\/blog\/category\/paises\/america\/colombia\/"},"img":{"alt_text":"","src":"https:\/\/i0.wp.com\/www.sportalsub.net\/blog\/wp-content\/uploads\/2012\/05\/JuegosFedecas.jpg?resize=350%2C200&ssl=1","width":350,"height":200,"srcset":"https:\/\/i0.wp.com\/www.sportalsub.net\/blog\/wp-content\/uploads\/2012\/05\/JuegosFedecas.jpg?resize=350%2C200&ssl=1 1x, https:\/\/i0.wp.com\/www.sportalsub.net\/blog\/wp-content\/uploads\/2012\/05\/JuegosFedecas.jpg?resize=525%2C300&ssl=1 1.5x, https:\/\/i0.wp.com\/www.sportalsub.net\/blog\/wp-content\/uploads\/2012\/05\/JuegosFedecas.jpg?resize=700%2C400&ssl=1 2x"},"classes":[]}],"jetpack_featured_media_url":"https:\/\/www.sportalsub.net\/blog\/wp-content\/uploads\/2026\/09\/lisasaportada.jpg","_links":{"self":[{"href":"https:\/\/www.sportalsub.net\/blog\/wp-json\/wp\/v2\/posts\/87504","targetHints":{"allow":["GET"]}}],"collection":[{"href":"https:\/\/www.sportalsub.net\/blog\/wp-json\/wp\/v2\/posts"}],"about":[{"href":"https:\/\/www.sportalsub.net\/blog\/wp-json\/wp\/v2\/types\/post"}],"author":[{"embeddable":true,"href":"https:\/\/www.sportalsub.net\/blog\/wp-json\/wp\/v2\/users\/1"}],"replies":[{"embeddable":true,"href":"https:\/\/www.sportalsub.net\/blog\/wp-json\/wp\/v2\/comments?post=87504"}],"version-history":[{"count":6,"href":"https:\/\/www.sportalsub.net\/blog\/wp-json\/wp\/v2\/posts\/87504\/revisions"}],"predecessor-version":[{"id":87515,"href":"https:\/\/www.sportalsub.net\/blog\/wp-json\/wp\/v2\/posts\/87504\/revisions\/87515"}],"wp:featuredmedia":[{"embeddable":true,"href":"https:\/\/www.sportalsub.net\/blog\/wp-json\/wp\/v2\/media\/87505"}],"wp:attachment":[{"href":"https:\/\/www.sportalsub.net\/blog\/wp-json\/wp\/v2\/media?parent=87504"}],"wp:term":[{"taxonomy":"category","embeddable":true,"href":"https:\/\/www.sportalsub.net\/blog\/wp-json\/wp\/v2\/categories?post=87504"},{"taxonomy":"post_tag","embeddable":true,"href":"https:\/\/www.sportalsub.net\/blog\/wp-json\/wp\/v2\/tags?post=87504"}],"curies":[{"name":"wp","href":"https:\/\/api.w.org\/{rel}","templated":true}]}}